{"id":34787,"date":"2026-07-20T10:14:36","date_gmt":"2026-07-20T10:14:36","guid":{"rendered":"https:\/\/etecnic.bisiestodeveloper.es\/?p=34787"},"modified":"2026-07-24T10:15:55","modified_gmt":"2026-07-24T10:15:55","slug":"the-port-of-tarragona-becomes-the-epicenter-of-decarbonization-in-heavy-duty-transportation","status":"publish","type":"post","link":"https:\/\/etecnic.bisiestodeveloper.es\/en\/projects\/the-port-of-tarragona-becomes-the-epicenter-of-decarbonization-in-heavy-duty-transportation\/","title":{"rendered":"The Port of Tarragona Becomes the Epicenter of Decarbonization in Heavy-Duty Transportation"},"content":{"rendered":"\t\t<div data-elementor-type=\"wp-post\" data-elementor-id=\"34787\" class=\"elementor elementor-34787 elementor-34693\" data-elementor-post-type=\"post\">\n\t\t\t\t<div class=\"elementor-element elementor-element-613ac041 e-flex e-con-boxed e-con e-parent\" data-id=\"613ac041\" data-element_type=\"container\" data-settings=\"{&quot;jet_parallax_layout_list&quot;:[]}\">\n\t\t\t\t\t<div class=\"e-con-inner\">\n\t\t\t\t<div class=\"elementor-element elementor-element-60bc20fc elementor-widget elementor-widget-text-editor\" data-id=\"60bc20fc\" data-element_type=\"widget\" data-widget_type=\"text-editor.default\">\n\t\t\t\t<div class=\"elementor-widget-container\">\n\t\t\t\t\t\t\t\t\t<div class=\"fusion-text fusion-text-4\" style=\"margin-bottom: 25px;\">\n<ul style=\"margin: 0; padding-left: 20px; list-style-type: disc; color: #1a1a1a; font-size: 15px; line-height: 1.8;\">\n<li style=\"margin-bottom: 10px;\"><strong>More than 80 professionals gathered at the 2nd edition of the Electrified Sustainable Transport Workshop organized by Etecnic and the Port of Tarragona.<\/strong><\/li>\n<li style=\"margin-bottom: 0;\"><strong>Experts agree that the technology is already a reality, but urge the planning of large-scale infrastructure and the reduction of administrative barriers to guarantee competitiveness.<\/strong><\/li>\n<\/ul>\n<\/div>\n<p><\/p>\n<div class=\"fusion-text fusion-text-4\">\n<div class=\"fusion-fullwidth fullwidth-box fusion-builder-row-2 fusion-flex-container nonhundred-percent-fullwidth non-hundred-percent-height-scrolling\">\n<div class=\"fusion-builder-row fusion-row fusion-flex-align-items-flex-start fusion-flex-content-wrap\">\n<div class=\"fusion-layout-column fusion_builder_column fusion-builder-column-1 fusion_builder_column_1_1 1_1 fusion-flex-column\">\n<div class=\"fusion-column-wrapper\">\n<div class=\"fusion-text fusion-text-3\"><strong>Tarragona, May 7, 2026.<\/strong> \u2013 Refugi 1 at the Port of Tarragona yesterday hosted the second edition of the Electrified Sustainable Transport Workshop, an event that has established itself as the leading meeting point for logistics and heavy mobility in Catalonia. With more than 80 attendees, the conference, organized by Etecnic and the Port of Tarragona, offered a pragmatic and technical vision of the energy transition challenge.<\/div>\n<p><\/div>\n<p><\/div>\n<p><\/div>\n<p><\/div>\n<p><\/div>\n<p><\/p>\n<div class=\"fusion-text fusion-text-2\" style=\"margin-top: 35px;\">\n<h3 class=\"fusion-responsive-typography-calculated\" style=\"color: #03176e;\" data-fontsize=\"24\" data-lineheight=\"26.4px\"><b>A conference driving the energy transition in transport<\/b><\/h3>\n<\/div>\n<p><\/p>\n<div class=\"fusion-text fusion-text-4\">\n<div class=\"fusion-fullwidth fullwidth-box fusion-builder-row-2 fusion-flex-container nonhundred-percent-fullwidth non-hundred-percent-height-scrolling\">\n<div class=\"fusion-builder-row fusion-row fusion-flex-align-items-flex-start fusion-flex-content-wrap\">\n<div class=\"fusion-layout-column fusion_builder_column fusion-builder-column-1 fusion_builder_column_1_1 1_1 fusion-flex-column\">\n<div class=\"fusion-column-wrapper\">\n<div class=\"fusion-text fusion-text-3\">\n<p style=\"margin-bottom: 15px;\">The session was opened by the president of the Port of Tarragona, Santiago Castell\u00e0, who highlighted the strategic role of ports as critical energy and logistics hubs. Castell\u00e0 stressed that decarbonization is a shared challenge and congratulated Etecnic for leading initiatives that build real electric mobility. Furthermore, he announced the Port&#8217;s presidency of the BCL (Barcelona Catalunya Centre Log\u00edstic), inviting Etecnic to participate in order to place heavy electromobility at the center of the Catalan logistics agenda.<\/p>\n<p style=\"margin-bottom: 0;\">The event featured the participation of leading manufacturers such as VEGA Chargers, XCHARGE, Renault Trucks, Mercedes, Ford, and Nissan (NIKKO CENTER), as well as prominent associations like AEDIVE and Empresas por la Movilidad Sostenible (EMS), and leading operators including TRANSPA\u00cdS, TRANSBERNAL, GRUPO JOANCA LOG\u00cdSTICA, and SINTRA PORT.<\/p>\n<\/div>\n<p><\/div>\n<p><\/div>\n<p><\/div>\n<p><\/div>\n<p><\/div>\n<p><\/p>\n<div class=\"fusion-text fusion-text-2\" style=\"margin-top: 35px;\">\n<h3 class=\"fusion-responsive-typography-calculated\" style=\"color: #03176e;\" data-fontsize=\"24\" data-lineheight=\"26.4px\"><b>Cutting-edge technology and real-world demonstrations<\/b><\/h3>\n<\/div>\n<p><\/p>\n<div class=\"fusion-text fusion-text-4\">\n<div class=\"fusion-fullwidth fullwidth-box fusion-builder-row-2 fusion-flex-container nonhundred-percent-fullwidth non-hundred-percent-height-scrolling\">\n<div class=\"fusion-builder-row fusion-row fusion-flex-align-items-flex-start fusion-flex-content-wrap\">\n<div class=\"fusion-layout-column fusion_builder_column fusion-builder-column-1 fusion_builder_column_1_1 1_1 fusion-flex-column\">\n<div class=\"fusion-column-wrapper\">\n<div class=\"fusion-text fusion-text-3\">One of the key moments was the ultra-fast charging demonstration. Attendees saw firsthand how, using a limited grid connection supported by batteries and Etecnic&#8217;s <span style=\"color: #00e9ef; font-weight: bold;\">EVcharge<\/span> software, it was possible to charge a Renault Trucks E-Tech truck at over 100 kW. This test proved that smart energy management allows initial power limitations in facilities to be overcome.<\/div>\n<p><\/div>\n<p><\/div>\n<p><\/div>\n<p><\/div>\n<p><\/div>\n<p><\/p>\n<div class=\"fusion-text fusion-text-4\" style=\"margin-top: 25px; margin-bottom: 35px;\">\n<div class=\"fusion-fullwidth fullwidth-box fusion-builder-row-2 fusion-flex-container nonhundred-percent-fullwidth non-hundred-percent-height-scrolling\">\n<div class=\"fusion-builder-row fusion-row fusion-flex-align-items-flex-start fusion-flex-content-wrap\" style=\"width: 100%;\">\n<div class=\"fusion-layout-column fusion_builder_column fusion-builder-column-1 fusion_builder_column_1_1 1_1 fusion-flex-column\" style=\"width: 100%;\">\n<div class=\"fusion-column-wrapper\" style=\"border-left: 6px solid #03176e; background-color: #f4f6f9; padding: 25px 30px; border-radius: 0 8px 8px 0; box-sizing: border-box;\">\n<div class=\"fusion-text fusion-text-3\">\n<h4 style=\"color: #03176e; font-weight: bold; margin-top: 0; margin-bottom: 10px; font-size: 17px;\">Equipment from the following also stood out in the DEMO zone:<\/h4>\n<ul style=\"margin-bottom: 20px; padding-left: 20px; list-style-type: disc; color: #333333; line-height: 1.8;\">\n<li><strong>VEGA Chargers:<\/strong> With their 160 kW ALOHA Lander Plus and 40 kW ALOHA Gravity models.<\/li>\n<li><strong>XCHARGE:<\/strong> With the high-efficiency C7 SLIM model.<\/li>\n<\/ul>\n<h4 style=\"color: #03176e; font-weight: bold; margin-top: 0; margin-bottom: 10px; font-size: 17px;\">Alongside vehicles from:<\/h4>\n<ul style=\"margin: 0; padding-left: 20px; list-style-type: disc; color: #333333; line-height: 1.8;\">\n<li><strong>Renault Trucks:<\/strong> With its Renault Truck E-Tech range.<\/li>\n<li><strong>Mercedes-Benz:<\/strong> With the Mercedes e600 4\u00d72 tractor unit.<\/li>\n<li><strong>Ford:<\/strong> With the E-Transit Courier and E-Transit Custom vans.<\/li>\n<li><strong>NIKKO CENTER (Nissan):<\/strong> With the Townstar and Interstar models.<\/li>\n<li><strong>Peugeot:<\/strong> The \u00eb-Partner model presented by Borges International Group.<\/li>\n<\/ul>\n<\/div>\n<p><\/div>\n<p><\/div>\n<p><\/div>\n<p><\/div>\n<p><\/div>\n<p><\/p>\n<div class=\"fusion-text fusion-text-2\" style=\"margin-top: 35px;\">\n<h3 class=\"fusion-responsive-typography-calculated\" style=\"color: #03176e;\" data-fontsize=\"24\" data-lineheight=\"26.4px\"><b>Key dialogues on the present and future of sustainable transport<\/b><\/h3>\n<\/div>\n<p><\/p>\n<div class=\"fusion-text fusion-text-4\">\n<div class=\"fusion-fullwidth fullwidth-box fusion-builder-row-2 fusion-flex-container nonhundred-percent-fullwidth non-hundred-percent-height-scrolling\">\n<div class=\"fusion-builder-row fusion-row fusion-flex-align-items-flex-start fusion-flex-content-wrap\">\n<div class=\"fusion-layout-column fusion_builder_column fusion-builder-column-1 fusion_builder_column_1_1 1_1 fusion-flex-column\">\n<div class=\"fusion-column-wrapper\">\n<div class=\"fusion-text fusion-text-3\">\n<p style=\"margin-bottom: 25px;\">The program included high-level panel discussions addressing operational and financial challenges:<\/p>\n<h4 style=\"color: #03176e; font-weight: bold; font-size: 16px; margin-bottom: 10px;\">&#8220;The energy future of heavy transport&#8221;<\/h4>\n<p style=\"margin-bottom: 25px;\">The program included high-level dialogues where energy and infrastructure challenges were addressed. <strong>Ram\u00f3n I. Garc\u00eda<\/strong>, deputy director of the Port Authority of Tarragona, put figures to the challenge, detailing that the Port foresees a need for <strong>100 MW<\/strong> to electrify its activity and that of its concessionaires, with an estimated investment of <strong>24 million euros<\/strong> to connect to the 220 kV grid. In this regard, <strong>Assumpta Farran (ICAEN)<\/strong> advocated for an evolution toward &#8220;smart aid&#8221; that does not just subsidize vehicles but also supports investment in critical infrastructure. For his part, <strong>Ferran Menescal (AEDIVE)<\/strong> emphasized the need to build a backbone across the territory with reliable charging corridors to eliminate operational uncertainty for transport operators.<\/p>\n<h4 style=\"color: #03176e; font-weight: bold; font-size: 16px; margin-bottom: 10px;\">&#8220;Energy, electricity grid, and logistics hubs&#8221;:<\/h4>\n<p style=\"margin-bottom: 25px;\">The system&#8217;s capacity to absorb this demand was also analyzed by experts from CIMALSA, D10 Global Logistics, Grupo Joanca Log\u00edstica, and Vega Chargers. <strong>Silveri Beltran and David Ib\u00e1\u00f1ez (CIMALSA)<\/strong> proposed that logistics hubs must evolve into spaces that combine services for carriers with digital management, while <strong>Luis Puzo (Grupo Joanca Log\u00edstica)<\/strong> differentiated between the needs of overnight depot charging and the high power required en route. <strong>Carlos Marim\u00f3n (D10 Global Logistics)<\/strong> stressed that demand will need to lean toward energy self-sufficiency, and Iban Fontcuberta (Vega Chargers) highlighted that ultra-high-power solutions, such as the MCS standard, will be essential for long distance.<\/p>\n<h4 style=\"color: #03176e; font-weight: bold; font-size: 16px; margin-bottom: 10px;\">&#8220;The cost of being green&#8221;:<\/h4>\n<p style=\"margin-bottom: 25px;\">The economic viability of the transition was another key focus. <strong>May L\u00f3pez (EMS)<\/strong> underlined the importance of informing the sector about how daily planning changes, while <strong>Eduardo Rueda (XCHARGE)<\/strong> pointed out that the main <strong>bottleneck<\/strong> is not technological but <strong>administrative<\/strong>, with grid connection timelines that must be drastically reduced. <strong>Pedro Mayorga (Renault Trucks Espa\u00f1a)<\/strong> warned that although manufacturers already offer efficient vehicles, carriers need regulatory certainty to avoid losing competitiveness during the shift.<\/p>\n<h4 style=\"color: #03176e; font-weight: bold; font-size: 16px; margin-bottom: 10px;\">&#8220;The reality of the sector&#8221;:<\/h4>\n<p style=\"margin-bottom: 0;\">Finally, the workshop gave a direct voice to the protagonists of daily operations. <strong>Gabriel Bernal (Transbernal)<\/strong> shared real competitiveness figures, placing the cost per kilometer of an electric truck at <strong>\u20ac0.38\/km<\/strong> compared to the estimated <strong>\u20ac0.58\/km<\/strong> for diesel in 2026. <strong>Juan Pozo (Sintra Port)<\/strong> noted that adoption will accelerate when confidence spreads among fleet professionals themselves, and <strong>Juan Carlos Pardo (Transpa\u00eds)<\/strong> emphasized the potential of electricity as a more stable energy cost against the volatility of fossil fuels. <strong>Fernando Ag\u00f3n (Ag\u00f3n Truck Centers)<\/strong> concluded that success lies in <strong>comprehensive consulting<\/strong>: carriers must have their infrastructure and energy resolved before acquiring the vehicle.<\/p>\n<\/div>\n<p><\/div>\n<p><\/div>\n<p><\/div>\n<p><\/div>\n<p><\/div>\n<p><\/p>\n<div class=\"fusion-text fusion-text-2\" style=\"margin-top: 35px;\">\n<h3 class=\"fusion-responsive-typography-calculated\" style=\"color: #03176e;\" data-fontsize=\"24\" data-lineheight=\"26.4px\"><b>Conclusions and Roadmap: The future of heavy electromobility<\/b><\/h3>\n<\/div>\n<p><\/p>\n<div class=\"fusion-text fusion-text-4\">\n<div class=\"fusion-fullwidth fullwidth-box fusion-builder-row-2 fusion-flex-container nonhundred-percent-fullwidth non-hundred-percent-height-scrolling\">\n<div class=\"fusion-builder-row fusion-row fusion-flex-align-items-flex-start fusion-flex-content-wrap\">\n<div class=\"fusion-layout-column fusion_builder_column fusion-builder-column-1 fusion_builder_column_1_1 1_1 fusion-flex-column\">\n<div class=\"fusion-column-wrapper\">\n<div class=\"fusion-text fusion-text-3\">\n<p style=\"margin-bottom: 20px;\">The conference concluded by reaffirming that heavy electromobility has ceased to be a future hypothesis and has become a technologically viable, increasingly competitive, and strategically necessary alternative. Throughout the workshop, several cross-cutting ideas defining the current state of the sector were consolidated:<\/p>\n<ul style=\"margin: 0; padding-left: 20px; list-style-type: disc; color: #333333; font-size: 15px; line-height: 1.8;\">\n<li style=\"margin-bottom: 10px;\"><strong>Infrastructure as a true enabler:<\/strong> The real driver of change will not just be the vehicle, but the deployment of an infrastructure that combines power, logistics hubs, renewable energy, and management software.<\/li>\n<li style=\"margin-bottom: 10px;\"><strong>Competitiveness versus sustainability:<\/strong> Although the environmental factor is key, the business decision will become strategic once it is established that electric transport offers a lower TCO and greater cost stability against diesel volatility.<\/li>\n<li style=\"margin-bottom: 0;\"><strong>Public-private collaboration:<\/strong> No single actor can solve this challenge alone; governance is required that is capable of aligning the interests of the administration, manufacturers, and operators to accelerate investments.<\/li>\n<\/ul>\n<\/div>\n<p><\/div>\n<p><\/div>\n<p><\/div>\n<p><\/div>\n<p><\/div>\n<p><\/p>\n<div class=\"fusion-text fusion-text-2\" style=\"margin-top: 35px;\">\n<h3 class=\"fusion-responsive-typography-calculated\" style=\"color: #03176e;\" data-fontsize=\"24\" data-lineheight=\"26.4px\"><b>Strategic Roadmap<\/b><\/h3>\n<\/div>\n<p><\/p>\n<div class=\"fusion-text fusion-text-4\">\n<div class=\"fusion-fullwidth fullwidth-box fusion-builder-row-2 fusion-flex-container nonhundred-percent-fullwidth non-hundred-percent-height-scrolling\">\n<div class=\"fusion-builder-row fusion-row fusion-flex-align-items-flex-start fusion-flex-content-wrap\">\n<div class=\"fusion-layout-column fusion_builder_column fusion-builder-column-1 fusion_builder_column_1_1 1_1 fusion-flex-column\">\n<div class=\"fusion-column-wrapper\">\n<div class=\"fusion-text fusion-text-3\">\n<p style=\"margin-bottom: 20px;\">To transform the logistics system structurally, the following key milestones were defined for the coming years:<\/p>\n<p style=\"margin-bottom: 15px;\"><strong>1. 2026-2027: Pilots and training.<\/strong> Promote real-world projects in high-activity environments, such as the Port of Tarragona, to reduce uncertainties and train companies in TCO calculation and charging management.<\/p>\n<p style=\"margin-bottom: 15px;\"><strong>2. 2027-2030: Deployment of hubs and corridors.<\/strong> Scale infrastructure by creating charging hubs in strategic locations and high-power corridors, supported by financing models that share risks among stakeholders.<\/p>\n<p style=\"margin-bottom: 0;\"><strong>3. 2030 onwards: Full integration.<\/strong> Consolidate logistics nodes as integrated energy platforms where clean energy, storage, and data form the baseline for competitive and decarbonized logistics.<\/p>\n<\/div>\n<p><\/div>\n<p><\/div>\n<p><\/div>\n<p><\/div>\n<p><\/div>\n<p><\/p>\n<div class=\"fusion-text fusion-text-4\" style=\"margin-top: 35px; margin-bottom: 25px;\">\n<div class=\"fusion-fullwidth fullwidth-box fusion-builder-row-2 fusion-flex-container nonhundred-percent-fullwidth non-hundred-percent-height-scrolling\">\n<div class=\"fusion-builder-row fusion-row fusion-flex-align-items-flex-start fusion-flex-content-wrap\" style=\"width: 100%;\">\n<div class=\"fusion-layout-column fusion_builder_column fusion-builder-column-1 fusion_builder_column_1_1 1_1 fusion-flex-column\" style=\"width: 100%;\">\n<div class=\"fusion-column-wrapper\" style=\"border-left: 6px solid #03176e; background-color: #f4f6f9; padding: 25px 30px; border-radius: 0 8px 8px 0; box-sizing: border-box;\">\n<div class=\"fusion-text fusion-text-3\" style=\"font-style: italic; color: #333333; line-height: 1.6;\"><strong>Jorge R\u00edos, CEO of Etecnic<\/strong>, concluded that the sector is already convinced and that the transition is irreversible: &#8220;Not acting today to advance in sustainable mobility means being less competitive tomorrow.&#8221; The Port of Tarragona thus reaffirms itself as the ideal laboratory to lead this industrial and territorial transformation.<\/div>\n<p><\/div>\n<p><\/div>\n<p><\/div>\n<p><\/div>\n<p><\/div>\n\t\t\t\t\t\t\t\t<\/div>\n\t\t\t\t<\/div>\n\t\t<div class=\"elementor-element elementor-element-6780da7 e-con-full e-flex e-con e-child\" data-id=\"6780da7\" data-element_type=\"container\" data-settings=\"{&quot;jet_parallax_layout_list&quot;:[]}\">\n\t\t\t\t<div class=\"elementor-element elementor-element-d0c9a89 elementor-widget elementor-widget-text-editor\" data-id=\"d0c9a89\" data-element_type=\"widget\" data-widget_type=\"text-editor.default\">\n\t\t\t\t<div class=\"elementor-widget-container\">\n\t\t\t\t\t\t\t\t\t<div class=\"fusion-text fusion-text-2\" style=\"margin-top: 35px; margin-bottom: 25px; text-align: center !important; width: 100% !important; display: block !important;\">\r\n<h3 class=\"fusion-responsive-typography-calculated\" style=\"color: #03176e; margin: 0; text-align: center !important; font-weight: bold; display: block !important;\" data-fontsize=\"24\" data-lineheight=\"26.4px\">Photo gallery<\/h3>\r\n<\/div>\t\t\t\t\t\t\t\t<\/div>\n\t\t\t\t<\/div>\n\t\t\t\t<\/div>\n\t\t\t\t\t<\/div>\n\t\t\t\t<\/div>\n\t\t<div class=\"elementor-element elementor-element-3a5bd76 e-flex e-con-boxed e-con e-parent\" data-id=\"3a5bd76\" data-element_type=\"container\" data-settings=\"{&quot;jet_parallax_layout_list&quot;:[]}\">\n\t\t\t\t\t<div class=\"e-con-inner\">\n\t\t\t\t<div class=\"elementor-element elementor-element-3c514d8 elementor-widget elementor-widget-gallery\" data-id=\"3c514d8\" data-element_type=\"widget\" data-settings=\"{&quot;columns&quot;:3,&quot;lazyload&quot;:&quot;yes&quot;,&quot;gallery_layout&quot;:&quot;grid&quot;,&quot;columns_tablet&quot;:2,&quot;columns_mobile&quot;:1,&quot;gap&quot;:{&quot;unit&quot;:&quot;px&quot;,&quot;size&quot;:10,&quot;sizes&quot;:[]},&quot;gap_tablet&quot;:{&quot;unit&quot;:&quot;px&quot;,&quot;size&quot;:10,&quot;sizes&quot;:[]},&quot;gap_mobile&quot;:{&quot;unit&quot;:&quot;px&quot;,&quot;size&quot;:10,&quot;sizes&quot;:[]},&quot;link_to&quot;:&quot;file&quot;,&quot;aspect_ratio&quot;:&quot;3:2&quot;,&quot;overlay_background&quot;:&quot;yes&quot;,&quot;content_hover_animation&quot;:&quot;fade-in&quot;}\" data-widget_type=\"gallery.default\">\n\t\t\t\t<div class=\"elementor-widget-container\">\n\t\t\t\t\t\t\t<div class=\"elementor-gallery__container\">\n\t\t\t\t\t\t\t<a class=\"e-gallery-item elementor-gallery-item elementor-animated-content\" href=\"https:\/\/etecnic.bisiestodeveloper.es\/wp-content\/uploads\/2026\/07\/ETECNIC_PortTarragonaEvent06Maig2026-142.jpg\" data-elementor-open-lightbox=\"yes\" data-elementor-lightbox-slideshow=\"3c514d8\" data-elementor-lightbox-title=\"ETECNIC_PortTarragonaEvent06Maig2026-142\" data-e-action-hash=\"#elementor-action%3Aaction%3Dlightbox%26settings%3DeyJpZCI6MzQ3NjUsInVybCI6Imh0dHBzOlwvXC9ldGVjbmljLmJpc2llc3RvZGV2ZWxvcGVyLmVzXC93cC1jb250ZW50XC91cGxvYWRzXC8yMDI2XC8wN1wvRVRFQ05JQ19Qb3J0VGFycmFnb25hRXZlbnQwNk1haWcyMDI2LTE0Mi5qcGciLCJzbGlkZXNob3ciOiIzYzUxNGQ4In0%3D\">\n\t\t\t\t\t<div class=\"e-gallery-image elementor-gallery-item__image\" data-thumbnail=\"https:\/\/etecnic.bisiestodeveloper.es\/wp-content\/uploads\/2026\/07\/ETECNIC_PortTarragonaEvent06Maig2026-142-700x467.jpg\" data-width=\"700\" data-height=\"467\" aria-label=\"\" role=\"img\" ><\/div>\n\t\t\t\t\t\t\t\t\t\t\t<div class=\"elementor-gallery-item__overlay\"><\/div>\n\t\t\t\t\t\t\t\t\t\t\t\t\t\t<\/a>\n\t\t\t\t\t\t\t<a class=\"e-gallery-item elementor-gallery-item elementor-animated-content\" href=\"https:\/\/etecnic.bisiestodeveloper.es\/wp-content\/uploads\/2026\/07\/ETECNIC_PortTarragonaEvent06Maig2026-160.jpg\" data-elementor-open-lightbox=\"yes\" data-elementor-lightbox-slideshow=\"3c514d8\" data-elementor-lightbox-title=\"ETECNIC_PortTarragonaEvent06Maig2026-160\" data-e-action-hash=\"#elementor-action%3Aaction%3Dlightbox%26settings%3DeyJpZCI6MzQ3NjYsInVybCI6Imh0dHBzOlwvXC9ldGVjbmljLmJpc2llc3RvZGV2ZWxvcGVyLmVzXC93cC1jb250ZW50XC91cGxvYWRzXC8yMDI2XC8wN1wvRVRFQ05JQ19Qb3J0VGFycmFnb25hRXZlbnQwNk1haWcyMDI2LTE2MC5qcGciLCJzbGlkZXNob3ciOiIzYzUxNGQ4In0%3D\">\n\t\t\t\t\t<div class=\"e-gallery-image elementor-gallery-item__image\" data-thumbnail=\"https:\/\/etecnic.bisiestodeveloper.es\/wp-content\/uploads\/2026\/07\/ETECNIC_PortTarragonaEvent06Maig2026-160-700x467.jpg\" data-width=\"700\" data-height=\"467\" aria-label=\"\" role=\"img\" ><\/div>\n\t\t\t\t\t\t\t\t\t\t\t<div class=\"elementor-gallery-item__overlay\"><\/div>\n\t\t\t\t\t\t\t\t\t\t\t\t\t\t<\/a>\n\t\t\t\t\t\t\t<a class=\"e-gallery-item elementor-gallery-item elementor-animated-content\" href=\"https:\/\/etecnic.bisiestodeveloper.es\/wp-content\/uploads\/2026\/07\/ETECNIC_PortTarragonaEvent06Maig2026-8.jpg\" data-elementor-open-lightbox=\"yes\" data-elementor-lightbox-slideshow=\"3c514d8\" data-elementor-lightbox-title=\"ETECNIC_PortTarragonaEvent06Maig2026-8\" data-e-action-hash=\"#elementor-action%3Aaction%3Dlightbox%26settings%3DeyJpZCI6MzQ3NjcsInVybCI6Imh0dHBzOlwvXC9ldGVjbmljLmJpc2llc3RvZGV2ZWxvcGVyLmVzXC93cC1jb250ZW50XC91cGxvYWRzXC8yMDI2XC8wN1wvRVRFQ05JQ19Qb3J0VGFycmFnb25hRXZlbnQwNk1haWcyMDI2LTguanBnIiwic2xpZGVzaG93IjoiM2M1MTRkOCJ9\">\n\t\t\t\t\t<div class=\"e-gallery-image elementor-gallery-item__image\" data-thumbnail=\"https:\/\/etecnic.bisiestodeveloper.es\/wp-content\/uploads\/2026\/07\/ETECNIC_PortTarragonaEvent06Maig2026-8-700x467.jpg\" data-width=\"700\" data-height=\"467\" aria-label=\"\" role=\"img\" ><\/div>\n\t\t\t\t\t\t\t\t\t\t\t<div class=\"elementor-gallery-item__overlay\"><\/div>\n\t\t\t\t\t\t\t\t\t\t\t\t\t\t<\/a>\n\t\t\t\t\t\t\t<a class=\"e-gallery-item elementor-gallery-item elementor-animated-content\" href=\"https:\/\/etecnic.bisiestodeveloper.es\/wp-content\/uploads\/2026\/07\/ETECNIC_PortTarragonaEvent06Maig2026-11.jpg\" data-elementor-open-lightbox=\"yes\" data-elementor-lightbox-slideshow=\"3c514d8\" data-elementor-lightbox-title=\"ETECNIC_PortTarragonaEvent06Maig2026-11\" data-e-action-hash=\"#elementor-action%3Aaction%3Dlightbox%26settings%3DeyJpZCI6MzQ3NjgsInVybCI6Imh0dHBzOlwvXC9ldGVjbmljLmJpc2llc3RvZGV2ZWxvcGVyLmVzXC93cC1jb250ZW50XC91cGxvYWRzXC8yMDI2XC8wN1wvRVRFQ05JQ19Qb3J0VGFycmFnb25hRXZlbnQwNk1haWcyMDI2LTExLmpwZyIsInNsaWRlc2hvdyI6IjNjNTE0ZDgifQ%3D%3D\">\n\t\t\t\t\t<div class=\"e-gallery-image elementor-gallery-item__image\" data-thumbnail=\"https:\/\/etecnic.bisiestodeveloper.es\/wp-content\/uploads\/2026\/07\/ETECNIC_PortTarragonaEvent06Maig2026-11-700x467.jpg\" data-width=\"700\" data-height=\"467\" aria-label=\"\" role=\"img\" ><\/div>\n\t\t\t\t\t\t\t\t\t\t\t<div class=\"elementor-gallery-item__overlay\"><\/div>\n\t\t\t\t\t\t\t\t\t\t\t\t\t\t<\/a>\n\t\t\t\t\t\t\t<a class=\"e-gallery-item elementor-gallery-item elementor-animated-content\" href=\"https:\/\/etecnic.bisiestodeveloper.es\/wp-content\/uploads\/2026\/07\/ETECNIC_PortTarragonaEvent06Maig2026-87.jpg\" data-elementor-open-lightbox=\"yes\" data-elementor-lightbox-slideshow=\"3c514d8\" data-elementor-lightbox-title=\"ETECNIC_PortTarragonaEvent06Maig2026-87\" data-e-action-hash=\"#elementor-action%3Aaction%3Dlightbox%26settings%3DeyJpZCI6MzQ3NjksInVybCI6Imh0dHBzOlwvXC9ldGVjbmljLmJpc2llc3RvZGV2ZWxvcGVyLmVzXC93cC1jb250ZW50XC91cGxvYWRzXC8yMDI2XC8wN1wvRVRFQ05JQ19Qb3J0VGFycmFnb25hRXZlbnQwNk1haWcyMDI2LTg3LmpwZyIsInNsaWRlc2hvdyI6IjNjNTE0ZDgifQ%3D%3D\">\n\t\t\t\t\t<div class=\"e-gallery-image elementor-gallery-item__image\" data-thumbnail=\"https:\/\/etecnic.bisiestodeveloper.es\/wp-content\/uploads\/2026\/07\/ETECNIC_PortTarragonaEvent06Maig2026-87-700x467.jpg\" data-width=\"700\" data-height=\"467\" aria-label=\"\" role=\"img\" ><\/div>\n\t\t\t\t\t\t\t\t\t\t\t<div class=\"elementor-gallery-item__overlay\"><\/div>\n\t\t\t\t\t\t\t\t\t\t\t\t\t\t<\/a>\n\t\t\t\t\t\t\t<a class=\"e-gallery-item elementor-gallery-item elementor-animated-content\" href=\"https:\/\/etecnic.bisiestodeveloper.es\/wp-content\/uploads\/2026\/07\/ETECNIC_PortTarragonaEvent06Maig2026-77.jpg\" data-elementor-open-lightbox=\"yes\" data-elementor-lightbox-slideshow=\"3c514d8\" data-elementor-lightbox-title=\"ETECNIC_PortTarragonaEvent06Maig2026-77\" data-e-action-hash=\"#elementor-action%3Aaction%3Dlightbox%26settings%3DeyJpZCI6MzQ3NzAsInVybCI6Imh0dHBzOlwvXC9ldGVjbmljLmJpc2llc3RvZGV2ZWxvcGVyLmVzXC93cC1jb250ZW50XC91cGxvYWRzXC8yMDI2XC8wN1wvRVRFQ05JQ19Qb3J0VGFycmFnb25hRXZlbnQwNk1haWcyMDI2LTc3LmpwZyIsInNsaWRlc2hvdyI6IjNjNTE0ZDgifQ%3D%3D\">\n\t\t\t\t\t<div class=\"e-gallery-image elementor-gallery-item__image\" data-thumbnail=\"https:\/\/etecnic.bisiestodeveloper.es\/wp-content\/uploads\/2026\/07\/ETECNIC_PortTarragonaEvent06Maig2026-77-700x467.jpg\" data-width=\"700\" data-height=\"467\" aria-label=\"\" role=\"img\" ><\/div>\n\t\t\t\t\t\t\t\t\t\t\t<div class=\"elementor-gallery-item__overlay\"><\/div>\n\t\t\t\t\t\t\t\t\t\t\t\t\t\t<\/a>\n\t\t\t\t\t\t\t<a class=\"e-gallery-item elementor-gallery-item elementor-animated-content\" href=\"https:\/\/etecnic.bisiestodeveloper.es\/wp-content\/uploads\/2026\/07\/ETECNIC_PortTarragonaEvent06Maig2026-54.jpg\" data-elementor-open-lightbox=\"yes\" data-elementor-lightbox-slideshow=\"3c514d8\" data-elementor-lightbox-title=\"ETECNIC_PortTarragonaEvent06Maig2026-54\" data-e-action-hash=\"#elementor-action%3Aaction%3Dlightbox%26settings%3DeyJpZCI6MzQ3NzEsInVybCI6Imh0dHBzOlwvXC9ldGVjbmljLmJpc2llc3RvZGV2ZWxvcGVyLmVzXC93cC1jb250ZW50XC91cGxvYWRzXC8yMDI2XC8wN1wvRVRFQ05JQ19Qb3J0VGFycmFnb25hRXZlbnQwNk1haWcyMDI2LTU0LmpwZyIsInNsaWRlc2hvdyI6IjNjNTE0ZDgifQ%3D%3D\">\n\t\t\t\t\t<div class=\"e-gallery-image elementor-gallery-item__image\" data-thumbnail=\"https:\/\/etecnic.bisiestodeveloper.es\/wp-content\/uploads\/2026\/07\/ETECNIC_PortTarragonaEvent06Maig2026-54-700x467.jpg\" data-width=\"700\" data-height=\"467\" aria-label=\"\" role=\"img\" ><\/div>\n\t\t\t\t\t\t\t\t\t\t\t<div class=\"elementor-gallery-item__overlay\"><\/div>\n\t\t\t\t\t\t\t\t\t\t\t\t\t\t<\/a>\n\t\t\t\t\t\t\t<a class=\"e-gallery-item elementor-gallery-item elementor-animated-content\" href=\"https:\/\/etecnic.bisiestodeveloper.es\/wp-content\/uploads\/2026\/07\/ETECNIC_PortTarragonaEvent06Maig2026-46.jpg\" data-elementor-open-lightbox=\"yes\" data-elementor-lightbox-slideshow=\"3c514d8\" data-elementor-lightbox-title=\"ETECNIC_PortTarragonaEvent06Maig2026-46\" data-e-action-hash=\"#elementor-action%3Aaction%3Dlightbox%26settings%3DeyJpZCI6MzQ3NzIsInVybCI6Imh0dHBzOlwvXC9ldGVjbmljLmJpc2llc3RvZGV2ZWxvcGVyLmVzXC93cC1jb250ZW50XC91cGxvYWRzXC8yMDI2XC8wN1wvRVRFQ05JQ19Qb3J0VGFycmFnb25hRXZlbnQwNk1haWcyMDI2LTQ2LmpwZyIsInNsaWRlc2hvdyI6IjNjNTE0ZDgifQ%3D%3D\">\n\t\t\t\t\t<div class=\"e-gallery-image elementor-gallery-item__image\" data-thumbnail=\"https:\/\/etecnic.bisiestodeveloper.es\/wp-content\/uploads\/2026\/07\/ETECNIC_PortTarragonaEvent06Maig2026-46-700x467.jpg\" data-width=\"700\" data-height=\"467\" aria-label=\"\" role=\"img\" ><\/div>\n\t\t\t\t\t\t\t\t\t\t\t<div class=\"elementor-gallery-item__overlay\"><\/div>\n\t\t\t\t\t\t\t\t\t\t\t\t\t\t<\/a>\n\t\t\t\t\t\t\t<a class=\"e-gallery-item elementor-gallery-item elementor-animated-content\" href=\"https:\/\/etecnic.bisiestodeveloper.es\/wp-content\/uploads\/2026\/07\/ETECNIC_PortTarragonaEvent06Maig2026-33.jpg\" data-elementor-open-lightbox=\"yes\" data-elementor-lightbox-slideshow=\"3c514d8\" data-elementor-lightbox-title=\"ETECNIC_PortTarragonaEvent06Maig2026-33\" data-e-action-hash=\"#elementor-action%3Aaction%3Dlightbox%26settings%3DeyJpZCI6MzQ3NzMsInVybCI6Imh0dHBzOlwvXC9ldGVjbmljLmJpc2llc3RvZGV2ZWxvcGVyLmVzXC93cC1jb250ZW50XC91cGxvYWRzXC8yMDI2XC8wN1wvRVRFQ05JQ19Qb3J0VGFycmFnb25hRXZlbnQwNk1haWcyMDI2LTMzLmpwZyIsInNsaWRlc2hvdyI6IjNjNTE0ZDgifQ%3D%3D\">\n\t\t\t\t\t<div class=\"e-gallery-image elementor-gallery-item__image\" data-thumbnail=\"https:\/\/etecnic.bisiestodeveloper.es\/wp-content\/uploads\/2026\/07\/ETECNIC_PortTarragonaEvent06Maig2026-33-700x467.jpg\" data-width=\"700\" data-height=\"467\" aria-label=\"\" role=\"img\" ><\/div>\n\t\t\t\t\t\t\t\t\t\t\t<div class=\"elementor-gallery-item__overlay\"><\/div>\n\t\t\t\t\t\t\t\t\t\t\t\t\t\t<\/a>\n\t\t\t\t\t\t\t<a class=\"e-gallery-item elementor-gallery-item elementor-animated-content\" href=\"https:\/\/etecnic.bisiestodeveloper.es\/wp-content\/uploads\/2026\/07\/ETECNIC_PortTarragonaEvent06Maig2026-49.jpg\" data-elementor-open-lightbox=\"yes\" data-elementor-lightbox-slideshow=\"3c514d8\" data-elementor-lightbox-title=\"ETECNIC_PortTarragonaEvent06Maig2026-49\" data-e-action-hash=\"#elementor-action%3Aaction%3Dlightbox%26settings%3DeyJpZCI6MzQ3NzQsInVybCI6Imh0dHBzOlwvXC9ldGVjbmljLmJpc2llc3RvZGV2ZWxvcGVyLmVzXC93cC1jb250ZW50XC91cGxvYWRzXC8yMDI2XC8wN1wvRVRFQ05JQ19Qb3J0VGFycmFnb25hRXZlbnQwNk1haWcyMDI2LTQ5LmpwZyIsInNsaWRlc2hvdyI6IjNjNTE0ZDgifQ%3D%3D\">\n\t\t\t\t\t<div class=\"e-gallery-image elementor-gallery-item__image\" data-thumbnail=\"https:\/\/etecnic.bisiestodeveloper.es\/wp-content\/uploads\/2026\/07\/ETECNIC_PortTarragonaEvent06Maig2026-49-700x467.jpg\" data-width=\"700\" data-height=\"467\" aria-label=\"\" role=\"img\" ><\/div>\n\t\t\t\t\t\t\t\t\t\t\t<div class=\"elementor-gallery-item__overlay\"><\/div>\n\t\t\t\t\t\t\t\t\t\t\t\t\t\t<\/a>\n\t\t\t\t\t\t\t<a class=\"e-gallery-item elementor-gallery-item elementor-animated-content\" href=\"https:\/\/etecnic.bisiestodeveloper.es\/wp-content\/uploads\/2026\/07\/ETECNIC_PortTarragonaEvent06Maig2026-29.jpg\" data-elementor-open-lightbox=\"yes\" data-elementor-lightbox-slideshow=\"3c514d8\" data-elementor-lightbox-title=\"ETECNIC_PortTarragonaEvent06Maig2026-29\" data-e-action-hash=\"#elementor-action%3Aaction%3Dlightbox%26settings%3DeyJpZCI6MzQ3NzUsInVybCI6Imh0dHBzOlwvXC9ldGVjbmljLmJpc2llc3RvZGV2ZWxvcGVyLmVzXC93cC1jb250ZW50XC91cGxvYWRzXC8yMDI2XC8wN1wvRVRFQ05JQ19Qb3J0VGFycmFnb25hRXZlbnQwNk1haWcyMDI2LTI5LmpwZyIsInNsaWRlc2hvdyI6IjNjNTE0ZDgifQ%3D%3D\">\n\t\t\t\t\t<div class=\"e-gallery-image elementor-gallery-item__image\" data-thumbnail=\"https:\/\/etecnic.bisiestodeveloper.es\/wp-content\/uploads\/2026\/07\/ETECNIC_PortTarragonaEvent06Maig2026-29-700x467.jpg\" data-width=\"700\" data-height=\"467\" aria-label=\"\" role=\"img\" ><\/div>\n\t\t\t\t\t\t\t\t\t\t\t<div class=\"elementor-gallery-item__overlay\"><\/div>\n\t\t\t\t\t\t\t\t\t\t\t\t\t\t<\/a>\n\t\t\t\t\t\t\t<a class=\"e-gallery-item elementor-gallery-item elementor-animated-content\" href=\"https:\/\/etecnic.bisiestodeveloper.es\/wp-content\/uploads\/2026\/07\/ETECNIC_PortTarragonaEvent06Maig2026-38.jpg\" data-elementor-open-lightbox=\"yes\" data-elementor-lightbox-slideshow=\"3c514d8\" data-elementor-lightbox-title=\"ETECNIC_PortTarragonaEvent06Maig2026-38\" data-e-action-hash=\"#elementor-action%3Aaction%3Dlightbox%26settings%3DeyJpZCI6MzQ3NzYsInVybCI6Imh0dHBzOlwvXC9ldGVjbmljLmJpc2llc3RvZGV2ZWxvcGVyLmVzXC93cC1jb250ZW50XC91cGxvYWRzXC8yMDI2XC8wN1wvRVRFQ05JQ19Qb3J0VGFycmFnb25hRXZlbnQwNk1haWcyMDI2LTM4LmpwZyIsInNsaWRlc2hvdyI6IjNjNTE0ZDgifQ%3D%3D\">\n\t\t\t\t\t<div class=\"e-gallery-image elementor-gallery-item__image\" data-thumbnail=\"https:\/\/etecnic.bisiestodeveloper.es\/wp-content\/uploads\/2026\/07\/ETECNIC_PortTarragonaEvent06Maig2026-38-700x467.jpg\" data-width=\"700\" data-height=\"467\" aria-label=\"\" role=\"img\" ><\/div>\n\t\t\t\t\t\t\t\t\t\t\t<div class=\"elementor-gallery-item__overlay\"><\/div>\n\t\t\t\t\t\t\t\t\t\t\t\t\t\t<\/a>\n\t\t\t\t\t\t\t<a class=\"e-gallery-item elementor-gallery-item elementor-animated-content\" href=\"https:\/\/etecnic.bisiestodeveloper.es\/wp-content\/uploads\/2026\/07\/ETECNIC_PortTarragonaEvent06Maig2026-52.jpg\" data-elementor-open-lightbox=\"yes\" data-elementor-lightbox-slideshow=\"3c514d8\" data-elementor-lightbox-title=\"ETECNIC_PortTarragonaEvent06Maig2026-52\" data-e-action-hash=\"#elementor-action%3Aaction%3Dlightbox%26settings%3DeyJpZCI6MzQ3NzcsInVybCI6Imh0dHBzOlwvXC9ldGVjbmljLmJpc2llc3RvZGV2ZWxvcGVyLmVzXC93cC1jb250ZW50XC91cGxvYWRzXC8yMDI2XC8wN1wvRVRFQ05JQ19Qb3J0VGFycmFnb25hRXZlbnQwNk1haWcyMDI2LTUyLmpwZyIsInNsaWRlc2hvdyI6IjNjNTE0ZDgifQ%3D%3D\">\n\t\t\t\t\t<div class=\"e-gallery-image elementor-gallery-item__image\" data-thumbnail=\"https:\/\/etecnic.bisiestodeveloper.es\/wp-content\/uploads\/2026\/07\/ETECNIC_PortTarragonaEvent06Maig2026-52-700x467.jpg\" data-width=\"700\" data-height=\"467\" aria-label=\"\" role=\"img\" ><\/div>\n\t\t\t\t\t\t\t\t\t\t\t<div class=\"elementor-gallery-item__overlay\"><\/div>\n\t\t\t\t\t\t\t\t\t\t\t\t\t\t<\/a>\n\t\t\t\t\t\t\t<a class=\"e-gallery-item elementor-gallery-item elementor-animated-content\" href=\"https:\/\/etecnic.bisiestodeveloper.es\/wp-content\/uploads\/2026\/07\/ETECNIC_PortTarragonaEvent06Maig2026-73.jpg\" data-elementor-open-lightbox=\"yes\" data-elementor-lightbox-slideshow=\"3c514d8\" data-elementor-lightbox-title=\"ETECNIC_PortTarragonaEvent06Maig2026-73\" data-e-action-hash=\"#elementor-action%3Aaction%3Dlightbox%26settings%3DeyJpZCI6MzQ3NzgsInVybCI6Imh0dHBzOlwvXC9ldGVjbmljLmJpc2llc3RvZGV2ZWxvcGVyLmVzXC93cC1jb250ZW50XC91cGxvYWRzXC8yMDI2XC8wN1wvRVRFQ05JQ19Qb3J0VGFycmFnb25hRXZlbnQwNk1haWcyMDI2LTczLmpwZyIsInNsaWRlc2hvdyI6IjNjNTE0ZDgifQ%3D%3D\">\n\t\t\t\t\t<div class=\"e-gallery-image elementor-gallery-item__image\" data-thumbnail=\"https:\/\/etecnic.bisiestodeveloper.es\/wp-content\/uploads\/2026\/07\/ETECNIC_PortTarragonaEvent06Maig2026-73-700x467.jpg\" data-width=\"700\" data-height=\"467\" aria-label=\"\" role=\"img\" ><\/div>\n\t\t\t\t\t\t\t\t\t\t\t<div class=\"elementor-gallery-item__overlay\"><\/div>\n\t\t\t\t\t\t\t\t\t\t\t\t\t\t<\/a>\n\t\t\t\t\t\t\t<a class=\"e-gallery-item elementor-gallery-item elementor-animated-content\" href=\"https:\/\/etecnic.bisiestodeveloper.es\/wp-content\/uploads\/2026\/07\/ETECNIC_PortTarragonaEvent06Maig2026-76.jpg\" data-elementor-open-lightbox=\"yes\" data-elementor-lightbox-slideshow=\"3c514d8\" data-elementor-lightbox-title=\"ETECNIC_PortTarragonaEvent06Maig2026-76\" data-e-action-hash=\"#elementor-action%3Aaction%3Dlightbox%26settings%3DeyJpZCI6MzQ3NzksInVybCI6Imh0dHBzOlwvXC9ldGVjbmljLmJpc2llc3RvZGV2ZWxvcGVyLmVzXC93cC1jb250ZW50XC91cGxvYWRzXC8yMDI2XC8wN1wvRVRFQ05JQ19Qb3J0VGFycmFnb25hRXZlbnQwNk1haWcyMDI2LTc2LmpwZyIsInNsaWRlc2hvdyI6IjNjNTE0ZDgifQ%3D%3D\">\n\t\t\t\t\t<div class=\"e-gallery-image elementor-gallery-item__image\" data-thumbnail=\"https:\/\/etecnic.bisiestodeveloper.es\/wp-content\/uploads\/2026\/07\/ETECNIC_PortTarragonaEvent06Maig2026-76-700x467.jpg\" data-width=\"700\" data-height=\"467\" aria-label=\"\" role=\"img\" ><\/div>\n\t\t\t\t\t\t\t\t\t\t\t<div class=\"elementor-gallery-item__overlay\"><\/div>\n\t\t\t\t\t\t\t\t\t\t\t\t\t\t<\/a>\n\t\t\t\t\t\t\t<a class=\"e-gallery-item elementor-gallery-item elementor-animated-content\" href=\"https:\/\/etecnic.bisiestodeveloper.es\/wp-content\/uploads\/2026\/07\/ETECNIC_PortTarragonaEvent06Maig2026-21.jpg\" data-elementor-open-lightbox=\"yes\" data-elementor-lightbox-slideshow=\"3c514d8\" data-elementor-lightbox-title=\"ETECNIC_PortTarragonaEvent06Maig2026-21\" data-e-action-hash=\"#elementor-action%3Aaction%3Dlightbox%26settings%3DeyJpZCI6MzQ3ODAsInVybCI6Imh0dHBzOlwvXC9ldGVjbmljLmJpc2llc3RvZGV2ZWxvcGVyLmVzXC93cC1jb250ZW50XC91cGxvYWRzXC8yMDI2XC8wN1wvRVRFQ05JQ19Qb3J0VGFycmFnb25hRXZlbnQwNk1haWcyMDI2LTIxLmpwZyIsInNsaWRlc2hvdyI6IjNjNTE0ZDgifQ%3D%3D\">\n\t\t\t\t\t<div class=\"e-gallery-image elementor-gallery-item__image\" data-thumbnail=\"https:\/\/etecnic.bisiestodeveloper.es\/wp-content\/uploads\/2026\/07\/ETECNIC_PortTarragonaEvent06Maig2026-21-700x467.jpg\" data-width=\"700\" data-height=\"467\" aria-label=\"\" role=\"img\" ><\/div>\n\t\t\t\t\t\t\t\t\t\t\t<div class=\"elementor-gallery-item__overlay\"><\/div>\n\t\t\t\t\t\t\t\t\t\t\t\t\t\t<\/a>\n\t\t\t\t\t\t\t<a class=\"e-gallery-item elementor-gallery-item elementor-animated-content\" href=\"https:\/\/etecnic.bisiestodeveloper.es\/wp-content\/uploads\/2026\/07\/ETECNIC_PortTarragonaEvent06Maig2026-163.jpg\" data-elementor-open-lightbox=\"yes\" data-elementor-lightbox-slideshow=\"3c514d8\" data-elementor-lightbox-title=\"ETECNIC_PortTarragonaEvent06Maig2026-163\" data-e-action-hash=\"#elementor-action%3Aaction%3Dlightbox%26settings%3DeyJpZCI6MzQ3ODEsInVybCI6Imh0dHBzOlwvXC9ldGVjbmljLmJpc2llc3RvZGV2ZWxvcGVyLmVzXC93cC1jb250ZW50XC91cGxvYWRzXC8yMDI2XC8wN1wvRVRFQ05JQ19Qb3J0VGFycmFnb25hRXZlbnQwNk1haWcyMDI2LTE2My5qcGciLCJzbGlkZXNob3ciOiIzYzUxNGQ4In0%3D\">\n\t\t\t\t\t<div class=\"e-gallery-image elementor-gallery-item__image\" data-thumbnail=\"https:\/\/etecnic.bisiestodeveloper.es\/wp-content\/uploads\/2026\/07\/ETECNIC_PortTarragonaEvent06Maig2026-163-700x467.jpg\" data-width=\"700\" data-height=\"467\" aria-label=\"\" role=\"img\" ><\/div>\n\t\t\t\t\t\t\t\t\t\t\t<div class=\"elementor-gallery-item__overlay\"><\/div>\n\t\t\t\t\t\t\t\t\t\t\t\t\t\t<\/a>\n\t\t\t\t\t\t\t<a class=\"e-gallery-item elementor-gallery-item elementor-animated-content\" href=\"https:\/\/etecnic.bisiestodeveloper.es\/wp-content\/uploads\/2026\/07\/ETECNIC_PortTarragonaEvent06Maig2026-131.jpg\" data-elementor-open-lightbox=\"yes\" data-elementor-lightbox-slideshow=\"3c514d8\" data-elementor-lightbox-title=\"ETECNIC_PortTarragonaEvent06Maig2026-131\" data-e-action-hash=\"#elementor-action%3Aaction%3Dlightbox%26settings%3DeyJpZCI6MzQ3ODIsInVybCI6Imh0dHBzOlwvXC9ldGVjbmljLmJpc2llc3RvZGV2ZWxvcGVyLmVzXC93cC1jb250ZW50XC91cGxvYWRzXC8yMDI2XC8wN1wvRVRFQ05JQ19Qb3J0VGFycmFnb25hRXZlbnQwNk1haWcyMDI2LTEzMS5qcGciLCJzbGlkZXNob3ciOiIzYzUxNGQ4In0%3D\">\n\t\t\t\t\t<div class=\"e-gallery-image elementor-gallery-item__image\" data-thumbnail=\"https:\/\/etecnic.bisiestodeveloper.es\/wp-content\/uploads\/2026\/07\/ETECNIC_PortTarragonaEvent06Maig2026-131-700x467.jpg\" data-width=\"700\" data-height=\"467\" aria-label=\"\" role=\"img\" ><\/div>\n\t\t\t\t\t\t\t\t\t\t\t<div class=\"elementor-gallery-item__overlay\"><\/div>\n\t\t\t\t\t\t\t\t\t\t\t\t\t\t<\/a>\n\t\t\t\t\t\t\t<a class=\"e-gallery-item elementor-gallery-item elementor-animated-content\" href=\"https:\/\/etecnic.bisiestodeveloper.es\/wp-content\/uploads\/2026\/07\/ETECNIC_PortTarragonaEvent06Maig2026-118.jpg\" data-elementor-open-lightbox=\"yes\" data-elementor-lightbox-slideshow=\"3c514d8\" data-elementor-lightbox-title=\"ETECNIC_PortTarragonaEvent06Maig2026-118\" data-e-action-hash=\"#elementor-action%3Aaction%3Dlightbox%26settings%3DeyJpZCI6MzQ3ODMsInVybCI6Imh0dHBzOlwvXC9ldGVjbmljLmJpc2llc3RvZGV2ZWxvcGVyLmVzXC93cC1jb250ZW50XC91cGxvYWRzXC8yMDI2XC8wN1wvRVRFQ05JQ19Qb3J0VGFycmFnb25hRXZlbnQwNk1haWcyMDI2LTExOC5qcGciLCJzbGlkZXNob3ciOiIzYzUxNGQ4In0%3D\">\n\t\t\t\t\t<div class=\"e-gallery-image elementor-gallery-item__image\" data-thumbnail=\"https:\/\/etecnic.bisiestodeveloper.es\/wp-content\/uploads\/2026\/07\/ETECNIC_PortTarragonaEvent06Maig2026-118-700x467.jpg\" data-width=\"700\" data-height=\"467\" aria-label=\"\" role=\"img\" ><\/div>\n\t\t\t\t\t\t\t\t\t\t\t<div class=\"elementor-gallery-item__overlay\"><\/div>\n\t\t\t\t\t\t\t\t\t\t\t\t\t\t<\/a>\n\t\t\t\t\t\t\t<a class=\"e-gallery-item elementor-gallery-item elementor-animated-content\" href=\"https:\/\/etecnic.bisiestodeveloper.es\/wp-content\/uploads\/2026\/07\/ETECNIC_PortTarragonaEvent06Maig2026-104.jpg\" data-elementor-open-lightbox=\"yes\" data-elementor-lightbox-slideshow=\"3c514d8\" data-elementor-lightbox-title=\"ETECNIC_PortTarragonaEvent06Maig2026-104\" data-e-action-hash=\"#elementor-action%3Aaction%3Dlightbox%26settings%3DeyJpZCI6MzQ3ODQsInVybCI6Imh0dHBzOlwvXC9ldGVjbmljLmJpc2llc3RvZGV2ZWxvcGVyLmVzXC93cC1jb250ZW50XC91cGxvYWRzXC8yMDI2XC8wN1wvRVRFQ05JQ19Qb3J0VGFycmFnb25hRXZlbnQwNk1haWcyMDI2LTEwNC5qcGciLCJzbGlkZXNob3ciOiIzYzUxNGQ4In0%3D\">\n\t\t\t\t\t<div class=\"e-gallery-image elementor-gallery-item__image\" data-thumbnail=\"https:\/\/etecnic.bisiestodeveloper.es\/wp-content\/uploads\/2026\/07\/ETECNIC_PortTarragonaEvent06Maig2026-104-700x467.jpg\" data-width=\"700\" data-height=\"467\" aria-label=\"\" role=\"img\" ><\/div>\n\t\t\t\t\t\t\t\t\t\t\t<div class=\"elementor-gallery-item__overlay\"><\/div>\n\t\t\t\t\t\t\t\t\t\t\t\t\t\t<\/a>\n\t\t\t\t\t\t\t<a class=\"e-gallery-item elementor-gallery-item elementor-animated-content\" href=\"https:\/\/etecnic.bisiestodeveloper.es\/wp-content\/uploads\/2026\/07\/ETECNIC_PortTarragonaEvent06Maig2026-109.jpg\" data-elementor-open-lightbox=\"yes\" data-elementor-lightbox-slideshow=\"3c514d8\" data-elementor-lightbox-title=\"ETECNIC_PortTarragonaEvent06Maig2026-109\" data-e-action-hash=\"#elementor-action%3Aaction%3Dlightbox%26settings%3DeyJpZCI6MzQ3ODUsInVybCI6Imh0dHBzOlwvXC9ldGVjbmljLmJpc2llc3RvZGV2ZWxvcGVyLmVzXC93cC1jb250ZW50XC91cGxvYWRzXC8yMDI2XC8wN1wvRVRFQ05JQ19Qb3J0VGFycmFnb25hRXZlbnQwNk1haWcyMDI2LTEwOS5qcGciLCJzbGlkZXNob3ciOiIzYzUxNGQ4In0%3D\">\n\t\t\t\t\t<div class=\"e-gallery-image elementor-gallery-item__image\" data-thumbnail=\"https:\/\/etecnic.bisiestodeveloper.es\/wp-content\/uploads\/2026\/07\/ETECNIC_PortTarragonaEvent06Maig2026-109-700x467.jpg\" data-width=\"700\" data-height=\"467\" aria-label=\"\" role=\"img\" ><\/div>\n\t\t\t\t\t\t\t\t\t\t\t<div class=\"elementor-gallery-item__overlay\"><\/div>\n\t\t\t\t\t\t\t\t\t\t\t\t\t\t<\/a>\n\t\t\t\t\t<\/div>\n\t\t\t\t\t<\/div>\n\t\t\t\t<\/div>\n\t\t\t\t\t<\/div>\n\t\t\t\t<\/div>\n\t\t\t\t<\/div>\n\t\t","protected":false},"excerpt":{"rendered":"<p>More than 80 professionals gathered at the 2nd edition of the Electrified Sustainable Transport Workshop organized by Etecnic and the Port of Tarragona. Experts agree that the technology is already a reality, but urge the planning of large-scale infrastructure and the reduction of administrative barriers to guarantee competitiveness. Tarragona, May 7, 2026. \u2013 Refugi 1 [&hellip;]<\/p>\n","protected":false},"author":4,"featured_media":34786,"comment_status":"closed","ping_status":"closed","sticky":false,"template":"","format":"standard","meta":{"footnotes":""},"categories":[648,649,647,643],"tags":[],"class_list":["post-34787","post","type-post","status-publish","format-standard","has-post-thumbnail","hentry","category-evcharge","category-event","category-projects","category-sectors"],"yoast_head":"<!-- This site is optimized with the Yoast SEO plugin v26.5 - https:\/\/yoast.com\/wordpress\/plugins\/seo\/ -->\n<title>II Sustainable Transportation Workshop | Port of Tarragona<\/title>\n<meta name=\"description\" content=\"Relive the second edition of the Sustainable Transportation Workshop at the Port of Tarragona. Discover the keys to decarbonization.\" \/>\n<meta name=\"robots\" content=\"noindex, follow, max-snippet:-1, max-image-preview:large, max-video-preview:-1\" \/>\n<meta property=\"og:locale\" content=\"en_US\" \/>\n<meta property=\"og:type\" content=\"article\" \/>\n<meta property=\"og:title\" content=\"II Sustainable Transportation Workshop | Port of Tarragona\" \/>\n<meta property=\"og:description\" content=\"Relive the second edition of the Sustainable Transportation Workshop at the Port of Tarragona. Discover the keys to decarbonization.\" \/>\n<meta property=\"og:url\" content=\"https:\/\/etecnic.bisiestodeveloper.es\/en\/projects\/the-port-of-tarragona-becomes-the-epicenter-of-decarbonization-in-heavy-duty-transportation\/\" \/>\n<meta property=\"og:site_name\" content=\"Etecnic\" \/>\n<meta property=\"article:published_time\" content=\"2026-07-20T10:14:36+00:00\" \/>\n<meta property=\"article:modified_time\" content=\"2026-07-24T10:15:55+00:00\" \/>\n<meta property=\"og:image\" content=\"https:\/\/etecnic.bisiestodeveloper.es\/wp-content\/uploads\/2026\/07\/Blog-WKS-2026-scaled-1-700x454.png\" \/>\n<meta name=\"author\" content=\"anna-etecnic\" \/>\n<meta name=\"twitter:card\" content=\"summary_large_image\" \/>\n<meta name=\"twitter:label1\" content=\"Written by\" \/>\n\t<meta name=\"twitter:data1\" content=\"anna-etecnic\" \/>\n\t<meta name=\"twitter:label2\" content=\"Est. reading time\" \/>\n\t<meta name=\"twitter:data2\" content=\"6 minutes\" \/>\n<script type=\"application\/ld+json\" class=\"yoast-schema-graph\">{\"@context\":\"https:\/\/schema.org\",\"@graph\":[{\"@type\":\"Article\",\"@id\":\"https:\/\/etecnic.bisiestodeveloper.es\/en\/projects\/the-port-of-tarragona-becomes-the-epicenter-of-decarbonization-in-heavy-duty-transportation\/#article\",\"isPartOf\":{\"@id\":\"https:\/\/etecnic.bisiestodeveloper.es\/en\/projects\/the-port-of-tarragona-becomes-the-epicenter-of-decarbonization-in-heavy-duty-transportation\/\"},\"author\":{\"name\":\"anna-etecnic\",\"@id\":\"https:\/\/etecnic.bisiestodeveloper.es\/en\/#\/schema\/person\/0da7a3465710726a5fa6d735b8a7e686\"},\"headline\":\"The Port of Tarragona Becomes the Epicenter of Decarbonization in Heavy-Duty Transportation\",\"datePublished\":\"2026-07-20T10:14:36+00:00\",\"dateModified\":\"2026-07-24T10:15:55+00:00\",\"mainEntityOfPage\":{\"@id\":\"https:\/\/etecnic.bisiestodeveloper.es\/en\/projects\/the-port-of-tarragona-becomes-the-epicenter-of-decarbonization-in-heavy-duty-transportation\/\"},\"wordCount\":1129,\"publisher\":{\"@id\":\"https:\/\/etecnic.bisiestodeveloper.es\/en\/#organization\"},\"image\":{\"@id\":\"https:\/\/etecnic.bisiestodeveloper.es\/en\/projects\/the-port-of-tarragona-becomes-the-epicenter-of-decarbonization-in-heavy-duty-transportation\/#primaryimage\"},\"thumbnailUrl\":\"https:\/\/etecnic.bisiestodeveloper.es\/wp-content\/uploads\/2026\/07\/Blog-WKS-2026-scaled-1.png\",\"articleSection\":[\"EVcharge\",\"Event\",\"Projects\",\"Sectors\"],\"inLanguage\":\"en-US\"},{\"@type\":\"WebPage\",\"@id\":\"https:\/\/etecnic.bisiestodeveloper.es\/en\/projects\/the-port-of-tarragona-becomes-the-epicenter-of-decarbonization-in-heavy-duty-transportation\/\",\"url\":\"https:\/\/etecnic.bisiestodeveloper.es\/en\/projects\/the-port-of-tarragona-becomes-the-epicenter-of-decarbonization-in-heavy-duty-transportation\/\",\"name\":\"II Sustainable Transportation Workshop | Port of Tarragona\",\"isPartOf\":{\"@id\":\"https:\/\/etecnic.bisiestodeveloper.es\/en\/#website\"},\"primaryImageOfPage\":{\"@id\":\"https:\/\/etecnic.bisiestodeveloper.es\/en\/projects\/the-port-of-tarragona-becomes-the-epicenter-of-decarbonization-in-heavy-duty-transportation\/#primaryimage\"},\"image\":{\"@id\":\"https:\/\/etecnic.bisiestodeveloper.es\/en\/projects\/the-port-of-tarragona-becomes-the-epicenter-of-decarbonization-in-heavy-duty-transportation\/#primaryimage\"},\"thumbnailUrl\":\"https:\/\/etecnic.bisiestodeveloper.es\/wp-content\/uploads\/2026\/07\/Blog-WKS-2026-scaled-1.png\",\"datePublished\":\"2026-07-20T10:14:36+00:00\",\"dateModified\":\"2026-07-24T10:15:55+00:00\",\"description\":\"Relive the second edition of the Sustainable Transportation Workshop at the Port of Tarragona. Discover the keys to decarbonization.\",\"breadcrumb\":{\"@id\":\"https:\/\/etecnic.bisiestodeveloper.es\/en\/projects\/the-port-of-tarragona-becomes-the-epicenter-of-decarbonization-in-heavy-duty-transportation\/#breadcrumb\"},\"inLanguage\":\"en-US\",\"potentialAction\":[{\"@type\":\"ReadAction\",\"target\":[\"https:\/\/etecnic.bisiestodeveloper.es\/en\/projects\/the-port-of-tarragona-becomes-the-epicenter-of-decarbonization-in-heavy-duty-transportation\/\"]}]},{\"@type\":\"ImageObject\",\"inLanguage\":\"en-US\",\"@id\":\"https:\/\/etecnic.bisiestodeveloper.es\/en\/projects\/the-port-of-tarragona-becomes-the-epicenter-of-decarbonization-in-heavy-duty-transportation\/#primaryimage\",\"url\":\"https:\/\/etecnic.bisiestodeveloper.es\/wp-content\/uploads\/2026\/07\/Blog-WKS-2026-scaled-1.png\",\"contentUrl\":\"https:\/\/etecnic.bisiestodeveloper.es\/wp-content\/uploads\/2026\/07\/Blog-WKS-2026-scaled-1.png\",\"width\":2560,\"height\":1660},{\"@type\":\"BreadcrumbList\",\"@id\":\"https:\/\/etecnic.bisiestodeveloper.es\/en\/projects\/the-port-of-tarragona-becomes-the-epicenter-of-decarbonization-in-heavy-duty-transportation\/#breadcrumb\",\"itemListElement\":[{\"@type\":\"ListItem\",\"position\":1,\"name\":\"Portada\",\"item\":\"https:\/\/etecnic.bisiestodeveloper.es\/en\/\"},{\"@type\":\"ListItem\",\"position\":2,\"name\":\"The Port of Tarragona Becomes the Epicenter of Decarbonization in Heavy-Duty Transportation\"}]},{\"@type\":\"WebSite\",\"@id\":\"https:\/\/etecnic.bisiestodeveloper.es\/en\/#website\",\"url\":\"https:\/\/etecnic.bisiestodeveloper.es\/en\/\",\"name\":\"Etecnic\",\"description\":\"\",\"publisher\":{\"@id\":\"https:\/\/etecnic.bisiestodeveloper.es\/en\/#organization\"},\"potentialAction\":[{\"@type\":\"SearchAction\",\"target\":{\"@type\":\"EntryPoint\",\"urlTemplate\":\"https:\/\/etecnic.bisiestodeveloper.es\/en\/?s={search_term_string}\"},\"query-input\":{\"@type\":\"PropertyValueSpecification\",\"valueRequired\":true,\"valueName\":\"search_term_string\"}}],\"inLanguage\":\"en-US\"},{\"@type\":\"Organization\",\"@id\":\"https:\/\/etecnic.bisiestodeveloper.es\/en\/#organization\",\"name\":\"Etecnic\",\"url\":\"https:\/\/etecnic.bisiestodeveloper.es\/en\/\",\"logo\":{\"@type\":\"ImageObject\",\"inLanguage\":\"en-US\",\"@id\":\"https:\/\/etecnic.bisiestodeveloper.es\/en\/#\/schema\/logo\/image\/\",\"url\":\"https:\/\/etecnic.bisiestodeveloper.es\/wp-content\/uploads\/2025\/06\/logo-etecnic-blanco.png\",\"contentUrl\":\"https:\/\/etecnic.bisiestodeveloper.es\/wp-content\/uploads\/2025\/06\/logo-etecnic-blanco.png\",\"width\":1000,\"height\":500,\"caption\":\"Etecnic\"},\"image\":{\"@id\":\"https:\/\/etecnic.bisiestodeveloper.es\/en\/#\/schema\/logo\/image\/\"}},{\"@type\":\"Person\",\"@id\":\"https:\/\/etecnic.bisiestodeveloper.es\/en\/#\/schema\/person\/0da7a3465710726a5fa6d735b8a7e686\",\"name\":\"anna-etecnic\",\"url\":\"https:\/\/etecnic.bisiestodeveloper.es\/en\/author\/anna-etecnic\/\"}]}<\/script>\n<!-- \/ Yoast SEO plugin. -->","yoast_head_json":{"title":"II Sustainable Transportation Workshop | Port of Tarragona","description":"Relive the second edition of the Sustainable Transportation Workshop at the Port of Tarragona. Discover the keys to decarbonization.","robots":{"index":"noindex","follow":"follow","max-snippet":"max-snippet:-1","max-image-preview":"max-image-preview:large","max-video-preview":"max-video-preview:-1"},"og_locale":"en_US","og_type":"article","og_title":"II Sustainable Transportation Workshop | Port of Tarragona","og_description":"Relive the second edition of the Sustainable Transportation Workshop at the Port of Tarragona. Discover the keys to decarbonization.","og_url":"https:\/\/etecnic.bisiestodeveloper.es\/en\/projects\/the-port-of-tarragona-becomes-the-epicenter-of-decarbonization-in-heavy-duty-transportation\/","og_site_name":"Etecnic","article_published_time":"2026-07-20T10:14:36+00:00","article_modified_time":"2026-07-24T10:15:55+00:00","og_image":[{"url":"https:\/\/etecnic.bisiestodeveloper.es\/wp-content\/uploads\/2026\/07\/Blog-WKS-2026-scaled-1-700x454.png","type":"","width":"","height":""}],"author":"anna-etecnic","twitter_card":"summary_large_image","twitter_misc":{"Written by":"anna-etecnic","Est. reading time":"6 minutes"},"schema":{"@context":"https:\/\/schema.org","@graph":[{"@type":"Article","@id":"https:\/\/etecnic.bisiestodeveloper.es\/en\/projects\/the-port-of-tarragona-becomes-the-epicenter-of-decarbonization-in-heavy-duty-transportation\/#article","isPartOf":{"@id":"https:\/\/etecnic.bisiestodeveloper.es\/en\/projects\/the-port-of-tarragona-becomes-the-epicenter-of-decarbonization-in-heavy-duty-transportation\/"},"author":{"name":"anna-etecnic","@id":"https:\/\/etecnic.bisiestodeveloper.es\/en\/#\/schema\/person\/0da7a3465710726a5fa6d735b8a7e686"},"headline":"The Port of Tarragona Becomes the Epicenter of Decarbonization in Heavy-Duty Transportation","datePublished":"2026-07-20T10:14:36+00:00","dateModified":"2026-07-24T10:15:55+00:00","mainEntityOfPage":{"@id":"https:\/\/etecnic.bisiestodeveloper.es\/en\/projects\/the-port-of-tarragona-becomes-the-epicenter-of-decarbonization-in-heavy-duty-transportation\/"},"wordCount":1129,"publisher":{"@id":"https:\/\/etecnic.bisiestodeveloper.es\/en\/#organization"},"image":{"@id":"https:\/\/etecnic.bisiestodeveloper.es\/en\/projects\/the-port-of-tarragona-becomes-the-epicenter-of-decarbonization-in-heavy-duty-transportation\/#primaryimage"},"thumbnailUrl":"https:\/\/etecnic.bisiestodeveloper.es\/wp-content\/uploads\/2026\/07\/Blog-WKS-2026-scaled-1.png","articleSection":["EVcharge","Event","Projects","Sectors"],"inLanguage":"en-US"},{"@type":"WebPage","@id":"https:\/\/etecnic.bisiestodeveloper.es\/en\/projects\/the-port-of-tarragona-becomes-the-epicenter-of-decarbonization-in-heavy-duty-transportation\/","url":"https:\/\/etecnic.bisiestodeveloper.es\/en\/projects\/the-port-of-tarragona-becomes-the-epicenter-of-decarbonization-in-heavy-duty-transportation\/","name":"II Sustainable Transportation Workshop | Port of Tarragona","isPartOf":{"@id":"https:\/\/etecnic.bisiestodeveloper.es\/en\/#website"},"primaryImageOfPage":{"@id":"https:\/\/etecnic.bisiestodeveloper.es\/en\/projects\/the-port-of-tarragona-becomes-the-epicenter-of-decarbonization-in-heavy-duty-transportation\/#primaryimage"},"image":{"@id":"https:\/\/etecnic.bisiestodeveloper.es\/en\/projects\/the-port-of-tarragona-becomes-the-epicenter-of-decarbonization-in-heavy-duty-transportation\/#primaryimage"},"thumbnailUrl":"https:\/\/etecnic.bisiestodeveloper.es\/wp-content\/uploads\/2026\/07\/Blog-WKS-2026-scaled-1.png","datePublished":"2026-07-20T10:14:36+00:00","dateModified":"2026-07-24T10:15:55+00:00","description":"Relive the second edition of the Sustainable Transportation Workshop at the Port of Tarragona. Discover the keys to decarbonization.","breadcrumb":{"@id":"https:\/\/etecnic.bisiestodeveloper.es\/en\/projects\/the-port-of-tarragona-becomes-the-epicenter-of-decarbonization-in-heavy-duty-transportation\/#breadcrumb"},"inLanguage":"en-US","potentialAction":[{"@type":"ReadAction","target":["https:\/\/etecnic.bisiestodeveloper.es\/en\/projects\/the-port-of-tarragona-becomes-the-epicenter-of-decarbonization-in-heavy-duty-transportation\/"]}]},{"@type":"ImageObject","inLanguage":"en-US","@id":"https:\/\/etecnic.bisiestodeveloper.es\/en\/projects\/the-port-of-tarragona-becomes-the-epicenter-of-decarbonization-in-heavy-duty-transportation\/#primaryimage","url":"https:\/\/etecnic.bisiestodeveloper.es\/wp-content\/uploads\/2026\/07\/Blog-WKS-2026-scaled-1.png","contentUrl":"https:\/\/etecnic.bisiestodeveloper.es\/wp-content\/uploads\/2026\/07\/Blog-WKS-2026-scaled-1.png","width":2560,"height":1660},{"@type":"BreadcrumbList","@id":"https:\/\/etecnic.bisiestodeveloper.es\/en\/projects\/the-port-of-tarragona-becomes-the-epicenter-of-decarbonization-in-heavy-duty-transportation\/#breadcrumb","itemListElement":[{"@type":"ListItem","position":1,"name":"Portada","item":"https:\/\/etecnic.bisiestodeveloper.es\/en\/"},{"@type":"ListItem","position":2,"name":"The Port of Tarragona Becomes the Epicenter of Decarbonization in Heavy-Duty Transportation"}]},{"@type":"WebSite","@id":"https:\/\/etecnic.bisiestodeveloper.es\/en\/#website","url":"https:\/\/etecnic.bisiestodeveloper.es\/en\/","name":"Etecnic","description":"","publisher":{"@id":"https:\/\/etecnic.bisiestodeveloper.es\/en\/#organization"},"potentialAction":[{"@type":"SearchAction","target":{"@type":"EntryPoint","urlTemplate":"https:\/\/etecnic.bisiestodeveloper.es\/en\/?s={search_term_string}"},"query-input":{"@type":"PropertyValueSpecification","valueRequired":true,"valueName":"search_term_string"}}],"inLanguage":"en-US"},{"@type":"Organization","@id":"https:\/\/etecnic.bisiestodeveloper.es\/en\/#organization","name":"Etecnic","url":"https:\/\/etecnic.bisiestodeveloper.es\/en\/","logo":{"@type":"ImageObject","inLanguage":"en-US","@id":"https:\/\/etecnic.bisiestodeveloper.es\/en\/#\/schema\/logo\/image\/","url":"https:\/\/etecnic.bisiestodeveloper.es\/wp-content\/uploads\/2025\/06\/logo-etecnic-blanco.png","contentUrl":"https:\/\/etecnic.bisiestodeveloper.es\/wp-content\/uploads\/2025\/06\/logo-etecnic-blanco.png","width":1000,"height":500,"caption":"Etecnic"},"image":{"@id":"https:\/\/etecnic.bisiestodeveloper.es\/en\/#\/schema\/logo\/image\/"}},{"@type":"Person","@id":"https:\/\/etecnic.bisiestodeveloper.es\/en\/#\/schema\/person\/0da7a3465710726a5fa6d735b8a7e686","name":"anna-etecnic","url":"https:\/\/etecnic.bisiestodeveloper.es\/en\/author\/anna-etecnic\/"}]}},"_links":{"self":[{"href":"https:\/\/etecnic.bisiestodeveloper.es\/en\/wp-json\/wp\/v2\/posts\/34787","targetHints":{"allow":["GET"]}}],"collection":[{"href":"https:\/\/etecnic.bisiestodeveloper.es\/en\/wp-json\/wp\/v2\/posts"}],"about":[{"href":"https:\/\/etecnic.bisiestodeveloper.es\/en\/wp-json\/wp\/v2\/types\/post"}],"author":[{"embeddable":true,"href":"https:\/\/etecnic.bisiestodeveloper.es\/en\/wp-json\/wp\/v2\/users\/4"}],"replies":[{"embeddable":true,"href":"https:\/\/etecnic.bisiestodeveloper.es\/en\/wp-json\/wp\/v2\/comments?post=34787"}],"version-history":[{"count":1,"href":"https:\/\/etecnic.bisiestodeveloper.es\/en\/wp-json\/wp\/v2\/posts\/34787\/revisions"}],"predecessor-version":[{"id":34788,"href":"https:\/\/etecnic.bisiestodeveloper.es\/en\/wp-json\/wp\/v2\/posts\/34787\/revisions\/34788"}],"wp:featuredmedia":[{"embeddable":true,"href":"https:\/\/etecnic.bisiestodeveloper.es\/en\/wp-json\/wp\/v2\/media\/34786"}],"wp:attachment":[{"href":"https:\/\/etecnic.bisiestodeveloper.es\/en\/wp-json\/wp\/v2\/media?parent=34787"}],"wp:term":[{"taxonomy":"category","embeddable":true,"href":"https:\/\/etecnic.bisiestodeveloper.es\/en\/wp-json\/wp\/v2\/categories?post=34787"},{"taxonomy":"post_tag","embeddable":true,"href":"https:\/\/etecnic.bisiestodeveloper.es\/en\/wp-json\/wp\/v2\/tags?post=34787"}],"curies":[{"name":"wp","href":"https:\/\/api.w.org\/{rel}","templated":true}]}}