{"id":34663,"date":"2026-07-20T10:12:18","date_gmt":"2026-07-20T10:12:18","guid":{"rendered":"https:\/\/etecnic.bisiestodeveloper.es\/?p=34663"},"modified":"2026-09-03T08:40:11","modified_gmt":"2026-09-03T08:40:11","slug":"etecnic-showcased-its-electric-mobility-solutions-at-mubil-mobility-expo-2026","status":"publish","type":"post","link":"https:\/\/etecnic.bisiestodeveloper.es\/en\/projects\/etecnic-showcased-its-electric-mobility-solutions-at-mubil-mobility-expo-2026\/","title":{"rendered":"Etecnic showcased its electric mobility solutions at MUBIL Mobility Expo 2026"},"content":{"rendered":"\t\t<div data-elementor-type=\"wp-post\" data-elementor-id=\"34663\" class=\"elementor elementor-34663 elementor-34634\" data-elementor-post-type=\"post\">\n\t\t\t\t<div class=\"elementor-element elementor-element-613ac041 e-flex e-con-boxed e-con e-parent\" data-id=\"613ac041\" data-element_type=\"container\" data-settings=\"{&quot;jet_parallax_layout_list&quot;:[]}\">\n\t\t\t\t\t<div class=\"e-con-inner\">\n\t\t\t\t<div class=\"elementor-element elementor-element-60bc20fc elementor-widget elementor-widget-text-editor\" data-id=\"60bc20fc\" data-element_type=\"widget\" data-widget_type=\"text-editor.default\">\n\t\t\t\t<div class=\"elementor-widget-container\">\n\t\t\t\t\t\t\t\t\t<div class=\"fusion-text fusion-text-4\">\n<div class=\"fusion-fullwidth fullwidth-box fusion-builder-row-2 fusion-flex-container nonhundred-percent-fullwidth non-hundred-percent-height-scrolling\">\n<div class=\"fusion-builder-row fusion-row fusion-flex-align-items-flex-start fusion-flex-content-wrap\">\n<div class=\"fusion-layout-column fusion_builder_column fusion-builder-column-1 fusion_builder_column_1_1 1_1 fusion-flex-column\">\n<div class=\"fusion-column-wrapper fusion-column-has-shadow fusion-flex-justify-content-flex-start fusion-content-layout-column\">\n<div class=\"fusion-text fusion-text-3\">\n<p>On March 25 and 26, <strong>FICOBA<\/strong> (Ir\u00fan) hosted a new edition of <a style=\"color: #00a8e8; font-weight: bold; text-decoration: none;\" href=\"https:\/\/www.mubilexpo.eus\/\" target=\"_blank\" rel=\"noopener\">MUBIL Mobility Expo<\/a>, one of the reference events in the field of sustainable mobility.<\/p>\n<p>Etecnic was present to share its vision and continue driving the development of innovative solutions in electric mobility.<\/p>\n<\/div>\n<p><\/div>\n<p><\/div>\n<p><\/div>\n<p><\/div>\n<p><\/div>\n<p><\/p>\n<div class=\"fusion-text fusion-text-2\" style=\"margin-top: 35px;\">\n<h3 class=\"fusion-responsive-typography-calculated\" data-fontsize=\"24\" data-lineheight=\"26.4px\"><b>Etecnic, at the forefront of MUBIL Mobility Expo<\/b><\/h3>\n<p><\/div>\n<p><\/p>\n<div class=\"fusion-text fusion-text-4\">\n<div class=\"fusion-fullwidth fullwidth-box fusion-builder-row-2 fusion-flex-container nonhundred-percent-fullwidth non-hundred-percent-height-scrolling\">\n<div class=\"fusion-builder-row fusion-row fusion-flex-align-items-flex-start fusion-flex-content-wrap\">\n<div class=\"fusion-layout-column fusion_builder_column fusion-builder-column-1 fusion_builder_column_1_1 1_1 fusion-flex-column\">\n<div class=\"fusion-column-wrapper fusion-column-has-shadow fusion-flex-justify-content-flex-start fusion-content-layout-column\">\n<div class=\"fusion-text fusion-text-3\">\n<p>During the two days of the exhibition, <a style=\"color: #00a8e8; font-weight: bold; text-decoration: none;\" href=\"https:\/\/etecnic.es\/\" target=\"_blank\" rel=\"noopener\">Etecnic<\/a> participated in the <strong>MUBIL Mobility Expo<\/strong> space, at stand 3-19 H in hall 3, within the group space of <a style=\"color: #00a8e8; font-weight: bold; text-decoration: none;\" href=\"https:\/\/aedive.es\/\" target=\"_blank\" rel=\"noopener\">AEDIVE<\/a> (Business Association for the Development and Promotion of Electric Mobility).<\/p>\n<p>This environment allowed us to build synergies with other key players in the sector, as well as to share experiences and knowledge with professionals from across the entire electric mobility value chain.<\/p>\n<\/div>\n<p><\/div>\n<p><\/div>\n<p><\/div>\n<p><\/div>\n<p><\/div>\n<p><\/p>\n<div class=\"fusion-text fusion-text-2\" style=\"margin-top: 35px;\">\n<h3 class=\"fusion-responsive-typography-calculated\" data-fontsize=\"24\" data-lineheight=\"26.4px\"><b>Solutions and innovations we presented<\/b><\/h3>\n<p><\/div>\n<p><\/p>\n<div class=\"fusion-text fusion-text-4\">\n<div class=\"fusion-fullwidth fullwidth-box fusion-builder-row-2 fusion-flex-container nonhundred-percent-fullwidth non-hundred-percent-height-scrolling\">\n<div class=\"fusion-builder-row fusion-row fusion-flex-align-items-flex-start fusion-flex-content-wrap\">\n<div class=\"fusion-layout-column fusion_builder_column fusion-builder-column-1 fusion_builder_column_1_1 1_1 fusion-flex-column\">\n<div class=\"fusion-column-wrapper fusion-column-has-shadow fusion-flex-justify-content-flex-start fusion-content-layout-column\">\n<div class=\"fusion-text fusion-text-3\">\n<p>At our stand, we demonstrated how <a style=\"color: #00a8e8; font-weight: bold; text-decoration: none;\" href=\"https:\/\/evcharge.com\/\" target=\"_blank\" rel=\"noopener\">EVcharge<\/a> enables operators, companies, and public administrations to efficiently manage and scale their charging networks, keeping them connected and ready for growth.<\/p>\n<p>During the event, we presented some of our most prominent solutions, such as the <a style=\"color: #00a8e8; font-weight: bold; text-decoration: none;\" href=\"https:\/\/evcharge.com\/\" target=\"_blank\" rel=\"noopener\">EVcharge Payment Totem<\/a>, which simplifies access to charging through direct card payment, improving the end-user experience.<\/p>\n<p>We also shared key features like <a style=\"color: #00a8e8; font-weight: bold; text-decoration: none;\" href=\"https:\/\/evcharge.com\/\" target=\"_blank\" rel=\"noopener\">Smart Pricing<\/a>, which adapts charging rates based on variables such as energy cost or demand, and <strong>EV Energy<\/strong>, designed to optimize the energy management of the infrastructures.<\/p>\n<p>In addition, we introduced the latest updates to <strong>EVcharge Manager<\/strong>, featuring improvements focused on a more agile, intuitive, and efficient management of charging points.<\/p>\n<p>Finally, we shared our comprehensive <strong>Etecnic360<\/strong> proposal, a turnkey solution covering all phases of a project: from the initial study and design to the installation, legal certification, and maintenance of the infrastructure.<\/p>\n<\/div>\n<p><\/div>\n<p><\/div>\n<p><\/div>\n<p><\/div>\n<p><\/div>\n\t\t\t\t\t\t\t\t<\/div>\n\t\t\t\t<\/div>\n\t\t\t\t\t<\/div>\n\t\t\t\t<\/div>\n\t\t<div class=\"elementor-element elementor-element-c48c002 e-flex e-con-boxed e-con e-parent\" data-id=\"c48c002\" data-element_type=\"container\" data-settings=\"{&quot;jet_parallax_layout_list&quot;:[]}\">\n\t\t\t\t\t<div class=\"e-con-inner\">\n\t\t\t\t<div class=\"elementor-element elementor-element-4dddde1 elementor-widget__width-initial elementor-widget elementor-widget-text-editor\" data-id=\"4dddde1\" data-element_type=\"widget\" data-widget_type=\"text-editor.default\">\n\t\t\t\t<div class=\"elementor-widget-container\">\n\t\t\t\t\t\t\t\t\t<div class=\"fusion-text fusion-text-2\" style=\"margin-top: 35px;\">\n<h3 class=\"fusion-responsive-typography-calculated\" data-fontsize=\"24\" data-lineheight=\"26.4px\"><b>Soluciones e innovaciones que presentamos<\/b><\/h3>\n<\/div>\n<div class=\"fusion-text fusion-text-4\">\n<div class=\"fusion-fullwidth fullwidth-box fusion-builder-row-2 fusion-flex-container nonhundred-percent-fullwidth non-hundred-percent-height-scrolling\">\n<div class=\"fusion-builder-row fusion-row fusion-flex-align-items-flex-start fusion-flex-content-wrap\">\n<div class=\"fusion-layout-column fusion_builder_column fusion-builder-column-1 fusion_builder_column_1_1 1_1 fusion-flex-column\">\n<div class=\"fusion-column-wrapper fusion-column-has-shadow fusion-flex-justify-content-flex-start fusion-content-layout-column\">\n<div class=\"fusion-text fusion-text-3\">\n<p>En el stand, mostramos c\u00f3mo <a style=\"color: #00a8e8; font-weight: bold; text-decoration: none;\" href=\"https:\/\/evcharge.com\/\" target=\"_blank\" rel=\"noopener\">EVcharge<\/a> permite a operadores, empresas y administraciones gestionar y escalar sus redes de recarga de forma eficiente, conectada y preparada para el crecimiento.<\/p>\n<p>Durante la feria, presentamos algunas de nuestras soluciones m\u00e1s destacadas, como el <a style=\"color: #00a8e8; font-weight: bold; text-decoration: none;\" href=\"https:\/\/evcharge.com\/\" target=\"_blank\" rel=\"noopener\">T\u00f3tem de pago de EVcharge<\/a>, que facilita el acceso a la recarga mediante pago directo con tarjeta, mejorando la experiencia del usuario final.<\/p>\n<\/div>\n<\/div>\n<\/div>\n<\/div>\n<\/div>\n<\/div>\n\t\t\t\t\t\t\t\t<\/div>\n\t\t\t\t<\/div>\n\t\t\t\t<div class=\"elementor-element elementor-element-343fc16 elementor-widget elementor-widget-video\" data-id=\"343fc16\" data-element_type=\"widget\" data-settings=\"{&quot;video_type&quot;:&quot;hosted&quot;,&quot;controls&quot;:&quot;yes&quot;}\" data-widget_type=\"video.default\">\n\t\t\t\t<div class=\"elementor-widget-container\">\n\t\t\t\t\t\t\t<div class=\"e-hosted-video elementor-wrapper elementor-open-inline\">\n\t\t\t\t\t<video class=\"elementor-video\" src=\"https:\/\/etecnic.bisiestodeveloper.es\/wp-content\/uploads\/2026\/07\/copy_34F11141-3527-4A1C-93CC-686603E9929F.mov\" controls=\"\" preload=\"metadata\" controlsList=\"nodownload\"><\/video>\n\t\t\t\t<\/div>\n\t\t\t\t\t\t<\/div>\n\t\t\t\t<\/div>\n\t\t\t\t\t<\/div>\n\t\t\t\t<\/div>\n\t\t<div class=\"elementor-element elementor-element-50ecf51 e-flex e-con-boxed e-con e-parent\" data-id=\"50ecf51\" data-element_type=\"container\" data-settings=\"{&quot;jet_parallax_layout_list&quot;:[]}\">\n\t\t\t\t\t<div class=\"e-con-inner\">\n\t\t\t\t<div class=\"elementor-element elementor-element-d42dfb9 elementor-widget elementor-widget-text-editor\" data-id=\"d42dfb9\" data-element_type=\"widget\" data-widget_type=\"text-editor.default\">\n\t\t\t\t<div class=\"elementor-widget-container\">\n\t\t\t\t\t\t\t\t\t<div style=\"margin-top: 35px;\">\n<div>\n<div>\n<div>\n<div>\n<div>\n<div>\n<p style=\"margin: 0px 0px 21.2px; margin-block: 0px 30px;\">Tambi\u00e9n compartimos funcionalidades clave como <a style=\"color: #00a8e8; text-decoration: none; margin-top: 0px; font-weight: bold;\" href=\"https:\/\/evcharge.com\/\" target=\"_blank\" rel=\"noopener\">Smart Pricing<\/a>, que permite adaptar las tarifas de recarga en funci\u00f3n de variables como el coste de la energ\u00eda o la demanda, y <span style=\"font-weight: bolder;\">EV Energy<\/span>, orientado a optimizar la gesti\u00f3n energ\u00e9tica de las infraestructuras.<\/p>\n<p style=\"margin: 21.2px 0px; margin-block: 0px 30px;\">Adem\u00e1s, dimos a conocer las \u00faltimas novedades de <span style=\"font-weight: bolder;\">EVcharge Manager<\/span>, con mejoras enfocadas a una gesti\u00f3n m\u00e1s \u00e1gil, intuitiva y eficiente de los puntos de recarga.<\/p>\n<p style=\"margin: 21.2px 0px; margin-block: 0px 30px;\">Por \u00faltimo, compartimos nuestra propuesta integral <span style=\"font-weight: bolder;\">Etecnic360<\/span>, una soluci\u00f3n llave en mano que cubre todas las fases del proyecto: desde el estudio inicial y el dise\u00f1o, hasta la instalaci\u00f3n, legalizaci\u00f3n y mantenimiento de la infraestructura.<\/p>\n<\/div>\n<\/div>\n<\/div>\n<\/div>\n<\/div>\n<\/div>\n<h3 style=\"color: #03176e; font-size: 28.1px; margin-top: 60px; margin-bottom: 30px;\" data-fontsize=\"24\" data-lineheight=\"26.4px\">Sobre MUBIL Mobility Expo<\/h3>\n<\/div>\n<div>\n<div>\n<div>\n<div>\n<div>\n<div>\n<p style=\"margin: 0px 0px 21.2px; margin-block: 0px 30px;\"><a style=\"color: #00a8e8; text-decoration: none; font-weight: bold;\" href=\"https:\/\/www.mubilexpo.eus\/\" target=\"_blank\" rel=\"noopener\">MUBIL Mobility Expo<\/a> se consolida como un punto de encuentro clave para empresas, administraciones y profesionales comprometidos con la movilidad sostenible.<\/p>\n<p style=\"margin: 21.2px 0px; margin-block: 0px 30px;\">El evento re\u00fane a los principales actores del sector para abordar los retos actuales y futuros de la electrificaci\u00f3n del transporte, la innovaci\u00f3n tecnol\u00f3gica y el desarrollo de infraestructuras.<\/p>\n<\/div>\n<\/div>\n<\/div>\n<\/div>\n<\/div>\n<\/div>\n<div style=\"margin-top: 35px;\">\n<h3 style=\"color: #03176e; font-size: 28.1px; margin-bottom: 30px;\" data-fontsize=\"24\" data-lineheight=\"26.4px\">Gracias por acompa\u00f1arnos<\/h3>\n<\/div>\n<div>\n<div>\n<div>\n<div>\n<div>\n<div>\n<p style=\"margin: 0px 0px 21.2px; margin-block: 0px 30px;\">Queremos agradecer a todas las personas y profesionales que se acercaron a nuestro stand durante MUBIL Mobility Expo.<\/p>\n<p style=\"margin: 21.2px 0px; margin-block: 0px 30px;\">Fue un placer compartir estos d\u00edas, intercambiar impresiones y seguir construyendo, juntos, el futuro de la movilidad el\u00e9ctrica.<\/p>\n<p style=\"margin: 21.2px 0px; margin-block: 0px 30px;\">\u00a1Gracias por hacerlo posible!<\/p>\n<p style=\"margin: 21.2px 0px; margin-block: 0px 30px;\">Para m\u00e1s informaci\u00f3n, <a style=\"color: #00a8e8; text-decoration: none; font-weight: bold;\" href=\"https:\/\/etecnic.es\/contacto\/\" target=\"_blank\" rel=\"noopener\">contacta con nosotros<\/a>.<\/p>\n<\/div>\n<\/div>\n<\/div>\n<\/div>\n<\/div>\n<\/div>\n\t\t\t\t\t\t\t\t<\/div>\n\t\t\t\t<\/div>\n\t\t\t\t\t<\/div>\n\t\t\t\t<\/div>\n\t\t<div class=\"elementor-element elementor-element-3a5bd76 e-flex e-con-boxed e-con e-parent\" data-id=\"3a5bd76\" data-element_type=\"container\" data-settings=\"{&quot;jet_parallax_layout_list&quot;:[]}\">\n\t\t\t\t\t<div class=\"e-con-inner\">\n\t\t\t\t<div class=\"elementor-element elementor-element-764e5d4 elementor-widget elementor-widget-gallery\" data-id=\"764e5d4\" data-element_type=\"widget\" data-settings=\"{&quot;columns&quot;:3,&quot;lazyload&quot;:&quot;yes&quot;,&quot;gallery_layout&quot;:&quot;grid&quot;,&quot;columns_tablet&quot;:2,&quot;columns_mobile&quot;:1,&quot;gap&quot;:{&quot;unit&quot;:&quot;px&quot;,&quot;size&quot;:10,&quot;sizes&quot;:[]},&quot;gap_tablet&quot;:{&quot;unit&quot;:&quot;px&quot;,&quot;size&quot;:10,&quot;sizes&quot;:[]},&quot;gap_mobile&quot;:{&quot;unit&quot;:&quot;px&quot;,&quot;size&quot;:10,&quot;sizes&quot;:[]},&quot;link_to&quot;:&quot;file&quot;,&quot;aspect_ratio&quot;:&quot;3:2&quot;,&quot;overlay_background&quot;:&quot;yes&quot;,&quot;content_hover_animation&quot;:&quot;fade-in&quot;}\" data-widget_type=\"gallery.default\">\n\t\t\t\t<div class=\"elementor-widget-container\">\n\t\t\t\t\t\t\t<div class=\"elementor-gallery__container\">\n\t\t\t\t\t\t\t<a class=\"e-gallery-item elementor-gallery-item elementor-animated-content\" href=\"https:\/\/etecnic.bisiestodeveloper.es\/wp-content\/uploads\/2026\/07\/WhatsApp-Image-2026-03-30-at-12.08.26-scaled-1.jpeg\" data-elementor-open-lightbox=\"yes\" data-elementor-lightbox-slideshow=\"764e5d4\" data-elementor-lightbox-title=\"WhatsApp-Image-2026-03-30-at-12.08.26-scaled\" data-e-action-hash=\"#elementor-action%3Aaction%3Dlightbox%26settings%3DeyJpZCI6MzQ2NTYsInVybCI6Imh0dHBzOlwvXC9ldGVjbmljLmJpc2llc3RvZGV2ZWxvcGVyLmVzXC93cC1jb250ZW50XC91cGxvYWRzXC8yMDI2XC8wN1wvV2hhdHNBcHAtSW1hZ2UtMjAyNi0wMy0zMC1hdC0xMi4wOC4yNi1zY2FsZWQtMS5qcGVnIiwic2xpZGVzaG93IjoiNzY0ZTVkNCJ9\">\n\t\t\t\t\t<div class=\"e-gallery-image elementor-gallery-item__image\" data-thumbnail=\"https:\/\/etecnic.bisiestodeveloper.es\/wp-content\/uploads\/2026\/07\/WhatsApp-Image-2026-03-30-at-12.08.26-scaled-1-700x525.jpeg\" data-width=\"700\" data-height=\"525\" aria-label=\"\" role=\"img\" ><\/div>\n\t\t\t\t\t\t\t\t\t\t\t<div class=\"elementor-gallery-item__overlay\"><\/div>\n\t\t\t\t\t\t\t\t\t\t\t\t\t\t<\/a>\n\t\t\t\t\t\t\t<a class=\"e-gallery-item elementor-gallery-item elementor-animated-content\" href=\"https:\/\/etecnic.bisiestodeveloper.es\/wp-content\/uploads\/2026\/07\/image00006.jpeg\" data-elementor-open-lightbox=\"yes\" data-elementor-lightbox-slideshow=\"764e5d4\" data-elementor-lightbox-title=\"Screenshot\" data-e-action-hash=\"#elementor-action%3Aaction%3Dlightbox%26settings%3DeyJpZCI6MzQ2NTcsInVybCI6Imh0dHBzOlwvXC9ldGVjbmljLmJpc2llc3RvZGV2ZWxvcGVyLmVzXC93cC1jb250ZW50XC91cGxvYWRzXC8yMDI2XC8wN1wvaW1hZ2UwMDAwNi5qcGVnIiwic2xpZGVzaG93IjoiNzY0ZTVkNCJ9\">\n\t\t\t\t\t<div class=\"e-gallery-image elementor-gallery-item__image\" data-thumbnail=\"https:\/\/etecnic.bisiestodeveloper.es\/wp-content\/uploads\/2026\/07\/image00006-700x525.jpeg\" data-width=\"700\" data-height=\"525\" aria-label=\"\" role=\"img\" ><\/div>\n\t\t\t\t\t\t\t\t\t\t\t<div class=\"elementor-gallery-item__overlay\"><\/div>\n\t\t\t\t\t\t\t\t\t\t\t\t\t\t<\/a>\n\t\t\t\t\t\t\t<a class=\"e-gallery-item elementor-gallery-item elementor-animated-content\" href=\"https:\/\/etecnic.bisiestodeveloper.es\/wp-content\/uploads\/2026\/07\/image00004-1.jpeg\" data-elementor-open-lightbox=\"yes\" data-elementor-lightbox-slideshow=\"764e5d4\" data-elementor-lightbox-title=\"Screenshot\" data-e-action-hash=\"#elementor-action%3Aaction%3Dlightbox%26settings%3DeyJpZCI6MzQ2NTgsInVybCI6Imh0dHBzOlwvXC9ldGVjbmljLmJpc2llc3RvZGV2ZWxvcGVyLmVzXC93cC1jb250ZW50XC91cGxvYWRzXC8yMDI2XC8wN1wvaW1hZ2UwMDAwNC0xLmpwZWciLCJzbGlkZXNob3ciOiI3NjRlNWQ0In0%3D\">\n\t\t\t\t\t<div class=\"e-gallery-image elementor-gallery-item__image\" data-thumbnail=\"https:\/\/etecnic.bisiestodeveloper.es\/wp-content\/uploads\/2026\/07\/image00004-1-700x525.jpeg\" data-width=\"700\" data-height=\"525\" aria-label=\"\" role=\"img\" ><\/div>\n\t\t\t\t\t\t\t\t\t\t\t<div class=\"elementor-gallery-item__overlay\"><\/div>\n\t\t\t\t\t\t\t\t\t\t\t\t\t\t<\/a>\n\t\t\t\t\t\t\t<a class=\"e-gallery-item elementor-gallery-item elementor-animated-content\" href=\"https:\/\/etecnic.bisiestodeveloper.es\/wp-content\/uploads\/2026\/07\/image00001-2.jpeg\" data-elementor-open-lightbox=\"yes\" data-elementor-lightbox-slideshow=\"764e5d4\" data-elementor-lightbox-title=\"Screenshot\" data-e-action-hash=\"#elementor-action%3Aaction%3Dlightbox%26settings%3DeyJpZCI6MzQ2NTksInVybCI6Imh0dHBzOlwvXC9ldGVjbmljLmJpc2llc3RvZGV2ZWxvcGVyLmVzXC93cC1jb250ZW50XC91cGxvYWRzXC8yMDI2XC8wN1wvaW1hZ2UwMDAwMS0yLmpwZWciLCJzbGlkZXNob3ciOiI3NjRlNWQ0In0%3D\">\n\t\t\t\t\t<div class=\"e-gallery-image elementor-gallery-item__image\" data-thumbnail=\"https:\/\/etecnic.bisiestodeveloper.es\/wp-content\/uploads\/2026\/07\/image00001-2-700x525.jpeg\" data-width=\"700\" data-height=\"525\" aria-label=\"\" role=\"img\" ><\/div>\n\t\t\t\t\t\t\t\t\t\t\t<div class=\"elementor-gallery-item__overlay\"><\/div>\n\t\t\t\t\t\t\t\t\t\t\t\t\t\t<\/a>\n\t\t\t\t\t\t\t<a class=\"e-gallery-item elementor-gallery-item elementor-animated-content\" href=\"https:\/\/etecnic.bisiestodeveloper.es\/wp-content\/uploads\/2026\/07\/image00002-1.jpeg\" data-elementor-open-lightbox=\"yes\" data-elementor-lightbox-slideshow=\"764e5d4\" data-elementor-lightbox-title=\"Screenshot\" data-e-action-hash=\"#elementor-action%3Aaction%3Dlightbox%26settings%3DeyJpZCI6MzQ2NjAsInVybCI6Imh0dHBzOlwvXC9ldGVjbmljLmJpc2llc3RvZGV2ZWxvcGVyLmVzXC93cC1jb250ZW50XC91cGxvYWRzXC8yMDI2XC8wN1wvaW1hZ2UwMDAwMi0xLmpwZWciLCJzbGlkZXNob3ciOiI3NjRlNWQ0In0%3D\">\n\t\t\t\t\t<div class=\"e-gallery-image elementor-gallery-item__image\" data-thumbnail=\"https:\/\/etecnic.bisiestodeveloper.es\/wp-content\/uploads\/2026\/07\/image00002-1-700x525.jpeg\" data-width=\"700\" data-height=\"525\" aria-label=\"\" role=\"img\" ><\/div>\n\t\t\t\t\t\t\t\t\t\t\t<div class=\"elementor-gallery-item__overlay\"><\/div>\n\t\t\t\t\t\t\t\t\t\t\t\t\t\t<\/a>\n\t\t\t\t\t\t\t<a class=\"e-gallery-item elementor-gallery-item elementor-animated-content\" href=\"https:\/\/etecnic.bisiestodeveloper.es\/wp-content\/uploads\/2026\/07\/WhatsApp-Image-2026-03-30-at-11.04.36.jpeg\" data-elementor-open-lightbox=\"yes\" data-elementor-lightbox-slideshow=\"764e5d4\" data-elementor-lightbox-title=\"WhatsApp-Image-2026-03-30-at-11.04.36\" data-e-action-hash=\"#elementor-action%3Aaction%3Dlightbox%26settings%3DeyJpZCI6MzQ2NjEsInVybCI6Imh0dHBzOlwvXC9ldGVjbmljLmJpc2llc3RvZGV2ZWxvcGVyLmVzXC93cC1jb250ZW50XC91cGxvYWRzXC8yMDI2XC8wN1wvV2hhdHNBcHAtSW1hZ2UtMjAyNi0wMy0zMC1hdC0xMS4wNC4zNi5qcGVnIiwic2xpZGVzaG93IjoiNzY0ZTVkNCJ9\">\n\t\t\t\t\t<div class=\"e-gallery-image elementor-gallery-item__image\" data-thumbnail=\"https:\/\/etecnic.bisiestodeveloper.es\/wp-content\/uploads\/2026\/07\/WhatsApp-Image-2026-03-30-at-11.04.36-700x525.jpeg\" data-width=\"700\" data-height=\"525\" aria-label=\"\" role=\"img\" ><\/div>\n\t\t\t\t\t\t\t\t\t\t\t<div class=\"elementor-gallery-item__overlay\"><\/div>\n\t\t\t\t\t\t\t\t\t\t\t\t\t\t<\/a>\n\t\t\t\t\t<\/div>\n\t\t\t\t\t<\/div>\n\t\t\t\t<\/div>\n\t\t\t\t\t<\/div>\n\t\t\t\t<\/div>\n\t\t\t\t<\/div>\n\t\t","protected":false},"excerpt":{"rendered":"<p>On March 25 and 26, FICOBA (Ir\u00fan) hosted a new edition of MUBIL Mobility Expo, one of the reference events in the field of sustainable mobility. Etecnic was present to share its vision and continue driving the development of innovative solutions in electric mobility. Etecnic, at the forefront of MUBIL Mobility Expo During the two [&hellip;]<\/p>\n","protected":false},"author":4,"featured_media":34662,"comment_status":"closed","ping_status":"closed","sticky":false,"template":"","format":"standard","meta":{"footnotes":""},"categories":[648,649,647,643],"tags":[],"class_list":["post-34663","post","type-post","status-publish","format-standard","has-post-thumbnail","hentry","category-evcharge","category-event","category-projects","category-sectors"],"yoast_head":"<!-- This site is optimized with the Yoast SEO plugin v26.5 - https:\/\/yoast.com\/wordpress\/plugins\/seo\/ -->\n<title>Etecnic at MUBIL Mobility Expo | Electric Mobility in Ir\u00fan<\/title>\n<meta name=\"description\" content=\"Etecnic participated in the MUBIL Mobility Expo in Ir\u00fan, showcasing its solutions for managing electric vehicle charging networks.\" \/>\n<meta name=\"robots\" content=\"noindex, follow, max-snippet:-1, max-image-preview:large, max-video-preview:-1\" \/>\n<meta property=\"og:locale\" content=\"en_US\" \/>\n<meta property=\"og:type\" content=\"article\" \/>\n<meta property=\"og:title\" content=\"Etecnic at MUBIL Mobility Expo | Electric Mobility in Ir\u00fan\" \/>\n<meta property=\"og:description\" content=\"Etecnic participated in the MUBIL Mobility Expo in Ir\u00fan, showcasing its solutions for managing electric vehicle charging networks.\" \/>\n<meta property=\"og:url\" content=\"https:\/\/etecnic.bisiestodeveloper.es\/en\/projects\/etecnic-showcased-its-electric-mobility-solutions-at-mubil-mobility-expo-2026\/\" \/>\n<meta property=\"og:site_name\" content=\"Etecnic\" \/>\n<meta property=\"article:published_time\" content=\"2026-07-20T10:12:18+00:00\" \/>\n<meta property=\"article:modified_time\" content=\"2026-09-03T08:40:11+00:00\" \/>\n<meta property=\"og:image\" content=\"https:\/\/etecnic.bisiestodeveloper.es\/wp-content\/uploads\/2026\/07\/Blog-MUBIL-2026-700x454.png\" \/>\n<meta name=\"author\" content=\"anna-etecnic\" \/>\n<meta name=\"twitter:card\" content=\"summary_large_image\" \/>\n<meta name=\"twitter:label1\" content=\"Written by\" \/>\n\t<meta name=\"twitter:data1\" content=\"anna-etecnic\" \/>\n\t<meta name=\"twitter:label2\" content=\"Est. reading time\" \/>\n\t<meta name=\"twitter:data2\" content=\"3 minutes\" \/>\n<script type=\"application\/ld+json\" class=\"yoast-schema-graph\">{\"@context\":\"https:\/\/schema.org\",\"@graph\":[{\"@type\":\"Article\",\"@id\":\"https:\/\/etecnic.bisiestodeveloper.es\/en\/projects\/etecnic-showcased-its-electric-mobility-solutions-at-mubil-mobility-expo-2026\/#article\",\"isPartOf\":{\"@id\":\"https:\/\/etecnic.bisiestodeveloper.es\/en\/projects\/etecnic-showcased-its-electric-mobility-solutions-at-mubil-mobility-expo-2026\/\"},\"author\":{\"name\":\"anna-etecnic\",\"@id\":\"https:\/\/etecnic.bisiestodeveloper.es\/en\/#\/schema\/person\/0da7a3465710726a5fa6d735b8a7e686\"},\"headline\":\"Etecnic showcased its electric mobility solutions at MUBIL Mobility Expo 2026\",\"datePublished\":\"2026-07-20T10:12:18+00:00\",\"dateModified\":\"2026-09-03T08:40:11+00:00\",\"mainEntityOfPage\":{\"@id\":\"https:\/\/etecnic.bisiestodeveloper.es\/en\/projects\/etecnic-showcased-its-electric-mobility-solutions-at-mubil-mobility-expo-2026\/\"},\"wordCount\":593,\"publisher\":{\"@id\":\"https:\/\/etecnic.bisiestodeveloper.es\/en\/#organization\"},\"image\":{\"@id\":\"https:\/\/etecnic.bisiestodeveloper.es\/en\/projects\/etecnic-showcased-its-electric-mobility-solutions-at-mubil-mobility-expo-2026\/#primaryimage\"},\"thumbnailUrl\":\"https:\/\/etecnic.bisiestodeveloper.es\/wp-content\/uploads\/2026\/07\/Blog-MUBIL-2026.png\",\"articleSection\":[\"EVcharge\",\"Event\",\"Projects\",\"Sectors\"],\"inLanguage\":\"en-US\"},{\"@type\":\"WebPage\",\"@id\":\"https:\/\/etecnic.bisiestodeveloper.es\/en\/projects\/etecnic-showcased-its-electric-mobility-solutions-at-mubil-mobility-expo-2026\/\",\"url\":\"https:\/\/etecnic.bisiestodeveloper.es\/en\/projects\/etecnic-showcased-its-electric-mobility-solutions-at-mubil-mobility-expo-2026\/\",\"name\":\"Etecnic at MUBIL Mobility Expo | Electric Mobility in Ir\u00fan\",\"isPartOf\":{\"@id\":\"https:\/\/etecnic.bisiestodeveloper.es\/en\/#website\"},\"primaryImageOfPage\":{\"@id\":\"https:\/\/etecnic.bisiestodeveloper.es\/en\/projects\/etecnic-showcased-its-electric-mobility-solutions-at-mubil-mobility-expo-2026\/#primaryimage\"},\"image\":{\"@id\":\"https:\/\/etecnic.bisiestodeveloper.es\/en\/projects\/etecnic-showcased-its-electric-mobility-solutions-at-mubil-mobility-expo-2026\/#primaryimage\"},\"thumbnailUrl\":\"https:\/\/etecnic.bisiestodeveloper.es\/wp-content\/uploads\/2026\/07\/Blog-MUBIL-2026.png\",\"datePublished\":\"2026-07-20T10:12:18+00:00\",\"dateModified\":\"2026-09-03T08:40:11+00:00\",\"description\":\"Etecnic participated in the MUBIL Mobility Expo in Ir\u00fan, showcasing its solutions for managing electric vehicle charging networks.\",\"breadcrumb\":{\"@id\":\"https:\/\/etecnic.bisiestodeveloper.es\/en\/projects\/etecnic-showcased-its-electric-mobility-solutions-at-mubil-mobility-expo-2026\/#breadcrumb\"},\"inLanguage\":\"en-US\",\"potentialAction\":[{\"@type\":\"ReadAction\",\"target\":[\"https:\/\/etecnic.bisiestodeveloper.es\/en\/projects\/etecnic-showcased-its-electric-mobility-solutions-at-mubil-mobility-expo-2026\/\"]}]},{\"@type\":\"ImageObject\",\"inLanguage\":\"en-US\",\"@id\":\"https:\/\/etecnic.bisiestodeveloper.es\/en\/projects\/etecnic-showcased-its-electric-mobility-solutions-at-mubil-mobility-expo-2026\/#primaryimage\",\"url\":\"https:\/\/etecnic.bisiestodeveloper.es\/wp-content\/uploads\/2026\/07\/Blog-MUBIL-2026.png\",\"contentUrl\":\"https:\/\/etecnic.bisiestodeveloper.es\/wp-content\/uploads\/2026\/07\/Blog-MUBIL-2026.png\",\"width\":2220,\"height\":1440},{\"@type\":\"BreadcrumbList\",\"@id\":\"https:\/\/etecnic.bisiestodeveloper.es\/en\/projects\/etecnic-showcased-its-electric-mobility-solutions-at-mubil-mobility-expo-2026\/#breadcrumb\",\"itemListElement\":[{\"@type\":\"ListItem\",\"position\":1,\"name\":\"Portada\",\"item\":\"https:\/\/etecnic.bisiestodeveloper.es\/en\/\"},{\"@type\":\"ListItem\",\"position\":2,\"name\":\"Etecnic showcased its electric mobility solutions at MUBIL Mobility Expo 2026\"}]},{\"@type\":\"WebSite\",\"@id\":\"https:\/\/etecnic.bisiestodeveloper.es\/en\/#website\",\"url\":\"https:\/\/etecnic.bisiestodeveloper.es\/en\/\",\"name\":\"Etecnic\",\"description\":\"\",\"publisher\":{\"@id\":\"https:\/\/etecnic.bisiestodeveloper.es\/en\/#organization\"},\"potentialAction\":[{\"@type\":\"SearchAction\",\"target\":{\"@type\":\"EntryPoint\",\"urlTemplate\":\"https:\/\/etecnic.bisiestodeveloper.es\/en\/?s={search_term_string}\"},\"query-input\":{\"@type\":\"PropertyValueSpecification\",\"valueRequired\":true,\"valueName\":\"search_term_string\"}}],\"inLanguage\":\"en-US\"},{\"@type\":\"Organization\",\"@id\":\"https:\/\/etecnic.bisiestodeveloper.es\/en\/#organization\",\"name\":\"Etecnic\",\"url\":\"https:\/\/etecnic.bisiestodeveloper.es\/en\/\",\"logo\":{\"@type\":\"ImageObject\",\"inLanguage\":\"en-US\",\"@id\":\"https:\/\/etecnic.bisiestodeveloper.es\/en\/#\/schema\/logo\/image\/\",\"url\":\"https:\/\/etecnic.bisiestodeveloper.es\/wp-content\/uploads\/2025\/06\/logo-etecnic-blanco.png\",\"contentUrl\":\"https:\/\/etecnic.bisiestodeveloper.es\/wp-content\/uploads\/2025\/06\/logo-etecnic-blanco.png\",\"width\":1000,\"height\":500,\"caption\":\"Etecnic\"},\"image\":{\"@id\":\"https:\/\/etecnic.bisiestodeveloper.es\/en\/#\/schema\/logo\/image\/\"}},{\"@type\":\"Person\",\"@id\":\"https:\/\/etecnic.bisiestodeveloper.es\/en\/#\/schema\/person\/0da7a3465710726a5fa6d735b8a7e686\",\"name\":\"anna-etecnic\",\"url\":\"https:\/\/etecnic.bisiestodeveloper.es\/en\/author\/anna-etecnic\/\"}]}<\/script>\n<!-- \/ Yoast SEO plugin. -->","yoast_head_json":{"title":"Etecnic at MUBIL Mobility Expo | Electric Mobility in Ir\u00fan","description":"Etecnic participated in the MUBIL Mobility Expo in Ir\u00fan, showcasing its solutions for managing electric vehicle charging networks.","robots":{"index":"noindex","follow":"follow","max-snippet":"max-snippet:-1","max-image-preview":"max-image-preview:large","max-video-preview":"max-video-preview:-1"},"og_locale":"en_US","og_type":"article","og_title":"Etecnic at MUBIL Mobility Expo | Electric Mobility in Ir\u00fan","og_description":"Etecnic participated in the MUBIL Mobility Expo in Ir\u00fan, showcasing its solutions for managing electric vehicle charging networks.","og_url":"https:\/\/etecnic.bisiestodeveloper.es\/en\/projects\/etecnic-showcased-its-electric-mobility-solutions-at-mubil-mobility-expo-2026\/","og_site_name":"Etecnic","article_published_time":"2026-07-20T10:12:18+00:00","article_modified_time":"2026-09-03T08:40:11+00:00","og_image":[{"url":"https:\/\/etecnic.bisiestodeveloper.es\/wp-content\/uploads\/2026\/07\/Blog-MUBIL-2026-700x454.png","type":"","width":"","height":""}],"author":"anna-etecnic","twitter_card":"summary_large_image","twitter_misc":{"Written by":"anna-etecnic","Est. reading time":"3 minutes"},"schema":{"@context":"https:\/\/schema.org","@graph":[{"@type":"Article","@id":"https:\/\/etecnic.bisiestodeveloper.es\/en\/projects\/etecnic-showcased-its-electric-mobility-solutions-at-mubil-mobility-expo-2026\/#article","isPartOf":{"@id":"https:\/\/etecnic.bisiestodeveloper.es\/en\/projects\/etecnic-showcased-its-electric-mobility-solutions-at-mubil-mobility-expo-2026\/"},"author":{"name":"anna-etecnic","@id":"https:\/\/etecnic.bisiestodeveloper.es\/en\/#\/schema\/person\/0da7a3465710726a5fa6d735b8a7e686"},"headline":"Etecnic showcased its electric mobility solutions at MUBIL Mobility Expo 2026","datePublished":"2026-07-20T10:12:18+00:00","dateModified":"2026-09-03T08:40:11+00:00","mainEntityOfPage":{"@id":"https:\/\/etecnic.bisiestodeveloper.es\/en\/projects\/etecnic-showcased-its-electric-mobility-solutions-at-mubil-mobility-expo-2026\/"},"wordCount":593,"publisher":{"@id":"https:\/\/etecnic.bisiestodeveloper.es\/en\/#organization"},"image":{"@id":"https:\/\/etecnic.bisiestodeveloper.es\/en\/projects\/etecnic-showcased-its-electric-mobility-solutions-at-mubil-mobility-expo-2026\/#primaryimage"},"thumbnailUrl":"https:\/\/etecnic.bisiestodeveloper.es\/wp-content\/uploads\/2026\/07\/Blog-MUBIL-2026.png","articleSection":["EVcharge","Event","Projects","Sectors"],"inLanguage":"en-US"},{"@type":"WebPage","@id":"https:\/\/etecnic.bisiestodeveloper.es\/en\/projects\/etecnic-showcased-its-electric-mobility-solutions-at-mubil-mobility-expo-2026\/","url":"https:\/\/etecnic.bisiestodeveloper.es\/en\/projects\/etecnic-showcased-its-electric-mobility-solutions-at-mubil-mobility-expo-2026\/","name":"Etecnic at MUBIL Mobility Expo | Electric Mobility in Ir\u00fan","isPartOf":{"@id":"https:\/\/etecnic.bisiestodeveloper.es\/en\/#website"},"primaryImageOfPage":{"@id":"https:\/\/etecnic.bisiestodeveloper.es\/en\/projects\/etecnic-showcased-its-electric-mobility-solutions-at-mubil-mobility-expo-2026\/#primaryimage"},"image":{"@id":"https:\/\/etecnic.bisiestodeveloper.es\/en\/projects\/etecnic-showcased-its-electric-mobility-solutions-at-mubil-mobility-expo-2026\/#primaryimage"},"thumbnailUrl":"https:\/\/etecnic.bisiestodeveloper.es\/wp-content\/uploads\/2026\/07\/Blog-MUBIL-2026.png","datePublished":"2026-07-20T10:12:18+00:00","dateModified":"2026-09-03T08:40:11+00:00","description":"Etecnic participated in the MUBIL Mobility Expo in Ir\u00fan, showcasing its solutions for managing electric vehicle charging networks.","breadcrumb":{"@id":"https:\/\/etecnic.bisiestodeveloper.es\/en\/projects\/etecnic-showcased-its-electric-mobility-solutions-at-mubil-mobility-expo-2026\/#breadcrumb"},"inLanguage":"en-US","potentialAction":[{"@type":"ReadAction","target":["https:\/\/etecnic.bisiestodeveloper.es\/en\/projects\/etecnic-showcased-its-electric-mobility-solutions-at-mubil-mobility-expo-2026\/"]}]},{"@type":"ImageObject","inLanguage":"en-US","@id":"https:\/\/etecnic.bisiestodeveloper.es\/en\/projects\/etecnic-showcased-its-electric-mobility-solutions-at-mubil-mobility-expo-2026\/#primaryimage","url":"https:\/\/etecnic.bisiestodeveloper.es\/wp-content\/uploads\/2026\/07\/Blog-MUBIL-2026.png","contentUrl":"https:\/\/etecnic.bisiestodeveloper.es\/wp-content\/uploads\/2026\/07\/Blog-MUBIL-2026.png","width":2220,"height":1440},{"@type":"BreadcrumbList","@id":"https:\/\/etecnic.bisiestodeveloper.es\/en\/projects\/etecnic-showcased-its-electric-mobility-solutions-at-mubil-mobility-expo-2026\/#breadcrumb","itemListElement":[{"@type":"ListItem","position":1,"name":"Portada","item":"https:\/\/etecnic.bisiestodeveloper.es\/en\/"},{"@type":"ListItem","position":2,"name":"Etecnic showcased its electric mobility solutions at MUBIL Mobility Expo 2026"}]},{"@type":"WebSite","@id":"https:\/\/etecnic.bisiestodeveloper.es\/en\/#website","url":"https:\/\/etecnic.bisiestodeveloper.es\/en\/","name":"Etecnic","description":"","publisher":{"@id":"https:\/\/etecnic.bisiestodeveloper.es\/en\/#organization"},"potentialAction":[{"@type":"SearchAction","target":{"@type":"EntryPoint","urlTemplate":"https:\/\/etecnic.bisiestodeveloper.es\/en\/?s={search_term_string}"},"query-input":{"@type":"PropertyValueSpecification","valueRequired":true,"valueName":"search_term_string"}}],"inLanguage":"en-US"},{"@type":"Organization","@id":"https:\/\/etecnic.bisiestodeveloper.es\/en\/#organization","name":"Etecnic","url":"https:\/\/etecnic.bisiestodeveloper.es\/en\/","logo":{"@type":"ImageObject","inLanguage":"en-US","@id":"https:\/\/etecnic.bisiestodeveloper.es\/en\/#\/schema\/logo\/image\/","url":"https:\/\/etecnic.bisiestodeveloper.es\/wp-content\/uploads\/2025\/06\/logo-etecnic-blanco.png","contentUrl":"https:\/\/etecnic.bisiestodeveloper.es\/wp-content\/uploads\/2025\/06\/logo-etecnic-blanco.png","width":1000,"height":500,"caption":"Etecnic"},"image":{"@id":"https:\/\/etecnic.bisiestodeveloper.es\/en\/#\/schema\/logo\/image\/"}},{"@type":"Person","@id":"https:\/\/etecnic.bisiestodeveloper.es\/en\/#\/schema\/person\/0da7a3465710726a5fa6d735b8a7e686","name":"anna-etecnic","url":"https:\/\/etecnic.bisiestodeveloper.es\/en\/author\/anna-etecnic\/"}]}},"_links":{"self":[{"href":"https:\/\/etecnic.bisiestodeveloper.es\/en\/wp-json\/wp\/v2\/posts\/34663","targetHints":{"allow":["GET"]}}],"collection":[{"href":"https:\/\/etecnic.bisiestodeveloper.es\/en\/wp-json\/wp\/v2\/posts"}],"about":[{"href":"https:\/\/etecnic.bisiestodeveloper.es\/en\/wp-json\/wp\/v2\/types\/post"}],"author":[{"embeddable":true,"href":"https:\/\/etecnic.bisiestodeveloper.es\/en\/wp-json\/wp\/v2\/users\/4"}],"replies":[{"embeddable":true,"href":"https:\/\/etecnic.bisiestodeveloper.es\/en\/wp-json\/wp\/v2\/comments?post=34663"}],"version-history":[{"count":2,"href":"https:\/\/etecnic.bisiestodeveloper.es\/en\/wp-json\/wp\/v2\/posts\/34663\/revisions"}],"predecessor-version":[{"id":38573,"href":"https:\/\/etecnic.bisiestodeveloper.es\/en\/wp-json\/wp\/v2\/posts\/34663\/revisions\/38573"}],"wp:featuredmedia":[{"embeddable":true,"href":"https:\/\/etecnic.bisiestodeveloper.es\/en\/wp-json\/wp\/v2\/media\/34662"}],"wp:attachment":[{"href":"https:\/\/etecnic.bisiestodeveloper.es\/en\/wp-json\/wp\/v2\/media?parent=34663"}],"wp:term":[{"taxonomy":"category","embeddable":true,"href":"https:\/\/etecnic.bisiestodeveloper.es\/en\/wp-json\/wp\/v2\/categories?post=34663"},{"taxonomy":"post_tag","embeddable":true,"href":"https:\/\/etecnic.bisiestodeveloper.es\/en\/wp-json\/wp\/v2\/tags?post=34663"}],"curies":[{"name":"wp","href":"https:\/\/api.w.org\/{rel}","templated":true}]}}