{"id":38045,"date":"2025-05-06T11:38:00","date_gmt":"2025-05-06T11:38:00","guid":{"rendered":"https:\/\/etecnic.bisiestodeveloper.es\/etecnic_cat\/workshop-de-transport-sostenible-electrificat-2025\/"},"modified":"2026-09-03T08:38:47","modified_gmt":"2026-09-03T08:38:47","slug":"workshop-de-transport-sostenible-electrificat-2025","status":"publish","type":"post","link":"https:\/\/etecnic.bisiestodeveloper.es\/ca\/etecnic_cat\/workshop-de-transport-sostenible-electrificat-2025\/","title":{"rendered":"Workshop de Transport Sostenible Electrificat 2025"},"content":{"rendered":"\t\t<div data-elementor-type=\"wp-post\" data-elementor-id=\"38045\" class=\"elementor elementor-38045 elementor-38040\" data-elementor-post-type=\"post\">\n\t\t\t\t<div class=\"elementor-element elementor-element-613ac041 e-flex e-con-boxed e-con e-parent\" data-id=\"613ac041\" data-element_type=\"container\" data-settings=\"{&quot;jet_parallax_layout_list&quot;:[]}\">\n\t\t\t\t\t<div class=\"e-con-inner\">\n\t\t\t\t<div class=\"elementor-element elementor-element-60bc20fc elementor-widget elementor-widget-text-editor\" data-id=\"60bc20fc\" data-element_type=\"widget\" data-widget_type=\"text-editor.default\">\n\t\t\t\t<div class=\"elementor-widget-container\">\n\t\t\t\t\t\t\t\t\t<h2>Workshop de Transport Sostenible Electrificat al Port de Tarragona<\/h2>\n<p>El passat <strong>6 de maig<\/strong>, Etecnic va organitzar al Port de Tarragona el <strong>Workshop de Transport Sostenible Electrificat<\/strong>, una jornada centrada en l\u2019electrificaci\u00f3 del transport pesant i lleuger.<\/p>\n<p>La trobada va reunir fabricants de vehicles el\u00e8ctrics, prove\u00efdors de solucions de rec\u00e0rrega, transportistes, empreses i professionals del sector per compartir experi\u00e8ncies, presentar casos reals i analitzar els principals reptes de la transici\u00f3 cap a una mobilitat m\u00e9s sostenible.<\/p>\n<h3>Qu\u00e8 hi trobar\u00e0s?<\/h3>\n<p><strong>Proves de rec\u00e0rrega i conducci\u00f3:<\/strong> els assistents van poder experimentar de primera m\u00e0 la tecnologia de rec\u00e0rrega i conducci\u00f3 el\u00e8ctrica juntament amb fabricants l\u00edders com <strong>FOTON TRUCKS, OHM, FORD, ZEROID, FLOOX, NIDEC i XCHARGE<\/strong>.<\/p>\n<p><strong>Confer\u00e8ncies i taules rodones:<\/strong> l\u00edders i experts del sector van debatre sobre el present i el futur del transport el\u00e8ctric, a m\u00e9s de presentar casos reals d\u2019empreses i transportistes que ja disposen de flotes de vehicles el\u00e8ctrics.<\/p>\n<p>En aquestes sessions hi van participar <strong>AEDIVE, Empresas por la Movilidad Sostenible, AGRUCAES, Movertis, Sertrans i Calzina Carr\u00e9<\/strong>.<\/p>\n<p><strong>Dinar i networking:<\/strong> la jornada tamb\u00e9 va oferir un espai per connectar amb professionals del sector, compartir impressions i generar noves oportunitats de col\u00b7laboraci\u00f3 en un ambient dist\u00e8s.<\/p>\n<h3>Proves de vehicles el\u00e8ctrics i solucions de rec\u00e0rrega<\/h3>\n<p>Un dels principals atractius del workshop va ser la possibilitat de provar vehicles el\u00e8ctrics i con\u00e8ixer diferents tecnologies de rec\u00e0rrega adaptades al transport pesant, lleuger i professional.<\/p>\n<p>Les demostracions van permetre con\u00e8ixer de manera pr\u00e0ctica com funcionen aquestes solucions i quines s\u00f3n les seves possibilitats d\u2019aplicaci\u00f3 en flotes, empreses de transport i operadors log\u00edstics.<\/p>\n<h3>Confer\u00e8ncies i casos reals d\u2019electrificaci\u00f3<\/h3>\n<p>El programa va incloure confer\u00e8ncies i taules rodones centrades en la implantaci\u00f3 de la mobilitat el\u00e8ctrica en el transport professional.<\/p>\n<p>Els assistents van poder con\u00e8ixer experi\u00e8ncies reals d\u2019empreses i transportistes que ja han incorporat vehicles el\u00e8ctrics a les seves flotes, aix\u00ed com debatre sobre infraestructura de rec\u00e0rrega, gesti\u00f3 energ\u00e8tica, viabilitat operativa i descarbonitzaci\u00f3.<\/p>\n<h3>Per qu\u00e8 assistir-hi?<\/h3>\n<p>Aquest esdeveniment va ser una oportunitat excepcional per:<\/p>\n<ul>\n<li>Con\u00e8ixer casos reals d\u2019empreses i transportistes que ja han adoptat la mobilitat el\u00e8ctrica.<\/li>\n<li>Descobrir les darreres innovacions tecnol\u00f2giques dels principals fabricants de vehicles el\u00e8ctrics i sistemes de rec\u00e0rrega.<\/li>\n<li>Ampliar la xarxa de contactes i compartir experi\u00e8ncies amb experts i professionals del sector.<\/li>\n<\/ul>\n<p><\/p>\n<h3>Organitzaci\u00f3 i col\u00b7laboradors<\/h3>\n<p>L\u2019esdeveniment va ser organitzat per <strong>Etecnic<\/strong>.<\/p>\n<p>Hi van col\u00b7laborar <strong>APPORTT, Port de Tarragona, FLOOX, FOTON TRUCKS, OHM, NIDEC i XCHARGE<\/strong>.<\/p>\n<h3>Detalls de l\u2019esdeveniment<\/h3>\n<p>Aquest esdeveniment va tenir lloc el <strong>6 de maig<\/strong> <strong>de 2025<\/strong> al Port de Tarragona.<\/p>\n<p>Si est\u00e0s interessat a rebre m\u00e9s informaci\u00f3 sobre el workshop o participar en una pr\u00f2xima edici\u00f3, posa\u2019t en contacte amb nosaltres a trav\u00e9s de <a href=\"mailto:marketing@etecnic.es\"><strong>marketing@etecnic.es<\/strong><\/a>.<\/p>\n<h3>Impulsant l\u2019electrificaci\u00f3 del transport<\/h3>\n<p>Des d\u2019Etecnic continuem treballant per impulsar l\u2019electrificaci\u00f3 del transport i crear espais on empreses, fabricants, transportistes i professionals puguin compartir coneixement, experi\u00e8ncies i solucions reals.<\/p>\n<p>Volem agra\u00efr a totes les empreses, entitats, ponents, col\u00b7laboradors i assistents que van fer possible aquesta primera edici\u00f3 del <strong>Workshop de Transport Sostenible Electrificat<\/strong>.<\/p>\n\t\t\t\t\t\t\t\t<\/div>\n\t\t\t\t<\/div>\n\t\t\t\t\t<\/div>\n\t\t\t\t<\/div>\n\t\t\t\t<\/div>\n\t\t","protected":false},"excerpt":{"rendered":"<p>Workshop de Transport Sostenible Electrificat al Port de Tarragona El passat 6 de maig, Etecnic va organitzar al Port de Tarragona el Workshop de Transport Sostenible Electrificat, una jornada centrada en l\u2019electrificaci\u00f3 del transport pesant i lleuger. La trobada va reunir fabricants de vehicles el\u00e8ctrics, prove\u00efdors de solucions de rec\u00e0rrega, transportistes, empreses i professionals del [&hellip;]<\/p>\n","protected":false},"author":4,"featured_media":35593,"comment_status":"closed","ping_status":"closed","sticky":false,"template":"","format":"standard","meta":{"footnotes":""},"categories":[633,640,635],"tags":[],"class_list":["post-38045","post","type-post","status-publish","format-standard","has-post-thumbnail","hentry","category-etecnic_cat","category-evcharge","category-sector"],"yoast_head":"<!-- This site is optimized with the Yoast SEO plugin v26.5 - https:\/\/yoast.com\/wordpress\/plugins\/seo\/ -->\n<title>Workshop de Transport Sostenible Electrificat | Etecnic<\/title>\n<meta name=\"description\" content=\"Etecnic va organitzar al Port de Tarragona un workshop sobre transporti el\u00e8ctric, rec\u00e0rrega, flotes sostenibles, casos reals i networking.\" \/>\n<meta name=\"robots\" content=\"noindex, follow, max-snippet:-1, max-image-preview:large, max-video-preview:-1\" \/>\n<meta property=\"og:locale\" content=\"ca_ES\" \/>\n<meta property=\"og:type\" content=\"article\" \/>\n<meta property=\"og:title\" content=\"Workshop de Transport Sostenible Electrificat 2025 | Etecnic\" \/>\n<meta property=\"og:description\" content=\"Reviu el Workshop de Transport Sostenible Electrificat organitzat per Etecnic en el Port de Tarragona, amb proves de vehicles el\u00e8ctrics, solucions de rec\u00e0rrega, pon\u00e8ncies d&#039;experts i networking.\" \/>\n<meta property=\"og:url\" content=\"https:\/\/etecnic.bisiestodeveloper.es\/ca\/etecnic_cat\/workshop-de-transport-sostenible-electrificat-2025\/\" \/>\n<meta property=\"og:site_name\" content=\"Etecnic\" \/>\n<meta property=\"article:published_time\" content=\"2025-05-06T11:38:00+00:00\" \/>\n<meta property=\"article:modified_time\" content=\"2026-09-03T08:38:47+00:00\" \/>\n<meta property=\"og:image\" content=\"https:\/\/etecnic.bisiestodeveloper.es\/wp-content\/uploads\/2025\/05\/BLOG-Workshop-700x454.png\" \/>\n<meta name=\"author\" content=\"anna-etecnic\" \/>\n<meta name=\"twitter:card\" content=\"summary_large_image\" \/>\n<meta name=\"twitter:label1\" content=\"Escrit per\" \/>\n\t<meta name=\"twitter:data1\" content=\"anna-etecnic\" \/>\n\t<meta name=\"twitter:label2\" content=\"Temps estimat de lectura\" \/>\n\t<meta name=\"twitter:data2\" content=\"3 minuts\" \/>\n<script type=\"application\/ld+json\" class=\"yoast-schema-graph\">{\"@context\":\"https:\/\/schema.org\",\"@graph\":[{\"@type\":\"Article\",\"@id\":\"https:\/\/etecnic.bisiestodeveloper.es\/ca\/etecnic_cat\/workshop-de-transport-sostenible-electrificat-2025\/#article\",\"isPartOf\":{\"@id\":\"https:\/\/etecnic.bisiestodeveloper.es\/ca\/etecnic_cat\/workshop-de-transport-sostenible-electrificat-2025\/\"},\"author\":{\"name\":\"anna-etecnic\",\"@id\":\"https:\/\/etecnic.bisiestodeveloper.es\/ca\/#\/schema\/person\/0da7a3465710726a5fa6d735b8a7e686\"},\"headline\":\"Workshop de Transport Sostenible Electrificat 2025\",\"datePublished\":\"2025-05-06T11:38:00+00:00\",\"dateModified\":\"2026-09-03T08:38:47+00:00\",\"mainEntityOfPage\":{\"@id\":\"https:\/\/etecnic.bisiestodeveloper.es\/ca\/etecnic_cat\/workshop-de-transport-sostenible-electrificat-2025\/\"},\"wordCount\":553,\"publisher\":{\"@id\":\"https:\/\/etecnic.bisiestodeveloper.es\/ca\/#organization\"},\"image\":{\"@id\":\"https:\/\/etecnic.bisiestodeveloper.es\/ca\/etecnic_cat\/workshop-de-transport-sostenible-electrificat-2025\/#primaryimage\"},\"thumbnailUrl\":\"https:\/\/etecnic.bisiestodeveloper.es\/wp-content\/uploads\/2025\/05\/BLOG-Workshop-1.png\",\"articleSection\":[\"Etecnic\",\"EVcharge\",\"Sector\"],\"inLanguage\":\"ca\"},{\"@type\":\"WebPage\",\"@id\":\"https:\/\/etecnic.bisiestodeveloper.es\/ca\/etecnic_cat\/workshop-de-transport-sostenible-electrificat-2025\/\",\"url\":\"https:\/\/etecnic.bisiestodeveloper.es\/ca\/etecnic_cat\/workshop-de-transport-sostenible-electrificat-2025\/\",\"name\":\"Workshop de Transport Sostenible Electrificat | Etecnic\",\"isPartOf\":{\"@id\":\"https:\/\/etecnic.bisiestodeveloper.es\/ca\/#website\"},\"primaryImageOfPage\":{\"@id\":\"https:\/\/etecnic.bisiestodeveloper.es\/ca\/etecnic_cat\/workshop-de-transport-sostenible-electrificat-2025\/#primaryimage\"},\"image\":{\"@id\":\"https:\/\/etecnic.bisiestodeveloper.es\/ca\/etecnic_cat\/workshop-de-transport-sostenible-electrificat-2025\/#primaryimage\"},\"thumbnailUrl\":\"https:\/\/etecnic.bisiestodeveloper.es\/wp-content\/uploads\/2025\/05\/BLOG-Workshop-1.png\",\"datePublished\":\"2025-05-06T11:38:00+00:00\",\"dateModified\":\"2026-09-03T08:38:47+00:00\",\"description\":\"Etecnic va organitzar al Port de Tarragona un workshop sobre transporti el\u00e8ctric, rec\u00e0rrega, flotes sostenibles, casos reals i networking.\",\"breadcrumb\":{\"@id\":\"https:\/\/etecnic.bisiestodeveloper.es\/ca\/etecnic_cat\/workshop-de-transport-sostenible-electrificat-2025\/#breadcrumb\"},\"inLanguage\":\"ca\",\"potentialAction\":[{\"@type\":\"ReadAction\",\"target\":[\"https:\/\/etecnic.bisiestodeveloper.es\/ca\/etecnic_cat\/workshop-de-transport-sostenible-electrificat-2025\/\"]}]},{\"@type\":\"ImageObject\",\"inLanguage\":\"ca\",\"@id\":\"https:\/\/etecnic.bisiestodeveloper.es\/ca\/etecnic_cat\/workshop-de-transport-sostenible-electrificat-2025\/#primaryimage\",\"url\":\"https:\/\/etecnic.bisiestodeveloper.es\/wp-content\/uploads\/2025\/05\/BLOG-Workshop-1.png\",\"contentUrl\":\"https:\/\/etecnic.bisiestodeveloper.es\/wp-content\/uploads\/2025\/05\/BLOG-Workshop-1.png\",\"width\":1110,\"height\":720},{\"@type\":\"BreadcrumbList\",\"@id\":\"https:\/\/etecnic.bisiestodeveloper.es\/ca\/etecnic_cat\/workshop-de-transport-sostenible-electrificat-2025\/#breadcrumb\",\"itemListElement\":[{\"@type\":\"ListItem\",\"position\":1,\"name\":\"Portada\",\"item\":\"https:\/\/etecnic.bisiestodeveloper.es\/ca\/\"},{\"@type\":\"ListItem\",\"position\":2,\"name\":\"Workshop de Transport Sostenible Electrificat 2025\"}]},{\"@type\":\"WebSite\",\"@id\":\"https:\/\/etecnic.bisiestodeveloper.es\/ca\/#website\",\"url\":\"https:\/\/etecnic.bisiestodeveloper.es\/ca\/\",\"name\":\"Etecnic\",\"description\":\"\",\"publisher\":{\"@id\":\"https:\/\/etecnic.bisiestodeveloper.es\/ca\/#organization\"},\"potentialAction\":[{\"@type\":\"SearchAction\",\"target\":{\"@type\":\"EntryPoint\",\"urlTemplate\":\"https:\/\/etecnic.bisiestodeveloper.es\/ca\/?s={search_term_string}\"},\"query-input\":{\"@type\":\"PropertyValueSpecification\",\"valueRequired\":true,\"valueName\":\"search_term_string\"}}],\"inLanguage\":\"ca\"},{\"@type\":\"Organization\",\"@id\":\"https:\/\/etecnic.bisiestodeveloper.es\/ca\/#organization\",\"name\":\"Etecnic\",\"url\":\"https:\/\/etecnic.bisiestodeveloper.es\/ca\/\",\"logo\":{\"@type\":\"ImageObject\",\"inLanguage\":\"ca\",\"@id\":\"https:\/\/etecnic.bisiestodeveloper.es\/ca\/#\/schema\/logo\/image\/\",\"url\":\"https:\/\/etecnic.bisiestodeveloper.es\/wp-content\/uploads\/2025\/06\/logo-etecnic-blanco.png\",\"contentUrl\":\"https:\/\/etecnic.bisiestodeveloper.es\/wp-content\/uploads\/2025\/06\/logo-etecnic-blanco.png\",\"width\":1000,\"height\":500,\"caption\":\"Etecnic\"},\"image\":{\"@id\":\"https:\/\/etecnic.bisiestodeveloper.es\/ca\/#\/schema\/logo\/image\/\"}},{\"@type\":\"Person\",\"@id\":\"https:\/\/etecnic.bisiestodeveloper.es\/ca\/#\/schema\/person\/0da7a3465710726a5fa6d735b8a7e686\",\"name\":\"anna-etecnic\",\"url\":\"https:\/\/etecnic.bisiestodeveloper.es\/ca\/author\/anna-etecnic\/\"}]}<\/script>\n<!-- \/ Yoast SEO plugin. -->","yoast_head_json":{"title":"Workshop de Transport Sostenible Electrificat | Etecnic","description":"Etecnic va organitzar al Port de Tarragona un workshop sobre transporti el\u00e8ctric, rec\u00e0rrega, flotes sostenibles, casos reals i networking.","robots":{"index":"noindex","follow":"follow","max-snippet":"max-snippet:-1","max-image-preview":"max-image-preview:large","max-video-preview":"max-video-preview:-1"},"og_locale":"ca_ES","og_type":"article","og_title":"Workshop de Transport Sostenible Electrificat 2025 | Etecnic","og_description":"Reviu el Workshop de Transport Sostenible Electrificat organitzat per Etecnic en el Port de Tarragona, amb proves de vehicles el\u00e8ctrics, solucions de rec\u00e0rrega, pon\u00e8ncies d'experts i networking.","og_url":"https:\/\/etecnic.bisiestodeveloper.es\/ca\/etecnic_cat\/workshop-de-transport-sostenible-electrificat-2025\/","og_site_name":"Etecnic","article_published_time":"2025-05-06T11:38:00+00:00","article_modified_time":"2026-09-03T08:38:47+00:00","og_image":[{"url":"https:\/\/etecnic.bisiestodeveloper.es\/wp-content\/uploads\/2025\/05\/BLOG-Workshop-700x454.png","type":"","width":"","height":""}],"author":"anna-etecnic","twitter_card":"summary_large_image","twitter_misc":{"Escrit per":"anna-etecnic","Temps estimat de lectura":"3 minuts"},"schema":{"@context":"https:\/\/schema.org","@graph":[{"@type":"Article","@id":"https:\/\/etecnic.bisiestodeveloper.es\/ca\/etecnic_cat\/workshop-de-transport-sostenible-electrificat-2025\/#article","isPartOf":{"@id":"https:\/\/etecnic.bisiestodeveloper.es\/ca\/etecnic_cat\/workshop-de-transport-sostenible-electrificat-2025\/"},"author":{"name":"anna-etecnic","@id":"https:\/\/etecnic.bisiestodeveloper.es\/ca\/#\/schema\/person\/0da7a3465710726a5fa6d735b8a7e686"},"headline":"Workshop de Transport Sostenible Electrificat 2025","datePublished":"2025-05-06T11:38:00+00:00","dateModified":"2026-09-03T08:38:47+00:00","mainEntityOfPage":{"@id":"https:\/\/etecnic.bisiestodeveloper.es\/ca\/etecnic_cat\/workshop-de-transport-sostenible-electrificat-2025\/"},"wordCount":553,"publisher":{"@id":"https:\/\/etecnic.bisiestodeveloper.es\/ca\/#organization"},"image":{"@id":"https:\/\/etecnic.bisiestodeveloper.es\/ca\/etecnic_cat\/workshop-de-transport-sostenible-electrificat-2025\/#primaryimage"},"thumbnailUrl":"https:\/\/etecnic.bisiestodeveloper.es\/wp-content\/uploads\/2025\/05\/BLOG-Workshop-1.png","articleSection":["Etecnic","EVcharge","Sector"],"inLanguage":"ca"},{"@type":"WebPage","@id":"https:\/\/etecnic.bisiestodeveloper.es\/ca\/etecnic_cat\/workshop-de-transport-sostenible-electrificat-2025\/","url":"https:\/\/etecnic.bisiestodeveloper.es\/ca\/etecnic_cat\/workshop-de-transport-sostenible-electrificat-2025\/","name":"Workshop de Transport Sostenible Electrificat | Etecnic","isPartOf":{"@id":"https:\/\/etecnic.bisiestodeveloper.es\/ca\/#website"},"primaryImageOfPage":{"@id":"https:\/\/etecnic.bisiestodeveloper.es\/ca\/etecnic_cat\/workshop-de-transport-sostenible-electrificat-2025\/#primaryimage"},"image":{"@id":"https:\/\/etecnic.bisiestodeveloper.es\/ca\/etecnic_cat\/workshop-de-transport-sostenible-electrificat-2025\/#primaryimage"},"thumbnailUrl":"https:\/\/etecnic.bisiestodeveloper.es\/wp-content\/uploads\/2025\/05\/BLOG-Workshop-1.png","datePublished":"2025-05-06T11:38:00+00:00","dateModified":"2026-09-03T08:38:47+00:00","description":"Etecnic va organitzar al Port de Tarragona un workshop sobre transporti el\u00e8ctric, rec\u00e0rrega, flotes sostenibles, casos reals i networking.","breadcrumb":{"@id":"https:\/\/etecnic.bisiestodeveloper.es\/ca\/etecnic_cat\/workshop-de-transport-sostenible-electrificat-2025\/#breadcrumb"},"inLanguage":"ca","potentialAction":[{"@type":"ReadAction","target":["https:\/\/etecnic.bisiestodeveloper.es\/ca\/etecnic_cat\/workshop-de-transport-sostenible-electrificat-2025\/"]}]},{"@type":"ImageObject","inLanguage":"ca","@id":"https:\/\/etecnic.bisiestodeveloper.es\/ca\/etecnic_cat\/workshop-de-transport-sostenible-electrificat-2025\/#primaryimage","url":"https:\/\/etecnic.bisiestodeveloper.es\/wp-content\/uploads\/2025\/05\/BLOG-Workshop-1.png","contentUrl":"https:\/\/etecnic.bisiestodeveloper.es\/wp-content\/uploads\/2025\/05\/BLOG-Workshop-1.png","width":1110,"height":720},{"@type":"BreadcrumbList","@id":"https:\/\/etecnic.bisiestodeveloper.es\/ca\/etecnic_cat\/workshop-de-transport-sostenible-electrificat-2025\/#breadcrumb","itemListElement":[{"@type":"ListItem","position":1,"name":"Portada","item":"https:\/\/etecnic.bisiestodeveloper.es\/ca\/"},{"@type":"ListItem","position":2,"name":"Workshop de Transport Sostenible Electrificat 2025"}]},{"@type":"WebSite","@id":"https:\/\/etecnic.bisiestodeveloper.es\/ca\/#website","url":"https:\/\/etecnic.bisiestodeveloper.es\/ca\/","name":"Etecnic","description":"","publisher":{"@id":"https:\/\/etecnic.bisiestodeveloper.es\/ca\/#organization"},"potentialAction":[{"@type":"SearchAction","target":{"@type":"EntryPoint","urlTemplate":"https:\/\/etecnic.bisiestodeveloper.es\/ca\/?s={search_term_string}"},"query-input":{"@type":"PropertyValueSpecification","valueRequired":true,"valueName":"search_term_string"}}],"inLanguage":"ca"},{"@type":"Organization","@id":"https:\/\/etecnic.bisiestodeveloper.es\/ca\/#organization","name":"Etecnic","url":"https:\/\/etecnic.bisiestodeveloper.es\/ca\/","logo":{"@type":"ImageObject","inLanguage":"ca","@id":"https:\/\/etecnic.bisiestodeveloper.es\/ca\/#\/schema\/logo\/image\/","url":"https:\/\/etecnic.bisiestodeveloper.es\/wp-content\/uploads\/2025\/06\/logo-etecnic-blanco.png","contentUrl":"https:\/\/etecnic.bisiestodeveloper.es\/wp-content\/uploads\/2025\/06\/logo-etecnic-blanco.png","width":1000,"height":500,"caption":"Etecnic"},"image":{"@id":"https:\/\/etecnic.bisiestodeveloper.es\/ca\/#\/schema\/logo\/image\/"}},{"@type":"Person","@id":"https:\/\/etecnic.bisiestodeveloper.es\/ca\/#\/schema\/person\/0da7a3465710726a5fa6d735b8a7e686","name":"anna-etecnic","url":"https:\/\/etecnic.bisiestodeveloper.es\/ca\/author\/anna-etecnic\/"}]}},"_links":{"self":[{"href":"https:\/\/etecnic.bisiestodeveloper.es\/ca\/wp-json\/wp\/v2\/posts\/38045","targetHints":{"allow":["GET"]}}],"collection":[{"href":"https:\/\/etecnic.bisiestodeveloper.es\/ca\/wp-json\/wp\/v2\/posts"}],"about":[{"href":"https:\/\/etecnic.bisiestodeveloper.es\/ca\/wp-json\/wp\/v2\/types\/post"}],"author":[{"embeddable":true,"href":"https:\/\/etecnic.bisiestodeveloper.es\/ca\/wp-json\/wp\/v2\/users\/4"}],"replies":[{"embeddable":true,"href":"https:\/\/etecnic.bisiestodeveloper.es\/ca\/wp-json\/wp\/v2\/comments?post=38045"}],"version-history":[{"count":1,"href":"https:\/\/etecnic.bisiestodeveloper.es\/ca\/wp-json\/wp\/v2\/posts\/38045\/revisions"}],"predecessor-version":[{"id":38046,"href":"https:\/\/etecnic.bisiestodeveloper.es\/ca\/wp-json\/wp\/v2\/posts\/38045\/revisions\/38046"}],"wp:featuredmedia":[{"embeddable":true,"href":"https:\/\/etecnic.bisiestodeveloper.es\/ca\/wp-json\/wp\/v2\/media\/35593"}],"wp:attachment":[{"href":"https:\/\/etecnic.bisiestodeveloper.es\/ca\/wp-json\/wp\/v2\/media?parent=38045"}],"wp:term":[{"taxonomy":"category","embeddable":true,"href":"https:\/\/etecnic.bisiestodeveloper.es\/ca\/wp-json\/wp\/v2\/categories?post=38045"},{"taxonomy":"post_tag","embeddable":true,"href":"https:\/\/etecnic.bisiestodeveloper.es\/ca\/wp-json\/wp\/v2\/tags?post=38045"}],"curies":[{"name":"wp","href":"https:\/\/api.w.org\/{rel}","templated":true}]}}