{"id":37590,"date":"2026-01-12T11:33:00","date_gmt":"2026-01-12T11:33:00","guid":{"rendered":"https:\/\/etecnic.bisiestodeveloper.es\/etecnic_cat\/etecnic360-finalitza-el-projecte-dexpansio-dels-punts-de-recarrega-del-consell-insular-de-formentera\/"},"modified":"2026-07-28T08:11:43","modified_gmt":"2026-07-28T08:11:43","slug":"etecnic360-finalitza-el-projecte-dexpansio-dels-punts-de-recarrega-del-consell-insular-de-formentera","status":"publish","type":"post","link":"https:\/\/etecnic.bisiestodeveloper.es\/ca\/esdeveniments\/etecnic360-finalitza-el-projecte-dexpansio-dels-punts-de-recarrega-del-consell-insular-de-formentera\/","title":{"rendered":"Etecnic360 finalitza el projecte d&#8217;expansi\u00f3 dels punts de rec\u00e0rrega del Consell Insular de Formentera."},"content":{"rendered":"<p style=\"text-align: justify; margin: 0 0 15px 0;\">La mobilitat el\u00e8ctrica \u00e9s un eix estrat\u00e8gic per a les administracions p\u00fabliques compromeses amb la sostenibilitat i la transici\u00f3 energ\u00e8tica. En aquest context, el<br \/>\n<a style=\"color: #03176e; font-weight: bold; text-decoration: none; border-bottom: 2px solid #00e9ef;\" href=\"https:\/\/www.consellinsulardeformentera.cat\/\" target=\"_blank\" rel=\"noopener\">Consell Insular de Formentera<\/a><br \/>\nva confiar en <strong>Etecnic360<\/strong> per desenvolupar el Pla de desenvolupament de la xarxa p\u00fablica de punts de rec\u00e0rrega de vehicles el\u00e8ctrics de l\u2019illa, amb l\u2019objectiu d\u2019afavorir la implantaci\u00f3 del vehicle el\u00e8ctric a mitj\u00e0 i llarg termini.<\/p>\n<p style=\"text-align: justify; margin: 0 0 24px 0;\">El Consell Insular de Formentera, integrat pels regidors de l\u2019Ajuntament de Formentera, actua com un ens amb personalitat jur\u00eddica \u00fanica, pr\u00f2pia i plena, i assumeix \u00edntegrament les compet\u00e8ncies i potestats administratives que corresponen a l\u2019Ajuntament. Aquesta singularitat institucional converteix el Consell en l\u2019actor clau per a la planificaci\u00f3 i execuci\u00f3 d\u2019infraestructures p\u00fabliques a l\u2019illa.<\/p>\n<h2 style=\"font-family: 'Kanit', sans-serif; font-weight: bold; color: #03176e; font-size: 26px; margin: 28px 0 14px 0; text-align: left; line-height: 1.3;\">Consultoria: an\u00e0lisi del punt de partida i planificaci\u00f3 estrat\u00e8gica<\/h2>\n<p style=\"text-align: justify; margin: 0 0 15px 0;\">El projecte es va iniciar amb una fase de consultoria especialitzada, orientada a definir una estrat\u00e8gia global per al desplegament de la infraestructura p\u00fablica de rec\u00e0rrega durant el per\u00edode 2024\u20132026. L\u2019objectiu principal va ser dotar el Consell Insular d\u2019una eina de planificaci\u00f3 que permet\u00e9s prendre decisions basades en criteris t\u00e8cnics, econ\u00f2mics i ambientals.<\/p>\n<p style=\"text-align: justify; margin: 0 0 12px 0;\">Durant aquesta fase, <strong>Etecnic360<\/strong> va dur a terme:<\/p>\n<ul style=\"padding-left: 20px; margin: 0 0 22px 0; text-align: justify; color: #333333; line-height: 1.65;\">\n<li style=\"margin-bottom: 8px;\"><strong style=\"color: #03176e;\">An\u00e0lisi de la infraestructura existent:<\/strong> revisi\u00f3 de l\u2019estat actual dels punts de rec\u00e0rrega disponibles a Formentera.<\/li>\n<li style=\"margin-bottom: 8px;\"><strong style=\"color: #03176e;\">Definici\u00f3 del pla d\u2019infraestructura:<\/strong> disseny d\u2019una xarxa alineada amb les necessitats reals del territori.<\/li>\n<li style=\"margin-bottom: 8px;\"><strong style=\"color: #03176e;\">Pressupostaci\u00f3:<\/strong> estimaci\u00f3 de les inversions necess\u00e0ries per al desplegament de la xarxa.<\/li>\n<li style=\"margin-bottom: 8px;\"><strong style=\"color: #03176e;\">Avaluaci\u00f3 ambiental:<\/strong> an\u00e0lisi de l\u2019impacte de les inversions proposades.<\/li>\n<li style=\"margin-bottom: 0;\"><strong style=\"color: #03176e;\">Gesti\u00f3 centralitzada:<\/strong> definici\u00f3 dels criteris m\u00ednims per a una administraci\u00f3 eficient de la xarxa p\u00fablica.<\/li>\n<\/ul>\n<p style=\"margin: 0; color: #333333; font-size: 16px; line-height: 1.6;\">Aquest treball va permetre establir un full de ruta clar per al desenvolupament de la mobilitat el\u00e8ctrica a l\u2019illa, garantint la coher\u00e8ncia entre la planificaci\u00f3, l\u2019execuci\u00f3 i la gesti\u00f3 futura.<\/p>\n<p><\/p>\n<h2 style=\"font-family: 'Kanit', sans-serif; font-weight: bold; color: #03176e; font-size: 26px; margin: 28px 0 14px 0; text-align: left; line-height: 1.3;\">Del pla a l\u2019execuci\u00f3: infraestructura p\u00fablica de rec\u00e0rrega<\/h2>\n<p><\/p>\n<p style=\"text-align: justify; margin: 0 0 15px 0;\">A partir del pla d\u2019actuaci\u00f3 definit, <strong>Etecnic360<\/strong> va dur a terme l\u2019execuci\u00f3 del projecte i la instal\u00b7laci\u00f3 de la infraestructura de rec\u00e0rrega.<\/p>\n<p style=\"font-family: 'Kanit', sans-serif; font-weight: bold; color: #03176e; font-size: 32px; margin: 0 0 6px 0;\">11<\/p>\n<p style=\"margin: 0; color: #333333; font-size: 16px; line-height: 1.5;\">carregadors semir\u00e0pids distribu\u00efts en 6 ubicacions estrat\u00e8giques.<\/p>\n<p><\/p>\n<p style=\"font-family: 'Kanit', sans-serif; font-weight: bold; color: #03176e; font-size: 32px; margin: 0 0 6px 0;\">1<\/p>\n<p style=\"margin: 0; color: #333333; font-size: 16px; line-height: 1.5;\">carregador r\u00e0pid per refor\u00e7ar la capacitat de rec\u00e0rrega p\u00fablica i la rotaci\u00f3 de vehicles.<\/p>\n<p style=\"text-align: justify; margin: 0 0 24px 0;\">Els punts de rec\u00e0rrega, instal\u00b7lats el 2025, conformen una xarxa p\u00fablica accessible, eficient i preparada per al creixement futur, que dona servei tant a residents com a visitants i facilita l\u2019\u00fas del vehicle el\u00e8ctric a l\u2019illa.<\/p>\n<p><iframe style=\"display: block; width: 100%; height: 480px; border: 0;\" src=\"https:\/\/www.google.com\/maps\/d\/embed?mid=1C1g1efb5Z4EdQ5Dk5Hj2Uk6UaaLallU&amp;ehbc=2E312F&amp;noprof=1\" allowfullscreen=\"allowfullscreen\"><br \/>\n<\/iframe><br \/>\n<\/p>\n<h2 style=\"font-family: 'Kanit', sans-serif; font-weight: bold; color: #03176e; font-size: 26px; margin: 28px 0 14px 0; text-align: left; line-height: 1.3;\">Gesti\u00f3 digital, xarxa MELIB i experi\u00e8ncia d\u2019usuari<\/h2>\n<p><\/p>\n<p style=\"text-align: justify; margin: 0 0 15px 0;\">Els punts de rec\u00e0rrega estan integrats a la xarxa <strong>MELIB<\/strong>, que disposa d\u2019una aplicaci\u00f3 de marca blanca basada en la<br \/>\n<a style=\"color: #03176e; font-weight: bold; text-decoration: none; border-bottom: 2px solid #00e9ef;\" href=\"https:\/\/www.evcharge.net\/\" target=\"_blank\" rel=\"noopener\">plataforma EVcharge<\/a>.<br \/>\nAquesta soluci\u00f3 permet disposar d\u2019una aplicaci\u00f3 pr\u00f2pia amb imatge corporativa, mentre que els usuaris de vehicle el\u00e8ctric gaudeixen d\u2019una experi\u00e8ncia avan\u00e7ada, intu\u00eftiva i fiable.<\/p>\n<p><\/p>\n<p style=\"text-align: justify; margin: 0 0 20px 0;\">A trav\u00e9s de l\u2019aplicaci\u00f3, els usuaris poden consultar en temps real l\u2019estat dels carregadors, cercar-los per ubicaci\u00f3 o per necessitats de c\u00e0rrega, navegar fins a ells i carregar i pagar amb nom\u00e9s dos clics.<\/p>\n<p style=\"text-align: justify; margin: 0 0 15px 0;\">La plataforma de gesti\u00f3 per als gestors incorpora totes les funcionalitats d\u2019<strong>EVcharge Manager<\/strong> sota la marca MELIB, facilitant la <strong>gesti\u00f3 centralitzada<\/strong>, el <strong>control operatiu<\/strong> i la <strong>monitoritzaci\u00f3<\/strong> de la xarxa p\u00fablica de rec\u00e0rrega.<\/p>\n<p style=\"text-align: justify; margin: 0;\">Gr\u00e0cies a la jerarquitzaci\u00f3 de dominis, \u00e9s possible diferenciar els carregadors segons el seu propietari i gestionar i supervisar de manera independent els punts de rec\u00e0rrega associats a cadascun.<\/p>\n<p>\n<img decoding=\"async\" style=\"display: block; width: 100%; max-width: 500px; height: auto; margin: 0 auto; border-radius: 4px;\" src=\"https:\/\/etecnic.es\/wp-content\/uploads\/2026\/01\/unnamed-1.png\" alt=\"Mapa de la xarxa MELIB\" \/><\/p>\n<p style=\"margin: 8px 0 0 0; color: #00a9e8; font-size: 15px; font-style: italic; text-align: left;\">Tota la informaci\u00f3 sobre la xarxa MELIB.<\/p>\n<p style=\"text-align: justify; margin: 0 0 15px 0;\">Els gestors poden monitoritzar i controlar tots els punts de rec\u00e0rrega de la xarxa des d\u2019una \u00fanica plataforma. A m\u00e9s, gr\u00e0cies a la jerarquitzaci\u00f3 de dominis, \u00e9s possible diferenciar els carregadors segons el seu propietari i gestionar i supervisar de manera independent els punts de rec\u00e0rrega associats a cadascun.<\/p>\n<h2 style=\"font-family: 'Kanit', sans-serif; font-weight: bold; color: #03176e; font-size: 26px; margin: 28px 0 14px 0; text-align: left; line-height: 1.3;\">Acompanyament en la gesti\u00f3 de subvencions<\/h2>\n<p><\/p>\n<p style=\"text-align: justify; margin: 0 0 24px 0;\">El projecte ha estat subvencionat a trav\u00e9s del programa<br \/>\n<a style=\"color: #03176e; font-weight: bold; text-decoration: none; border-bottom: 2px solid #00e9ef;\" href=\"https:\/\/www.idae.es\/ayudas-y-financiacion\/para-movilidad-y-vehiculos\/programa-moves-iii\" target=\"_blank\" rel=\"noopener\">MOVES III<\/a>.<br \/>\nEtecnic360 ha acompanyat el Consell Insular de Formentera durant tot el proc\u00e9s de documentaci\u00f3 i tramitaci\u00f3 dels ajuts, garantint el compliment dels requisits t\u00e8cnics i administratius i facilitant l\u2019acc\u00e9s al finan\u00e7ament necessari per al desplegament de la infraestructura p\u00fablica.<\/p>\n<h2 style=\"font-family: 'Kanit', sans-serif; font-weight: bold; color: #03176e; font-size: 26px; margin: 28px 0 14px 0; text-align: left; line-height: 1.3;\">Un projecte p\u00fablic alineat amb la sostenibilitat i la innovaci\u00f3<\/h2>\n<p><\/p>\n<p style=\"text-align: justify; margin: 0 0 12px 0;\">Etecnic est\u00e0 especialitzat a oferir solucions integrals per a l\u2019adaptaci\u00f3 d\u2019espais a la mobilitat el\u00e8ctrica, que inclouen:<\/p>\n<ul style=\"padding-left: 20px; margin: 0 0 22px 0; text-align: justify; color: #333333; line-height: 1.65;\">\n<li style=\"margin-bottom: 8px;\">Estudis de necessitats i planificaci\u00f3 estrat\u00e8gica.<\/li>\n<li style=\"margin-bottom: 8px;\">Proposta d\u2019infraestructura i solucions energ\u00e8tiques.<\/li>\n<li style=\"margin-bottom: 8px;\">Redacci\u00f3 i execuci\u00f3 de projectes per a administracions p\u00fabliques.<\/li>\n<li style=\"margin-bottom: 8px;\">Subministrament i instal\u00b7laci\u00f3 d\u2019infraestructures de rec\u00e0rrega.<\/li>\n<li style=\"margin-bottom: 0;\">Solucions cloud de gesti\u00f3 energ\u00e8tica i funcional.<\/li>\n<\/ul>\n<p><\/p>\n<p style=\"text-align: justify; margin: 0 0 15px 0;\">El comprom\u00eds d\u2019Etecnic amb la innovaci\u00f3, la tecnologia i la sostenibilitat, juntament amb un equip multidisciplinari d\u2019enginyers, permet desenvolupar solucions tecnol\u00f2giques orientades a la m\u00e0xima efici\u00e8ncia en la gesti\u00f3 energ\u00e8tica i operativa de projectes p\u00fablics de mobilitat el\u00e8ctrica.<\/p>\n<p><\/p>\n<p style=\"text-align: justify; margin: 0;\">Aquest projecte refor\u00e7a el paper del Consell Insular de Formentera com a administraci\u00f3 compromesa amb la transici\u00f3 energ\u00e8tica i consolida <strong>Etecnic360<\/strong> com a soci tecnol\u00f2gic de refer\u00e8ncia per a entitats p\u00fabliques en el desenvolupament d\u2019infraestructures de rec\u00e0rrega sostenibles i eficients.<\/p>\n","protected":false},"excerpt":{"rendered":"<p>La mobilitat el\u00e8ctrica \u00e9s un eix estrat\u00e8gic per a les administracions p\u00fabliques compromeses amb la sostenibilitat i la transici\u00f3 energ\u00e8tica. En aquest context, el Consell Insular de Formentera va confiar en Etecnic360 per desenvolupar el Pla de desenvolupament de la xarxa p\u00fablica de punts de rec\u00e0rrega de vehicles el\u00e8ctrics de l\u2019illa, amb l\u2019objectiu d\u2019afavorir la [&hellip;]<\/p>\n","protected":false},"author":4,"featured_media":31915,"comment_status":"closed","ping_status":"closed","sticky":false,"template":"","format":"standard","meta":{"footnotes":""},"categories":[230,633,640,420,635],"tags":[],"class_list":["post-37590","post","type-post","status-publish","format-standard","has-post-thumbnail","hentry","category-esdeveniments","category-etecnic_cat","category-evcharge","category-projectes","category-sector"],"yoast_head":"<!-- This site is optimized with the Yoast SEO plugin v26.5 - https:\/\/yoast.com\/wordpress\/plugins\/seo\/ -->\n<title>Etecnic360 amplia la xarxa de punts de rec\u00e0rrega de Formentera<\/title>\n<meta name=\"description\" content=\"Etecnic360 finalitza l&#039;ampliaci\u00f3 de la xarxa p\u00fablica de punts de rec\u00e0rrega del Consell Insular de Formentera, gestionada amb EVcharge.\" \/>\n<meta name=\"robots\" content=\"noindex, follow, max-snippet:-1, max-image-preview:large, max-video-preview:-1\" \/>\n<meta property=\"og:locale\" content=\"ca_ES\" \/>\n<meta property=\"og:type\" content=\"article\" \/>\n<meta property=\"og:title\" content=\"Etecnic360 amplia la xarxa p\u00fablica de rec\u00e0rrega de Formentera\" \/>\n<meta property=\"og:description\" content=\"Descobreix el projecte desenvolupat per Etecnic360 per al Consell Insular de Formentera: 12 carregadors, gesti\u00f3 digital amb EVcharge i integraci\u00f3 en la xarxa MELIB.\" \/>\n<meta property=\"og:url\" content=\"https:\/\/etecnic.bisiestodeveloper.es\/ca\/esdeveniments\/etecnic360-finalitza-el-projecte-dexpansio-dels-punts-de-recarrega-del-consell-insular-de-formentera\/\" \/>\n<meta property=\"og:site_name\" content=\"Etecnic\" \/>\n<meta property=\"article:published_time\" content=\"2026-01-12T11:33:00+00:00\" \/>\n<meta property=\"article:modified_time\" content=\"2026-07-28T08:11:43+00:00\" \/>\n<meta property=\"og:image\" content=\"https:\/\/etecnic.bisiestodeveloper.es\/wp-content\/uploads\/2026\/01\/Blog-Municipalia-2025-5-700x454.jpg\" \/>\n<meta name=\"author\" content=\"anna-etecnic\" \/>\n<meta name=\"twitter:card\" content=\"summary_large_image\" \/>\n<meta name=\"twitter:label1\" content=\"Escrit per\" \/>\n\t<meta name=\"twitter:data1\" content=\"anna-etecnic\" \/>\n\t<meta name=\"twitter:label2\" content=\"Temps estimat de lectura\" \/>\n\t<meta name=\"twitter:data2\" content=\"4 minuts\" \/>\n<script type=\"application\/ld+json\" class=\"yoast-schema-graph\">{\"@context\":\"https:\/\/schema.org\",\"@graph\":[{\"@type\":\"Article\",\"@id\":\"https:\/\/etecnic.bisiestodeveloper.es\/ca\/esdeveniments\/etecnic360-finalitza-el-projecte-dexpansio-dels-punts-de-recarrega-del-consell-insular-de-formentera\/#article\",\"isPartOf\":{\"@id\":\"https:\/\/etecnic.bisiestodeveloper.es\/ca\/esdeveniments\/etecnic360-finalitza-el-projecte-dexpansio-dels-punts-de-recarrega-del-consell-insular-de-formentera\/\"},\"author\":{\"name\":\"anna-etecnic\",\"@id\":\"https:\/\/etecnic.bisiestodeveloper.es\/ca\/#\/schema\/person\/0da7a3465710726a5fa6d735b8a7e686\"},\"headline\":\"Etecnic360 finalitza el projecte d&#8217;expansi\u00f3 dels punts de rec\u00e0rrega del Consell Insular de Formentera.\",\"datePublished\":\"2026-01-12T11:33:00+00:00\",\"dateModified\":\"2026-07-28T08:11:43+00:00\",\"mainEntityOfPage\":{\"@id\":\"https:\/\/etecnic.bisiestodeveloper.es\/ca\/esdeveniments\/etecnic360-finalitza-el-projecte-dexpansio-dels-punts-de-recarrega-del-consell-insular-de-formentera\/\"},\"wordCount\":909,\"publisher\":{\"@id\":\"https:\/\/etecnic.bisiestodeveloper.es\/ca\/#organization\"},\"image\":{\"@id\":\"https:\/\/etecnic.bisiestodeveloper.es\/ca\/esdeveniments\/etecnic360-finalitza-el-projecte-dexpansio-dels-punts-de-recarrega-del-consell-insular-de-formentera\/#primaryimage\"},\"thumbnailUrl\":\"https:\/\/etecnic.bisiestodeveloper.es\/wp-content\/uploads\/2026\/01\/Blog-Municipalia-2025-5.jpg\",\"articleSection\":[\"Esdeveniments\",\"Etecnic\",\"EVcharge\",\"Projectes\",\"Sector\"],\"inLanguage\":\"ca\"},{\"@type\":\"WebPage\",\"@id\":\"https:\/\/etecnic.bisiestodeveloper.es\/ca\/esdeveniments\/etecnic360-finalitza-el-projecte-dexpansio-dels-punts-de-recarrega-del-consell-insular-de-formentera\/\",\"url\":\"https:\/\/etecnic.bisiestodeveloper.es\/ca\/esdeveniments\/etecnic360-finalitza-el-projecte-dexpansio-dels-punts-de-recarrega-del-consell-insular-de-formentera\/\",\"name\":\"Etecnic360 amplia la xarxa de punts de rec\u00e0rrega de Formentera\",\"isPartOf\":{\"@id\":\"https:\/\/etecnic.bisiestodeveloper.es\/ca\/#website\"},\"primaryImageOfPage\":{\"@id\":\"https:\/\/etecnic.bisiestodeveloper.es\/ca\/esdeveniments\/etecnic360-finalitza-el-projecte-dexpansio-dels-punts-de-recarrega-del-consell-insular-de-formentera\/#primaryimage\"},\"image\":{\"@id\":\"https:\/\/etecnic.bisiestodeveloper.es\/ca\/esdeveniments\/etecnic360-finalitza-el-projecte-dexpansio-dels-punts-de-recarrega-del-consell-insular-de-formentera\/#primaryimage\"},\"thumbnailUrl\":\"https:\/\/etecnic.bisiestodeveloper.es\/wp-content\/uploads\/2026\/01\/Blog-Municipalia-2025-5.jpg\",\"datePublished\":\"2026-01-12T11:33:00+00:00\",\"dateModified\":\"2026-07-28T08:11:43+00:00\",\"description\":\"Etecnic360 finalitza l'ampliaci\u00f3 de la xarxa p\u00fablica de punts de rec\u00e0rrega del Consell Insular de Formentera, gestionada amb EVcharge.\",\"breadcrumb\":{\"@id\":\"https:\/\/etecnic.bisiestodeveloper.es\/ca\/esdeveniments\/etecnic360-finalitza-el-projecte-dexpansio-dels-punts-de-recarrega-del-consell-insular-de-formentera\/#breadcrumb\"},\"inLanguage\":\"ca\",\"potentialAction\":[{\"@type\":\"ReadAction\",\"target\":[\"https:\/\/etecnic.bisiestodeveloper.es\/ca\/esdeveniments\/etecnic360-finalitza-el-projecte-dexpansio-dels-punts-de-recarrega-del-consell-insular-de-formentera\/\"]}]},{\"@type\":\"ImageObject\",\"inLanguage\":\"ca\",\"@id\":\"https:\/\/etecnic.bisiestodeveloper.es\/ca\/esdeveniments\/etecnic360-finalitza-el-projecte-dexpansio-dels-punts-de-recarrega-del-consell-insular-de-formentera\/#primaryimage\",\"url\":\"https:\/\/etecnic.bisiestodeveloper.es\/wp-content\/uploads\/2026\/01\/Blog-Municipalia-2025-5.jpg\",\"contentUrl\":\"https:\/\/etecnic.bisiestodeveloper.es\/wp-content\/uploads\/2026\/01\/Blog-Municipalia-2025-5.jpg\",\"width\":1110,\"height\":720},{\"@type\":\"BreadcrumbList\",\"@id\":\"https:\/\/etecnic.bisiestodeveloper.es\/ca\/esdeveniments\/etecnic360-finalitza-el-projecte-dexpansio-dels-punts-de-recarrega-del-consell-insular-de-formentera\/#breadcrumb\",\"itemListElement\":[{\"@type\":\"ListItem\",\"position\":1,\"name\":\"Portada\",\"item\":\"https:\/\/etecnic.bisiestodeveloper.es\/ca\/\"},{\"@type\":\"ListItem\",\"position\":2,\"name\":\"Etecnic360 finalitza el projecte d&#8217;expansi\u00f3 dels punts de rec\u00e0rrega del Consell Insular de Formentera.\"}]},{\"@type\":\"WebSite\",\"@id\":\"https:\/\/etecnic.bisiestodeveloper.es\/ca\/#website\",\"url\":\"https:\/\/etecnic.bisiestodeveloper.es\/ca\/\",\"name\":\"Etecnic\",\"description\":\"\",\"publisher\":{\"@id\":\"https:\/\/etecnic.bisiestodeveloper.es\/ca\/#organization\"},\"potentialAction\":[{\"@type\":\"SearchAction\",\"target\":{\"@type\":\"EntryPoint\",\"urlTemplate\":\"https:\/\/etecnic.bisiestodeveloper.es\/ca\/?s={search_term_string}\"},\"query-input\":{\"@type\":\"PropertyValueSpecification\",\"valueRequired\":true,\"valueName\":\"search_term_string\"}}],\"inLanguage\":\"ca\"},{\"@type\":\"Organization\",\"@id\":\"https:\/\/etecnic.bisiestodeveloper.es\/ca\/#organization\",\"name\":\"Etecnic\",\"url\":\"https:\/\/etecnic.bisiestodeveloper.es\/ca\/\",\"logo\":{\"@type\":\"ImageObject\",\"inLanguage\":\"ca\",\"@id\":\"https:\/\/etecnic.bisiestodeveloper.es\/ca\/#\/schema\/logo\/image\/\",\"url\":\"https:\/\/etecnic.bisiestodeveloper.es\/wp-content\/uploads\/2025\/06\/logo-etecnic-blanco.png\",\"contentUrl\":\"https:\/\/etecnic.bisiestodeveloper.es\/wp-content\/uploads\/2025\/06\/logo-etecnic-blanco.png\",\"width\":1000,\"height\":500,\"caption\":\"Etecnic\"},\"image\":{\"@id\":\"https:\/\/etecnic.bisiestodeveloper.es\/ca\/#\/schema\/logo\/image\/\"}},{\"@type\":\"Person\",\"@id\":\"https:\/\/etecnic.bisiestodeveloper.es\/ca\/#\/schema\/person\/0da7a3465710726a5fa6d735b8a7e686\",\"name\":\"anna-etecnic\",\"url\":\"https:\/\/etecnic.bisiestodeveloper.es\/ca\/author\/anna-etecnic\/\"}]}<\/script>\n<!-- \/ Yoast SEO plugin. -->","yoast_head_json":{"title":"Etecnic360 amplia la xarxa de punts de rec\u00e0rrega de Formentera","description":"Etecnic360 finalitza l'ampliaci\u00f3 de la xarxa p\u00fablica de punts de rec\u00e0rrega del Consell Insular de Formentera, gestionada amb EVcharge.","robots":{"index":"noindex","follow":"follow","max-snippet":"max-snippet:-1","max-image-preview":"max-image-preview:large","max-video-preview":"max-video-preview:-1"},"og_locale":"ca_ES","og_type":"article","og_title":"Etecnic360 amplia la xarxa p\u00fablica de rec\u00e0rrega de Formentera","og_description":"Descobreix el projecte desenvolupat per Etecnic360 per al Consell Insular de Formentera: 12 carregadors, gesti\u00f3 digital amb EVcharge i integraci\u00f3 en la xarxa MELIB.","og_url":"https:\/\/etecnic.bisiestodeveloper.es\/ca\/esdeveniments\/etecnic360-finalitza-el-projecte-dexpansio-dels-punts-de-recarrega-del-consell-insular-de-formentera\/","og_site_name":"Etecnic","article_published_time":"2026-01-12T11:33:00+00:00","article_modified_time":"2026-07-28T08:11:43+00:00","og_image":[{"url":"https:\/\/etecnic.bisiestodeveloper.es\/wp-content\/uploads\/2026\/01\/Blog-Municipalia-2025-5-700x454.jpg","type":"","width":"","height":""}],"author":"anna-etecnic","twitter_card":"summary_large_image","twitter_misc":{"Escrit per":"anna-etecnic","Temps estimat de lectura":"4 minuts"},"schema":{"@context":"https:\/\/schema.org","@graph":[{"@type":"Article","@id":"https:\/\/etecnic.bisiestodeveloper.es\/ca\/esdeveniments\/etecnic360-finalitza-el-projecte-dexpansio-dels-punts-de-recarrega-del-consell-insular-de-formentera\/#article","isPartOf":{"@id":"https:\/\/etecnic.bisiestodeveloper.es\/ca\/esdeveniments\/etecnic360-finalitza-el-projecte-dexpansio-dels-punts-de-recarrega-del-consell-insular-de-formentera\/"},"author":{"name":"anna-etecnic","@id":"https:\/\/etecnic.bisiestodeveloper.es\/ca\/#\/schema\/person\/0da7a3465710726a5fa6d735b8a7e686"},"headline":"Etecnic360 finalitza el projecte d&#8217;expansi\u00f3 dels punts de rec\u00e0rrega del Consell Insular de Formentera.","datePublished":"2026-01-12T11:33:00+00:00","dateModified":"2026-07-28T08:11:43+00:00","mainEntityOfPage":{"@id":"https:\/\/etecnic.bisiestodeveloper.es\/ca\/esdeveniments\/etecnic360-finalitza-el-projecte-dexpansio-dels-punts-de-recarrega-del-consell-insular-de-formentera\/"},"wordCount":909,"publisher":{"@id":"https:\/\/etecnic.bisiestodeveloper.es\/ca\/#organization"},"image":{"@id":"https:\/\/etecnic.bisiestodeveloper.es\/ca\/esdeveniments\/etecnic360-finalitza-el-projecte-dexpansio-dels-punts-de-recarrega-del-consell-insular-de-formentera\/#primaryimage"},"thumbnailUrl":"https:\/\/etecnic.bisiestodeveloper.es\/wp-content\/uploads\/2026\/01\/Blog-Municipalia-2025-5.jpg","articleSection":["Esdeveniments","Etecnic","EVcharge","Projectes","Sector"],"inLanguage":"ca"},{"@type":"WebPage","@id":"https:\/\/etecnic.bisiestodeveloper.es\/ca\/esdeveniments\/etecnic360-finalitza-el-projecte-dexpansio-dels-punts-de-recarrega-del-consell-insular-de-formentera\/","url":"https:\/\/etecnic.bisiestodeveloper.es\/ca\/esdeveniments\/etecnic360-finalitza-el-projecte-dexpansio-dels-punts-de-recarrega-del-consell-insular-de-formentera\/","name":"Etecnic360 amplia la xarxa de punts de rec\u00e0rrega de Formentera","isPartOf":{"@id":"https:\/\/etecnic.bisiestodeveloper.es\/ca\/#website"},"primaryImageOfPage":{"@id":"https:\/\/etecnic.bisiestodeveloper.es\/ca\/esdeveniments\/etecnic360-finalitza-el-projecte-dexpansio-dels-punts-de-recarrega-del-consell-insular-de-formentera\/#primaryimage"},"image":{"@id":"https:\/\/etecnic.bisiestodeveloper.es\/ca\/esdeveniments\/etecnic360-finalitza-el-projecte-dexpansio-dels-punts-de-recarrega-del-consell-insular-de-formentera\/#primaryimage"},"thumbnailUrl":"https:\/\/etecnic.bisiestodeveloper.es\/wp-content\/uploads\/2026\/01\/Blog-Municipalia-2025-5.jpg","datePublished":"2026-01-12T11:33:00+00:00","dateModified":"2026-07-28T08:11:43+00:00","description":"Etecnic360 finalitza l'ampliaci\u00f3 de la xarxa p\u00fablica de punts de rec\u00e0rrega del Consell Insular de Formentera, gestionada amb EVcharge.","breadcrumb":{"@id":"https:\/\/etecnic.bisiestodeveloper.es\/ca\/esdeveniments\/etecnic360-finalitza-el-projecte-dexpansio-dels-punts-de-recarrega-del-consell-insular-de-formentera\/#breadcrumb"},"inLanguage":"ca","potentialAction":[{"@type":"ReadAction","target":["https:\/\/etecnic.bisiestodeveloper.es\/ca\/esdeveniments\/etecnic360-finalitza-el-projecte-dexpansio-dels-punts-de-recarrega-del-consell-insular-de-formentera\/"]}]},{"@type":"ImageObject","inLanguage":"ca","@id":"https:\/\/etecnic.bisiestodeveloper.es\/ca\/esdeveniments\/etecnic360-finalitza-el-projecte-dexpansio-dels-punts-de-recarrega-del-consell-insular-de-formentera\/#primaryimage","url":"https:\/\/etecnic.bisiestodeveloper.es\/wp-content\/uploads\/2026\/01\/Blog-Municipalia-2025-5.jpg","contentUrl":"https:\/\/etecnic.bisiestodeveloper.es\/wp-content\/uploads\/2026\/01\/Blog-Municipalia-2025-5.jpg","width":1110,"height":720},{"@type":"BreadcrumbList","@id":"https:\/\/etecnic.bisiestodeveloper.es\/ca\/esdeveniments\/etecnic360-finalitza-el-projecte-dexpansio-dels-punts-de-recarrega-del-consell-insular-de-formentera\/#breadcrumb","itemListElement":[{"@type":"ListItem","position":1,"name":"Portada","item":"https:\/\/etecnic.bisiestodeveloper.es\/ca\/"},{"@type":"ListItem","position":2,"name":"Etecnic360 finalitza el projecte d&#8217;expansi\u00f3 dels punts de rec\u00e0rrega del Consell Insular de Formentera."}]},{"@type":"WebSite","@id":"https:\/\/etecnic.bisiestodeveloper.es\/ca\/#website","url":"https:\/\/etecnic.bisiestodeveloper.es\/ca\/","name":"Etecnic","description":"","publisher":{"@id":"https:\/\/etecnic.bisiestodeveloper.es\/ca\/#organization"},"potentialAction":[{"@type":"SearchAction","target":{"@type":"EntryPoint","urlTemplate":"https:\/\/etecnic.bisiestodeveloper.es\/ca\/?s={search_term_string}"},"query-input":{"@type":"PropertyValueSpecification","valueRequired":true,"valueName":"search_term_string"}}],"inLanguage":"ca"},{"@type":"Organization","@id":"https:\/\/etecnic.bisiestodeveloper.es\/ca\/#organization","name":"Etecnic","url":"https:\/\/etecnic.bisiestodeveloper.es\/ca\/","logo":{"@type":"ImageObject","inLanguage":"ca","@id":"https:\/\/etecnic.bisiestodeveloper.es\/ca\/#\/schema\/logo\/image\/","url":"https:\/\/etecnic.bisiestodeveloper.es\/wp-content\/uploads\/2025\/06\/logo-etecnic-blanco.png","contentUrl":"https:\/\/etecnic.bisiestodeveloper.es\/wp-content\/uploads\/2025\/06\/logo-etecnic-blanco.png","width":1000,"height":500,"caption":"Etecnic"},"image":{"@id":"https:\/\/etecnic.bisiestodeveloper.es\/ca\/#\/schema\/logo\/image\/"}},{"@type":"Person","@id":"https:\/\/etecnic.bisiestodeveloper.es\/ca\/#\/schema\/person\/0da7a3465710726a5fa6d735b8a7e686","name":"anna-etecnic","url":"https:\/\/etecnic.bisiestodeveloper.es\/ca\/author\/anna-etecnic\/"}]}},"_links":{"self":[{"href":"https:\/\/etecnic.bisiestodeveloper.es\/ca\/wp-json\/wp\/v2\/posts\/37590","targetHints":{"allow":["GET"]}}],"collection":[{"href":"https:\/\/etecnic.bisiestodeveloper.es\/ca\/wp-json\/wp\/v2\/posts"}],"about":[{"href":"https:\/\/etecnic.bisiestodeveloper.es\/ca\/wp-json\/wp\/v2\/types\/post"}],"author":[{"embeddable":true,"href":"https:\/\/etecnic.bisiestodeveloper.es\/ca\/wp-json\/wp\/v2\/users\/4"}],"replies":[{"embeddable":true,"href":"https:\/\/etecnic.bisiestodeveloper.es\/ca\/wp-json\/wp\/v2\/comments?post=37590"}],"version-history":[{"count":3,"href":"https:\/\/etecnic.bisiestodeveloper.es\/ca\/wp-json\/wp\/v2\/posts\/37590\/revisions"}],"predecessor-version":[{"id":37593,"href":"https:\/\/etecnic.bisiestodeveloper.es\/ca\/wp-json\/wp\/v2\/posts\/37590\/revisions\/37593"}],"wp:featuredmedia":[{"embeddable":true,"href":"https:\/\/etecnic.bisiestodeveloper.es\/ca\/wp-json\/wp\/v2\/media\/31915"}],"wp:attachment":[{"href":"https:\/\/etecnic.bisiestodeveloper.es\/ca\/wp-json\/wp\/v2\/media?parent=37590"}],"wp:term":[{"taxonomy":"category","embeddable":true,"href":"https:\/\/etecnic.bisiestodeveloper.es\/ca\/wp-json\/wp\/v2\/categories?post=37590"},{"taxonomy":"post_tag","embeddable":true,"href":"https:\/\/etecnic.bisiestodeveloper.es\/ca\/wp-json\/wp\/v2\/tags?post=37590"}],"curies":[{"name":"wp","href":"https:\/\/api.w.org\/{rel}","templated":true}]}}