{"id":37568,"date":"2025-11-12T11:22:00","date_gmt":"2025-11-12T11:22:00","guid":{"rendered":"https:\/\/etecnic.bisiestodeveloper.es\/etecnic_cat\/smart-pricing-de-evcharge-reconegut-amb-multiples-premis-pel-seu-lideratge-en-innovacio-i-sostenibilitat-en-mobilitat-electrica\/"},"modified":"2026-07-27T11:32:38","modified_gmt":"2026-07-27T11:32:38","slug":"smart-pricing-de-evcharge-reconegut-amb-multiples-premis-pel-seu-lideratge-en-innovacio-i-sostenibilitat-en-mobilitat-electrica","status":"publish","type":"post","link":"https:\/\/etecnic.bisiestodeveloper.es\/ca\/etecnic_cat\/smart-pricing-de-evcharge-reconegut-amb-multiples-premis-pel-seu-lideratge-en-innovacio-i-sostenibilitat-en-mobilitat-electrica\/","title":{"rendered":"Smart Pricing de EVcharge, reconegut amb m\u00faltiples premis pel seu lideratge en innovaci\u00f3 i sostenibilitat en mobilitat el\u00e8ctrica"},"content":{"rendered":"\t\t<div data-elementor-type=\"wp-post\" data-elementor-id=\"37568\" class=\"elementor elementor-37568 elementor-37561\" data-elementor-post-type=\"post\">\n\t\t\t\t<div class=\"elementor-element elementor-element-613ac041 e-flex e-con-boxed e-con e-parent\" data-id=\"613ac041\" data-element_type=\"container\" data-settings=\"{&quot;jet_parallax_layout_list&quot;:[]}\">\n\t\t\t\t\t<div class=\"e-con-inner\">\n\t\t\t\t<div class=\"elementor-element elementor-element-60bc20fc elementor-widget elementor-widget-text-editor\" data-id=\"60bc20fc\" data-element_type=\"widget\" data-widget_type=\"text-editor.default\">\n\t\t\t\t<div class=\"elementor-widget-container\">\n\t\t\t\t\t\t\t\t\t<div class=\"fusion-text\">\n<p style=\"margin-bottom: 20px;\"><strong>Etecnic<\/strong> consolida la seva posici\u00f3 com a referent en la innovaci\u00f3 aplicada a la mobilitat el\u00e8ctrica amb la seva soluci\u00f3 <a style=\"color: #00e9ef; font-weight: bold; text-decoration: none;\" href=\"https:\/\/evcharge.com\/\" target=\"_blank\" rel=\"noopener\">Smart Pricing<\/a>, un sistema pioner de tarificaci\u00f3 din\u00e0mica intel\u00b7ligent que est\u00e0 transformant la gesti\u00f3 de la rec\u00e0rrega p\u00fablica de vehicles el\u00e8ctrics.<\/p>\n<p style=\"margin-bottom: 25px;\">El projecte ha estat guardonat recentment amb el <strong>Premi AEDIVE \u2013 Santiago Losada al Projecte Empresarial m\u00e9s Innovador<\/strong> en el <strong>Congr\u00e9s Europeu de Mobilitat El\u00e8ctrica (CEVE 2025)<\/strong>, i ha rebut diversos reconeixements nacionals i internacionals que avalen el seu impacte tecnol\u00f2gic i ambiental, com l&#8217;atorgat per <strong>Empresas por la Movilidad Sostenible<\/strong>, la seva nominaci\u00f3 com a <strong>finalista en els premis The Smarter E AWARDS<\/strong>, i la distinci\u00f3 <strong>TIC Catalunya Sud<\/strong>.<\/p>\n<h3 class=\"fusion-responsive-typography-calculated\" style=\"color: #03176e; font-weight: bold; margin-top: 20px !important; margin-bottom: 15px !important;\" data-fontsize=\"24\" data-lineheight=\"26.4px\">Smart Pricing: intel\u00b7lig\u00e8ncia i efici\u00e8ncia al servei de la mobilitat el\u00e8ctrica<\/h3>\n<p style=\"margin-bottom: 15px;\">Desenvolupat per Etecnic dins de la seva plataforma <a style=\"color: #00e9ef; font-weight: bold; text-decoration: none;\" href=\"https:\/\/evcharge.com\/\" target=\"_blank\" rel=\"noopener\">EVcharge<\/a>, <strong>Smart Pricing<\/strong> permet aplicar tarifes din\u00e0miques en temps real, basant-se en factors com l&#8217;ocupaci\u00f3 dels carregadors, la generaci\u00f3 solar, el cost energ\u00e8tic o l&#8217;estat de les bateries.<\/p>\n<p style=\"margin-bottom: 15px;\">El seu algorisme optimitza el consum, millora la rendibilitat dels operadors i fomenta un \u00fas m\u00e9s sostenible dels recursos el\u00e8ctrics, beneficiant tant a empreses com a usuaris finals.<\/p>\n<p style=\"margin-bottom: 25px;\">El sistema es troba actualment en <strong>fase pilot al HUB de rec\u00e0rrega ultrar\u00e0pida de Tarragona<\/strong>, on s&#8217;ha demostrat la seva capacitat per gestionar de forma intel\u00b7ligent l&#8217;energia en entorns d&#8217;alta demanda, impulsant un model de mobilitat m\u00e9s eficient, digital i connectat.<\/p>\n<h3 class=\"fusion-responsive-typography-calculated\" style=\"color: #03176e; font-weight: bold; margin-top: 20px !important; margin-bottom: 15px !important;\" data-fontsize=\"24\" data-lineheight=\"26.4px\">Resultats del pilot al HUB de rec\u00e0rrega ultrar\u00e0pida \u201cCarregadors LOW COST\u201d de WEIDERAUTO Electric<\/h3>\n<p style=\"margin-bottom: 15px;\">El projecte, desenvolupat amb el suport d&#8217;<strong>ACCI\u00d3<\/strong> i la col\u00b7laboraci\u00f3 de <strong>Weiderauto Electric<\/strong>, ha assolit resultats excepcionals:<\/p>\n<div style=\"border-left: 6px solid #03176e; background-color: #f4f6f9; padding: 25px 30px; border-radius: 0 8px 8px 0; margin-top: 15px; margin-bottom: 20px; box-sizing: border-box;\">\n<ul style=\"margin: 0; padding-left: 20px; list-style-type: disc; color: #03176e; font-size: 15px; line-height: 1.8;\">\n<li style=\"margin-bottom: 8px;\"><span style=\"color: #333333;\"><strong>+87 %<\/strong> d&#8217;increment en l&#8217;\u00fas dels punts de rec\u00e0rrega.<\/span><\/li>\n<li style=\"margin-bottom: 8px;\"><span style=\"color: #333333;\"><strong>+89 %<\/strong> d&#8217;augment en energia subministrada.<\/span><\/li>\n<li style=\"margin-bottom: 8px;\"><span style=\"color: #333333;\"><strong>Cobertura fotovoltaica mitjana superior al 60 %<\/strong>, amb reduccions de costos energ\u00e8tics del 54\u201386 %.<\/span><\/li>\n<li style=\"margin-bottom: 0;\"><span style=\"color: #333333;\"><strong>Valoraci\u00f3 mitjana de 8,7\/10<\/strong> per part dels usuaris, dels quals un 72,8 % va afirmar que la tarificaci\u00f3 din\u00e0mica va influir en la seva decisi\u00f3 de rec\u00e0rrega.<\/span><\/li>\n<\/ul>\n<\/div>\n<p><\/p>\n<p style=\"margin-bottom: 25px;\">Aquests resultats confirmen que la tarificaci\u00f3 intel\u00b7ligent \u00e9s una eina clau per avan\u00e7ar cap a un sistema de rec\u00e0rrega m\u00e9s equilibrat, rendible i respectu\u00f3s amb l&#8217;entorn.<\/p>\n<div style=\"position: relative; padding-bottom: 56.25%; height: 0; overflow: hidden; max-width: 100%; margin-top: 20px; margin-bottom: 30px;\"><iframe style=\"position: absolute; top: 0; left: 0; width: 100%; height: 100%; border: 0;\" title=\"Projecte integral HUB de rec\u00e0rrega ultrar\u00e0pida\" src=\"https:\/\/www.youtube.com\/embed\/WhrjPJ7gqso\" allowfullscreen=\"allowfullscreen\"><\/iframe><\/div>\n<p><\/p>\n<h3 class=\"fusion-responsive-typography-calculated\" style=\"color: #03176e; font-weight: bold; margin-top: 20px !important; margin-bottom: 15px !important;\" data-fontsize=\"24\" data-lineheight=\"26.4px\">Reconeixements nacionals i internacionals<\/h3>\n<p><\/p>\n<p style=\"margin-bottom: 15px;\">L&#8217;<strong>\u00e8xit de Smart Pricing<\/strong> ha estat \u00e0mpliament reconegut:<\/p>\n<div style=\"border-left: 6px solid #03176e; background-color: #f4f6f9; padding: 25px 30px; border-radius: 0 8px 8px 0; margin-top: 15px; margin-bottom: 20px; box-sizing: border-box;\">\n<ul style=\"margin: 0; padding-left: 20px; list-style-type: disc; color: #03176e; font-size: 15px; line-height: 1.8;\">\n<li style=\"margin-bottom: 8px;\"><span style=\"color: #333333;\"><strong>Acc\u00e8ssit en els Premis QIA 2025<\/strong> per la innovaci\u00f3 en la gesti\u00f3 intel\u00b7ligent de tarifes.<\/span><\/li>\n<li style=\"margin-bottom: 8px;\"><span style=\"color: #333333;\"><strong>Premi AEDIVE \u2013 Santiago Losada (CEVE 2025)<\/strong> al Projecte Empresarial M\u00e9s Innovador.<\/span><\/li>\n<li style=\"margin-bottom: 8px;\"><span style=\"color: #333333;\"><strong>Premi PIME en els V Premis Internacionals de Mobilitat<\/strong> per Empresas por la Movilidad Sostenible.<\/span><\/li>\n<li style=\"margin-bottom: 8px;\"><span style=\"color: #333333;\"><strong>Finalista en The Smarter E AWARDS 2025 (M\u00fanic)<\/strong> en la categoria eMobility.<\/span><\/li>\n<li style=\"margin-bottom: 0;\"><span style=\"color: #333333;\"><strong>Reconeixement en els Premis TIC Catalunya Sud<\/strong> per la seva contribuci\u00f3 tecnol\u00f2gica al desenvolupament sostenible.<\/span><\/li>\n<\/ul>\n<\/div>\n<p><\/p>\n<p style=\"margin-bottom: 25px;\">Aquests guardons situen <strong>Etecnic i Smart Pricing<\/strong> com a referents d&#8217;innovaci\u00f3 en la transici\u00f3 energ\u00e8tica i la mobilitat intel\u00b7ligent.<\/p>\n<h3 class=\"fusion-responsive-typography-calculated\" style=\"color: #03176e; font-weight: bold; margin-top: 20px !important; margin-bottom: 15px !important;\" data-fontsize=\"24\" data-lineheight=\"26.4px\">Un model empresarial basat en la sostenibilitat i la digitalitzaci\u00f3<\/h3>\n<p><\/p>\n<p style=\"margin-bottom: 15px;\">Amb seu a <strong>Reus<\/strong> i m\u00e9s d&#8217;una d\u00e8cada d&#8217;experi\u00e8ncia, <strong>Etecnic Movilitat El\u00e8ctrica<\/strong> s&#8217;ha consolidat com el <strong>tercer operador de rec\u00e0rrega a Espanya<\/strong>, gestionant m\u00e9s de 16.000 punts de rec\u00e0rrega.<\/p>\n<p><\/p>\n<p style=\"margin-bottom: 25px;\">El seu comprom\u00eds amb la sostenibilitat es reflecteix tamb\u00e9 en projectes internacionals com <strong>ProMEC (Cap Verd)<\/strong>, guardonat amb el Premi Especial Internacional, on Etecnic ha participat en el desplegament de la primera xarxa p\u00fablica nacional de rec\u00e0rrega intel\u00b7ligent a l&#8217;\u00c0frica Occidental.<\/p>\n<h3 class=\"fusion-responsive-typography-calculated\" style=\"color: #03176e; font-weight: bold; margin-top: 20px !important; margin-bottom: 15px !important;\" data-fontsize=\"24\" data-lineheight=\"26.4px\">Declaraci\u00f3 institucional<\/h3>\n<p><\/p>\n<div style=\"border-left: 6px solid #03176e; background-color: #f4f6f9; padding: 25px 30px; border-radius: 0 8px 8px 0; margin-top: 15px; margin-bottom: 25px; box-sizing: border-box;\">\n<p style=\"font-style: italic; color: #333333; line-height: 1.6; font-size: 16px; margin-bottom: 10px;\">\u00abAquest reconeixement ens empeny a continuar innovant. Creiem fermament que les PIMES s\u00f3n el motor de la innovaci\u00f3 que Europa necessita\u00bb.<\/p>\n<p style=\"font-weight: bold; color: #03176e; margin-bottom: 0;\">Jorge R\u00edos Cort\u00e9s, <span style=\"font-style: italic; font-weight: normal; color: #333333;\">CEO d&#8217;Etecnic Movilitat El\u00e8ctrica<\/span><\/p>\n<\/div>\n<p><\/p>\n<h3 class=\"fusion-responsive-typography-calculated\" style=\"color: #03176e; font-weight: bold; margin-top: 20px !important; margin-bottom: 15px !important;\" data-fontsize=\"24\" data-lineheight=\"26.4px\">Sobre WEIDERAUTO ELECTRIC<\/h3>\n<p><\/p>\n<p style=\"margin-bottom: 15px;\">Fundada el 2010, WEIDERAUTO SL s&#8217;especialitza en la venda a l&#8217;engr\u00f2s de vehicles, consolidant-se inicialment al mercat alemany. Amb el temps, la companyia ha ampliat el seu abast comercial a mercats europeus com els <strong>Pa\u00efsos Baixos, B\u00e8lgica, Dinamarca, It\u00e0lia, Fran\u00e7a i Portugal<\/strong>. El 2022, va assolir un r\u00e8cord de vendes amb una facturaci\u00f3 aproximada de 26 milions d&#8217;euros.<\/p>\n<p><\/p>\n<p style=\"margin-bottom: 15px;\">Amb una ferma aposta per la innovaci\u00f3 i la sostenibilitat, <strong>WEIDERAUTO ELECTRIC<\/strong> impulsa projectes que combinen tecnologia avan\u00e7ada i respecte pel medi ambient. Aquest comprom\u00eds guia la seva estrat\u00e8gia de creixement i li permet oferir solucions que responguin a les necessitats de mobilitat del futur, mantenint el foc en l&#8217;efici\u00e8ncia energ\u00e8tica i l&#8217;experi\u00e8ncia del client.<\/p>\n<p><\/p>\n<p style=\"margin-bottom: 0;\">Aquest important projecte ha portat a la fundaci\u00f3 de WEIDERAUTO ELECTRIC, una iniciativa que refor\u00e7a el comprom\u00eds de la companyia amb la <strong>mobilitat sostenible<\/strong> i la <strong>transici\u00f3 energ\u00e8tica<\/strong>.<\/p>\n<\/div>\n\t\t\t\t\t\t\t\t<\/div>\n\t\t\t\t<\/div>\n\t\t\t\t\t<\/div>\n\t\t\t\t<\/div>\n\t\t\t\t<\/div>\n\t\t","protected":false},"excerpt":{"rendered":"<p>Etecnic consolida la seva posici\u00f3 com a referent en la innovaci\u00f3 aplicada a la mobilitat el\u00e8ctrica amb la seva soluci\u00f3 Smart Pricing, un sistema pioner de tarificaci\u00f3 din\u00e0mica intel\u00b7ligent que est\u00e0 transformant la gesti\u00f3 de la rec\u00e0rrega p\u00fablica de vehicles el\u00e8ctrics. El projecte ha estat guardonat recentment amb el Premi AEDIVE \u2013 Santiago Losada al [&hellip;]<\/p>\n","protected":false},"author":4,"featured_media":37560,"comment_status":"closed","ping_status":"closed","sticky":false,"template":"","format":"standard","meta":{"footnotes":""},"categories":[633,640,650,635],"tags":[],"class_list":["post-37568","post","type-post","status-publish","format-standard","has-post-thumbnail","hentry","category-etecnic_cat","category-evcharge","category-premis","category-sector"],"yoast_head":"<!-- This site is optimized with the Yoast SEO plugin v26.5 - https:\/\/yoast.com\/wordpress\/plugins\/seo\/ -->\n<title>Smart Pricing de EVcharge, reconegut amb m\u00faltiples premis.<\/title>\n<meta name=\"description\" content=\"Etecnic Mobilitat El\u00e8ctrica es consolida com a referent en innovaci\u00f3 en mobilitat el\u00e8ctrica amb Smart Pricing.\" \/>\n<meta name=\"robots\" content=\"noindex, follow, max-snippet:-1, max-image-preview:large, max-video-preview:-1\" \/>\n<meta property=\"og:locale\" content=\"ca_ES\" \/>\n<meta property=\"og:type\" content=\"article\" \/>\n<meta property=\"og:title\" content=\"Smart Pricing de EVcharge, reconegut amb m\u00faltiples premis.\" \/>\n<meta property=\"og:description\" content=\"Etecnic Mobilitat El\u00e8ctrica es consolida com a referent en innovaci\u00f3 en mobilitat el\u00e8ctrica amb Smart Pricing.\" \/>\n<meta property=\"og:url\" content=\"https:\/\/etecnic.bisiestodeveloper.es\/ca\/etecnic_cat\/smart-pricing-de-evcharge-reconegut-amb-multiples-premis-pel-seu-lideratge-en-innovacio-i-sostenibilitat-en-mobilitat-electrica\/\" \/>\n<meta property=\"og:site_name\" content=\"Etecnic\" \/>\n<meta property=\"article:published_time\" content=\"2025-11-12T11:22:00+00:00\" \/>\n<meta property=\"article:modified_time\" content=\"2026-07-27T11:32:38+00:00\" \/>\n<meta property=\"og:image\" content=\"https:\/\/etecnic.bisiestodeveloper.es\/wp-content\/uploads\/2026\/07\/Blog-MOVES-III-17-700x454.jpg\" \/>\n<meta name=\"author\" content=\"anna-etecnic\" \/>\n<meta name=\"twitter:card\" content=\"summary_large_image\" \/>\n<meta name=\"twitter:label1\" content=\"Escrit per\" \/>\n\t<meta name=\"twitter:data1\" content=\"anna-etecnic\" \/>\n\t<meta name=\"twitter:label2\" content=\"Temps estimat de lectura\" \/>\n\t<meta name=\"twitter:data2\" content=\"4 minuts\" \/>\n<script type=\"application\/ld+json\" class=\"yoast-schema-graph\">{\"@context\":\"https:\/\/schema.org\",\"@graph\":[{\"@type\":\"Article\",\"@id\":\"https:\/\/etecnic.bisiestodeveloper.es\/ca\/etecnic_cat\/smart-pricing-de-evcharge-reconegut-amb-multiples-premis-pel-seu-lideratge-en-innovacio-i-sostenibilitat-en-mobilitat-electrica\/#article\",\"isPartOf\":{\"@id\":\"https:\/\/etecnic.bisiestodeveloper.es\/ca\/etecnic_cat\/smart-pricing-de-evcharge-reconegut-amb-multiples-premis-pel-seu-lideratge-en-innovacio-i-sostenibilitat-en-mobilitat-electrica\/\"},\"author\":{\"name\":\"anna-etecnic\",\"@id\":\"https:\/\/etecnic.bisiestodeveloper.es\/ca\/#\/schema\/person\/0da7a3465710726a5fa6d735b8a7e686\"},\"headline\":\"Smart Pricing de EVcharge, reconegut amb m\u00faltiples premis pel seu lideratge en innovaci\u00f3 i sostenibilitat en mobilitat el\u00e8ctrica\",\"datePublished\":\"2025-11-12T11:22:00+00:00\",\"dateModified\":\"2026-07-27T11:32:38+00:00\",\"mainEntityOfPage\":{\"@id\":\"https:\/\/etecnic.bisiestodeveloper.es\/ca\/etecnic_cat\/smart-pricing-de-evcharge-reconegut-amb-multiples-premis-pel-seu-lideratge-en-innovacio-i-sostenibilitat-en-mobilitat-electrica\/\"},\"wordCount\":788,\"publisher\":{\"@id\":\"https:\/\/etecnic.bisiestodeveloper.es\/ca\/#organization\"},\"image\":{\"@id\":\"https:\/\/etecnic.bisiestodeveloper.es\/ca\/etecnic_cat\/smart-pricing-de-evcharge-reconegut-amb-multiples-premis-pel-seu-lideratge-en-innovacio-i-sostenibilitat-en-mobilitat-electrica\/#primaryimage\"},\"thumbnailUrl\":\"https:\/\/etecnic.bisiestodeveloper.es\/wp-content\/uploads\/2026\/07\/Blog-MOVES-III-17.jpg\",\"articleSection\":[\"Etecnic\",\"EVcharge\",\"Premis\",\"Sector\"],\"inLanguage\":\"ca\"},{\"@type\":\"WebPage\",\"@id\":\"https:\/\/etecnic.bisiestodeveloper.es\/ca\/etecnic_cat\/smart-pricing-de-evcharge-reconegut-amb-multiples-premis-pel-seu-lideratge-en-innovacio-i-sostenibilitat-en-mobilitat-electrica\/\",\"url\":\"https:\/\/etecnic.bisiestodeveloper.es\/ca\/etecnic_cat\/smart-pricing-de-evcharge-reconegut-amb-multiples-premis-pel-seu-lideratge-en-innovacio-i-sostenibilitat-en-mobilitat-electrica\/\",\"name\":\"Smart Pricing de EVcharge, reconegut amb m\u00faltiples premis.\",\"isPartOf\":{\"@id\":\"https:\/\/etecnic.bisiestodeveloper.es\/ca\/#website\"},\"primaryImageOfPage\":{\"@id\":\"https:\/\/etecnic.bisiestodeveloper.es\/ca\/etecnic_cat\/smart-pricing-de-evcharge-reconegut-amb-multiples-premis-pel-seu-lideratge-en-innovacio-i-sostenibilitat-en-mobilitat-electrica\/#primaryimage\"},\"image\":{\"@id\":\"https:\/\/etecnic.bisiestodeveloper.es\/ca\/etecnic_cat\/smart-pricing-de-evcharge-reconegut-amb-multiples-premis-pel-seu-lideratge-en-innovacio-i-sostenibilitat-en-mobilitat-electrica\/#primaryimage\"},\"thumbnailUrl\":\"https:\/\/etecnic.bisiestodeveloper.es\/wp-content\/uploads\/2026\/07\/Blog-MOVES-III-17.jpg\",\"datePublished\":\"2025-11-12T11:22:00+00:00\",\"dateModified\":\"2026-07-27T11:32:38+00:00\",\"description\":\"Etecnic Mobilitat El\u00e8ctrica es consolida com a referent en innovaci\u00f3 en mobilitat el\u00e8ctrica amb Smart Pricing.\",\"breadcrumb\":{\"@id\":\"https:\/\/etecnic.bisiestodeveloper.es\/ca\/etecnic_cat\/smart-pricing-de-evcharge-reconegut-amb-multiples-premis-pel-seu-lideratge-en-innovacio-i-sostenibilitat-en-mobilitat-electrica\/#breadcrumb\"},\"inLanguage\":\"ca\",\"potentialAction\":[{\"@type\":\"ReadAction\",\"target\":[\"https:\/\/etecnic.bisiestodeveloper.es\/ca\/etecnic_cat\/smart-pricing-de-evcharge-reconegut-amb-multiples-premis-pel-seu-lideratge-en-innovacio-i-sostenibilitat-en-mobilitat-electrica\/\"]}]},{\"@type\":\"ImageObject\",\"inLanguage\":\"ca\",\"@id\":\"https:\/\/etecnic.bisiestodeveloper.es\/ca\/etecnic_cat\/smart-pricing-de-evcharge-reconegut-amb-multiples-premis-pel-seu-lideratge-en-innovacio-i-sostenibilitat-en-mobilitat-electrica\/#primaryimage\",\"url\":\"https:\/\/etecnic.bisiestodeveloper.es\/wp-content\/uploads\/2026\/07\/Blog-MOVES-III-17.jpg\",\"contentUrl\":\"https:\/\/etecnic.bisiestodeveloper.es\/wp-content\/uploads\/2026\/07\/Blog-MOVES-III-17.jpg\",\"width\":1110,\"height\":720},{\"@type\":\"BreadcrumbList\",\"@id\":\"https:\/\/etecnic.bisiestodeveloper.es\/ca\/etecnic_cat\/smart-pricing-de-evcharge-reconegut-amb-multiples-premis-pel-seu-lideratge-en-innovacio-i-sostenibilitat-en-mobilitat-electrica\/#breadcrumb\",\"itemListElement\":[{\"@type\":\"ListItem\",\"position\":1,\"name\":\"Portada\",\"item\":\"https:\/\/etecnic.bisiestodeveloper.es\/ca\/\"},{\"@type\":\"ListItem\",\"position\":2,\"name\":\"Smart Pricing de EVcharge, reconegut amb m\u00faltiples premis pel seu lideratge en innovaci\u00f3 i sostenibilitat en mobilitat el\u00e8ctrica\"}]},{\"@type\":\"WebSite\",\"@id\":\"https:\/\/etecnic.bisiestodeveloper.es\/ca\/#website\",\"url\":\"https:\/\/etecnic.bisiestodeveloper.es\/ca\/\",\"name\":\"Etecnic\",\"description\":\"\",\"publisher\":{\"@id\":\"https:\/\/etecnic.bisiestodeveloper.es\/ca\/#organization\"},\"potentialAction\":[{\"@type\":\"SearchAction\",\"target\":{\"@type\":\"EntryPoint\",\"urlTemplate\":\"https:\/\/etecnic.bisiestodeveloper.es\/ca\/?s={search_term_string}\"},\"query-input\":{\"@type\":\"PropertyValueSpecification\",\"valueRequired\":true,\"valueName\":\"search_term_string\"}}],\"inLanguage\":\"ca\"},{\"@type\":\"Organization\",\"@id\":\"https:\/\/etecnic.bisiestodeveloper.es\/ca\/#organization\",\"name\":\"Etecnic\",\"url\":\"https:\/\/etecnic.bisiestodeveloper.es\/ca\/\",\"logo\":{\"@type\":\"ImageObject\",\"inLanguage\":\"ca\",\"@id\":\"https:\/\/etecnic.bisiestodeveloper.es\/ca\/#\/schema\/logo\/image\/\",\"url\":\"https:\/\/etecnic.bisiestodeveloper.es\/wp-content\/uploads\/2025\/06\/logo-etecnic-blanco.png\",\"contentUrl\":\"https:\/\/etecnic.bisiestodeveloper.es\/wp-content\/uploads\/2025\/06\/logo-etecnic-blanco.png\",\"width\":1000,\"height\":500,\"caption\":\"Etecnic\"},\"image\":{\"@id\":\"https:\/\/etecnic.bisiestodeveloper.es\/ca\/#\/schema\/logo\/image\/\"}},{\"@type\":\"Person\",\"@id\":\"https:\/\/etecnic.bisiestodeveloper.es\/ca\/#\/schema\/person\/0da7a3465710726a5fa6d735b8a7e686\",\"name\":\"anna-etecnic\",\"url\":\"https:\/\/etecnic.bisiestodeveloper.es\/ca\/author\/anna-etecnic\/\"}]}<\/script>\n<!-- \/ Yoast SEO plugin. -->","yoast_head_json":{"title":"Smart Pricing de EVcharge, reconegut amb m\u00faltiples premis.","description":"Etecnic Mobilitat El\u00e8ctrica es consolida com a referent en innovaci\u00f3 en mobilitat el\u00e8ctrica amb Smart Pricing.","robots":{"index":"noindex","follow":"follow","max-snippet":"max-snippet:-1","max-image-preview":"max-image-preview:large","max-video-preview":"max-video-preview:-1"},"og_locale":"ca_ES","og_type":"article","og_title":"Smart Pricing de EVcharge, reconegut amb m\u00faltiples premis.","og_description":"Etecnic Mobilitat El\u00e8ctrica es consolida com a referent en innovaci\u00f3 en mobilitat el\u00e8ctrica amb Smart Pricing.","og_url":"https:\/\/etecnic.bisiestodeveloper.es\/ca\/etecnic_cat\/smart-pricing-de-evcharge-reconegut-amb-multiples-premis-pel-seu-lideratge-en-innovacio-i-sostenibilitat-en-mobilitat-electrica\/","og_site_name":"Etecnic","article_published_time":"2025-11-12T11:22:00+00:00","article_modified_time":"2026-07-27T11:32:38+00:00","og_image":[{"url":"https:\/\/etecnic.bisiestodeveloper.es\/wp-content\/uploads\/2026\/07\/Blog-MOVES-III-17-700x454.jpg","type":"","width":"","height":""}],"author":"anna-etecnic","twitter_card":"summary_large_image","twitter_misc":{"Escrit per":"anna-etecnic","Temps estimat de lectura":"4 minuts"},"schema":{"@context":"https:\/\/schema.org","@graph":[{"@type":"Article","@id":"https:\/\/etecnic.bisiestodeveloper.es\/ca\/etecnic_cat\/smart-pricing-de-evcharge-reconegut-amb-multiples-premis-pel-seu-lideratge-en-innovacio-i-sostenibilitat-en-mobilitat-electrica\/#article","isPartOf":{"@id":"https:\/\/etecnic.bisiestodeveloper.es\/ca\/etecnic_cat\/smart-pricing-de-evcharge-reconegut-amb-multiples-premis-pel-seu-lideratge-en-innovacio-i-sostenibilitat-en-mobilitat-electrica\/"},"author":{"name":"anna-etecnic","@id":"https:\/\/etecnic.bisiestodeveloper.es\/ca\/#\/schema\/person\/0da7a3465710726a5fa6d735b8a7e686"},"headline":"Smart Pricing de EVcharge, reconegut amb m\u00faltiples premis pel seu lideratge en innovaci\u00f3 i sostenibilitat en mobilitat el\u00e8ctrica","datePublished":"2025-11-12T11:22:00+00:00","dateModified":"2026-07-27T11:32:38+00:00","mainEntityOfPage":{"@id":"https:\/\/etecnic.bisiestodeveloper.es\/ca\/etecnic_cat\/smart-pricing-de-evcharge-reconegut-amb-multiples-premis-pel-seu-lideratge-en-innovacio-i-sostenibilitat-en-mobilitat-electrica\/"},"wordCount":788,"publisher":{"@id":"https:\/\/etecnic.bisiestodeveloper.es\/ca\/#organization"},"image":{"@id":"https:\/\/etecnic.bisiestodeveloper.es\/ca\/etecnic_cat\/smart-pricing-de-evcharge-reconegut-amb-multiples-premis-pel-seu-lideratge-en-innovacio-i-sostenibilitat-en-mobilitat-electrica\/#primaryimage"},"thumbnailUrl":"https:\/\/etecnic.bisiestodeveloper.es\/wp-content\/uploads\/2026\/07\/Blog-MOVES-III-17.jpg","articleSection":["Etecnic","EVcharge","Premis","Sector"],"inLanguage":"ca"},{"@type":"WebPage","@id":"https:\/\/etecnic.bisiestodeveloper.es\/ca\/etecnic_cat\/smart-pricing-de-evcharge-reconegut-amb-multiples-premis-pel-seu-lideratge-en-innovacio-i-sostenibilitat-en-mobilitat-electrica\/","url":"https:\/\/etecnic.bisiestodeveloper.es\/ca\/etecnic_cat\/smart-pricing-de-evcharge-reconegut-amb-multiples-premis-pel-seu-lideratge-en-innovacio-i-sostenibilitat-en-mobilitat-electrica\/","name":"Smart Pricing de EVcharge, reconegut amb m\u00faltiples premis.","isPartOf":{"@id":"https:\/\/etecnic.bisiestodeveloper.es\/ca\/#website"},"primaryImageOfPage":{"@id":"https:\/\/etecnic.bisiestodeveloper.es\/ca\/etecnic_cat\/smart-pricing-de-evcharge-reconegut-amb-multiples-premis-pel-seu-lideratge-en-innovacio-i-sostenibilitat-en-mobilitat-electrica\/#primaryimage"},"image":{"@id":"https:\/\/etecnic.bisiestodeveloper.es\/ca\/etecnic_cat\/smart-pricing-de-evcharge-reconegut-amb-multiples-premis-pel-seu-lideratge-en-innovacio-i-sostenibilitat-en-mobilitat-electrica\/#primaryimage"},"thumbnailUrl":"https:\/\/etecnic.bisiestodeveloper.es\/wp-content\/uploads\/2026\/07\/Blog-MOVES-III-17.jpg","datePublished":"2025-11-12T11:22:00+00:00","dateModified":"2026-07-27T11:32:38+00:00","description":"Etecnic Mobilitat El\u00e8ctrica es consolida com a referent en innovaci\u00f3 en mobilitat el\u00e8ctrica amb Smart Pricing.","breadcrumb":{"@id":"https:\/\/etecnic.bisiestodeveloper.es\/ca\/etecnic_cat\/smart-pricing-de-evcharge-reconegut-amb-multiples-premis-pel-seu-lideratge-en-innovacio-i-sostenibilitat-en-mobilitat-electrica\/#breadcrumb"},"inLanguage":"ca","potentialAction":[{"@type":"ReadAction","target":["https:\/\/etecnic.bisiestodeveloper.es\/ca\/etecnic_cat\/smart-pricing-de-evcharge-reconegut-amb-multiples-premis-pel-seu-lideratge-en-innovacio-i-sostenibilitat-en-mobilitat-electrica\/"]}]},{"@type":"ImageObject","inLanguage":"ca","@id":"https:\/\/etecnic.bisiestodeveloper.es\/ca\/etecnic_cat\/smart-pricing-de-evcharge-reconegut-amb-multiples-premis-pel-seu-lideratge-en-innovacio-i-sostenibilitat-en-mobilitat-electrica\/#primaryimage","url":"https:\/\/etecnic.bisiestodeveloper.es\/wp-content\/uploads\/2026\/07\/Blog-MOVES-III-17.jpg","contentUrl":"https:\/\/etecnic.bisiestodeveloper.es\/wp-content\/uploads\/2026\/07\/Blog-MOVES-III-17.jpg","width":1110,"height":720},{"@type":"BreadcrumbList","@id":"https:\/\/etecnic.bisiestodeveloper.es\/ca\/etecnic_cat\/smart-pricing-de-evcharge-reconegut-amb-multiples-premis-pel-seu-lideratge-en-innovacio-i-sostenibilitat-en-mobilitat-electrica\/#breadcrumb","itemListElement":[{"@type":"ListItem","position":1,"name":"Portada","item":"https:\/\/etecnic.bisiestodeveloper.es\/ca\/"},{"@type":"ListItem","position":2,"name":"Smart Pricing de EVcharge, reconegut amb m\u00faltiples premis pel seu lideratge en innovaci\u00f3 i sostenibilitat en mobilitat el\u00e8ctrica"}]},{"@type":"WebSite","@id":"https:\/\/etecnic.bisiestodeveloper.es\/ca\/#website","url":"https:\/\/etecnic.bisiestodeveloper.es\/ca\/","name":"Etecnic","description":"","publisher":{"@id":"https:\/\/etecnic.bisiestodeveloper.es\/ca\/#organization"},"potentialAction":[{"@type":"SearchAction","target":{"@type":"EntryPoint","urlTemplate":"https:\/\/etecnic.bisiestodeveloper.es\/ca\/?s={search_term_string}"},"query-input":{"@type":"PropertyValueSpecification","valueRequired":true,"valueName":"search_term_string"}}],"inLanguage":"ca"},{"@type":"Organization","@id":"https:\/\/etecnic.bisiestodeveloper.es\/ca\/#organization","name":"Etecnic","url":"https:\/\/etecnic.bisiestodeveloper.es\/ca\/","logo":{"@type":"ImageObject","inLanguage":"ca","@id":"https:\/\/etecnic.bisiestodeveloper.es\/ca\/#\/schema\/logo\/image\/","url":"https:\/\/etecnic.bisiestodeveloper.es\/wp-content\/uploads\/2025\/06\/logo-etecnic-blanco.png","contentUrl":"https:\/\/etecnic.bisiestodeveloper.es\/wp-content\/uploads\/2025\/06\/logo-etecnic-blanco.png","width":1000,"height":500,"caption":"Etecnic"},"image":{"@id":"https:\/\/etecnic.bisiestodeveloper.es\/ca\/#\/schema\/logo\/image\/"}},{"@type":"Person","@id":"https:\/\/etecnic.bisiestodeveloper.es\/ca\/#\/schema\/person\/0da7a3465710726a5fa6d735b8a7e686","name":"anna-etecnic","url":"https:\/\/etecnic.bisiestodeveloper.es\/ca\/author\/anna-etecnic\/"}]}},"_links":{"self":[{"href":"https:\/\/etecnic.bisiestodeveloper.es\/ca\/wp-json\/wp\/v2\/posts\/37568","targetHints":{"allow":["GET"]}}],"collection":[{"href":"https:\/\/etecnic.bisiestodeveloper.es\/ca\/wp-json\/wp\/v2\/posts"}],"about":[{"href":"https:\/\/etecnic.bisiestodeveloper.es\/ca\/wp-json\/wp\/v2\/types\/post"}],"author":[{"embeddable":true,"href":"https:\/\/etecnic.bisiestodeveloper.es\/ca\/wp-json\/wp\/v2\/users\/4"}],"replies":[{"embeddable":true,"href":"https:\/\/etecnic.bisiestodeveloper.es\/ca\/wp-json\/wp\/v2\/comments?post=37568"}],"version-history":[{"count":3,"href":"https:\/\/etecnic.bisiestodeveloper.es\/ca\/wp-json\/wp\/v2\/posts\/37568\/revisions"}],"predecessor-version":[{"id":37571,"href":"https:\/\/etecnic.bisiestodeveloper.es\/ca\/wp-json\/wp\/v2\/posts\/37568\/revisions\/37571"}],"wp:featuredmedia":[{"embeddable":true,"href":"https:\/\/etecnic.bisiestodeveloper.es\/ca\/wp-json\/wp\/v2\/media\/37560"}],"wp:attachment":[{"href":"https:\/\/etecnic.bisiestodeveloper.es\/ca\/wp-json\/wp\/v2\/media?parent=37568"}],"wp:term":[{"taxonomy":"category","embeddable":true,"href":"https:\/\/etecnic.bisiestodeveloper.es\/ca\/wp-json\/wp\/v2\/categories?post=37568"},{"taxonomy":"post_tag","embeddable":true,"href":"https:\/\/etecnic.bisiestodeveloper.es\/ca\/wp-json\/wp\/v2\/tags?post=37568"}],"curies":[{"name":"wp","href":"https:\/\/api.w.org\/{rel}","templated":true}]}}