{"id":34804,"date":"2026-07-20T10:16:09","date_gmt":"2026-07-20T10:16:09","guid":{"rendered":"https:\/\/etecnic.bisiestodeveloper.es\/?p=34804"},"modified":"2026-07-28T08:11:42","modified_gmt":"2026-07-28T08:11:42","slug":"el-nostre-pas-per-power2drive-europe-2026-una-setmana-a-munic","status":"publish","type":"post","link":"https:\/\/etecnic.bisiestodeveloper.es\/ca\/esdeveniments\/el-nostre-pas-per-power2drive-europe-2026-una-setmana-a-munic\/","title":{"rendered":"El nostre pas per Power2Drive Europe 2026: una setmana a M\u00fanic"},"content":{"rendered":"\t\t<div data-elementor-type=\"wp-post\" data-elementor-id=\"34804\" class=\"elementor elementor-34804 elementor-34732\" data-elementor-post-type=\"post\">\n\t\t\t\t<div class=\"elementor-element elementor-element-613ac041 e-flex e-con-boxed e-con e-parent\" data-id=\"613ac041\" data-element_type=\"container\" data-settings=\"{&quot;jet_parallax_layout_list&quot;:[]}\">\n\t\t\t\t\t<div class=\"e-con-inner\">\n\t\t\t\t<div class=\"elementor-element elementor-element-60bc20fc elementor-widget elementor-widget-text-editor\" data-id=\"60bc20fc\" data-element_type=\"widget\" data-widget_type=\"text-editor.default\">\n\t\t\t\t<div class=\"elementor-widget-container\">\n\t\t\t\t\t\t\t\t\t<div class=\"fusion-text\">\r\n<p style=\"margin-bottom: 20px;\">Etecnic ha estat present en una nova edici\u00f3 de <strong>Power2Drive Europe 2026<\/strong>, la fira de refer\u00e8ncia internacional per al sector de la infraestructura de rec\u00e0rrega i la gesti\u00f3 energ\u00e8tica, celebrada al recinte Messe M\u00fcnchen, del 23 al 25 de juny. El nostre equip ha compartit espai amb els principals actors globals de la mobilitat el\u00e8ctrica, consolidant solucions i estrenyent lla\u00e7os de col\u00b7laboraci\u00f3 amb partners i professionals del sector.<\/p>\r\n<p style=\"margin-bottom: 35px;\">La cita d&#8217;aquest any ens ha perm\u00e8s polsar de primera m\u00e0 el ritme de la transici\u00f3 cap a l&#8217;electromobilitat a escala europea i tornar amb un balan\u00e7 molt positiu, ple de noves idees i inspiraci\u00f3 per continuar optimitzant els nostres desenvolupaments tecnol\u00f2gics.<\/p>\r\n\r\n<h3 class=\"fusion-responsive-typography-calculated\" style=\"color: #03176e; font-weight: bold; margin-bottom: 20px;\" data-fontsize=\"24\" data-lineheight=\"26.4px\">Innovaci\u00f3 i connectivitat des de l&#8217;Estand B6.679<\/h3>\r\n<p style=\"margin-bottom: 20px;\">L&#8217;Estand B6.679 es va convertir en un punt de trobada din\u00e0mic on l&#8217;equip d&#8217;Etecnic va mostrar en temps real les capacitats d&#8217;optimitzaci\u00f3 de la plataforma de programari <a style=\"color: #00e9ef; font-weight: bold; text-decoration: none;\" href=\"https:\/\/evcharge.com\/\" target=\"_blank\" rel=\"noopener\">EVcharge<\/a>. En aquest marc, vam centrar la nostra proposta en quatre eixos fonamentals orientats a millorar la fiabilitat, efici\u00e8ncia i rendibilitat de les infraestructures actuals:<\/p>\r\n\r\n<ul style=\"margin: 0 0 35px 0; padding-left: 20px; list-style-type: disc; color: #333333; font-size: 15px; line-height: 1.8;\">\r\n \t<li style=\"margin-bottom: 12px;\"><strong>Sistemes avan\u00e7ats d&#8217;alarma:<\/strong> Solucions per detectar incid\u00e8ncies, protegir els carregadors i prevenir robatoris o actes vand\u00e0lics.<\/li>\r\n \t<li style=\"margin-bottom: 12px;\"><strong>Terminals de pagament (TPV):<\/strong> Sistemes que permeten pagar la rec\u00e0rrega con targeta de forma senzilla, sense necessitat d&#8217;utilitzar una app.<\/li>\r\n \t<li style=\"margin-bottom: 12px;\"><strong>Flexibilitat energ\u00e8tica:<\/strong> Eines per repartir la pot\u00e8ncia disponible entre els carregadors i optimitzar el consum el\u00e8ctric.<\/li>\r\n \t<li style=\"margin-bottom: 0;\"><strong>Manteniment predictiu basat en IA:<\/strong> Tecnologia que analitza el funcionament dels carregadors per anticipar possibles falles i reduir parades.<\/li>\r\n<\/ul>\r\n<div style=\"border-left: 6px solid #00e9ef; background-color: #f4f6f9; padding: 25px 30px; border-radius: 0 8px 8px 0; margin-bottom: 35px; box-sizing: border-border-box;\">\r\n<div style=\"font-style: italic; color: #333333; line-height: 1.6; font-size: 16px;\">\u00abExplorar futures col\u00b7laboracions i debatre sobre el futur del programari de c\u00e0rrega intel\u00b7ligent amb centenars de professionals internacionals ha estat un absolut plaer. El vostre feedback ens inspira!\u00bb<\/div><br><\/div><br><h3 class=\"fusion-responsive-typography-calculated\" style=\"color: #03176e; font-weight: bold; margin-bottom: 20px;\" data-fontsize=\"24\" data-lineheight=\"26.4px\">Un aparador clau per a la infraestructura del futur<\/h3><br><p style=\"margin-bottom: 20px;\">Aquesta nova edici\u00f3 de Power2Drive Europe s&#8217;ha consolidat a M\u00fanic com l&#8217;epicentre global indiscutible per a la transici\u00f3 energ\u00e8tica i la infraestructura de rec\u00e0rrega. Formar part de d&#8217;aquest certamen ens permet connectar de forma directa amb les principals tend\u00e8ncies internacionals i reafirmat el valor de les nostres solucions tecnol\u00f2giques.<\/p><br><p style=\"margin-bottom: 20px;\">La gran acollida rebuda al nostre espai demostra que el mercat demana eines de gesti\u00f3 cada vegada m\u00e9s estables, interoperables i preparades per a un desplegament massiu i segur de la electromobilitat.<\/p><br><p style=\"margin-bottom: 0;\">Volem agrair a tots els professionals, col\u00b7laboradors i visitants que us heu apropat al nostre estand per compartir els vostres reptes i projectes. Tornem cap a casa llesos per posar-nos mans a l&#8217;obra amb tot el que hem apr\u00e8s i amb el comprom\u00eds de continuar impulsant una mobilitat connectada cada vegada m\u00e9s eficient.<\/p><br><br><\/div>\t\t\t\t\t\t\t\t<\/div>\n\t\t\t\t<\/div>\n\t\t<div class=\"elementor-element elementor-element-6780da7 e-con-full e-flex e-con e-child\" data-id=\"6780da7\" data-element_type=\"container\" data-settings=\"{&quot;jet_parallax_layout_list&quot;:[]}\">\n\t\t\t\t<div class=\"elementor-element elementor-element-8b38485 elementor-align-center elementor-widget elementor-widget-button\" data-id=\"8b38485\" data-element_type=\"widget\" data-widget_type=\"button.default\">\n\t\t\t\t<div class=\"elementor-widget-container\">\n\t\t\t\t\t\t\t\t\t<div class=\"elementor-button-wrapper\">\n\t\t\t\t\t<a class=\"elementor-button elementor-button-link elementor-size-sm\" href=\"\">\n\t\t\t\t\t\t<span class=\"elementor-button-content-wrapper\">\n\t\t\t\t\t\t\t\t\t<span class=\"elementor-button-text\"> Veure el nostre v\u00eddeo resumeixen<\/span>\n\t\t\t\t\t<\/span>\n\t\t\t\t\t<\/a>\n\t\t\t\t<\/div>\n\t\t\t\t\t\t\t\t<\/div>\n\t\t\t\t<\/div>\n\t\t<div class=\"elementor-element elementor-element-4a5216a e-con-full e-flex e-con e-child\" data-id=\"4a5216a\" data-element_type=\"container\" data-settings=\"{&quot;jet_parallax_layout_list&quot;:[]}\">\n\t\t\t\t<div class=\"elementor-element elementor-element-62e1d47 elementor-widget elementor-widget-text-editor\" data-id=\"62e1d47\" data-element_type=\"widget\" data-widget_type=\"text-editor.default\">\n\t\t\t\t<div class=\"elementor-widget-container\">\n\t\t\t\t\t\t\t\t\t<div class=\"fusion-text fusion-text-2\" style=\"margin-top: 35px; margin-bottom: 25px; text-align: center !important; width: 100% !important; display: block !important;\">\r\n<h3 class=\"fusion-responsive-typography-calculated\" style=\"color: #03176e; margin: 0; text-align: center !important; font-weight: bold; display: block !important;\" data-fontsize=\"24\" data-lineheight=\"26.4px\">Galeria de fotos<\/h3>\r\n<\/div>\t\t\t\t\t\t\t\t<\/div>\n\t\t\t\t<\/div>\n\t\t\t\t<\/div>\n\t\t\t\t<div class=\"elementor-element elementor-element-512cac7 elementor-widget elementor-widget-gallery\" data-id=\"512cac7\" data-element_type=\"widget\" data-settings=\"{&quot;columns&quot;:3,&quot;lazyload&quot;:&quot;yes&quot;,&quot;gallery_layout&quot;:&quot;grid&quot;,&quot;columns_tablet&quot;:2,&quot;columns_mobile&quot;:1,&quot;gap&quot;:{&quot;unit&quot;:&quot;px&quot;,&quot;size&quot;:10,&quot;sizes&quot;:[]},&quot;gap_tablet&quot;:{&quot;unit&quot;:&quot;px&quot;,&quot;size&quot;:10,&quot;sizes&quot;:[]},&quot;gap_mobile&quot;:{&quot;unit&quot;:&quot;px&quot;,&quot;size&quot;:10,&quot;sizes&quot;:[]},&quot;link_to&quot;:&quot;file&quot;,&quot;aspect_ratio&quot;:&quot;3:2&quot;,&quot;overlay_background&quot;:&quot;yes&quot;,&quot;content_hover_animation&quot;:&quot;fade-in&quot;}\" data-widget_type=\"gallery.default\">\n\t\t\t\t<div class=\"elementor-widget-container\">\n\t\t\t\t\t\t\t<div class=\"elementor-gallery__container\">\n\t\t\t\t\t\t\t<a class=\"e-gallery-item elementor-gallery-item elementor-animated-content\" href=\"https:\/\/etecnic.bisiestodeveloper.es\/wp-content\/uploads\/2026\/07\/image00117-1-scaled-1.jpeg\" data-elementor-open-lightbox=\"yes\" data-elementor-lightbox-slideshow=\"512cac7\" data-elementor-lightbox-title=\"image00117-1-scaled\" data-e-action-hash=\"#elementor-action%3Aaction%3Dlightbox%26settings%3DeyJpZCI6MzQ4MTgsInVybCI6Imh0dHBzOlwvXC9ldGVjbmljLmJpc2llc3RvZGV2ZWxvcGVyLmVzXC93cC1jb250ZW50XC91cGxvYWRzXC8yMDI2XC8wN1wvaW1hZ2UwMDExNy0xLXNjYWxlZC0xLmpwZWciLCJzbGlkZXNob3ciOiI1MTJjYWM3In0%3D\">\n\t\t\t\t\t<div class=\"e-gallery-image elementor-gallery-item__image\" data-thumbnail=\"https:\/\/etecnic.bisiestodeveloper.es\/wp-content\/uploads\/2026\/07\/image00117-1-scaled-1-700x525.jpeg\" data-width=\"700\" data-height=\"525\" aria-label=\"\" role=\"img\" ><\/div>\n\t\t\t\t\t\t\t\t\t\t\t<div class=\"elementor-gallery-item__overlay\"><\/div>\n\t\t\t\t\t\t\t\t\t\t\t\t\t\t<\/a>\n\t\t\t\t\t\t\t<a class=\"e-gallery-item elementor-gallery-item elementor-animated-content\" href=\"https:\/\/etecnic.bisiestodeveloper.es\/wp-content\/uploads\/2026\/07\/image00024-scaled-1.jpeg\" data-elementor-open-lightbox=\"yes\" data-elementor-lightbox-slideshow=\"512cac7\" data-elementor-lightbox-title=\"image00024-scaled\" data-e-action-hash=\"#elementor-action%3Aaction%3Dlightbox%26settings%3DeyJpZCI6MzQ4MTksInVybCI6Imh0dHBzOlwvXC9ldGVjbmljLmJpc2llc3RvZGV2ZWxvcGVyLmVzXC93cC1jb250ZW50XC91cGxvYWRzXC8yMDI2XC8wN1wvaW1hZ2UwMDAyNC1zY2FsZWQtMS5qcGVnIiwic2xpZGVzaG93IjoiNTEyY2FjNyJ9\">\n\t\t\t\t\t<div class=\"e-gallery-image elementor-gallery-item__image\" data-thumbnail=\"https:\/\/etecnic.bisiestodeveloper.es\/wp-content\/uploads\/2026\/07\/image00024-scaled-1-700x394.jpeg\" data-width=\"700\" data-height=\"394\" aria-label=\"\" role=\"img\" ><\/div>\n\t\t\t\t\t\t\t\t\t\t\t<div class=\"elementor-gallery-item__overlay\"><\/div>\n\t\t\t\t\t\t\t\t\t\t\t\t\t\t<\/a>\n\t\t\t\t\t\t\t<a class=\"e-gallery-item elementor-gallery-item elementor-animated-content\" href=\"https:\/\/etecnic.bisiestodeveloper.es\/wp-content\/uploads\/2026\/07\/image00020-scaled-1.jpeg\" data-elementor-open-lightbox=\"yes\" data-elementor-lightbox-slideshow=\"512cac7\" data-elementor-lightbox-title=\"image00020-scaled\" data-e-action-hash=\"#elementor-action%3Aaction%3Dlightbox%26settings%3DeyJpZCI6MzQ4MjAsInVybCI6Imh0dHBzOlwvXC9ldGVjbmljLmJpc2llc3RvZGV2ZWxvcGVyLmVzXC93cC1jb250ZW50XC91cGxvYWRzXC8yMDI2XC8wN1wvaW1hZ2UwMDAyMC1zY2FsZWQtMS5qcGVnIiwic2xpZGVzaG93IjoiNTEyY2FjNyJ9\">\n\t\t\t\t\t<div class=\"e-gallery-image elementor-gallery-item__image\" data-thumbnail=\"https:\/\/etecnic.bisiestodeveloper.es\/wp-content\/uploads\/2026\/07\/image00020-scaled-1-525x700.jpeg\" data-width=\"525\" data-height=\"700\" aria-label=\"\" role=\"img\" ><\/div>\n\t\t\t\t\t\t\t\t\t\t\t<div class=\"elementor-gallery-item__overlay\"><\/div>\n\t\t\t\t\t\t\t\t\t\t\t\t\t\t<\/a>\n\t\t\t\t\t\t\t<a class=\"e-gallery-item elementor-gallery-item elementor-animated-content\" href=\"https:\/\/etecnic.bisiestodeveloper.es\/wp-content\/uploads\/2026\/07\/image00113-1.jpeg\" data-elementor-open-lightbox=\"yes\" data-elementor-lightbox-slideshow=\"512cac7\" data-elementor-lightbox-title=\"image00113 (1)\" data-e-action-hash=\"#elementor-action%3Aaction%3Dlightbox%26settings%3DeyJpZCI6MzQ4MjEsInVybCI6Imh0dHBzOlwvXC9ldGVjbmljLmJpc2llc3RvZGV2ZWxvcGVyLmVzXC93cC1jb250ZW50XC91cGxvYWRzXC8yMDI2XC8wN1wvaW1hZ2UwMDExMy0xLmpwZWciLCJzbGlkZXNob3ciOiI1MTJjYWM3In0%3D\">\n\t\t\t\t\t<div class=\"e-gallery-image elementor-gallery-item__image\" data-thumbnail=\"https:\/\/etecnic.bisiestodeveloper.es\/wp-content\/uploads\/2026\/07\/image00113-1-700x466.jpeg\" data-width=\"700\" data-height=\"466\" aria-label=\"\" role=\"img\" ><\/div>\n\t\t\t\t\t\t\t\t\t\t\t<div class=\"elementor-gallery-item__overlay\"><\/div>\n\t\t\t\t\t\t\t\t\t\t\t\t\t\t<\/a>\n\t\t\t\t\t\t\t<a class=\"e-gallery-item elementor-gallery-item elementor-animated-content\" href=\"https:\/\/etecnic.bisiestodeveloper.es\/wp-content\/uploads\/2026\/07\/image00112-scaled-1.jpeg\" data-elementor-open-lightbox=\"yes\" data-elementor-lightbox-slideshow=\"512cac7\" data-elementor-lightbox-title=\"image00112-scaled\" data-e-action-hash=\"#elementor-action%3Aaction%3Dlightbox%26settings%3DeyJpZCI6MzQ4MjIsInVybCI6Imh0dHBzOlwvXC9ldGVjbmljLmJpc2llc3RvZGV2ZWxvcGVyLmVzXC93cC1jb250ZW50XC91cGxvYWRzXC8yMDI2XC8wN1wvaW1hZ2UwMDExMi1zY2FsZWQtMS5qcGVnIiwic2xpZGVzaG93IjoiNTEyY2FjNyJ9\">\n\t\t\t\t\t<div class=\"e-gallery-image elementor-gallery-item__image\" data-thumbnail=\"https:\/\/etecnic.bisiestodeveloper.es\/wp-content\/uploads\/2026\/07\/image00112-scaled-1-525x700.jpeg\" data-width=\"525\" data-height=\"700\" aria-label=\"\" role=\"img\" ><\/div>\n\t\t\t\t\t\t\t\t\t\t\t<div class=\"elementor-gallery-item__overlay\"><\/div>\n\t\t\t\t\t\t\t\t\t\t\t\t\t\t<\/a>\n\t\t\t\t\t\t\t<a class=\"e-gallery-item elementor-gallery-item elementor-animated-content\" href=\"https:\/\/etecnic.bisiestodeveloper.es\/wp-content\/uploads\/2026\/07\/Captura-de-pantalla-2026-07-02-093424.png\" data-elementor-open-lightbox=\"yes\" data-elementor-lightbox-slideshow=\"512cac7\" data-elementor-lightbox-title=\"Captura-de-pantalla-2026-07-02-093424\" data-e-action-hash=\"#elementor-action%3Aaction%3Dlightbox%26settings%3DeyJpZCI6MzQ4MjMsInVybCI6Imh0dHBzOlwvXC9ldGVjbmljLmJpc2llc3RvZGV2ZWxvcGVyLmVzXC93cC1jb250ZW50XC91cGxvYWRzXC8yMDI2XC8wN1wvQ2FwdHVyYS1kZS1wYW50YWxsYS0yMDI2LTA3LTAyLTA5MzQyNC5wbmciLCJzbGlkZXNob3ciOiI1MTJjYWM3In0%3D\">\n\t\t\t\t\t<div class=\"e-gallery-image elementor-gallery-item__image\" data-thumbnail=\"https:\/\/etecnic.bisiestodeveloper.es\/wp-content\/uploads\/2026\/07\/Captura-de-pantalla-2026-07-02-093424-700x394.png\" data-width=\"700\" data-height=\"394\" aria-label=\"\" role=\"img\" ><\/div>\n\t\t\t\t\t\t\t\t\t\t\t<div class=\"elementor-gallery-item__overlay\"><\/div>\n\t\t\t\t\t\t\t\t\t\t\t\t\t\t<\/a>\n\t\t\t\t\t\t\t<a class=\"e-gallery-item elementor-gallery-item elementor-animated-content\" href=\"https:\/\/etecnic.bisiestodeveloper.es\/wp-content\/uploads\/2026\/07\/Captura-de-pantalla-2026-07-02-093712.png\" data-elementor-open-lightbox=\"yes\" data-elementor-lightbox-slideshow=\"512cac7\" data-elementor-lightbox-title=\"Captura-de-pantalla-2026-07-02-093712\" data-e-action-hash=\"#elementor-action%3Aaction%3Dlightbox%26settings%3DeyJpZCI6MzQ4MjQsInVybCI6Imh0dHBzOlwvXC9ldGVjbmljLmJpc2llc3RvZGV2ZWxvcGVyLmVzXC93cC1jb250ZW50XC91cGxvYWRzXC8yMDI2XC8wN1wvQ2FwdHVyYS1kZS1wYW50YWxsYS0yMDI2LTA3LTAyLTA5MzcxMi5wbmciLCJzbGlkZXNob3ciOiI1MTJjYWM3In0%3D\">\n\t\t\t\t\t<div class=\"e-gallery-image elementor-gallery-item__image\" data-thumbnail=\"https:\/\/etecnic.bisiestodeveloper.es\/wp-content\/uploads\/2026\/07\/Captura-de-pantalla-2026-07-02-093712-700x394.png\" data-width=\"700\" data-height=\"394\" aria-label=\"\" role=\"img\" ><\/div>\n\t\t\t\t\t\t\t\t\t\t\t<div class=\"elementor-gallery-item__overlay\"><\/div>\n\t\t\t\t\t\t\t\t\t\t\t\t\t\t<\/a>\n\t\t\t\t\t\t\t<a class=\"e-gallery-item elementor-gallery-item elementor-animated-content\" href=\"https:\/\/etecnic.bisiestodeveloper.es\/wp-content\/uploads\/2026\/07\/Captura-de-pantalla-2026-07-02-093337.png\" data-elementor-open-lightbox=\"yes\" data-elementor-lightbox-slideshow=\"512cac7\" data-elementor-lightbox-title=\"Captura-de-pantalla-2026-07-02-093337\" data-e-action-hash=\"#elementor-action%3Aaction%3Dlightbox%26settings%3DeyJpZCI6MzQ4MjUsInVybCI6Imh0dHBzOlwvXC9ldGVjbmljLmJpc2llc3RvZGV2ZWxvcGVyLmVzXC93cC1jb250ZW50XC91cGxvYWRzXC8yMDI2XC8wN1wvQ2FwdHVyYS1kZS1wYW50YWxsYS0yMDI2LTA3LTAyLTA5MzMzNy5wbmciLCJzbGlkZXNob3ciOiI1MTJjYWM3In0%3D\">\n\t\t\t\t\t<div class=\"e-gallery-image elementor-gallery-item__image\" data-thumbnail=\"https:\/\/etecnic.bisiestodeveloper.es\/wp-content\/uploads\/2026\/07\/Captura-de-pantalla-2026-07-02-093337-700x391.png\" data-width=\"700\" data-height=\"391\" aria-label=\"\" role=\"img\" ><\/div>\n\t\t\t\t\t\t\t\t\t\t\t<div class=\"elementor-gallery-item__overlay\"><\/div>\n\t\t\t\t\t\t\t\t\t\t\t\t\t\t<\/a>\n\t\t\t\t\t\t\t<a class=\"e-gallery-item elementor-gallery-item elementor-animated-content\" href=\"https:\/\/etecnic.bisiestodeveloper.es\/wp-content\/uploads\/2026\/07\/image00126-scaled-1.jpeg\" data-elementor-open-lightbox=\"yes\" data-elementor-lightbox-slideshow=\"512cac7\" data-elementor-lightbox-title=\"image00126-scaled\" data-e-action-hash=\"#elementor-action%3Aaction%3Dlightbox%26settings%3DeyJpZCI6MzQ4MjYsInVybCI6Imh0dHBzOlwvXC9ldGVjbmljLmJpc2llc3RvZGV2ZWxvcGVyLmVzXC93cC1jb250ZW50XC91cGxvYWRzXC8yMDI2XC8wN1wvaW1hZ2UwMDEyNi1zY2FsZWQtMS5qcGVnIiwic2xpZGVzaG93IjoiNTEyY2FjNyJ9\">\n\t\t\t\t\t<div class=\"e-gallery-image elementor-gallery-item__image\" data-thumbnail=\"https:\/\/etecnic.bisiestodeveloper.es\/wp-content\/uploads\/2026\/07\/image00126-scaled-1-700x525.jpeg\" data-width=\"700\" data-height=\"525\" aria-label=\"\" role=\"img\" ><\/div>\n\t\t\t\t\t\t\t\t\t\t\t<div class=\"elementor-gallery-item__overlay\"><\/div>\n\t\t\t\t\t\t\t\t\t\t\t\t\t\t<\/a>\n\t\t\t\t\t<\/div>\n\t\t\t\t\t<\/div>\n\t\t\t\t<\/div>\n\t\t\t\t<\/div>\n\t\t\t\t\t<\/div>\n\t\t\t\t<\/div>\n\t\t\t\t<\/div>\n\t\t","protected":false},"excerpt":{"rendered":"<p>Etecnic ha estat present en una nova edici\u00f3 de Power2Drive Europe 2026, la fira de refer\u00e8ncia internacional per al sector de la infraestructura de rec\u00e0rrega i la gesti\u00f3 energ\u00e8tica, celebrada al recinte Messe M\u00fcnchen, del 23 al 25 de juny. El nostre equip ha compartit espai amb els principals actors globals de la mobilitat el\u00e8ctrica, [&hellip;]<\/p>\n","protected":false},"author":4,"featured_media":34803,"comment_status":"closed","ping_status":"closed","sticky":false,"template":"","format":"standard","meta":{"footnotes":""},"categories":[230,633,640,420,635],"tags":[],"class_list":["post-34804","post","type-post","status-publish","format-standard","has-post-thumbnail","hentry","category-esdeveniments","category-etecnic_cat","category-evcharge","category-projectes","category-sector"],"yoast_head":"<!-- This site is optimized with the Yoast SEO plugin v26.5 - https:\/\/yoast.com\/wordpress\/plugins\/seo\/ -->\n<title>Etecnic e EVcharge en Power2Drive 2026 | M\u00fanic<\/title>\n<meta name=\"description\" content=\"Etecnic e EVcharge viatgen a Power2Drive M\u00fanic com el partner tecnologico mobilitat electrica de refer\u00e8ncia. Visita&#039;ns en l&#039;Estand B6-679!\" \/>\n<meta name=\"robots\" content=\"noindex, follow, max-snippet:-1, max-image-preview:large, max-video-preview:-1\" \/>\n<meta property=\"og:locale\" content=\"ca_ES\" \/>\n<meta property=\"og:type\" content=\"article\" \/>\n<meta property=\"og:title\" content=\"Etecnic Power2Drive 2026\" \/>\n<meta property=\"og:description\" content=\"T&#039;expliquem com ha estat l&#039;experi\u00e8ncia de Etecnic i EVcharge en la fira Power2Drive Europe 2026 de M\u00fanic Gr\u00e0cies per les vostres visites!\" \/>\n<meta property=\"og:url\" content=\"https:\/\/etecnic.bisiestodeveloper.es\/ca\/esdeveniments\/el-nostre-pas-per-power2drive-europe-2026-una-setmana-a-munic\/\" \/>\n<meta property=\"og:site_name\" content=\"Etecnic\" \/>\n<meta property=\"article:published_time\" content=\"2026-07-20T10:16:09+00:00\" \/>\n<meta property=\"article:modified_time\" content=\"2026-07-28T08:11:42+00:00\" \/>\n<meta property=\"og:image\" content=\"https:\/\/etecnic.bisiestodeveloper.es\/wp-content\/uploads\/2026\/07\/Blog-WKS-2026-scaled-1-700x454.png\" \/>\n<meta name=\"author\" content=\"anna-etecnic\" \/>\n<meta name=\"twitter:card\" content=\"summary_large_image\" \/>\n<meta name=\"twitter:label1\" content=\"Escrit per\" \/>\n\t<meta name=\"twitter:data1\" content=\"anna-etecnic\" \/>\n\t<meta name=\"twitter:label2\" content=\"Temps estimat de lectura\" \/>\n\t<meta name=\"twitter:data2\" content=\"2 minuts\" \/>\n<script type=\"application\/ld+json\" class=\"yoast-schema-graph\">{\"@context\":\"https:\/\/schema.org\",\"@graph\":[{\"@type\":\"Article\",\"@id\":\"https:\/\/etecnic.bisiestodeveloper.es\/ca\/esdeveniments\/el-nostre-pas-per-power2drive-europe-2026-una-setmana-a-munic\/#article\",\"isPartOf\":{\"@id\":\"https:\/\/etecnic.bisiestodeveloper.es\/ca\/esdeveniments\/el-nostre-pas-per-power2drive-europe-2026-una-setmana-a-munic\/\"},\"author\":{\"name\":\"anna-etecnic\",\"@id\":\"https:\/\/etecnic.bisiestodeveloper.es\/ca\/#\/schema\/person\/0da7a3465710726a5fa6d735b8a7e686\"},\"headline\":\"El nostre pas per Power2Drive Europe 2026: una setmana a M\u00fanic\",\"datePublished\":\"2026-07-20T10:16:09+00:00\",\"dateModified\":\"2026-07-28T08:11:42+00:00\",\"mainEntityOfPage\":{\"@id\":\"https:\/\/etecnic.bisiestodeveloper.es\/ca\/esdeveniments\/el-nostre-pas-per-power2drive-europe-2026-una-setmana-a-munic\/\"},\"wordCount\":475,\"publisher\":{\"@id\":\"https:\/\/etecnic.bisiestodeveloper.es\/ca\/#organization\"},\"image\":{\"@id\":\"https:\/\/etecnic.bisiestodeveloper.es\/ca\/esdeveniments\/el-nostre-pas-per-power2drive-europe-2026-una-setmana-a-munic\/#primaryimage\"},\"thumbnailUrl\":\"https:\/\/etecnic.bisiestodeveloper.es\/wp-content\/uploads\/2026\/07\/Blog-2o-P2D-2026.png\",\"articleSection\":[\"Esdeveniments\",\"Etecnic\",\"EVcharge\",\"Projectes\",\"Sector\"],\"inLanguage\":\"ca\"},{\"@type\":\"WebPage\",\"@id\":\"https:\/\/etecnic.bisiestodeveloper.es\/ca\/esdeveniments\/el-nostre-pas-per-power2drive-europe-2026-una-setmana-a-munic\/\",\"url\":\"https:\/\/etecnic.bisiestodeveloper.es\/ca\/esdeveniments\/el-nostre-pas-per-power2drive-europe-2026-una-setmana-a-munic\/\",\"name\":\"Etecnic e EVcharge en Power2Drive 2026 | M\u00fanic\",\"isPartOf\":{\"@id\":\"https:\/\/etecnic.bisiestodeveloper.es\/ca\/#website\"},\"primaryImageOfPage\":{\"@id\":\"https:\/\/etecnic.bisiestodeveloper.es\/ca\/esdeveniments\/el-nostre-pas-per-power2drive-europe-2026-una-setmana-a-munic\/#primaryimage\"},\"image\":{\"@id\":\"https:\/\/etecnic.bisiestodeveloper.es\/ca\/esdeveniments\/el-nostre-pas-per-power2drive-europe-2026-una-setmana-a-munic\/#primaryimage\"},\"thumbnailUrl\":\"https:\/\/etecnic.bisiestodeveloper.es\/wp-content\/uploads\/2026\/07\/Blog-2o-P2D-2026.png\",\"datePublished\":\"2026-07-20T10:16:09+00:00\",\"dateModified\":\"2026-07-28T08:11:42+00:00\",\"description\":\"Etecnic e EVcharge viatgen a Power2Drive M\u00fanic com el partner tecnologico mobilitat electrica de refer\u00e8ncia. Visita'ns en l'Estand B6-679!\",\"breadcrumb\":{\"@id\":\"https:\/\/etecnic.bisiestodeveloper.es\/ca\/esdeveniments\/el-nostre-pas-per-power2drive-europe-2026-una-setmana-a-munic\/#breadcrumb\"},\"inLanguage\":\"ca\",\"potentialAction\":[{\"@type\":\"ReadAction\",\"target\":[\"https:\/\/etecnic.bisiestodeveloper.es\/ca\/esdeveniments\/el-nostre-pas-per-power2drive-europe-2026-una-setmana-a-munic\/\"]}]},{\"@type\":\"ImageObject\",\"inLanguage\":\"ca\",\"@id\":\"https:\/\/etecnic.bisiestodeveloper.es\/ca\/esdeveniments\/el-nostre-pas-per-power2drive-europe-2026-una-setmana-a-munic\/#primaryimage\",\"url\":\"https:\/\/etecnic.bisiestodeveloper.es\/wp-content\/uploads\/2026\/07\/Blog-2o-P2D-2026.png\",\"contentUrl\":\"https:\/\/etecnic.bisiestodeveloper.es\/wp-content\/uploads\/2026\/07\/Blog-2o-P2D-2026.png\",\"width\":1110,\"height\":720},{\"@type\":\"BreadcrumbList\",\"@id\":\"https:\/\/etecnic.bisiestodeveloper.es\/ca\/esdeveniments\/el-nostre-pas-per-power2drive-europe-2026-una-setmana-a-munic\/#breadcrumb\",\"itemListElement\":[{\"@type\":\"ListItem\",\"position\":1,\"name\":\"Portada\",\"item\":\"https:\/\/etecnic.bisiestodeveloper.es\/ca\/\"},{\"@type\":\"ListItem\",\"position\":2,\"name\":\"El nostre pas per Power2Drive Europe 2026: una setmana a M\u00fanic\"}]},{\"@type\":\"WebSite\",\"@id\":\"https:\/\/etecnic.bisiestodeveloper.es\/ca\/#website\",\"url\":\"https:\/\/etecnic.bisiestodeveloper.es\/ca\/\",\"name\":\"Etecnic\",\"description\":\"\",\"publisher\":{\"@id\":\"https:\/\/etecnic.bisiestodeveloper.es\/ca\/#organization\"},\"potentialAction\":[{\"@type\":\"SearchAction\",\"target\":{\"@type\":\"EntryPoint\",\"urlTemplate\":\"https:\/\/etecnic.bisiestodeveloper.es\/ca\/?s={search_term_string}\"},\"query-input\":{\"@type\":\"PropertyValueSpecification\",\"valueRequired\":true,\"valueName\":\"search_term_string\"}}],\"inLanguage\":\"ca\"},{\"@type\":\"Organization\",\"@id\":\"https:\/\/etecnic.bisiestodeveloper.es\/ca\/#organization\",\"name\":\"Etecnic\",\"url\":\"https:\/\/etecnic.bisiestodeveloper.es\/ca\/\",\"logo\":{\"@type\":\"ImageObject\",\"inLanguage\":\"ca\",\"@id\":\"https:\/\/etecnic.bisiestodeveloper.es\/ca\/#\/schema\/logo\/image\/\",\"url\":\"https:\/\/etecnic.bisiestodeveloper.es\/wp-content\/uploads\/2025\/06\/logo-etecnic-blanco.png\",\"contentUrl\":\"https:\/\/etecnic.bisiestodeveloper.es\/wp-content\/uploads\/2025\/06\/logo-etecnic-blanco.png\",\"width\":1000,\"height\":500,\"caption\":\"Etecnic\"},\"image\":{\"@id\":\"https:\/\/etecnic.bisiestodeveloper.es\/ca\/#\/schema\/logo\/image\/\"}},{\"@type\":\"Person\",\"@id\":\"https:\/\/etecnic.bisiestodeveloper.es\/ca\/#\/schema\/person\/0da7a3465710726a5fa6d735b8a7e686\",\"name\":\"anna-etecnic\",\"url\":\"https:\/\/etecnic.bisiestodeveloper.es\/ca\/author\/anna-etecnic\/\"}]}<\/script>\n<!-- \/ Yoast SEO plugin. -->","yoast_head_json":{"title":"Etecnic e EVcharge en Power2Drive 2026 | M\u00fanic","description":"Etecnic e EVcharge viatgen a Power2Drive M\u00fanic com el partner tecnologico mobilitat electrica de refer\u00e8ncia. Visita'ns en l'Estand B6-679!","robots":{"index":"noindex","follow":"follow","max-snippet":"max-snippet:-1","max-image-preview":"max-image-preview:large","max-video-preview":"max-video-preview:-1"},"og_locale":"ca_ES","og_type":"article","og_title":"Etecnic Power2Drive 2026","og_description":"T'expliquem com ha estat l'experi\u00e8ncia de Etecnic i EVcharge en la fira Power2Drive Europe 2026 de M\u00fanic Gr\u00e0cies per les vostres visites!","og_url":"https:\/\/etecnic.bisiestodeveloper.es\/ca\/esdeveniments\/el-nostre-pas-per-power2drive-europe-2026-una-setmana-a-munic\/","og_site_name":"Etecnic","article_published_time":"2026-07-20T10:16:09+00:00","article_modified_time":"2026-07-28T08:11:42+00:00","og_image":[{"url":"https:\/\/etecnic.bisiestodeveloper.es\/wp-content\/uploads\/2026\/07\/Blog-WKS-2026-scaled-1-700x454.png","type":"","width":"","height":""}],"author":"anna-etecnic","twitter_card":"summary_large_image","twitter_misc":{"Escrit per":"anna-etecnic","Temps estimat de lectura":"2 minuts"},"schema":{"@context":"https:\/\/schema.org","@graph":[{"@type":"Article","@id":"https:\/\/etecnic.bisiestodeveloper.es\/ca\/esdeveniments\/el-nostre-pas-per-power2drive-europe-2026-una-setmana-a-munic\/#article","isPartOf":{"@id":"https:\/\/etecnic.bisiestodeveloper.es\/ca\/esdeveniments\/el-nostre-pas-per-power2drive-europe-2026-una-setmana-a-munic\/"},"author":{"name":"anna-etecnic","@id":"https:\/\/etecnic.bisiestodeveloper.es\/ca\/#\/schema\/person\/0da7a3465710726a5fa6d735b8a7e686"},"headline":"El nostre pas per Power2Drive Europe 2026: una setmana a M\u00fanic","datePublished":"2026-07-20T10:16:09+00:00","dateModified":"2026-07-28T08:11:42+00:00","mainEntityOfPage":{"@id":"https:\/\/etecnic.bisiestodeveloper.es\/ca\/esdeveniments\/el-nostre-pas-per-power2drive-europe-2026-una-setmana-a-munic\/"},"wordCount":475,"publisher":{"@id":"https:\/\/etecnic.bisiestodeveloper.es\/ca\/#organization"},"image":{"@id":"https:\/\/etecnic.bisiestodeveloper.es\/ca\/esdeveniments\/el-nostre-pas-per-power2drive-europe-2026-una-setmana-a-munic\/#primaryimage"},"thumbnailUrl":"https:\/\/etecnic.bisiestodeveloper.es\/wp-content\/uploads\/2026\/07\/Blog-2o-P2D-2026.png","articleSection":["Esdeveniments","Etecnic","EVcharge","Projectes","Sector"],"inLanguage":"ca"},{"@type":"WebPage","@id":"https:\/\/etecnic.bisiestodeveloper.es\/ca\/esdeveniments\/el-nostre-pas-per-power2drive-europe-2026-una-setmana-a-munic\/","url":"https:\/\/etecnic.bisiestodeveloper.es\/ca\/esdeveniments\/el-nostre-pas-per-power2drive-europe-2026-una-setmana-a-munic\/","name":"Etecnic e EVcharge en Power2Drive 2026 | M\u00fanic","isPartOf":{"@id":"https:\/\/etecnic.bisiestodeveloper.es\/ca\/#website"},"primaryImageOfPage":{"@id":"https:\/\/etecnic.bisiestodeveloper.es\/ca\/esdeveniments\/el-nostre-pas-per-power2drive-europe-2026-una-setmana-a-munic\/#primaryimage"},"image":{"@id":"https:\/\/etecnic.bisiestodeveloper.es\/ca\/esdeveniments\/el-nostre-pas-per-power2drive-europe-2026-una-setmana-a-munic\/#primaryimage"},"thumbnailUrl":"https:\/\/etecnic.bisiestodeveloper.es\/wp-content\/uploads\/2026\/07\/Blog-2o-P2D-2026.png","datePublished":"2026-07-20T10:16:09+00:00","dateModified":"2026-07-28T08:11:42+00:00","description":"Etecnic e EVcharge viatgen a Power2Drive M\u00fanic com el partner tecnologico mobilitat electrica de refer\u00e8ncia. Visita'ns en l'Estand B6-679!","breadcrumb":{"@id":"https:\/\/etecnic.bisiestodeveloper.es\/ca\/esdeveniments\/el-nostre-pas-per-power2drive-europe-2026-una-setmana-a-munic\/#breadcrumb"},"inLanguage":"ca","potentialAction":[{"@type":"ReadAction","target":["https:\/\/etecnic.bisiestodeveloper.es\/ca\/esdeveniments\/el-nostre-pas-per-power2drive-europe-2026-una-setmana-a-munic\/"]}]},{"@type":"ImageObject","inLanguage":"ca","@id":"https:\/\/etecnic.bisiestodeveloper.es\/ca\/esdeveniments\/el-nostre-pas-per-power2drive-europe-2026-una-setmana-a-munic\/#primaryimage","url":"https:\/\/etecnic.bisiestodeveloper.es\/wp-content\/uploads\/2026\/07\/Blog-2o-P2D-2026.png","contentUrl":"https:\/\/etecnic.bisiestodeveloper.es\/wp-content\/uploads\/2026\/07\/Blog-2o-P2D-2026.png","width":1110,"height":720},{"@type":"BreadcrumbList","@id":"https:\/\/etecnic.bisiestodeveloper.es\/ca\/esdeveniments\/el-nostre-pas-per-power2drive-europe-2026-una-setmana-a-munic\/#breadcrumb","itemListElement":[{"@type":"ListItem","position":1,"name":"Portada","item":"https:\/\/etecnic.bisiestodeveloper.es\/ca\/"},{"@type":"ListItem","position":2,"name":"El nostre pas per Power2Drive Europe 2026: una setmana a M\u00fanic"}]},{"@type":"WebSite","@id":"https:\/\/etecnic.bisiestodeveloper.es\/ca\/#website","url":"https:\/\/etecnic.bisiestodeveloper.es\/ca\/","name":"Etecnic","description":"","publisher":{"@id":"https:\/\/etecnic.bisiestodeveloper.es\/ca\/#organization"},"potentialAction":[{"@type":"SearchAction","target":{"@type":"EntryPoint","urlTemplate":"https:\/\/etecnic.bisiestodeveloper.es\/ca\/?s={search_term_string}"},"query-input":{"@type":"PropertyValueSpecification","valueRequired":true,"valueName":"search_term_string"}}],"inLanguage":"ca"},{"@type":"Organization","@id":"https:\/\/etecnic.bisiestodeveloper.es\/ca\/#organization","name":"Etecnic","url":"https:\/\/etecnic.bisiestodeveloper.es\/ca\/","logo":{"@type":"ImageObject","inLanguage":"ca","@id":"https:\/\/etecnic.bisiestodeveloper.es\/ca\/#\/schema\/logo\/image\/","url":"https:\/\/etecnic.bisiestodeveloper.es\/wp-content\/uploads\/2025\/06\/logo-etecnic-blanco.png","contentUrl":"https:\/\/etecnic.bisiestodeveloper.es\/wp-content\/uploads\/2025\/06\/logo-etecnic-blanco.png","width":1000,"height":500,"caption":"Etecnic"},"image":{"@id":"https:\/\/etecnic.bisiestodeveloper.es\/ca\/#\/schema\/logo\/image\/"}},{"@type":"Person","@id":"https:\/\/etecnic.bisiestodeveloper.es\/ca\/#\/schema\/person\/0da7a3465710726a5fa6d735b8a7e686","name":"anna-etecnic","url":"https:\/\/etecnic.bisiestodeveloper.es\/ca\/author\/anna-etecnic\/"}]}},"_links":{"self":[{"href":"https:\/\/etecnic.bisiestodeveloper.es\/ca\/wp-json\/wp\/v2\/posts\/34804","targetHints":{"allow":["GET"]}}],"collection":[{"href":"https:\/\/etecnic.bisiestodeveloper.es\/ca\/wp-json\/wp\/v2\/posts"}],"about":[{"href":"https:\/\/etecnic.bisiestodeveloper.es\/ca\/wp-json\/wp\/v2\/types\/post"}],"author":[{"embeddable":true,"href":"https:\/\/etecnic.bisiestodeveloper.es\/ca\/wp-json\/wp\/v2\/users\/4"}],"replies":[{"embeddable":true,"href":"https:\/\/etecnic.bisiestodeveloper.es\/ca\/wp-json\/wp\/v2\/comments?post=34804"}],"version-history":[{"count":4,"href":"https:\/\/etecnic.bisiestodeveloper.es\/ca\/wp-json\/wp\/v2\/posts\/34804\/revisions"}],"predecessor-version":[{"id":37498,"href":"https:\/\/etecnic.bisiestodeveloper.es\/ca\/wp-json\/wp\/v2\/posts\/34804\/revisions\/37498"}],"wp:featuredmedia":[{"embeddable":true,"href":"https:\/\/etecnic.bisiestodeveloper.es\/ca\/wp-json\/wp\/v2\/media\/34803"}],"wp:attachment":[{"href":"https:\/\/etecnic.bisiestodeveloper.es\/ca\/wp-json\/wp\/v2\/media?parent=34804"}],"wp:term":[{"taxonomy":"category","embeddable":true,"href":"https:\/\/etecnic.bisiestodeveloper.es\/ca\/wp-json\/wp\/v2\/categories?post=34804"},{"taxonomy":"post_tag","embeddable":true,"href":"https:\/\/etecnic.bisiestodeveloper.es\/ca\/wp-json\/wp\/v2\/tags?post=34804"}],"curies":[{"name":"wp","href":"https:\/\/api.w.org\/{rel}","templated":true}]}}