{"id":34794,"date":"2026-07-20T10:15:26","date_gmt":"2026-07-20T10:15:26","guid":{"rendered":"https:\/\/etecnic.bisiestodeveloper.es\/?p=34794"},"modified":"2026-07-28T08:11:42","modified_gmt":"2026-07-28T08:11:42","slug":"etecnic-e-evcharge-viatgen-a-power2drive-munic-com-partners-tecnologics-de-mobilitat-electrica","status":"publish","type":"post","link":"https:\/\/etecnic.bisiestodeveloper.es\/ca\/esdeveniments\/etecnic-e-evcharge-viatgen-a-power2drive-munic-com-partners-tecnologics-de-mobilitat-electrica\/","title":{"rendered":"Etecnic e EVcharge viatgen a Power2Drive M\u00fanic com partners tecnol\u00f2gics de mobilitat el\u00e8ctrica"},"content":{"rendered":"\t\t<div data-elementor-type=\"wp-post\" data-elementor-id=\"34794\" class=\"elementor elementor-34794 elementor-34722\" data-elementor-post-type=\"post\">\n\t\t\t\t<div class=\"elementor-element elementor-element-613ac041 e-flex e-con-boxed e-con e-parent\" data-id=\"613ac041\" data-element_type=\"container\" data-settings=\"{&quot;jet_parallax_layout_list&quot;:[]}\">\n\t\t\t\t\t<div class=\"e-con-inner\">\n\t\t\t\t<div class=\"elementor-element elementor-element-60bc20fc elementor-widget elementor-widget-text-editor\" data-id=\"60bc20fc\" data-element_type=\"widget\" data-widget_type=\"text-editor.default\">\n\t\t\t\t<div class=\"elementor-widget-container\">\n\t\t\t\t\t\t\t\t\t<div class=\"fusion-text\">\r\n<p style=\"margin-bottom: 20px;\">La transici\u00f3 cap a una mobilitat sostenible a Europa exigeix solucions de rec\u00e0rrega intel\u00b7ligents, interoperables i amb una base de programari robusta. Consolidant la nostra projecci\u00f3 internacional, a <strong>Etecnic<\/strong> tornem a posar rumb a Alemanya per participar en <strong>Power2Drive Europe<\/strong>, el punt de trobada global de refer\u00e8ncia per a la infraestructura de c\u00e0rrega i l&#8217;electromobilitat que se celebra al recinte firal Messe M\u00fcnchen de la ciutat de M\u00fanic, del 23 al 25 de juny.<\/p>\r\n<p style=\"margin-bottom: 35px;\">En aquesta ocasi\u00f3, la nostra pres\u00e8ncia adquireix un car\u00e0cter estrat\u00e8gic avalat pels nostres <strong>15 anys d&#8217;experi\u00e8ncia<\/strong> liderant el sector de l&#8217;electromobilitat. No hi assistim \u00fanicament com a expositors, sin\u00f3 com el <strong>partner tecnol\u00f2gic integral<\/strong> idoni per acompanyar empreses, operadors de xarxa (CPO) i prove\u00efdors de serveis de mobilitat (EMSP) en el desplegament de les seves infraestructures energ\u00e8tiques. Juntament amb la nostra marca <a style=\"color: #00e9ef; font-weight: bold; text-decoration: underline;\" href=\"https:\/\/evcharge.com\/\" target=\"_blank\" rel=\"noopener\">EVcharge<\/a>, portem al cor d&#8217;Europa la tecnologia que est\u00e0 revolucionant la gesti\u00f3 de la rec\u00e0rrega.<\/p>\r\n\r\n<h3 class=\"fusion-responsive-typography-calculated\" style=\"color: #03176e; font-weight: bold; margin-bottom: 20px;\" data-fontsize=\"24\" data-lineheight=\"26.4px\">Pot la infraestructura de rec\u00e0rrega ser m\u00e9s rendible, segura i f\u00e0cil de gestionar?<\/h3>\r\n<p style=\"margin-bottom: 20px;\">Aquesta \u00e9s la pregunta clau que respondrem al nostre espai. Power2Drive s&#8217;engloba dins de <em>The Smarter E Europe<\/em>, la major alian\u00e7a de fires de la ind\u00fastria energ\u00e8tica del continent. \u00c9s l&#8217;escenari perfecte per demostrar com la sinergia entre el maquinari avan\u00e7at i un programari escalable optimitza els costos operatius i millora l&#8217;experi\u00e8ncia del conductor.<\/p>\r\n<p style=\"margin-bottom: 20px;\">Si vols descobrir les darreres novetats d&#8217;Etecnic i <a style=\"color: #00e9ef; font-weight: bold; text-decoration: underline;\" href=\"https:\/\/evcharge.com\/\" target=\"_blank\" rel=\"noopener\">EVcharge<\/a> per a una gesti\u00f3 m\u00e9s intel\u00b7ligent de la infraestructura, visita&#8217;ns al <strong>Hall B6, Stand 679<\/strong>. All\u00e0 presentarem innovacions tecnol\u00f2giques d&#8217;alt impacte:<\/p>\r\n\r\n<ul style=\"margin: 0; padding-left: 20px; list-style-type: disc; color: #333333; font-size: 15px; line-height: 1.8;\">\r\n \t<li style=\"margin-bottom: 12px;\"><strong>Alarmes:<\/strong> Sistemes avan\u00e7ats integrats per detectar variacions el\u00e8ctriques an\u00f2males i prevenir robatoris o actes vand\u00e0lics a les estacions de rec\u00e0rrega de forma proactiva.<\/li>\r\n \t<li style=\"margin-bottom: 12px;\"><strong>T\u00f2tems de pagament:<\/strong> Solucions f\u00edsiques integrades per facilitar i flexibilitzar els pagaments presencials mitjan\u00e7ant TPV, adaptant qualsevol infraestructura a les exig\u00e8ncies operatives i normatives europees actuals (AFIR).<\/li>\r\n \t<li style=\"margin-bottom: 12px;\"><strong>Energy Flexibility:<\/strong> Presentem la nostra experi\u00e8ncia real en l&#8217;agregaci\u00f3 de demanda i flexibilitat energ\u00e8tica. Transformem els punts de rec\u00e0rrega en recursos din\u00e0mics capa\u00e7os de modular la seva pot\u00e8ncia en temps real per equilibrar la xarxa el\u00e8ctrica, reduir costos de terme de pot\u00e8ncia i generar noves vies de monetitzaci\u00f3.<\/li>\r\n \t<li style=\"margin-bottom: 12px;\"><strong>Manteniment predictiu amb IA:<\/strong> Incorporem intel\u00b7lig\u00e8ncia artificial i algorismes predictius per analitzar les dades operatives en temps real. Aix\u00f2 ens permet anticipar-nos a les falles dels carregadors abans que tinguin lloc, optimitzant dr\u00e0sticament les tasques de manteniment i garantint la m\u00e0xima disponibilitat de la xarxa.<\/li>\r\n \t<li style=\"margin-bottom: 0;\"><strong>Smart Pricing:<\/strong> Eines de tarifaci\u00f3 intel\u00b7ligent basades en dades i variables configurables, orientades a maximitzar la rendibilitat econ\u00f2mica dels operadors de c\u00e0rrega (CPO).<\/li>\r\n<\/ul>\r\n<\/div>\t\t\t\t\t\t\t\t<\/div>\n\t\t\t\t<\/div>\n\t\t<div class=\"elementor-element elementor-element-6780da7 e-con-full e-flex e-con e-child\" data-id=\"6780da7\" data-element_type=\"container\" data-settings=\"{&quot;jet_parallax_layout_list&quot;:[]}\">\n\t\t<div class=\"elementor-element elementor-element-2a0993d e-con-full e-flex e-con e-child\" data-id=\"2a0993d\" data-element_type=\"container\" data-settings=\"{&quot;jet_parallax_layout_list&quot;:[]}\">\n\t\t\t\t<div class=\"elementor-element elementor-element-eaaa42e elementor-widget elementor-widget-text-editor\" data-id=\"eaaa42e\" data-element_type=\"widget\" data-widget_type=\"text-editor.default\">\n\t\t\t\t<div class=\"elementor-widget-container\">\n\t\t\t\t\t\t\t\t\t<div class=\"fusion-fullwidth fullwidth-box fusion-builder-row-2 fusion-flex-container nonhundred-percent-fullwidth non-hundred-percent-height-scrolling\" style=\"margin-top: 35px; margin-bottom: 35px;\">\r\n<div class=\"fusion-builder-row fusion-row fusion-flex-align-items-stretch fusion-flex-content-wrap\" style=\"width: 100%;\">\r\n<div class=\"fusion-layout-column fusion_builder_column fusion-builder-column-1 fusion_builder_column_1_1 1_1 fusion-flex-column\" style=\"width: 100%;\">\r\n<div class=\"fusion-column-wrapper\" style=\"border-left: 6px solid #03176e; background-color: #f4f6f9; padding: 35px 30px; border-radius: 0 8px 8px 0; box-sizing: border-box; width: 100%; text-align: center;\">\r\n<div class=\"fusion-text fusion-text-3\" style=\"margin-bottom: 25px; text-align: center;\">\r\n<h3 style=\"color: #03176e; font-weight: bold; font-size: 24px; margin-top: 0; margin-bottom: 15px; text-align: center !important;\">Parlem de mobilitat el\u00e8ctrica amb sabor espanyol!<\/h3>\r\n<p style=\"color: #333333; font-size: 15px; line-height: 1.6; margin: 0 auto; max-width: 850px; text-align: center !important;\">Volem que el nostre estand sigui un espai de trobada proper i productiu. Et convidem a conversar sobre el futur del sector mentre gaudeixes d&#8217;una selecci\u00f3 de pernil i tapes espanyoles amb el nostre equip t\u00e8cnic i comercial.<\/p>\r\n\r\n<\/div><br><div style=\"margin-bottom: 35px; text-align: center;\"><a style=\"display: inline-block; background-color: #03176e; color: #ffffff; font-weight: bold; font-size: 15px; padding: 14px 35px; border-radius: 4px; text-decoration: none; text-transform: uppercase;\" href=\"https:\/\/etecnic.es\/contacto\/\" target=\"_blank\" rel=\"noopener\">\r\nReserva una reuni\u00f3 aqu\u00ed\r\n<\/a><\/div><br><div style=\"display: flex; gap: 20px; flex-wrap: wrap; justify-content: center; align-items: center; width: 100%;\">\r\n<div style=\"flex: 1; min-width: 280px; background-color: #ffffff; border: 1px solid #e2e8f0; border-radius: 8px; padding: 30px 20px; display: flex; flex-direction: column; align-items: center !important; justify-content: center; box-sizing: border-box; text-align: center;\">\r\n\r\n<img decoding=\"async\" style=\"width: 140px; height: auto; max-width: 100%; margin: 0 auto 15px auto !important; display: block;\" src=\"https:\/\/etecnic.bisiestodeveloper.es\/wp-content\/uploads\/2026\/07\/perfil-foto-individual-Etecnic-14.png\" alt=\"Juanma P\u00e9rez\" \/>\r\n<h4 style=\"color: #03176e; font-weight: bold; font-size: 18px; margin-top: 0; margin-bottom: 5px; text-align: center !important; width: 100%;\">Juanma P\u00e9rez<\/h4>\r\n<p style=\"color: #718096; font-size: 14px; margin-top: 0; margin-bottom: 20px; text-align: center !important; width: 100%;\">Business Unit Manager<\/p>\r\n\r\n<div style=\"text-align: center; width: 100%;\"><a style=\"display: inline-block; background-color: #03176e; color: #ffffff; font-weight: bold; font-size: 14px; padding: 10px 30px; border-radius: 4px; text-decoration: none;\" href=\"https:\/\/calendar.google.com\/calendar\/appointments\/schedules\/AcZssZ0cSI3DXgWDJ4FSpDYq0mXbPagtYvhiAfX4tVWKCSYSFPQEYuVkq7WAv-xNN_onTI4JsFbTkBNH\" target=\"_blank\" rel=\"noopener\">\r\nReserva\r\n<\/a><\/div><br><\/div><br><div style=\"flex: 1; min-width: 280px; background-color: #ffffff; border: 1px solid #e2e8f0; border-radius: 8px; padding: 30px 20px; display: flex; flex-direction: column; align-items: center !important; justify-content: center; box-sizing: border-box; text-align: center;\">\r\n\r\n<img decoding=\"async\" style=\"width: 140px; height: auto; max-width: 100%; margin: 0 auto 15px auto !important; display: block;\" src=\"https:\/\/etecnic.bisiestodeveloper.es\/wp-content\/uploads\/2026\/07\/perfil-foto-individual-Etecnic-17.png\" alt=\"Luis Sanz\" \/>\r\n<h4 style=\"color: #03176e; font-weight: bold; font-size: 18px; margin-top: 0; margin-bottom: 5px; text-align: center !important; width: 100%;\">Luis Sanz<\/h4>\r\n<p style=\"color: #718096; font-size: 14px; margin-top: 0; margin-bottom: 20px; text-align: center !important; width: 100%;\">International Sales Manager<\/p>\r\n\r\n<div style=\"text-align: center; width: 100%;\"><a style=\"display: inline-block; background-color: #03176e; color: #ffffff; font-weight: bold; font-size: 14px; padding: 10px 30px; border-radius: 4px; text-decoration: none;\" href=\"https:\/\/calendar.google.com\/calendar\/appointments\/schedules\/AcZssZ3brtacw61vz4D9AGpJLNC3vDCSuh_sMClvygkGdSvR-lSo_U4ANAQd_sa5tSJBZX3EIXWXDNP9\" target=\"_blank\" rel=\"noopener\">\r\nReserva\r\n<\/a><\/div><br><\/div><br><\/div><br><\/div><br><\/div><br><\/div><br><\/div>\t\t\t\t\t\t\t\t<\/div>\n\t\t\t\t<\/div>\n\t\t\t\t<\/div>\n\t\t\t\t<div class=\"elementor-element elementor-element-d0c9a89 elementor-widget elementor-widget-text-editor\" data-id=\"d0c9a89\" data-element_type=\"widget\" data-widget_type=\"text-editor.default\">\n\t\t\t\t<div class=\"elementor-widget-container\">\n\t\t\t\t\t\t\t\t\t<div class=\"fusion-text fusion-text-4\" style=\"margin-top: 25px; margin-bottom: 25px;\">\n<div class=\"fusion-fullwidth fullwidth-box fusion-builder-row-2 fusion-flex-container nonhundred-percent-fullwidth non-hundred-percent-height-scrolling\">\n<div class=\"fusion-builder-row fusion-row fusion-flex-align-items-flex-start fusion-flex-content-wrap\">\n<div class=\"fusion-layout-column fusion_builder_column fusion-builder-column-1 fusion_builder_column_1_1 1_1 fusion-flex-column\">\n<div class=\"fusion-column-wrapper\">\n<div class=\"fusion-text fusion-text-3\" style=\"color: #03176e; font-size: 16px; line-height: 1.6;\"><strong>Localitza el nostre estand B6-679 al pl\u00e0nol oficial de Power2Drive Europe per planificar la teva visita:<\/strong><\/div>\n<p><\/div>\n<p><\/div>\n<p><\/div>\n<p><\/div>\n<p><\/div>\n\t\t\t\t\t\t\t\t<\/div>\n\t\t\t\t<\/div>\n\t\t\t\t<\/div>\n\t\t\t\t<div class=\"elementor-element elementor-element-dc3da45 elementor-widget elementor-widget-image\" data-id=\"dc3da45\" data-element_type=\"widget\" data-widget_type=\"image.default\">\n\t\t\t\t<div class=\"elementor-widget-container\">\n\t\t\t\t\t\t\t\t\t\t\t\t\t\t\t<img fetchpriority=\"high\" decoding=\"async\" width=\"800\" height=\"566\" src=\"https:\/\/etecnic.bisiestodeveloper.es\/wp-content\/uploads\/2026\/07\/TSEEU-26-Booth-allocation-Standzuweisung.pdf-1400x990.png\" class=\"attachment-large size-large wp-image-34792\" alt=\"\" srcset=\"https:\/\/etecnic.bisiestodeveloper.es\/wp-content\/uploads\/2026\/07\/TSEEU-26-Booth-allocation-Standzuweisung.pdf-1400x990.png 1400w, https:\/\/etecnic.bisiestodeveloper.es\/wp-content\/uploads\/2026\/07\/TSEEU-26-Booth-allocation-Standzuweisung.pdf-700x495.png 700w, https:\/\/etecnic.bisiestodeveloper.es\/wp-content\/uploads\/2026\/07\/TSEEU-26-Booth-allocation-Standzuweisung.pdf-768x543.png 768w, https:\/\/etecnic.bisiestodeveloper.es\/wp-content\/uploads\/2026\/07\/TSEEU-26-Booth-allocation-Standzuweisung.pdf-1536x1086.png 1536w, https:\/\/etecnic.bisiestodeveloper.es\/wp-content\/uploads\/2026\/07\/TSEEU-26-Booth-allocation-Standzuweisung.pdf.png 2000w\" sizes=\"(max-width: 800px) 100vw, 800px\" \/>\t\t\t\t\t\t\t\t\t\t\t\t\t\t\t<\/div>\n\t\t\t\t<\/div>\n\t\t\t\t\t<\/div>\n\t\t\t\t<\/div>\n\t\t\t\t<\/div>\n\t\t","protected":false},"excerpt":{"rendered":"<p>La transici\u00f3 cap a una mobilitat sostenible a Europa exigeix solucions de rec\u00e0rrega intel\u00b7ligents, interoperables i amb una base de programari robusta. Consolidant la nostra projecci\u00f3 internacional, a Etecnic tornem a posar rumb a Alemanya per participar en Power2Drive Europe, el punt de trobada global de refer\u00e8ncia per a la infraestructura de c\u00e0rrega i l&#8217;electromobilitat [&hellip;]<\/p>\n","protected":false},"author":4,"featured_media":34793,"comment_status":"closed","ping_status":"closed","sticky":false,"template":"","format":"standard","meta":{"footnotes":""},"categories":[230,633,640,420,635],"tags":[],"class_list":["post-34794","post","type-post","status-publish","format-standard","has-post-thumbnail","hentry","category-esdeveniments","category-etecnic_cat","category-evcharge","category-projectes","category-sector"],"yoast_head":"<!-- This site is optimized with the Yoast SEO plugin v26.5 - https:\/\/yoast.com\/wordpress\/plugins\/seo\/ -->\n<title>Etecnic e EVcharge en Power2Drive 2026 | M\u00fanic<\/title>\n<meta name=\"description\" content=\"Etecnic e EVcharge viatgen a Power2Drive M\u00fanic com el partner tecnologico mobilitat electrica de refer\u00e8ncia. Visita&#039;ns en l&#039;Estand B6-679!\" \/>\n<meta name=\"robots\" content=\"noindex, follow, max-snippet:-1, max-image-preview:large, max-video-preview:-1\" \/>\n<meta property=\"og:locale\" content=\"ca_ES\" \/>\n<meta property=\"og:type\" content=\"article\" \/>\n<meta property=\"og:title\" content=\"II Workshop Transport Sostenible | Port de Tarragona\" \/>\n<meta property=\"og:description\" content=\"Reviu la II edici\u00f3 del Workshop de Transport Sostenible en el Port de Tarragona. Descobreix les claus de la descarbonitzaci\u00f3.\" \/>\n<meta property=\"og:url\" content=\"https:\/\/etecnic.bisiestodeveloper.es\/ca\/esdeveniments\/etecnic-e-evcharge-viatgen-a-power2drive-munic-com-partners-tecnologics-de-mobilitat-electrica\/\" \/>\n<meta property=\"og:site_name\" content=\"Etecnic\" \/>\n<meta property=\"article:published_time\" content=\"2026-07-20T10:15:26+00:00\" \/>\n<meta property=\"article:modified_time\" content=\"2026-07-28T08:11:42+00:00\" \/>\n<meta property=\"og:image\" content=\"https:\/\/etecnic.bisiestodeveloper.es\/wp-content\/uploads\/2026\/07\/Blog-WKS-2026-scaled-1-700x454.png\" \/>\n<meta name=\"author\" content=\"anna-etecnic\" \/>\n<meta name=\"twitter:card\" content=\"summary_large_image\" \/>\n<meta name=\"twitter:label1\" content=\"Escrit per\" \/>\n\t<meta name=\"twitter:data1\" content=\"anna-etecnic\" \/>\n\t<meta name=\"twitter:label2\" content=\"Temps estimat de lectura\" \/>\n\t<meta name=\"twitter:data2\" content=\"3 minuts\" \/>\n<script type=\"application\/ld+json\" class=\"yoast-schema-graph\">{\"@context\":\"https:\/\/schema.org\",\"@graph\":[{\"@type\":\"Article\",\"@id\":\"https:\/\/etecnic.bisiestodeveloper.es\/ca\/esdeveniments\/etecnic-e-evcharge-viatgen-a-power2drive-munic-com-partners-tecnologics-de-mobilitat-electrica\/#article\",\"isPartOf\":{\"@id\":\"https:\/\/etecnic.bisiestodeveloper.es\/ca\/esdeveniments\/etecnic-e-evcharge-viatgen-a-power2drive-munic-com-partners-tecnologics-de-mobilitat-electrica\/\"},\"author\":{\"name\":\"anna-etecnic\",\"@id\":\"https:\/\/etecnic.bisiestodeveloper.es\/ca\/#\/schema\/person\/0da7a3465710726a5fa6d735b8a7e686\"},\"headline\":\"Etecnic e EVcharge viatgen a Power2Drive M\u00fanic com partners tecnol\u00f2gics de mobilitat el\u00e8ctrica\",\"datePublished\":\"2026-07-20T10:15:26+00:00\",\"dateModified\":\"2026-07-28T08:11:42+00:00\",\"mainEntityOfPage\":{\"@id\":\"https:\/\/etecnic.bisiestodeveloper.es\/ca\/esdeveniments\/etecnic-e-evcharge-viatgen-a-power2drive-munic-com-partners-tecnologics-de-mobilitat-electrica\/\"},\"wordCount\":573,\"publisher\":{\"@id\":\"https:\/\/etecnic.bisiestodeveloper.es\/ca\/#organization\"},\"image\":{\"@id\":\"https:\/\/etecnic.bisiestodeveloper.es\/ca\/esdeveniments\/etecnic-e-evcharge-viatgen-a-power2drive-munic-com-partners-tecnologics-de-mobilitat-electrica\/#primaryimage\"},\"thumbnailUrl\":\"https:\/\/etecnic.bisiestodeveloper.es\/wp-content\/uploads\/2026\/07\/Blog-P2D-2026-1.png\",\"articleSection\":[\"Esdeveniments\",\"Etecnic\",\"EVcharge\",\"Projectes\",\"Sector\"],\"inLanguage\":\"ca\"},{\"@type\":\"WebPage\",\"@id\":\"https:\/\/etecnic.bisiestodeveloper.es\/ca\/esdeveniments\/etecnic-e-evcharge-viatgen-a-power2drive-munic-com-partners-tecnologics-de-mobilitat-electrica\/\",\"url\":\"https:\/\/etecnic.bisiestodeveloper.es\/ca\/esdeveniments\/etecnic-e-evcharge-viatgen-a-power2drive-munic-com-partners-tecnologics-de-mobilitat-electrica\/\",\"name\":\"Etecnic e EVcharge en Power2Drive 2026 | M\u00fanic\",\"isPartOf\":{\"@id\":\"https:\/\/etecnic.bisiestodeveloper.es\/ca\/#website\"},\"primaryImageOfPage\":{\"@id\":\"https:\/\/etecnic.bisiestodeveloper.es\/ca\/esdeveniments\/etecnic-e-evcharge-viatgen-a-power2drive-munic-com-partners-tecnologics-de-mobilitat-electrica\/#primaryimage\"},\"image\":{\"@id\":\"https:\/\/etecnic.bisiestodeveloper.es\/ca\/esdeveniments\/etecnic-e-evcharge-viatgen-a-power2drive-munic-com-partners-tecnologics-de-mobilitat-electrica\/#primaryimage\"},\"thumbnailUrl\":\"https:\/\/etecnic.bisiestodeveloper.es\/wp-content\/uploads\/2026\/07\/Blog-P2D-2026-1.png\",\"datePublished\":\"2026-07-20T10:15:26+00:00\",\"dateModified\":\"2026-07-28T08:11:42+00:00\",\"description\":\"Etecnic e EVcharge viatgen a Power2Drive M\u00fanic com el partner tecnologico mobilitat electrica de refer\u00e8ncia. Visita'ns en l'Estand B6-679!\",\"breadcrumb\":{\"@id\":\"https:\/\/etecnic.bisiestodeveloper.es\/ca\/esdeveniments\/etecnic-e-evcharge-viatgen-a-power2drive-munic-com-partners-tecnologics-de-mobilitat-electrica\/#breadcrumb\"},\"inLanguage\":\"ca\",\"potentialAction\":[{\"@type\":\"ReadAction\",\"target\":[\"https:\/\/etecnic.bisiestodeveloper.es\/ca\/esdeveniments\/etecnic-e-evcharge-viatgen-a-power2drive-munic-com-partners-tecnologics-de-mobilitat-electrica\/\"]}]},{\"@type\":\"ImageObject\",\"inLanguage\":\"ca\",\"@id\":\"https:\/\/etecnic.bisiestodeveloper.es\/ca\/esdeveniments\/etecnic-e-evcharge-viatgen-a-power2drive-munic-com-partners-tecnologics-de-mobilitat-electrica\/#primaryimage\",\"url\":\"https:\/\/etecnic.bisiestodeveloper.es\/wp-content\/uploads\/2026\/07\/Blog-P2D-2026-1.png\",\"contentUrl\":\"https:\/\/etecnic.bisiestodeveloper.es\/wp-content\/uploads\/2026\/07\/Blog-P2D-2026-1.png\",\"width\":1110,\"height\":720},{\"@type\":\"BreadcrumbList\",\"@id\":\"https:\/\/etecnic.bisiestodeveloper.es\/ca\/esdeveniments\/etecnic-e-evcharge-viatgen-a-power2drive-munic-com-partners-tecnologics-de-mobilitat-electrica\/#breadcrumb\",\"itemListElement\":[{\"@type\":\"ListItem\",\"position\":1,\"name\":\"Portada\",\"item\":\"https:\/\/etecnic.bisiestodeveloper.es\/ca\/\"},{\"@type\":\"ListItem\",\"position\":2,\"name\":\"Etecnic e EVcharge viatgen a Power2Drive M\u00fanic com partners tecnol\u00f2gics de mobilitat el\u00e8ctrica\"}]},{\"@type\":\"WebSite\",\"@id\":\"https:\/\/etecnic.bisiestodeveloper.es\/ca\/#website\",\"url\":\"https:\/\/etecnic.bisiestodeveloper.es\/ca\/\",\"name\":\"Etecnic\",\"description\":\"\",\"publisher\":{\"@id\":\"https:\/\/etecnic.bisiestodeveloper.es\/ca\/#organization\"},\"potentialAction\":[{\"@type\":\"SearchAction\",\"target\":{\"@type\":\"EntryPoint\",\"urlTemplate\":\"https:\/\/etecnic.bisiestodeveloper.es\/ca\/?s={search_term_string}\"},\"query-input\":{\"@type\":\"PropertyValueSpecification\",\"valueRequired\":true,\"valueName\":\"search_term_string\"}}],\"inLanguage\":\"ca\"},{\"@type\":\"Organization\",\"@id\":\"https:\/\/etecnic.bisiestodeveloper.es\/ca\/#organization\",\"name\":\"Etecnic\",\"url\":\"https:\/\/etecnic.bisiestodeveloper.es\/ca\/\",\"logo\":{\"@type\":\"ImageObject\",\"inLanguage\":\"ca\",\"@id\":\"https:\/\/etecnic.bisiestodeveloper.es\/ca\/#\/schema\/logo\/image\/\",\"url\":\"https:\/\/etecnic.bisiestodeveloper.es\/wp-content\/uploads\/2025\/06\/logo-etecnic-blanco.png\",\"contentUrl\":\"https:\/\/etecnic.bisiestodeveloper.es\/wp-content\/uploads\/2025\/06\/logo-etecnic-blanco.png\",\"width\":1000,\"height\":500,\"caption\":\"Etecnic\"},\"image\":{\"@id\":\"https:\/\/etecnic.bisiestodeveloper.es\/ca\/#\/schema\/logo\/image\/\"}},{\"@type\":\"Person\",\"@id\":\"https:\/\/etecnic.bisiestodeveloper.es\/ca\/#\/schema\/person\/0da7a3465710726a5fa6d735b8a7e686\",\"name\":\"anna-etecnic\",\"url\":\"https:\/\/etecnic.bisiestodeveloper.es\/ca\/author\/anna-etecnic\/\"}]}<\/script>\n<!-- \/ Yoast SEO plugin. -->","yoast_head_json":{"title":"Etecnic e EVcharge en Power2Drive 2026 | M\u00fanic","description":"Etecnic e EVcharge viatgen a Power2Drive M\u00fanic com el partner tecnologico mobilitat electrica de refer\u00e8ncia. Visita'ns en l'Estand B6-679!","robots":{"index":"noindex","follow":"follow","max-snippet":"max-snippet:-1","max-image-preview":"max-image-preview:large","max-video-preview":"max-video-preview:-1"},"og_locale":"ca_ES","og_type":"article","og_title":"II Workshop Transport Sostenible | Port de Tarragona","og_description":"Reviu la II edici\u00f3 del Workshop de Transport Sostenible en el Port de Tarragona. Descobreix les claus de la descarbonitzaci\u00f3.","og_url":"https:\/\/etecnic.bisiestodeveloper.es\/ca\/esdeveniments\/etecnic-e-evcharge-viatgen-a-power2drive-munic-com-partners-tecnologics-de-mobilitat-electrica\/","og_site_name":"Etecnic","article_published_time":"2026-07-20T10:15:26+00:00","article_modified_time":"2026-07-28T08:11:42+00:00","og_image":[{"url":"https:\/\/etecnic.bisiestodeveloper.es\/wp-content\/uploads\/2026\/07\/Blog-WKS-2026-scaled-1-700x454.png","type":"","width":"","height":""}],"author":"anna-etecnic","twitter_card":"summary_large_image","twitter_misc":{"Escrit per":"anna-etecnic","Temps estimat de lectura":"3 minuts"},"schema":{"@context":"https:\/\/schema.org","@graph":[{"@type":"Article","@id":"https:\/\/etecnic.bisiestodeveloper.es\/ca\/esdeveniments\/etecnic-e-evcharge-viatgen-a-power2drive-munic-com-partners-tecnologics-de-mobilitat-electrica\/#article","isPartOf":{"@id":"https:\/\/etecnic.bisiestodeveloper.es\/ca\/esdeveniments\/etecnic-e-evcharge-viatgen-a-power2drive-munic-com-partners-tecnologics-de-mobilitat-electrica\/"},"author":{"name":"anna-etecnic","@id":"https:\/\/etecnic.bisiestodeveloper.es\/ca\/#\/schema\/person\/0da7a3465710726a5fa6d735b8a7e686"},"headline":"Etecnic e EVcharge viatgen a Power2Drive M\u00fanic com partners tecnol\u00f2gics de mobilitat el\u00e8ctrica","datePublished":"2026-07-20T10:15:26+00:00","dateModified":"2026-07-28T08:11:42+00:00","mainEntityOfPage":{"@id":"https:\/\/etecnic.bisiestodeveloper.es\/ca\/esdeveniments\/etecnic-e-evcharge-viatgen-a-power2drive-munic-com-partners-tecnologics-de-mobilitat-electrica\/"},"wordCount":573,"publisher":{"@id":"https:\/\/etecnic.bisiestodeveloper.es\/ca\/#organization"},"image":{"@id":"https:\/\/etecnic.bisiestodeveloper.es\/ca\/esdeveniments\/etecnic-e-evcharge-viatgen-a-power2drive-munic-com-partners-tecnologics-de-mobilitat-electrica\/#primaryimage"},"thumbnailUrl":"https:\/\/etecnic.bisiestodeveloper.es\/wp-content\/uploads\/2026\/07\/Blog-P2D-2026-1.png","articleSection":["Esdeveniments","Etecnic","EVcharge","Projectes","Sector"],"inLanguage":"ca"},{"@type":"WebPage","@id":"https:\/\/etecnic.bisiestodeveloper.es\/ca\/esdeveniments\/etecnic-e-evcharge-viatgen-a-power2drive-munic-com-partners-tecnologics-de-mobilitat-electrica\/","url":"https:\/\/etecnic.bisiestodeveloper.es\/ca\/esdeveniments\/etecnic-e-evcharge-viatgen-a-power2drive-munic-com-partners-tecnologics-de-mobilitat-electrica\/","name":"Etecnic e EVcharge en Power2Drive 2026 | M\u00fanic","isPartOf":{"@id":"https:\/\/etecnic.bisiestodeveloper.es\/ca\/#website"},"primaryImageOfPage":{"@id":"https:\/\/etecnic.bisiestodeveloper.es\/ca\/esdeveniments\/etecnic-e-evcharge-viatgen-a-power2drive-munic-com-partners-tecnologics-de-mobilitat-electrica\/#primaryimage"},"image":{"@id":"https:\/\/etecnic.bisiestodeveloper.es\/ca\/esdeveniments\/etecnic-e-evcharge-viatgen-a-power2drive-munic-com-partners-tecnologics-de-mobilitat-electrica\/#primaryimage"},"thumbnailUrl":"https:\/\/etecnic.bisiestodeveloper.es\/wp-content\/uploads\/2026\/07\/Blog-P2D-2026-1.png","datePublished":"2026-07-20T10:15:26+00:00","dateModified":"2026-07-28T08:11:42+00:00","description":"Etecnic e EVcharge viatgen a Power2Drive M\u00fanic com el partner tecnologico mobilitat electrica de refer\u00e8ncia. Visita'ns en l'Estand B6-679!","breadcrumb":{"@id":"https:\/\/etecnic.bisiestodeveloper.es\/ca\/esdeveniments\/etecnic-e-evcharge-viatgen-a-power2drive-munic-com-partners-tecnologics-de-mobilitat-electrica\/#breadcrumb"},"inLanguage":"ca","potentialAction":[{"@type":"ReadAction","target":["https:\/\/etecnic.bisiestodeveloper.es\/ca\/esdeveniments\/etecnic-e-evcharge-viatgen-a-power2drive-munic-com-partners-tecnologics-de-mobilitat-electrica\/"]}]},{"@type":"ImageObject","inLanguage":"ca","@id":"https:\/\/etecnic.bisiestodeveloper.es\/ca\/esdeveniments\/etecnic-e-evcharge-viatgen-a-power2drive-munic-com-partners-tecnologics-de-mobilitat-electrica\/#primaryimage","url":"https:\/\/etecnic.bisiestodeveloper.es\/wp-content\/uploads\/2026\/07\/Blog-P2D-2026-1.png","contentUrl":"https:\/\/etecnic.bisiestodeveloper.es\/wp-content\/uploads\/2026\/07\/Blog-P2D-2026-1.png","width":1110,"height":720},{"@type":"BreadcrumbList","@id":"https:\/\/etecnic.bisiestodeveloper.es\/ca\/esdeveniments\/etecnic-e-evcharge-viatgen-a-power2drive-munic-com-partners-tecnologics-de-mobilitat-electrica\/#breadcrumb","itemListElement":[{"@type":"ListItem","position":1,"name":"Portada","item":"https:\/\/etecnic.bisiestodeveloper.es\/ca\/"},{"@type":"ListItem","position":2,"name":"Etecnic e EVcharge viatgen a Power2Drive M\u00fanic com partners tecnol\u00f2gics de mobilitat el\u00e8ctrica"}]},{"@type":"WebSite","@id":"https:\/\/etecnic.bisiestodeveloper.es\/ca\/#website","url":"https:\/\/etecnic.bisiestodeveloper.es\/ca\/","name":"Etecnic","description":"","publisher":{"@id":"https:\/\/etecnic.bisiestodeveloper.es\/ca\/#organization"},"potentialAction":[{"@type":"SearchAction","target":{"@type":"EntryPoint","urlTemplate":"https:\/\/etecnic.bisiestodeveloper.es\/ca\/?s={search_term_string}"},"query-input":{"@type":"PropertyValueSpecification","valueRequired":true,"valueName":"search_term_string"}}],"inLanguage":"ca"},{"@type":"Organization","@id":"https:\/\/etecnic.bisiestodeveloper.es\/ca\/#organization","name":"Etecnic","url":"https:\/\/etecnic.bisiestodeveloper.es\/ca\/","logo":{"@type":"ImageObject","inLanguage":"ca","@id":"https:\/\/etecnic.bisiestodeveloper.es\/ca\/#\/schema\/logo\/image\/","url":"https:\/\/etecnic.bisiestodeveloper.es\/wp-content\/uploads\/2025\/06\/logo-etecnic-blanco.png","contentUrl":"https:\/\/etecnic.bisiestodeveloper.es\/wp-content\/uploads\/2025\/06\/logo-etecnic-blanco.png","width":1000,"height":500,"caption":"Etecnic"},"image":{"@id":"https:\/\/etecnic.bisiestodeveloper.es\/ca\/#\/schema\/logo\/image\/"}},{"@type":"Person","@id":"https:\/\/etecnic.bisiestodeveloper.es\/ca\/#\/schema\/person\/0da7a3465710726a5fa6d735b8a7e686","name":"anna-etecnic","url":"https:\/\/etecnic.bisiestodeveloper.es\/ca\/author\/anna-etecnic\/"}]}},"_links":{"self":[{"href":"https:\/\/etecnic.bisiestodeveloper.es\/ca\/wp-json\/wp\/v2\/posts\/34794","targetHints":{"allow":["GET"]}}],"collection":[{"href":"https:\/\/etecnic.bisiestodeveloper.es\/ca\/wp-json\/wp\/v2\/posts"}],"about":[{"href":"https:\/\/etecnic.bisiestodeveloper.es\/ca\/wp-json\/wp\/v2\/types\/post"}],"author":[{"embeddable":true,"href":"https:\/\/etecnic.bisiestodeveloper.es\/ca\/wp-json\/wp\/v2\/users\/4"}],"replies":[{"embeddable":true,"href":"https:\/\/etecnic.bisiestodeveloper.es\/ca\/wp-json\/wp\/v2\/comments?post=34794"}],"version-history":[{"count":2,"href":"https:\/\/etecnic.bisiestodeveloper.es\/ca\/wp-json\/wp\/v2\/posts\/34794\/revisions"}],"predecessor-version":[{"id":37499,"href":"https:\/\/etecnic.bisiestodeveloper.es\/ca\/wp-json\/wp\/v2\/posts\/34794\/revisions\/37499"}],"wp:featuredmedia":[{"embeddable":true,"href":"https:\/\/etecnic.bisiestodeveloper.es\/ca\/wp-json\/wp\/v2\/media\/34793"}],"wp:attachment":[{"href":"https:\/\/etecnic.bisiestodeveloper.es\/ca\/wp-json\/wp\/v2\/media?parent=34794"}],"wp:term":[{"taxonomy":"category","embeddable":true,"href":"https:\/\/etecnic.bisiestodeveloper.es\/ca\/wp-json\/wp\/v2\/categories?post=34794"},{"taxonomy":"post_tag","embeddable":true,"href":"https:\/\/etecnic.bisiestodeveloper.es\/ca\/wp-json\/wp\/v2\/tags?post=34794"}],"curies":[{"name":"wp","href":"https:\/\/api.w.org\/{rel}","templated":true}]}}