{"id":34763,"date":"2026-07-20T10:14:36","date_gmt":"2026-07-20T10:14:36","guid":{"rendered":"https:\/\/etecnic.bisiestodeveloper.es\/?p=34763"},"modified":"2026-07-24T09:11:28","modified_gmt":"2026-07-24T09:11:28","slug":"el-port-de-tarragona-es-converteix-en-lepicentre-de-la-descarbonitzacio-del-transport-pesat","status":"publish","type":"post","link":"https:\/\/etecnic.bisiestodeveloper.es\/ca\/esdeveniments\/el-port-de-tarragona-es-converteix-en-lepicentre-de-la-descarbonitzacio-del-transport-pesat\/","title":{"rendered":"El Port de Tarragona es converteix en l&#8217;epicentre de la descarbonitzaci\u00f3 del transport pesat"},"content":{"rendered":"\t\t<div data-elementor-type=\"wp-post\" data-elementor-id=\"34763\" class=\"elementor elementor-34763 elementor-34693\" data-elementor-post-type=\"post\">\n\t\t\t\t<div class=\"elementor-element elementor-element-613ac041 e-flex e-con-boxed e-con e-parent\" data-id=\"613ac041\" data-element_type=\"container\" data-settings=\"{&quot;jet_parallax_layout_list&quot;:[]}\">\n\t\t\t\t\t<div class=\"e-con-inner\">\n\t\t\t\t<div class=\"elementor-element elementor-element-60bc20fc elementor-widget elementor-widget-text-editor\" data-id=\"60bc20fc\" data-element_type=\"widget\" data-widget_type=\"text-editor.default\">\n\t\t\t\t<div class=\"elementor-widget-container\">\n\t\t\t\t\t\t\t\t\t<div class=\"fusion-text fusion-text-4\" style=\"margin-bottom: 25px;\">\n<ul style=\"margin: 0; padding-left: 20px; list-style-type: disc; color: #1a1a1a; font-size: 15px; line-height: 1.8;\">\n<li style=\"margin-bottom: 10px;\"><strong>M\u00e9s de 80 professionals es van reunir en la 2a edici\u00f3 del Workshop de Transport Sostenible Electrificat organitzat per Etecnic i el Port de Tarragona.<\/strong><\/li>\n<li style=\"margin-bottom: 0;\"><strong>Experts coincideixen que la tecnologia ja \u00e9s una realitat, per\u00f2 urgeixen a planificar infraestructures de gran escala i reduir barreres administratives per garantir la competitivitat.<\/strong><\/li>\n<\/ul>\n<\/div>\n<p><\/p>\n<div class=\"fusion-text fusion-text-4\">\n<div class=\"fusion-fullwidth fullwidth-box fusion-builder-row-2 fusion-flex-container nonhundred-percent-fullwidth non-hundred-percent-height-scrolling\">\n<div class=\"fusion-builder-row fusion-row fusion-flex-align-items-flex-start fusion-flex-content-wrap\">\n<div class=\"fusion-layout-column fusion_builder_column fusion-builder-column-1 fusion_builder_column_1_1 1_1 fusion-flex-column\">\n<div class=\"fusion-column-wrapper\">\n<div class=\"fusion-text fusion-text-3\"><strong>Tarragona, 7 de maig de 2026.<\/strong> \u2013 El Refugi 1 del Port de Tarragona va acollir ahir la segona edici\u00f3 del Workshop de Transport Sostenible Electrificat, un esdeveniment que es consolida com el punt de trobada de refer\u00e8ncia per a la log\u00edstica i la mobilitat pesant a Catalunya. Amb m\u00e9s de 80 assistents, la jornada, organitzada per Etecnic i el Port de Tarragona, va oferir una visi\u00f3 pragm\u00e0tica i t\u00e8cnica sobre el desafiament de la transici\u00f3 energ\u00e8tica.<\/div>\n<p><\/div>\n<p><\/div>\n<p><\/div>\n<p><\/div>\n<p><\/div>\n<p><\/p>\n<div class=\"fusion-text fusion-text-2\" style=\"margin-top: 35px;\">\n<h3 class=\"fusion-responsive-typography-calculated\" style=\"color: #03176e;\" data-fontsize=\"24\" data-lineheight=\"26.4px\"><b>Una jornada que impulsa la transici\u00f3 energ\u00e8tica en el transport<\/b><\/h3>\n<\/div>\n<p><\/p>\n<div class=\"fusion-text fusion-text-4\">\n<div class=\"fusion-fullwidth fullwidth-box fusion-builder-row-2 fusion-flex-container nonhundred-percent-fullwidth non-hundred-percent-height-scrolling\">\n<div class=\"fusion-builder-row fusion-row fusion-flex-align-items-flex-start fusion-flex-content-wrap\">\n<div class=\"fusion-layout-column fusion_builder_column fusion-builder-column-1 fusion_builder_column_1_1 1_1 fusion-flex-column\">\n<div class=\"fusion-column-wrapper\">\n<div class=\"fusion-text fusion-text-3\">\n<p style=\"margin-bottom: 15px;\">La jornada va ser inaugurada per el president del Port de Tarragona, Santiago Castell\u00e0, qui va destacar el paper estrat\u00e8gic dels ports com a nodes energ\u00e8tics i log\u00edstics cr\u00edtics. Castell\u00e0 va subratllar que la descarbonitzaci\u00f3 \u00e9s un repte compartit i va felicitar Etecnic per liderar iniciatives que construeixen una mobilitat el\u00e8ctrica real. Aix\u00ed mateix, va anunciar la presid\u00e8ncia del Port al BCL (Barcelona Catalunya Centre Log\u00edstic), convidant Etecnic a participar-hi per situar la electromobilitat pesant al centre de l&#8217;agenda log\u00edstica catalana.<\/p>\n<p style=\"margin-bottom: 0;\">L&#8217;esdeveniment va comptar amb la participaci\u00f3 de fabricants referents com VEGA Chargers, XCHARGE, Renault Trucks, Mercedes, Ford i Nissan (NIKKO CENTER), aix\u00ed com associacions l\u00edders com AEDIVE i Empresas por la Movilidad Sostenible (EMS), i destacats operadors com TRANSPA\u00cdS, TRANSBERNAL, GRUPO JOANCA LOG\u00cdSTICA i SINTRA PORT.<\/p>\n<\/div>\n<p><\/div>\n<p><\/div>\n<p><\/div>\n<p><\/div>\n<p><\/div>\n<p><\/p>\n<div class=\"fusion-text fusion-text-2\" style=\"margin-top: 35px;\">\n<h3 class=\"fusion-responsive-typography-calculated\" style=\"color: #03176e;\" data-fontsize=\"24\" data-lineheight=\"26.4px\"><b>Tecnologia de avantguarda i demostracions reals<\/b><\/h3>\n<\/div>\n<p><\/p>\n<div class=\"fusion-text fusion-text-4\">\n<div class=\"fusion-fullwidth fullwidth-box fusion-builder-row-2 fusion-flex-container nonhundred-percent-fullwidth non-hundred-percent-height-scrolling\">\n<div class=\"fusion-builder-row fusion-row fusion-flex-align-items-flex-start fusion-flex-content-wrap\">\n<div class=\"fusion-layout-column fusion_builder_column fusion-builder-column-1 fusion_builder_column_1_1 1_1 fusion-flex-column\">\n<div class=\"fusion-column-wrapper\">\n<div class=\"fusion-text fusion-text-3\">Un dels moments clau va ser la demostraci\u00f3 de c\u00e0rrega ultrar\u00e0pida. Els assistents van comprovar com, mitjan\u00e7ant una connexi\u00f3 de xarxa limitada per\u00f2 recolzada per bateries i el programari <span style=\"color: #00e9ef; font-weight: bold;\">EVcharge<\/span> d&#8217;Etecnic, va ser possible carregar a m\u00e9s de 100 kW un cami\u00f3 Renault Trucks E-Tech. Aquesta prova va demostrar que la gesti\u00f3 intel\u00b7ligent de l&#8217;energia permet superar les limitacions inicials de pot\u00e8ncia a les instal\u00b7lacions.<\/div>\n<p><\/div>\n<p><\/div>\n<p><\/div>\n<p><\/div>\n<p><\/div>\n<p><\/p>\n<div class=\"fusion-text fusion-text-4\" style=\"margin-top: 25px; margin-bottom: 35px;\">\n<div class=\"fusion-fullwidth fullwidth-box fusion-builder-row-2 fusion-flex-container nonhundred-percent-fullwidth non-hundred-percent-height-scrolling\">\n<div class=\"fusion-builder-row fusion-row fusion-flex-align-items-flex-start fusion-flex-content-wrap\" style=\"width: 100%;\">\n<div class=\"fusion-layout-column fusion_builder_column fusion-builder-column-1 fusion_builder_column_1_1 1_1 fusion-flex-column\" style=\"width: 100%;\">\n<div class=\"fusion-column-wrapper\" style=\"border-left: 6px solid #03176e; background-color: #f4f6f9; padding: 25px 30px; border-radius: 0 8px 8px 0; box-sizing: border-box;\">\n<div class=\"fusion-text fusion-text-3\">\n<h4 style=\"color: #03176e; font-weight: bold; margin-top: 0; margin-bottom: 10px; font-size: 17px;\">A la zona DEMO tamb\u00e9 van destacar equips de:<\/h4>\n<ul style=\"margin-bottom: 20px; padding-left: 20px; list-style-type: disc; color: #333333; line-height: 1.8;\">\n<li><strong>VEGA Chargers:<\/strong> Amb els seus models ALOHA Lander Plus de 160 kW i ALOHA Gravity de 40 kW.<\/li>\n<li><strong>XCHARGE:<\/strong> Amb el model C7 SLIM d&#8217;alta efici\u00e8ncia.<\/li>\n<\/ul>\n<h4 style=\"color: #03176e; font-weight: bold; margin-top: 0; margin-bottom: 10px; font-size: 17px;\">Juntament amb els vehicles de:<\/h4>\n<ul style=\"margin: 0; padding-left: 20px; list-style-type: disc; color: #333333; line-height: 1.8;\">\n<li><strong>Renault Trucks:<\/strong> Amb la seva gamma Renault Truck E-Tech.<\/li>\n<li><strong>Mercedes-Benz:<\/strong> Amb la tractora Mercedes e600 4\u00d72.<\/li>\n<li><strong>Ford:<\/strong> Amb les furgonetes E-Transit Courier i E-Transit Custom.<\/li>\n<li><strong>NIKKO CENTER (Nissan):<\/strong> Amb els models Townstar i Interstar.<\/li>\n<li><strong>Peugeot:<\/strong> El model \u00eb-Partner de la m\u00e0 de Borges International Group.<\/li>\n<\/ul>\n<\/div>\n<p><\/div>\n<p><\/div>\n<p><\/div>\n<p><\/div>\n<p><\/div>\n<p><\/p>\n<div class=\"fusion-text fusion-text-2\" style=\"margin-top: 35px;\">\n<h3 class=\"fusion-responsive-typography-calculated\" style=\"color: #03176e;\" data-fontsize=\"24\" data-lineheight=\"26.4px\"><b>Di\u00e0legs clau sobre el present i futur del transport sostenible<\/b><\/h3>\n<\/div>\n<p><\/p>\n<div class=\"fusion-text fusion-text-4\">\n<div class=\"fusion-fullwidth fullwidth-box fusion-builder-row-2 fusion-flex-container nonhundred-percent-fullwidth non-hundred-percent-height-scrolling\">\n<div class=\"fusion-builder-row fusion-row fusion-flex-align-items-flex-start fusion-flex-content-wrap\">\n<div class=\"fusion-layout-column fusion_builder_column fusion-builder-column-1 fusion_builder_column_1_1 1_1 fusion-flex-column\">\n<div class=\"fusion-column-wrapper\">\n<div class=\"fusion-text fusion-text-3\">\n<p style=\"margin-bottom: 25px;\">El programa va incloure taules rodones d&#8217;alt nivell que van abordar els reptes operatius i financers:<\/p>\n<h4 style=\"color: #03176e; font-weight: bold; font-size: 16px; margin-bottom: 10px;\">\u00abEl futur energ\u00e8tic del transport pesant\u00bb<\/h4>\n<p style=\"margin-bottom: 25px;\">El programa va incloure di\u00e0legs d&#8217;alt nivell on es van abordar els reptes energ\u00e8tics i d&#8217;infraestructura. <strong>Ram\u00f3n I. Garc\u00eda<\/strong>, sotsdirector de l&#8217;Autoritat Portu\u00e0ria de Tarragona, va posar xifres al repte detallant que el Port preveu una necessitat de <strong>100 MW<\/strong> per electrificar la seva activitat i la de les seves concession\u00e0ries, con una inversi\u00f3 estimada de <strong>24 milions d&#8217;euros<\/strong> per connectar-se a la xarxa de 220 kV. En aquest sentit, <strong>Assumpta Farran (ICAEN)<\/strong> va defensar l&#8217;evoluci\u00f3 cap a una \u00abajuda intel\u00b7ligent\u00bb que no nom\u00e9s subvencioni vehicles, sin\u00f3 que acompanyi la inversi\u00f3 en infraestructures cr\u00edtiques. Per la seva banda, <strong>Ferran Menescal (AEDIVE)<\/strong> va incidir en la necessitat de vertebrar el territori amb corredors de rec\u00e0rrega fiables per eliminar la incertesa operativa del transportista.<\/p>\n<h4 style=\"color: #03176e; font-weight: bold; font-size: 16px; margin-bottom: 10px;\">\u00abEnergia, xarxa el\u00e8ctrica i hubs log\u00edstics\u00bb:<\/h4>\n<p style=\"margin-bottom: 25px;\">La capacitat del sistema per absorbir aquesta demanda tamb\u00e9 va ser analitzada per experts de CIMALSA, D10 Global Logistics, Grupo Joanca Log\u00edstica i Vega Chargers. <strong>Silveri Beltran i David Ib\u00e1\u00f1ez (CIMALSA)<\/strong> van plantejar que els hubs log\u00edstics han d&#8217;evolucionar cap a espais que combinin serveis al transportista amb gesti\u00f3 digital, mentre que <strong>Luis Puzo (Grupo Joanca Log\u00edstica)<\/strong> va diferenciar entre les necessitats de c\u00e0rrega nocturna en base i l&#8217;alta pot\u00e8ncia requerida en ruta. <strong>Carlos Marim\u00f3n (D10 Global Logistics)<\/strong> va subratllar que la demanda haur\u00e0 de tendir a l&#8217;autoabastament energ\u00e8tic, i Iban Fontcuberta (Vega Chargers) va destacar que solucions de molt alta pot\u00e8ncia, com l&#8217;est\u00e0ndard MCS, seran essencials per a la llarga dist\u00e0ncia.<\/p>\n<h4 style=\"color: #03176e; font-weight: bold; font-size: 16px; margin-bottom: 10px;\">\u00abEl cost de ser verd\u00bb:<\/h4>\n<p style=\"margin-bottom: 25px;\">La viabilitat econ\u00f2mica de la transici\u00f3 va ser un altre dels punts clau. <strong>May L\u00f3pez (EMS)<\/strong> va subratllar la import\u00e0ncia d&#8217;informar el sector sobre com canvia la planificaci\u00f3 di\u00e0ria, mentre que <strong>Eduardo Rueda (XCHARGE)<\/strong> va assenyalar que el principal <strong>coll de botella<\/strong> no \u00e9s tecnol\u00f2gic, sin\u00f3 <strong>administratiu<\/strong>, amb terminis de xarxa que s&#8217;han de reduir dr\u00e0sticament. <strong>Pedro Mayorga (Renault Trucks Espa\u00f1a)<\/strong> va advertir que, tot i que els fabricants ja ofereixen vehicles eficients, el transportista necessita seguretat normativa per no perdre competitivitat durant el canvi.<\/p>\n<h4 style=\"color: #03176e; font-weight: bold; font-size: 16px; margin-bottom: 10px;\">\u00abLa realitat del sector\u00bb:<\/h4>\n<p style=\"margin-bottom: 0;\">Finalment, el workshop va donar veu directa als protagonistes de la operativa di\u00e0ria. <strong>Gabriel Bernal (Transbernal)<\/strong> va compartir dades reals de competitivitat, situant el cost per quil\u00f2metre del cami\u00f3 el\u00e8ctric en <strong>0,38 \u20ac\/km<\/strong> enfront dels <strong>0,58 \u20ac\/km<\/strong> estimats per al di\u00e8sel el 2026. <strong>Juan Pozo (Sintra Port)<\/strong> va destacar que l&#8217;adopci\u00f3 s&#8217;accelerar\u00e0 quan la confian\u00e7a es transmeti entre els propis professionals de la flota, i <strong>Juan Carlos Pardo (Transpa\u00eds)<\/strong> va incidir en el potencial de l&#8217;electricitat com un cost energ\u00e8tic m\u00e9s estable enfront de la volatilitat del combustible f\u00f2ssil. <strong>Fernando Ag\u00f3n (Ag\u00f3n Truck Centers)<\/strong> va concloure que l&#8217;\u00e8xit resideix en l&#8217;<strong>assessorament integral<\/strong>: el transportista ha de tenir resolta la infraestructura i l&#8217;energia abans d&#8217;adquirir el vehicle.<\/p>\n<\/div>\n<p><\/div>\n<p><\/div>\n<p><\/div>\n<p><\/div>\n<p><\/div>\n<p><\/p>\n<div class=\"fusion-text fusion-text-2\" style=\"margin-top: 35px;\">\n<h3 class=\"fusion-responsive-typography-calculated\" style=\"color: #03176e;\" data-fontsize=\"24\" data-lineheight=\"26.4px\"><b>Conclusions i Roadmap: El futur de la electromobilitat pesant<\/b><\/h3>\n<\/div>\n<p><\/p>\n<div class=\"fusion-text fusion-text-4\">\n<div class=\"fusion-fullwidth fullwidth-box fusion-builder-row-2 fusion-flex-container nonhundred-percent-fullwidth non-hundred-percent-height-scrolling\">\n<div class=\"fusion-builder-row fusion-row fusion-flex-align-items-flex-start fusion-flex-content-wrap\">\n<div class=\"fusion-layout-column fusion_builder_column fusion-builder-column-1 fusion_builder_column_1_1 1_1 fusion-flex-column\">\n<div class=\"fusion-column-wrapper\">\n<div class=\"fusion-text fusion-text-3\">\n<p style=\"margin-bottom: 20px;\">La jornada va concloure reafirmant que la electromobilitat pesant ha deixat de ser una hip\u00f2tesi de futur per convertir-se en una alternativa tecnol\u00f2gicament viable, progressivament competitiva i estrat\u00e8gicament necess\u00e0ria. Al llarg del workshop, es van consolidar diverses idees transversals que defineixen l&#8217;estat actual del sector:<\/p>\n<ul style=\"margin: 0; padding-left: 20px; list-style-type: disc; color: #333333; font-size: 15px; line-height: 1.8;\">\n<li style=\"margin-bottom: 10px;\"><strong>La infraestructura com a habilitador real:<\/strong> El vertader motor del canvi no ser\u00e0 nom\u00e9s el vehicle, sin\u00f3 el desplegament d&#8217;una infraestructura que combini pot\u00e8ncia, hubs log\u00edstics, energia renovable i programari de gesti\u00f3.<\/li>\n<li style=\"margin-bottom: 10px;\"><strong>Competitivitat enfront de sostenibilitat:<\/strong> Tot i que el factor ambiental \u00e9s clau, la decisi\u00f3 empresarial ser\u00e0 estrat\u00e8gica quan es consolidi que el transport el\u00e8ctric ofereix un menor TCO i major estabilitat de costos enfront de la volatilitat del di\u00e8sel.<\/li>\n<li style=\"margin-bottom: 0;\"><strong>Col\u00b7laboraci\u00f3 p\u00fablic-privada:<\/strong> Cap actor pot resoldre aquest repte en solitari; es requereix una governan\u00e7a capa\u00e7 d&#8217;alinear els interessos de l&#8217;administraci\u00f3, fabricants i operadors per accelerar les inversions.<\/li>\n<\/ul>\n<\/div>\n<p><\/div>\n<p><\/div>\n<p><\/div>\n<p><\/div>\n<p><\/div>\n<p><\/p>\n<div class=\"fusion-text fusion-text-2\" style=\"margin-top: 35px;\">\n<h3 class=\"fusion-responsive-typography-calculated\" style=\"color: #03176e;\" data-fontsize=\"24\" data-lineheight=\"26.4px\"><b>Full de ruta estrat\u00e8gic (Roadmap)<\/b><\/h3>\n<\/div>\n<p><\/p>\n<div class=\"fusion-text fusion-text-4\">\n<div class=\"fusion-fullwidth fullwidth-box fusion-builder-row-2 fusion-flex-container nonhundred-percent-fullwidth non-hundred-percent-height-scrolling\">\n<div class=\"fusion-builder-row fusion-row fusion-flex-align-items-flex-start fusion-flex-content-wrap\">\n<div class=\"fusion-layout-column fusion_builder_column fusion-builder-column-1 fusion_builder_column_1_1 1_1 fusion-flex-column\">\n<div class=\"fusion-column-wrapper\">\n<div class=\"fusion-text fusion-text-3\">\n<p style=\"margin-bottom: 20px;\">Per transformar el sistema log\u00edstic de forma estructural, es van definir les seg\u00fcents fites clau per als propers anys:<\/p>\n<p style=\"margin-bottom: 15px;\"><strong>1. 2026-2027: Pilots i formaci\u00f3.<\/strong> Fomentar projectes reals en entorns d&#8217;alta activitat, com el Port de Tarragona, per reduir incerteses i formar les empreses en el c\u00e0lcul de TCO i gesti\u00f3 de c\u00e0rrega.<\/p>\n<p style=\"margin-bottom: 15px;\"><strong>2. 2027-2030: Desplegament de hubs i corredors.<\/strong> Escalar la infraestructura mitjan\u00e7ant la creaci\u00f3 de hubs de rec\u00e0rrega en ubicacions estrat\u00e8giques i corredors d&#8217;alta pot\u00e8ncia, recolzats per models de finan\u00e7ament que reparteixin riscos entre els actors.<\/p>\n<p style=\"margin-bottom: 0;\"><strong>3. 2030 en endavant: Integraci\u00f3 total.<\/strong> Consolidar els nodes log\u00edstics com a plataformes energ\u00e8tiques integrades on l&#8217;energia neta, l&#8217;emmagatzematge i les dades siguin la base d&#8217;una log\u00edstica competitiva i descarbonitzada.<\/p>\n<\/div>\n<p><\/div>\n<p><\/div>\n<p><\/div>\n<p><\/div>\n<p><\/div>\n<p><\/p>\n<div class=\"fusion-text fusion-text-4\" style=\"margin-top: 35px; margin-bottom: 25px;\">\n<div class=\"fusion-fullwidth fullwidth-box fusion-builder-row-2 fusion-flex-container nonhundred-percent-fullwidth non-hundred-percent-height-scrolling\">\n<div class=\"fusion-builder-row fusion-row fusion-flex-align-items-flex-start fusion-flex-content-wrap\" style=\"width: 100%;\">\n<div class=\"fusion-layout-column fusion_builder_column fusion-builder-column-1 fusion_builder_column_1_1 1_1 fusion-flex-column\" style=\"width: 100%;\">\n<div class=\"fusion-column-wrapper\" style=\"border-left: 6px solid #03176e; background-color: #f4f6f9; padding: 25px 30px; border-radius: 0 8px 8px 0; box-sizing: border-box;\">\n<div class=\"fusion-text fusion-text-3\" style=\"font-style: italic; color: #333333; line-height: 1.6;\"><strong>Jorge R\u00edos, CEO d&#8217;Etecnic<\/strong>, va concloure que el sector ja est\u00e0 conven\u00e7ut i que la transici\u00f3 \u00e9s irreversible: \u00abNo actuar avui per avan\u00e7ar en mobilitat sostenible significa ser menys competitiu dem\u00e0\u00bb. El Port de Tarragona es reafirma aix\u00ed com el laboratori ideal para liderar aquesta transformaci\u00f3 industrial i territorial.<\/div>\n<p><\/div>\n<p><\/div>\n<p><\/div>\n<p><\/div>\n<p><\/div>\n\t\t\t\t\t\t\t\t<\/div>\n\t\t\t\t<\/div>\n\t\t<div class=\"elementor-element elementor-element-6780da7 e-con-full e-flex e-con e-child\" data-id=\"6780da7\" data-element_type=\"container\" data-settings=\"{&quot;jet_parallax_layout_list&quot;:[]}\">\n\t\t\t\t<div class=\"elementor-element elementor-element-d0c9a89 elementor-widget elementor-widget-text-editor\" data-id=\"d0c9a89\" data-element_type=\"widget\" data-widget_type=\"text-editor.default\">\n\t\t\t\t<div class=\"elementor-widget-container\">\n\t\t\t\t\t\t\t\t\t<div class=\"fusion-text fusion-text-2\" style=\"margin-top: 35px; margin-bottom: 25px; text-align: center !important; width: 100% !important; display: block !important;\">\r\n<h3 class=\"fusion-responsive-typography-calculated\" style=\"color: #03176e; margin: 0; text-align: center !important; font-weight: bold; display: block !important;\" data-fontsize=\"24\" data-lineheight=\"26.4px\">Galeria de fotos<\/h3>\r\n<\/div>\t\t\t\t\t\t\t\t<\/div>\n\t\t\t\t<\/div>\n\t\t\t\t<\/div>\n\t\t\t\t\t<\/div>\n\t\t\t\t<\/div>\n\t\t<div class=\"elementor-element elementor-element-3a5bd76 e-flex e-con-boxed e-con e-parent\" data-id=\"3a5bd76\" data-element_type=\"container\" data-settings=\"{&quot;jet_parallax_layout_list&quot;:[]}\">\n\t\t\t\t\t<div class=\"e-con-inner\">\n\t\t\t\t<div class=\"elementor-element elementor-element-3c514d8 elementor-widget elementor-widget-gallery\" data-id=\"3c514d8\" data-element_type=\"widget\" data-settings=\"{&quot;columns&quot;:3,&quot;lazyload&quot;:&quot;yes&quot;,&quot;gallery_layout&quot;:&quot;grid&quot;,&quot;columns_tablet&quot;:2,&quot;columns_mobile&quot;:1,&quot;gap&quot;:{&quot;unit&quot;:&quot;px&quot;,&quot;size&quot;:10,&quot;sizes&quot;:[]},&quot;gap_tablet&quot;:{&quot;unit&quot;:&quot;px&quot;,&quot;size&quot;:10,&quot;sizes&quot;:[]},&quot;gap_mobile&quot;:{&quot;unit&quot;:&quot;px&quot;,&quot;size&quot;:10,&quot;sizes&quot;:[]},&quot;link_to&quot;:&quot;file&quot;,&quot;aspect_ratio&quot;:&quot;3:2&quot;,&quot;overlay_background&quot;:&quot;yes&quot;,&quot;content_hover_animation&quot;:&quot;fade-in&quot;}\" data-widget_type=\"gallery.default\">\n\t\t\t\t<div class=\"elementor-widget-container\">\n\t\t\t\t\t\t\t<div class=\"elementor-gallery__container\">\n\t\t\t\t\t\t\t<a class=\"e-gallery-item elementor-gallery-item elementor-animated-content\" href=\"https:\/\/etecnic.bisiestodeveloper.es\/wp-content\/uploads\/2026\/07\/ETECNIC_PortTarragonaEvent06Maig2026-142.jpg\" data-elementor-open-lightbox=\"yes\" data-elementor-lightbox-slideshow=\"3c514d8\" data-elementor-lightbox-title=\"ETECNIC_PortTarragonaEvent06Maig2026-142\" data-e-action-hash=\"#elementor-action%3Aaction%3Dlightbox%26settings%3DeyJpZCI6MzQ3NDEsInVybCI6Imh0dHBzOlwvXC9ldGVjbmljLmJpc2llc3RvZGV2ZWxvcGVyLmVzXC93cC1jb250ZW50XC91cGxvYWRzXC8yMDI2XC8wN1wvRVRFQ05JQ19Qb3J0VGFycmFnb25hRXZlbnQwNk1haWcyMDI2LTE0Mi5qcGciLCJzbGlkZXNob3ciOiIzYzUxNGQ4In0%3D\">\n\t\t\t\t\t<div class=\"e-gallery-image elementor-gallery-item__image\" data-thumbnail=\"https:\/\/etecnic.bisiestodeveloper.es\/wp-content\/uploads\/2026\/07\/ETECNIC_PortTarragonaEvent06Maig2026-142-700x467.jpg\" data-width=\"700\" data-height=\"467\" aria-label=\"\" role=\"img\" ><\/div>\n\t\t\t\t\t\t\t\t\t\t\t<div class=\"elementor-gallery-item__overlay\"><\/div>\n\t\t\t\t\t\t\t\t\t\t\t\t\t\t<\/a>\n\t\t\t\t\t\t\t<a class=\"e-gallery-item elementor-gallery-item elementor-animated-content\" href=\"https:\/\/etecnic.bisiestodeveloper.es\/wp-content\/uploads\/2026\/07\/ETECNIC_PortTarragonaEvent06Maig2026-160.jpg\" data-elementor-open-lightbox=\"yes\" data-elementor-lightbox-slideshow=\"3c514d8\" data-elementor-lightbox-title=\"ETECNIC_PortTarragonaEvent06Maig2026-160\" data-e-action-hash=\"#elementor-action%3Aaction%3Dlightbox%26settings%3DeyJpZCI6MzQ3NDIsInVybCI6Imh0dHBzOlwvXC9ldGVjbmljLmJpc2llc3RvZGV2ZWxvcGVyLmVzXC93cC1jb250ZW50XC91cGxvYWRzXC8yMDI2XC8wN1wvRVRFQ05JQ19Qb3J0VGFycmFnb25hRXZlbnQwNk1haWcyMDI2LTE2MC5qcGciLCJzbGlkZXNob3ciOiIzYzUxNGQ4In0%3D\">\n\t\t\t\t\t<div class=\"e-gallery-image elementor-gallery-item__image\" data-thumbnail=\"https:\/\/etecnic.bisiestodeveloper.es\/wp-content\/uploads\/2026\/07\/ETECNIC_PortTarragonaEvent06Maig2026-160-700x467.jpg\" data-width=\"700\" data-height=\"467\" aria-label=\"\" role=\"img\" ><\/div>\n\t\t\t\t\t\t\t\t\t\t\t<div class=\"elementor-gallery-item__overlay\"><\/div>\n\t\t\t\t\t\t\t\t\t\t\t\t\t\t<\/a>\n\t\t\t\t\t\t\t<a class=\"e-gallery-item elementor-gallery-item elementor-animated-content\" href=\"https:\/\/etecnic.bisiestodeveloper.es\/wp-content\/uploads\/2026\/07\/ETECNIC_PortTarragonaEvent06Maig2026-8.jpg\" data-elementor-open-lightbox=\"yes\" data-elementor-lightbox-slideshow=\"3c514d8\" data-elementor-lightbox-title=\"ETECNIC_PortTarragonaEvent06Maig2026-8\" data-e-action-hash=\"#elementor-action%3Aaction%3Dlightbox%26settings%3DeyJpZCI6MzQ3NDMsInVybCI6Imh0dHBzOlwvXC9ldGVjbmljLmJpc2llc3RvZGV2ZWxvcGVyLmVzXC93cC1jb250ZW50XC91cGxvYWRzXC8yMDI2XC8wN1wvRVRFQ05JQ19Qb3J0VGFycmFnb25hRXZlbnQwNk1haWcyMDI2LTguanBnIiwic2xpZGVzaG93IjoiM2M1MTRkOCJ9\">\n\t\t\t\t\t<div class=\"e-gallery-image elementor-gallery-item__image\" data-thumbnail=\"https:\/\/etecnic.bisiestodeveloper.es\/wp-content\/uploads\/2026\/07\/ETECNIC_PortTarragonaEvent06Maig2026-8-700x467.jpg\" data-width=\"700\" data-height=\"467\" aria-label=\"\" role=\"img\" ><\/div>\n\t\t\t\t\t\t\t\t\t\t\t<div class=\"elementor-gallery-item__overlay\"><\/div>\n\t\t\t\t\t\t\t\t\t\t\t\t\t\t<\/a>\n\t\t\t\t\t\t\t<a class=\"e-gallery-item elementor-gallery-item elementor-animated-content\" href=\"https:\/\/etecnic.bisiestodeveloper.es\/wp-content\/uploads\/2026\/07\/ETECNIC_PortTarragonaEvent06Maig2026-11.jpg\" data-elementor-open-lightbox=\"yes\" data-elementor-lightbox-slideshow=\"3c514d8\" data-elementor-lightbox-title=\"ETECNIC_PortTarragonaEvent06Maig2026-11\" data-e-action-hash=\"#elementor-action%3Aaction%3Dlightbox%26settings%3DeyJpZCI6MzQ3NDQsInVybCI6Imh0dHBzOlwvXC9ldGVjbmljLmJpc2llc3RvZGV2ZWxvcGVyLmVzXC93cC1jb250ZW50XC91cGxvYWRzXC8yMDI2XC8wN1wvRVRFQ05JQ19Qb3J0VGFycmFnb25hRXZlbnQwNk1haWcyMDI2LTExLmpwZyIsInNsaWRlc2hvdyI6IjNjNTE0ZDgifQ%3D%3D\">\n\t\t\t\t\t<div class=\"e-gallery-image elementor-gallery-item__image\" data-thumbnail=\"https:\/\/etecnic.bisiestodeveloper.es\/wp-content\/uploads\/2026\/07\/ETECNIC_PortTarragonaEvent06Maig2026-11-700x467.jpg\" data-width=\"700\" data-height=\"467\" aria-label=\"\" role=\"img\" ><\/div>\n\t\t\t\t\t\t\t\t\t\t\t<div class=\"elementor-gallery-item__overlay\"><\/div>\n\t\t\t\t\t\t\t\t\t\t\t\t\t\t<\/a>\n\t\t\t\t\t\t\t<a class=\"e-gallery-item elementor-gallery-item elementor-animated-content\" href=\"https:\/\/etecnic.bisiestodeveloper.es\/wp-content\/uploads\/2026\/07\/ETECNIC_PortTarragonaEvent06Maig2026-87.jpg\" data-elementor-open-lightbox=\"yes\" data-elementor-lightbox-slideshow=\"3c514d8\" data-elementor-lightbox-title=\"ETECNIC_PortTarragonaEvent06Maig2026-87\" data-e-action-hash=\"#elementor-action%3Aaction%3Dlightbox%26settings%3DeyJpZCI6MzQ3NDUsInVybCI6Imh0dHBzOlwvXC9ldGVjbmljLmJpc2llc3RvZGV2ZWxvcGVyLmVzXC93cC1jb250ZW50XC91cGxvYWRzXC8yMDI2XC8wN1wvRVRFQ05JQ19Qb3J0VGFycmFnb25hRXZlbnQwNk1haWcyMDI2LTg3LmpwZyIsInNsaWRlc2hvdyI6IjNjNTE0ZDgifQ%3D%3D\">\n\t\t\t\t\t<div class=\"e-gallery-image elementor-gallery-item__image\" data-thumbnail=\"https:\/\/etecnic.bisiestodeveloper.es\/wp-content\/uploads\/2026\/07\/ETECNIC_PortTarragonaEvent06Maig2026-87-700x467.jpg\" data-width=\"700\" data-height=\"467\" aria-label=\"\" role=\"img\" ><\/div>\n\t\t\t\t\t\t\t\t\t\t\t<div class=\"elementor-gallery-item__overlay\"><\/div>\n\t\t\t\t\t\t\t\t\t\t\t\t\t\t<\/a>\n\t\t\t\t\t\t\t<a class=\"e-gallery-item elementor-gallery-item elementor-animated-content\" href=\"https:\/\/etecnic.bisiestodeveloper.es\/wp-content\/uploads\/2026\/07\/ETECNIC_PortTarragonaEvent06Maig2026-77.jpg\" data-elementor-open-lightbox=\"yes\" data-elementor-lightbox-slideshow=\"3c514d8\" data-elementor-lightbox-title=\"ETECNIC_PortTarragonaEvent06Maig2026-77\" data-e-action-hash=\"#elementor-action%3Aaction%3Dlightbox%26settings%3DeyJpZCI6MzQ3NDYsInVybCI6Imh0dHBzOlwvXC9ldGVjbmljLmJpc2llc3RvZGV2ZWxvcGVyLmVzXC93cC1jb250ZW50XC91cGxvYWRzXC8yMDI2XC8wN1wvRVRFQ05JQ19Qb3J0VGFycmFnb25hRXZlbnQwNk1haWcyMDI2LTc3LmpwZyIsInNsaWRlc2hvdyI6IjNjNTE0ZDgifQ%3D%3D\">\n\t\t\t\t\t<div class=\"e-gallery-image elementor-gallery-item__image\" data-thumbnail=\"https:\/\/etecnic.bisiestodeveloper.es\/wp-content\/uploads\/2026\/07\/ETECNIC_PortTarragonaEvent06Maig2026-77-700x467.jpg\" data-width=\"700\" data-height=\"467\" aria-label=\"\" role=\"img\" ><\/div>\n\t\t\t\t\t\t\t\t\t\t\t<div class=\"elementor-gallery-item__overlay\"><\/div>\n\t\t\t\t\t\t\t\t\t\t\t\t\t\t<\/a>\n\t\t\t\t\t\t\t<a class=\"e-gallery-item elementor-gallery-item elementor-animated-content\" href=\"https:\/\/etecnic.bisiestodeveloper.es\/wp-content\/uploads\/2026\/07\/ETECNIC_PortTarragonaEvent06Maig2026-54.jpg\" data-elementor-open-lightbox=\"yes\" data-elementor-lightbox-slideshow=\"3c514d8\" data-elementor-lightbox-title=\"ETECNIC_PortTarragonaEvent06Maig2026-54\" data-e-action-hash=\"#elementor-action%3Aaction%3Dlightbox%26settings%3DeyJpZCI6MzQ3NDcsInVybCI6Imh0dHBzOlwvXC9ldGVjbmljLmJpc2llc3RvZGV2ZWxvcGVyLmVzXC93cC1jb250ZW50XC91cGxvYWRzXC8yMDI2XC8wN1wvRVRFQ05JQ19Qb3J0VGFycmFnb25hRXZlbnQwNk1haWcyMDI2LTU0LmpwZyIsInNsaWRlc2hvdyI6IjNjNTE0ZDgifQ%3D%3D\">\n\t\t\t\t\t<div class=\"e-gallery-image elementor-gallery-item__image\" data-thumbnail=\"https:\/\/etecnic.bisiestodeveloper.es\/wp-content\/uploads\/2026\/07\/ETECNIC_PortTarragonaEvent06Maig2026-54-700x467.jpg\" data-width=\"700\" data-height=\"467\" aria-label=\"\" role=\"img\" ><\/div>\n\t\t\t\t\t\t\t\t\t\t\t<div class=\"elementor-gallery-item__overlay\"><\/div>\n\t\t\t\t\t\t\t\t\t\t\t\t\t\t<\/a>\n\t\t\t\t\t\t\t<a class=\"e-gallery-item elementor-gallery-item elementor-animated-content\" href=\"https:\/\/etecnic.bisiestodeveloper.es\/wp-content\/uploads\/2026\/07\/ETECNIC_PortTarragonaEvent06Maig2026-46.jpg\" data-elementor-open-lightbox=\"yes\" data-elementor-lightbox-slideshow=\"3c514d8\" data-elementor-lightbox-title=\"ETECNIC_PortTarragonaEvent06Maig2026-46\" data-e-action-hash=\"#elementor-action%3Aaction%3Dlightbox%26settings%3DeyJpZCI6MzQ3NDgsInVybCI6Imh0dHBzOlwvXC9ldGVjbmljLmJpc2llc3RvZGV2ZWxvcGVyLmVzXC93cC1jb250ZW50XC91cGxvYWRzXC8yMDI2XC8wN1wvRVRFQ05JQ19Qb3J0VGFycmFnb25hRXZlbnQwNk1haWcyMDI2LTQ2LmpwZyIsInNsaWRlc2hvdyI6IjNjNTE0ZDgifQ%3D%3D\">\n\t\t\t\t\t<div class=\"e-gallery-image elementor-gallery-item__image\" data-thumbnail=\"https:\/\/etecnic.bisiestodeveloper.es\/wp-content\/uploads\/2026\/07\/ETECNIC_PortTarragonaEvent06Maig2026-46-700x467.jpg\" data-width=\"700\" data-height=\"467\" aria-label=\"\" role=\"img\" ><\/div>\n\t\t\t\t\t\t\t\t\t\t\t<div class=\"elementor-gallery-item__overlay\"><\/div>\n\t\t\t\t\t\t\t\t\t\t\t\t\t\t<\/a>\n\t\t\t\t\t\t\t<a class=\"e-gallery-item elementor-gallery-item elementor-animated-content\" href=\"https:\/\/etecnic.bisiestodeveloper.es\/wp-content\/uploads\/2026\/07\/ETECNIC_PortTarragonaEvent06Maig2026-33.jpg\" data-elementor-open-lightbox=\"yes\" data-elementor-lightbox-slideshow=\"3c514d8\" data-elementor-lightbox-title=\"ETECNIC_PortTarragonaEvent06Maig2026-33\" data-e-action-hash=\"#elementor-action%3Aaction%3Dlightbox%26settings%3DeyJpZCI6MzQ3NDksInVybCI6Imh0dHBzOlwvXC9ldGVjbmljLmJpc2llc3RvZGV2ZWxvcGVyLmVzXC93cC1jb250ZW50XC91cGxvYWRzXC8yMDI2XC8wN1wvRVRFQ05JQ19Qb3J0VGFycmFnb25hRXZlbnQwNk1haWcyMDI2LTMzLmpwZyIsInNsaWRlc2hvdyI6IjNjNTE0ZDgifQ%3D%3D\">\n\t\t\t\t\t<div class=\"e-gallery-image elementor-gallery-item__image\" data-thumbnail=\"https:\/\/etecnic.bisiestodeveloper.es\/wp-content\/uploads\/2026\/07\/ETECNIC_PortTarragonaEvent06Maig2026-33-700x467.jpg\" data-width=\"700\" data-height=\"467\" aria-label=\"\" role=\"img\" ><\/div>\n\t\t\t\t\t\t\t\t\t\t\t<div class=\"elementor-gallery-item__overlay\"><\/div>\n\t\t\t\t\t\t\t\t\t\t\t\t\t\t<\/a>\n\t\t\t\t\t\t\t<a class=\"e-gallery-item elementor-gallery-item elementor-animated-content\" href=\"https:\/\/etecnic.bisiestodeveloper.es\/wp-content\/uploads\/2026\/07\/ETECNIC_PortTarragonaEvent06Maig2026-49.jpg\" data-elementor-open-lightbox=\"yes\" data-elementor-lightbox-slideshow=\"3c514d8\" data-elementor-lightbox-title=\"ETECNIC_PortTarragonaEvent06Maig2026-49\" data-e-action-hash=\"#elementor-action%3Aaction%3Dlightbox%26settings%3DeyJpZCI6MzQ3NTAsInVybCI6Imh0dHBzOlwvXC9ldGVjbmljLmJpc2llc3RvZGV2ZWxvcGVyLmVzXC93cC1jb250ZW50XC91cGxvYWRzXC8yMDI2XC8wN1wvRVRFQ05JQ19Qb3J0VGFycmFnb25hRXZlbnQwNk1haWcyMDI2LTQ5LmpwZyIsInNsaWRlc2hvdyI6IjNjNTE0ZDgifQ%3D%3D\">\n\t\t\t\t\t<div class=\"e-gallery-image elementor-gallery-item__image\" data-thumbnail=\"https:\/\/etecnic.bisiestodeveloper.es\/wp-content\/uploads\/2026\/07\/ETECNIC_PortTarragonaEvent06Maig2026-49-700x467.jpg\" data-width=\"700\" data-height=\"467\" aria-label=\"\" role=\"img\" ><\/div>\n\t\t\t\t\t\t\t\t\t\t\t<div class=\"elementor-gallery-item__overlay\"><\/div>\n\t\t\t\t\t\t\t\t\t\t\t\t\t\t<\/a>\n\t\t\t\t\t\t\t<a class=\"e-gallery-item elementor-gallery-item elementor-animated-content\" href=\"https:\/\/etecnic.bisiestodeveloper.es\/wp-content\/uploads\/2026\/07\/ETECNIC_PortTarragonaEvent06Maig2026-29.jpg\" data-elementor-open-lightbox=\"yes\" data-elementor-lightbox-slideshow=\"3c514d8\" data-elementor-lightbox-title=\"ETECNIC_PortTarragonaEvent06Maig2026-29\" data-e-action-hash=\"#elementor-action%3Aaction%3Dlightbox%26settings%3DeyJpZCI6MzQ3NTEsInVybCI6Imh0dHBzOlwvXC9ldGVjbmljLmJpc2llc3RvZGV2ZWxvcGVyLmVzXC93cC1jb250ZW50XC91cGxvYWRzXC8yMDI2XC8wN1wvRVRFQ05JQ19Qb3J0VGFycmFnb25hRXZlbnQwNk1haWcyMDI2LTI5LmpwZyIsInNsaWRlc2hvdyI6IjNjNTE0ZDgifQ%3D%3D\">\n\t\t\t\t\t<div class=\"e-gallery-image elementor-gallery-item__image\" data-thumbnail=\"https:\/\/etecnic.bisiestodeveloper.es\/wp-content\/uploads\/2026\/07\/ETECNIC_PortTarragonaEvent06Maig2026-29-700x467.jpg\" data-width=\"700\" data-height=\"467\" aria-label=\"\" role=\"img\" ><\/div>\n\t\t\t\t\t\t\t\t\t\t\t<div class=\"elementor-gallery-item__overlay\"><\/div>\n\t\t\t\t\t\t\t\t\t\t\t\t\t\t<\/a>\n\t\t\t\t\t\t\t<a class=\"e-gallery-item elementor-gallery-item elementor-animated-content\" href=\"https:\/\/etecnic.bisiestodeveloper.es\/wp-content\/uploads\/2026\/07\/ETECNIC_PortTarragonaEvent06Maig2026-38.jpg\" data-elementor-open-lightbox=\"yes\" data-elementor-lightbox-slideshow=\"3c514d8\" data-elementor-lightbox-title=\"ETECNIC_PortTarragonaEvent06Maig2026-38\" data-e-action-hash=\"#elementor-action%3Aaction%3Dlightbox%26settings%3DeyJpZCI6MzQ3NTIsInVybCI6Imh0dHBzOlwvXC9ldGVjbmljLmJpc2llc3RvZGV2ZWxvcGVyLmVzXC93cC1jb250ZW50XC91cGxvYWRzXC8yMDI2XC8wN1wvRVRFQ05JQ19Qb3J0VGFycmFnb25hRXZlbnQwNk1haWcyMDI2LTM4LmpwZyIsInNsaWRlc2hvdyI6IjNjNTE0ZDgifQ%3D%3D\">\n\t\t\t\t\t<div class=\"e-gallery-image elementor-gallery-item__image\" data-thumbnail=\"https:\/\/etecnic.bisiestodeveloper.es\/wp-content\/uploads\/2026\/07\/ETECNIC_PortTarragonaEvent06Maig2026-38-700x467.jpg\" data-width=\"700\" data-height=\"467\" aria-label=\"\" role=\"img\" ><\/div>\n\t\t\t\t\t\t\t\t\t\t\t<div class=\"elementor-gallery-item__overlay\"><\/div>\n\t\t\t\t\t\t\t\t\t\t\t\t\t\t<\/a>\n\t\t\t\t\t\t\t<a class=\"e-gallery-item elementor-gallery-item elementor-animated-content\" href=\"https:\/\/etecnic.bisiestodeveloper.es\/wp-content\/uploads\/2026\/07\/ETECNIC_PortTarragonaEvent06Maig2026-52.jpg\" data-elementor-open-lightbox=\"yes\" data-elementor-lightbox-slideshow=\"3c514d8\" data-elementor-lightbox-title=\"ETECNIC_PortTarragonaEvent06Maig2026-52\" data-e-action-hash=\"#elementor-action%3Aaction%3Dlightbox%26settings%3DeyJpZCI6MzQ3NTMsInVybCI6Imh0dHBzOlwvXC9ldGVjbmljLmJpc2llc3RvZGV2ZWxvcGVyLmVzXC93cC1jb250ZW50XC91cGxvYWRzXC8yMDI2XC8wN1wvRVRFQ05JQ19Qb3J0VGFycmFnb25hRXZlbnQwNk1haWcyMDI2LTUyLmpwZyIsInNsaWRlc2hvdyI6IjNjNTE0ZDgifQ%3D%3D\">\n\t\t\t\t\t<div class=\"e-gallery-image elementor-gallery-item__image\" data-thumbnail=\"https:\/\/etecnic.bisiestodeveloper.es\/wp-content\/uploads\/2026\/07\/ETECNIC_PortTarragonaEvent06Maig2026-52-700x467.jpg\" data-width=\"700\" data-height=\"467\" aria-label=\"\" role=\"img\" ><\/div>\n\t\t\t\t\t\t\t\t\t\t\t<div class=\"elementor-gallery-item__overlay\"><\/div>\n\t\t\t\t\t\t\t\t\t\t\t\t\t\t<\/a>\n\t\t\t\t\t\t\t<a class=\"e-gallery-item elementor-gallery-item elementor-animated-content\" href=\"https:\/\/etecnic.bisiestodeveloper.es\/wp-content\/uploads\/2026\/07\/ETECNIC_PortTarragonaEvent06Maig2026-73.jpg\" data-elementor-open-lightbox=\"yes\" data-elementor-lightbox-slideshow=\"3c514d8\" data-elementor-lightbox-title=\"ETECNIC_PortTarragonaEvent06Maig2026-73\" data-e-action-hash=\"#elementor-action%3Aaction%3Dlightbox%26settings%3DeyJpZCI6MzQ3NTQsInVybCI6Imh0dHBzOlwvXC9ldGVjbmljLmJpc2llc3RvZGV2ZWxvcGVyLmVzXC93cC1jb250ZW50XC91cGxvYWRzXC8yMDI2XC8wN1wvRVRFQ05JQ19Qb3J0VGFycmFnb25hRXZlbnQwNk1haWcyMDI2LTczLmpwZyIsInNsaWRlc2hvdyI6IjNjNTE0ZDgifQ%3D%3D\">\n\t\t\t\t\t<div class=\"e-gallery-image elementor-gallery-item__image\" data-thumbnail=\"https:\/\/etecnic.bisiestodeveloper.es\/wp-content\/uploads\/2026\/07\/ETECNIC_PortTarragonaEvent06Maig2026-73-700x467.jpg\" data-width=\"700\" data-height=\"467\" aria-label=\"\" role=\"img\" ><\/div>\n\t\t\t\t\t\t\t\t\t\t\t<div class=\"elementor-gallery-item__overlay\"><\/div>\n\t\t\t\t\t\t\t\t\t\t\t\t\t\t<\/a>\n\t\t\t\t\t\t\t<a class=\"e-gallery-item elementor-gallery-item elementor-animated-content\" href=\"https:\/\/etecnic.bisiestodeveloper.es\/wp-content\/uploads\/2026\/07\/ETECNIC_PortTarragonaEvent06Maig2026-76.jpg\" data-elementor-open-lightbox=\"yes\" data-elementor-lightbox-slideshow=\"3c514d8\" data-elementor-lightbox-title=\"ETECNIC_PortTarragonaEvent06Maig2026-76\" data-e-action-hash=\"#elementor-action%3Aaction%3Dlightbox%26settings%3DeyJpZCI6MzQ3NTUsInVybCI6Imh0dHBzOlwvXC9ldGVjbmljLmJpc2llc3RvZGV2ZWxvcGVyLmVzXC93cC1jb250ZW50XC91cGxvYWRzXC8yMDI2XC8wN1wvRVRFQ05JQ19Qb3J0VGFycmFnb25hRXZlbnQwNk1haWcyMDI2LTc2LmpwZyIsInNsaWRlc2hvdyI6IjNjNTE0ZDgifQ%3D%3D\">\n\t\t\t\t\t<div class=\"e-gallery-image elementor-gallery-item__image\" data-thumbnail=\"https:\/\/etecnic.bisiestodeveloper.es\/wp-content\/uploads\/2026\/07\/ETECNIC_PortTarragonaEvent06Maig2026-76-700x467.jpg\" data-width=\"700\" data-height=\"467\" aria-label=\"\" role=\"img\" ><\/div>\n\t\t\t\t\t\t\t\t\t\t\t<div class=\"elementor-gallery-item__overlay\"><\/div>\n\t\t\t\t\t\t\t\t\t\t\t\t\t\t<\/a>\n\t\t\t\t\t\t\t<a class=\"e-gallery-item elementor-gallery-item elementor-animated-content\" href=\"https:\/\/etecnic.bisiestodeveloper.es\/wp-content\/uploads\/2026\/07\/ETECNIC_PortTarragonaEvent06Maig2026-21.jpg\" data-elementor-open-lightbox=\"yes\" data-elementor-lightbox-slideshow=\"3c514d8\" data-elementor-lightbox-title=\"ETECNIC_PortTarragonaEvent06Maig2026-21\" data-e-action-hash=\"#elementor-action%3Aaction%3Dlightbox%26settings%3DeyJpZCI6MzQ3NTYsInVybCI6Imh0dHBzOlwvXC9ldGVjbmljLmJpc2llc3RvZGV2ZWxvcGVyLmVzXC93cC1jb250ZW50XC91cGxvYWRzXC8yMDI2XC8wN1wvRVRFQ05JQ19Qb3J0VGFycmFnb25hRXZlbnQwNk1haWcyMDI2LTIxLmpwZyIsInNsaWRlc2hvdyI6IjNjNTE0ZDgifQ%3D%3D\">\n\t\t\t\t\t<div class=\"e-gallery-image elementor-gallery-item__image\" data-thumbnail=\"https:\/\/etecnic.bisiestodeveloper.es\/wp-content\/uploads\/2026\/07\/ETECNIC_PortTarragonaEvent06Maig2026-21-700x467.jpg\" data-width=\"700\" data-height=\"467\" aria-label=\"\" role=\"img\" ><\/div>\n\t\t\t\t\t\t\t\t\t\t\t<div class=\"elementor-gallery-item__overlay\"><\/div>\n\t\t\t\t\t\t\t\t\t\t\t\t\t\t<\/a>\n\t\t\t\t\t\t\t<a class=\"e-gallery-item elementor-gallery-item elementor-animated-content\" href=\"https:\/\/etecnic.bisiestodeveloper.es\/wp-content\/uploads\/2026\/07\/ETECNIC_PortTarragonaEvent06Maig2026-163.jpg\" data-elementor-open-lightbox=\"yes\" data-elementor-lightbox-slideshow=\"3c514d8\" data-elementor-lightbox-title=\"ETECNIC_PortTarragonaEvent06Maig2026-163\" data-e-action-hash=\"#elementor-action%3Aaction%3Dlightbox%26settings%3DeyJpZCI6MzQ3NTcsInVybCI6Imh0dHBzOlwvXC9ldGVjbmljLmJpc2llc3RvZGV2ZWxvcGVyLmVzXC93cC1jb250ZW50XC91cGxvYWRzXC8yMDI2XC8wN1wvRVRFQ05JQ19Qb3J0VGFycmFnb25hRXZlbnQwNk1haWcyMDI2LTE2My5qcGciLCJzbGlkZXNob3ciOiIzYzUxNGQ4In0%3D\">\n\t\t\t\t\t<div class=\"e-gallery-image elementor-gallery-item__image\" data-thumbnail=\"https:\/\/etecnic.bisiestodeveloper.es\/wp-content\/uploads\/2026\/07\/ETECNIC_PortTarragonaEvent06Maig2026-163-700x467.jpg\" data-width=\"700\" data-height=\"467\" aria-label=\"\" role=\"img\" ><\/div>\n\t\t\t\t\t\t\t\t\t\t\t<div class=\"elementor-gallery-item__overlay\"><\/div>\n\t\t\t\t\t\t\t\t\t\t\t\t\t\t<\/a>\n\t\t\t\t\t\t\t<a class=\"e-gallery-item elementor-gallery-item elementor-animated-content\" href=\"https:\/\/etecnic.bisiestodeveloper.es\/wp-content\/uploads\/2026\/07\/ETECNIC_PortTarragonaEvent06Maig2026-131.jpg\" data-elementor-open-lightbox=\"yes\" data-elementor-lightbox-slideshow=\"3c514d8\" data-elementor-lightbox-title=\"ETECNIC_PortTarragonaEvent06Maig2026-131\" data-e-action-hash=\"#elementor-action%3Aaction%3Dlightbox%26settings%3DeyJpZCI6MzQ3NTgsInVybCI6Imh0dHBzOlwvXC9ldGVjbmljLmJpc2llc3RvZGV2ZWxvcGVyLmVzXC93cC1jb250ZW50XC91cGxvYWRzXC8yMDI2XC8wN1wvRVRFQ05JQ19Qb3J0VGFycmFnb25hRXZlbnQwNk1haWcyMDI2LTEzMS5qcGciLCJzbGlkZXNob3ciOiIzYzUxNGQ4In0%3D\">\n\t\t\t\t\t<div class=\"e-gallery-image elementor-gallery-item__image\" data-thumbnail=\"https:\/\/etecnic.bisiestodeveloper.es\/wp-content\/uploads\/2026\/07\/ETECNIC_PortTarragonaEvent06Maig2026-131-700x467.jpg\" data-width=\"700\" data-height=\"467\" aria-label=\"\" role=\"img\" ><\/div>\n\t\t\t\t\t\t\t\t\t\t\t<div class=\"elementor-gallery-item__overlay\"><\/div>\n\t\t\t\t\t\t\t\t\t\t\t\t\t\t<\/a>\n\t\t\t\t\t\t\t<a class=\"e-gallery-item elementor-gallery-item elementor-animated-content\" href=\"https:\/\/etecnic.bisiestodeveloper.es\/wp-content\/uploads\/2026\/07\/ETECNIC_PortTarragonaEvent06Maig2026-118.jpg\" data-elementor-open-lightbox=\"yes\" data-elementor-lightbox-slideshow=\"3c514d8\" data-elementor-lightbox-title=\"ETECNIC_PortTarragonaEvent06Maig2026-118\" data-e-action-hash=\"#elementor-action%3Aaction%3Dlightbox%26settings%3DeyJpZCI6MzQ3NTksInVybCI6Imh0dHBzOlwvXC9ldGVjbmljLmJpc2llc3RvZGV2ZWxvcGVyLmVzXC93cC1jb250ZW50XC91cGxvYWRzXC8yMDI2XC8wN1wvRVRFQ05JQ19Qb3J0VGFycmFnb25hRXZlbnQwNk1haWcyMDI2LTExOC5qcGciLCJzbGlkZXNob3ciOiIzYzUxNGQ4In0%3D\">\n\t\t\t\t\t<div class=\"e-gallery-image elementor-gallery-item__image\" data-thumbnail=\"https:\/\/etecnic.bisiestodeveloper.es\/wp-content\/uploads\/2026\/07\/ETECNIC_PortTarragonaEvent06Maig2026-118-700x467.jpg\" data-width=\"700\" data-height=\"467\" aria-label=\"\" role=\"img\" ><\/div>\n\t\t\t\t\t\t\t\t\t\t\t<div class=\"elementor-gallery-item__overlay\"><\/div>\n\t\t\t\t\t\t\t\t\t\t\t\t\t\t<\/a>\n\t\t\t\t\t\t\t<a class=\"e-gallery-item elementor-gallery-item elementor-animated-content\" href=\"https:\/\/etecnic.bisiestodeveloper.es\/wp-content\/uploads\/2026\/07\/ETECNIC_PortTarragonaEvent06Maig2026-104.jpg\" data-elementor-open-lightbox=\"yes\" data-elementor-lightbox-slideshow=\"3c514d8\" data-elementor-lightbox-title=\"ETECNIC_PortTarragonaEvent06Maig2026-104\" data-e-action-hash=\"#elementor-action%3Aaction%3Dlightbox%26settings%3DeyJpZCI6MzQ3NjAsInVybCI6Imh0dHBzOlwvXC9ldGVjbmljLmJpc2llc3RvZGV2ZWxvcGVyLmVzXC93cC1jb250ZW50XC91cGxvYWRzXC8yMDI2XC8wN1wvRVRFQ05JQ19Qb3J0VGFycmFnb25hRXZlbnQwNk1haWcyMDI2LTEwNC5qcGciLCJzbGlkZXNob3ciOiIzYzUxNGQ4In0%3D\">\n\t\t\t\t\t<div class=\"e-gallery-image elementor-gallery-item__image\" data-thumbnail=\"https:\/\/etecnic.bisiestodeveloper.es\/wp-content\/uploads\/2026\/07\/ETECNIC_PortTarragonaEvent06Maig2026-104-700x467.jpg\" data-width=\"700\" data-height=\"467\" aria-label=\"\" role=\"img\" ><\/div>\n\t\t\t\t\t\t\t\t\t\t\t<div class=\"elementor-gallery-item__overlay\"><\/div>\n\t\t\t\t\t\t\t\t\t\t\t\t\t\t<\/a>\n\t\t\t\t\t\t\t<a class=\"e-gallery-item elementor-gallery-item elementor-animated-content\" href=\"https:\/\/etecnic.bisiestodeveloper.es\/wp-content\/uploads\/2026\/07\/ETECNIC_PortTarragonaEvent06Maig2026-109.jpg\" data-elementor-open-lightbox=\"yes\" data-elementor-lightbox-slideshow=\"3c514d8\" data-elementor-lightbox-title=\"ETECNIC_PortTarragonaEvent06Maig2026-109\" data-e-action-hash=\"#elementor-action%3Aaction%3Dlightbox%26settings%3DeyJpZCI6MzQ3NjEsInVybCI6Imh0dHBzOlwvXC9ldGVjbmljLmJpc2llc3RvZGV2ZWxvcGVyLmVzXC93cC1jb250ZW50XC91cGxvYWRzXC8yMDI2XC8wN1wvRVRFQ05JQ19Qb3J0VGFycmFnb25hRXZlbnQwNk1haWcyMDI2LTEwOS5qcGciLCJzbGlkZXNob3ciOiIzYzUxNGQ4In0%3D\">\n\t\t\t\t\t<div class=\"e-gallery-image elementor-gallery-item__image\" data-thumbnail=\"https:\/\/etecnic.bisiestodeveloper.es\/wp-content\/uploads\/2026\/07\/ETECNIC_PortTarragonaEvent06Maig2026-109-700x467.jpg\" data-width=\"700\" data-height=\"467\" aria-label=\"\" role=\"img\" ><\/div>\n\t\t\t\t\t\t\t\t\t\t\t<div class=\"elementor-gallery-item__overlay\"><\/div>\n\t\t\t\t\t\t\t\t\t\t\t\t\t\t<\/a>\n\t\t\t\t\t<\/div>\n\t\t\t\t\t<\/div>\n\t\t\t\t<\/div>\n\t\t\t\t\t<\/div>\n\t\t\t\t<\/div>\n\t\t\t\t<\/div>\n\t\t","protected":false},"excerpt":{"rendered":"<p>M\u00e9s de 80 professionals es van reunir en la 2a edici\u00f3 del Workshop de Transport Sostenible Electrificat organitzat per Etecnic i el Port de Tarragona. Experts coincideixen que la tecnologia ja \u00e9s una realitat, per\u00f2 urgeixen a planificar infraestructures de gran escala i reduir barreres administratives per garantir la competitivitat. Tarragona, 7 de maig de [&hellip;]<\/p>\n","protected":false},"author":4,"featured_media":34762,"comment_status":"closed","ping_status":"closed","sticky":false,"template":"","format":"standard","meta":{"footnotes":""},"categories":[230,633,640,420,635],"tags":[],"class_list":["post-34763","post","type-post","status-publish","format-standard","has-post-thumbnail","hentry","category-esdeveniments","category-etecnic_cat","category-evcharge","category-projectes","category-sector"],"yoast_head":"<!-- This site is optimized with the Yoast SEO plugin v26.5 - https:\/\/yoast.com\/wordpress\/plugins\/seo\/ -->\n<title>II Workshop Transport Sostenible | Port de Tarragona<\/title>\n<meta name=\"description\" content=\"Reviu la II edici\u00f3 del Workshop de Transport Sostenible en el Port de Tarragona. Descobreix les claus de la descarbonitzaci\u00f3.\" \/>\n<meta name=\"robots\" content=\"noindex, follow, max-snippet:-1, max-image-preview:large, max-video-preview:-1\" \/>\n<meta property=\"og:locale\" content=\"ca_ES\" \/>\n<meta property=\"og:type\" content=\"article\" \/>\n<meta property=\"og:title\" content=\"II Workshop Transport Sostenible | Port de Tarragona\" \/>\n<meta property=\"og:description\" content=\"Reviu la II edici\u00f3 del Workshop de Transport Sostenible en el Port de Tarragona. Descobreix les claus de la descarbonitzaci\u00f3.\" \/>\n<meta property=\"og:url\" content=\"https:\/\/etecnic.bisiestodeveloper.es\/ca\/esdeveniments\/el-port-de-tarragona-es-converteix-en-lepicentre-de-la-descarbonitzacio-del-transport-pesat\/\" \/>\n<meta property=\"og:site_name\" content=\"Etecnic\" \/>\n<meta property=\"article:published_time\" content=\"2026-07-20T10:14:36+00:00\" \/>\n<meta property=\"article:modified_time\" content=\"2026-07-24T09:11:28+00:00\" \/>\n<meta property=\"og:image\" content=\"https:\/\/etecnic.bisiestodeveloper.es\/wp-content\/uploads\/2026\/07\/Blog-WKS-2026-scaled-1-700x454.png\" \/>\n<meta name=\"author\" content=\"anna-etecnic\" \/>\n<meta name=\"twitter:card\" content=\"summary_large_image\" \/>\n<meta name=\"twitter:label1\" content=\"Escrit per\" \/>\n\t<meta name=\"twitter:data1\" content=\"anna-etecnic\" \/>\n\t<meta name=\"twitter:label2\" content=\"Temps estimat de lectura\" \/>\n\t<meta name=\"twitter:data2\" content=\"7 minuts\" \/>\n<script type=\"application\/ld+json\" class=\"yoast-schema-graph\">{\"@context\":\"https:\/\/schema.org\",\"@graph\":[{\"@type\":\"Article\",\"@id\":\"https:\/\/etecnic.bisiestodeveloper.es\/ca\/esdeveniments\/el-port-de-tarragona-es-converteix-en-lepicentre-de-la-descarbonitzacio-del-transport-pesat\/#article\",\"isPartOf\":{\"@id\":\"https:\/\/etecnic.bisiestodeveloper.es\/ca\/esdeveniments\/el-port-de-tarragona-es-converteix-en-lepicentre-de-la-descarbonitzacio-del-transport-pesat\/\"},\"author\":{\"name\":\"anna-etecnic\",\"@id\":\"https:\/\/etecnic.bisiestodeveloper.es\/ca\/#\/schema\/person\/0da7a3465710726a5fa6d735b8a7e686\"},\"headline\":\"El Port de Tarragona es converteix en l&#8217;epicentre de la descarbonitzaci\u00f3 del transport pesat\",\"datePublished\":\"2026-07-20T10:14:36+00:00\",\"dateModified\":\"2026-07-24T09:11:28+00:00\",\"mainEntityOfPage\":{\"@id\":\"https:\/\/etecnic.bisiestodeveloper.es\/ca\/esdeveniments\/el-port-de-tarragona-es-converteix-en-lepicentre-de-la-descarbonitzacio-del-transport-pesat\/\"},\"wordCount\":1356,\"publisher\":{\"@id\":\"https:\/\/etecnic.bisiestodeveloper.es\/ca\/#organization\"},\"image\":{\"@id\":\"https:\/\/etecnic.bisiestodeveloper.es\/ca\/esdeveniments\/el-port-de-tarragona-es-converteix-en-lepicentre-de-la-descarbonitzacio-del-transport-pesat\/#primaryimage\"},\"thumbnailUrl\":\"https:\/\/etecnic.bisiestodeveloper.es\/wp-content\/uploads\/2026\/07\/Blog-WKS-2026-scaled-1.png\",\"articleSection\":[\"Esdeveniments\",\"Etecnic\",\"EVcharge\",\"Projectes\",\"Sector\"],\"inLanguage\":\"ca\"},{\"@type\":\"WebPage\",\"@id\":\"https:\/\/etecnic.bisiestodeveloper.es\/ca\/esdeveniments\/el-port-de-tarragona-es-converteix-en-lepicentre-de-la-descarbonitzacio-del-transport-pesat\/\",\"url\":\"https:\/\/etecnic.bisiestodeveloper.es\/ca\/esdeveniments\/el-port-de-tarragona-es-converteix-en-lepicentre-de-la-descarbonitzacio-del-transport-pesat\/\",\"name\":\"II Workshop Transport Sostenible | Port de Tarragona\",\"isPartOf\":{\"@id\":\"https:\/\/etecnic.bisiestodeveloper.es\/ca\/#website\"},\"primaryImageOfPage\":{\"@id\":\"https:\/\/etecnic.bisiestodeveloper.es\/ca\/esdeveniments\/el-port-de-tarragona-es-converteix-en-lepicentre-de-la-descarbonitzacio-del-transport-pesat\/#primaryimage\"},\"image\":{\"@id\":\"https:\/\/etecnic.bisiestodeveloper.es\/ca\/esdeveniments\/el-port-de-tarragona-es-converteix-en-lepicentre-de-la-descarbonitzacio-del-transport-pesat\/#primaryimage\"},\"thumbnailUrl\":\"https:\/\/etecnic.bisiestodeveloper.es\/wp-content\/uploads\/2026\/07\/Blog-WKS-2026-scaled-1.png\",\"datePublished\":\"2026-07-20T10:14:36+00:00\",\"dateModified\":\"2026-07-24T09:11:28+00:00\",\"description\":\"Reviu la II edici\u00f3 del Workshop de Transport Sostenible en el Port de Tarragona. Descobreix les claus de la descarbonitzaci\u00f3.\",\"breadcrumb\":{\"@id\":\"https:\/\/etecnic.bisiestodeveloper.es\/ca\/esdeveniments\/el-port-de-tarragona-es-converteix-en-lepicentre-de-la-descarbonitzacio-del-transport-pesat\/#breadcrumb\"},\"inLanguage\":\"ca\",\"potentialAction\":[{\"@type\":\"ReadAction\",\"target\":[\"https:\/\/etecnic.bisiestodeveloper.es\/ca\/esdeveniments\/el-port-de-tarragona-es-converteix-en-lepicentre-de-la-descarbonitzacio-del-transport-pesat\/\"]}]},{\"@type\":\"ImageObject\",\"inLanguage\":\"ca\",\"@id\":\"https:\/\/etecnic.bisiestodeveloper.es\/ca\/esdeveniments\/el-port-de-tarragona-es-converteix-en-lepicentre-de-la-descarbonitzacio-del-transport-pesat\/#primaryimage\",\"url\":\"https:\/\/etecnic.bisiestodeveloper.es\/wp-content\/uploads\/2026\/07\/Blog-WKS-2026-scaled-1.png\",\"contentUrl\":\"https:\/\/etecnic.bisiestodeveloper.es\/wp-content\/uploads\/2026\/07\/Blog-WKS-2026-scaled-1.png\",\"width\":2560,\"height\":1660},{\"@type\":\"BreadcrumbList\",\"@id\":\"https:\/\/etecnic.bisiestodeveloper.es\/ca\/esdeveniments\/el-port-de-tarragona-es-converteix-en-lepicentre-de-la-descarbonitzacio-del-transport-pesat\/#breadcrumb\",\"itemListElement\":[{\"@type\":\"ListItem\",\"position\":1,\"name\":\"Portada\",\"item\":\"https:\/\/etecnic.bisiestodeveloper.es\/ca\/\"},{\"@type\":\"ListItem\",\"position\":2,\"name\":\"El Port de Tarragona es converteix en l&#8217;epicentre de la descarbonitzaci\u00f3 del transport pesat\"}]},{\"@type\":\"WebSite\",\"@id\":\"https:\/\/etecnic.bisiestodeveloper.es\/ca\/#website\",\"url\":\"https:\/\/etecnic.bisiestodeveloper.es\/ca\/\",\"name\":\"Etecnic\",\"description\":\"\",\"publisher\":{\"@id\":\"https:\/\/etecnic.bisiestodeveloper.es\/ca\/#organization\"},\"potentialAction\":[{\"@type\":\"SearchAction\",\"target\":{\"@type\":\"EntryPoint\",\"urlTemplate\":\"https:\/\/etecnic.bisiestodeveloper.es\/ca\/?s={search_term_string}\"},\"query-input\":{\"@type\":\"PropertyValueSpecification\",\"valueRequired\":true,\"valueName\":\"search_term_string\"}}],\"inLanguage\":\"ca\"},{\"@type\":\"Organization\",\"@id\":\"https:\/\/etecnic.bisiestodeveloper.es\/ca\/#organization\",\"name\":\"Etecnic\",\"url\":\"https:\/\/etecnic.bisiestodeveloper.es\/ca\/\",\"logo\":{\"@type\":\"ImageObject\",\"inLanguage\":\"ca\",\"@id\":\"https:\/\/etecnic.bisiestodeveloper.es\/ca\/#\/schema\/logo\/image\/\",\"url\":\"https:\/\/etecnic.bisiestodeveloper.es\/wp-content\/uploads\/2025\/06\/logo-etecnic-blanco.png\",\"contentUrl\":\"https:\/\/etecnic.bisiestodeveloper.es\/wp-content\/uploads\/2025\/06\/logo-etecnic-blanco.png\",\"width\":1000,\"height\":500,\"caption\":\"Etecnic\"},\"image\":{\"@id\":\"https:\/\/etecnic.bisiestodeveloper.es\/ca\/#\/schema\/logo\/image\/\"}},{\"@type\":\"Person\",\"@id\":\"https:\/\/etecnic.bisiestodeveloper.es\/ca\/#\/schema\/person\/0da7a3465710726a5fa6d735b8a7e686\",\"name\":\"anna-etecnic\",\"url\":\"https:\/\/etecnic.bisiestodeveloper.es\/ca\/author\/anna-etecnic\/\"}]}<\/script>\n<!-- \/ Yoast SEO plugin. -->","yoast_head_json":{"title":"II Workshop Transport Sostenible | Port de Tarragona","description":"Reviu la II edici\u00f3 del Workshop de Transport Sostenible en el Port de Tarragona. Descobreix les claus de la descarbonitzaci\u00f3.","robots":{"index":"noindex","follow":"follow","max-snippet":"max-snippet:-1","max-image-preview":"max-image-preview:large","max-video-preview":"max-video-preview:-1"},"og_locale":"ca_ES","og_type":"article","og_title":"II Workshop Transport Sostenible | Port de Tarragona","og_description":"Reviu la II edici\u00f3 del Workshop de Transport Sostenible en el Port de Tarragona. Descobreix les claus de la descarbonitzaci\u00f3.","og_url":"https:\/\/etecnic.bisiestodeveloper.es\/ca\/esdeveniments\/el-port-de-tarragona-es-converteix-en-lepicentre-de-la-descarbonitzacio-del-transport-pesat\/","og_site_name":"Etecnic","article_published_time":"2026-07-20T10:14:36+00:00","article_modified_time":"2026-07-24T09:11:28+00:00","og_image":[{"url":"https:\/\/etecnic.bisiestodeveloper.es\/wp-content\/uploads\/2026\/07\/Blog-WKS-2026-scaled-1-700x454.png","type":"","width":"","height":""}],"author":"anna-etecnic","twitter_card":"summary_large_image","twitter_misc":{"Escrit per":"anna-etecnic","Temps estimat de lectura":"7 minuts"},"schema":{"@context":"https:\/\/schema.org","@graph":[{"@type":"Article","@id":"https:\/\/etecnic.bisiestodeveloper.es\/ca\/esdeveniments\/el-port-de-tarragona-es-converteix-en-lepicentre-de-la-descarbonitzacio-del-transport-pesat\/#article","isPartOf":{"@id":"https:\/\/etecnic.bisiestodeveloper.es\/ca\/esdeveniments\/el-port-de-tarragona-es-converteix-en-lepicentre-de-la-descarbonitzacio-del-transport-pesat\/"},"author":{"name":"anna-etecnic","@id":"https:\/\/etecnic.bisiestodeveloper.es\/ca\/#\/schema\/person\/0da7a3465710726a5fa6d735b8a7e686"},"headline":"El Port de Tarragona es converteix en l&#8217;epicentre de la descarbonitzaci\u00f3 del transport pesat","datePublished":"2026-07-20T10:14:36+00:00","dateModified":"2026-07-24T09:11:28+00:00","mainEntityOfPage":{"@id":"https:\/\/etecnic.bisiestodeveloper.es\/ca\/esdeveniments\/el-port-de-tarragona-es-converteix-en-lepicentre-de-la-descarbonitzacio-del-transport-pesat\/"},"wordCount":1356,"publisher":{"@id":"https:\/\/etecnic.bisiestodeveloper.es\/ca\/#organization"},"image":{"@id":"https:\/\/etecnic.bisiestodeveloper.es\/ca\/esdeveniments\/el-port-de-tarragona-es-converteix-en-lepicentre-de-la-descarbonitzacio-del-transport-pesat\/#primaryimage"},"thumbnailUrl":"https:\/\/etecnic.bisiestodeveloper.es\/wp-content\/uploads\/2026\/07\/Blog-WKS-2026-scaled-1.png","articleSection":["Esdeveniments","Etecnic","EVcharge","Projectes","Sector"],"inLanguage":"ca"},{"@type":"WebPage","@id":"https:\/\/etecnic.bisiestodeveloper.es\/ca\/esdeveniments\/el-port-de-tarragona-es-converteix-en-lepicentre-de-la-descarbonitzacio-del-transport-pesat\/","url":"https:\/\/etecnic.bisiestodeveloper.es\/ca\/esdeveniments\/el-port-de-tarragona-es-converteix-en-lepicentre-de-la-descarbonitzacio-del-transport-pesat\/","name":"II Workshop Transport Sostenible | Port de Tarragona","isPartOf":{"@id":"https:\/\/etecnic.bisiestodeveloper.es\/ca\/#website"},"primaryImageOfPage":{"@id":"https:\/\/etecnic.bisiestodeveloper.es\/ca\/esdeveniments\/el-port-de-tarragona-es-converteix-en-lepicentre-de-la-descarbonitzacio-del-transport-pesat\/#primaryimage"},"image":{"@id":"https:\/\/etecnic.bisiestodeveloper.es\/ca\/esdeveniments\/el-port-de-tarragona-es-converteix-en-lepicentre-de-la-descarbonitzacio-del-transport-pesat\/#primaryimage"},"thumbnailUrl":"https:\/\/etecnic.bisiestodeveloper.es\/wp-content\/uploads\/2026\/07\/Blog-WKS-2026-scaled-1.png","datePublished":"2026-07-20T10:14:36+00:00","dateModified":"2026-07-24T09:11:28+00:00","description":"Reviu la II edici\u00f3 del Workshop de Transport Sostenible en el Port de Tarragona. Descobreix les claus de la descarbonitzaci\u00f3.","breadcrumb":{"@id":"https:\/\/etecnic.bisiestodeveloper.es\/ca\/esdeveniments\/el-port-de-tarragona-es-converteix-en-lepicentre-de-la-descarbonitzacio-del-transport-pesat\/#breadcrumb"},"inLanguage":"ca","potentialAction":[{"@type":"ReadAction","target":["https:\/\/etecnic.bisiestodeveloper.es\/ca\/esdeveniments\/el-port-de-tarragona-es-converteix-en-lepicentre-de-la-descarbonitzacio-del-transport-pesat\/"]}]},{"@type":"ImageObject","inLanguage":"ca","@id":"https:\/\/etecnic.bisiestodeveloper.es\/ca\/esdeveniments\/el-port-de-tarragona-es-converteix-en-lepicentre-de-la-descarbonitzacio-del-transport-pesat\/#primaryimage","url":"https:\/\/etecnic.bisiestodeveloper.es\/wp-content\/uploads\/2026\/07\/Blog-WKS-2026-scaled-1.png","contentUrl":"https:\/\/etecnic.bisiestodeveloper.es\/wp-content\/uploads\/2026\/07\/Blog-WKS-2026-scaled-1.png","width":2560,"height":1660},{"@type":"BreadcrumbList","@id":"https:\/\/etecnic.bisiestodeveloper.es\/ca\/esdeveniments\/el-port-de-tarragona-es-converteix-en-lepicentre-de-la-descarbonitzacio-del-transport-pesat\/#breadcrumb","itemListElement":[{"@type":"ListItem","position":1,"name":"Portada","item":"https:\/\/etecnic.bisiestodeveloper.es\/ca\/"},{"@type":"ListItem","position":2,"name":"El Port de Tarragona es converteix en l&#8217;epicentre de la descarbonitzaci\u00f3 del transport pesat"}]},{"@type":"WebSite","@id":"https:\/\/etecnic.bisiestodeveloper.es\/ca\/#website","url":"https:\/\/etecnic.bisiestodeveloper.es\/ca\/","name":"Etecnic","description":"","publisher":{"@id":"https:\/\/etecnic.bisiestodeveloper.es\/ca\/#organization"},"potentialAction":[{"@type":"SearchAction","target":{"@type":"EntryPoint","urlTemplate":"https:\/\/etecnic.bisiestodeveloper.es\/ca\/?s={search_term_string}"},"query-input":{"@type":"PropertyValueSpecification","valueRequired":true,"valueName":"search_term_string"}}],"inLanguage":"ca"},{"@type":"Organization","@id":"https:\/\/etecnic.bisiestodeveloper.es\/ca\/#organization","name":"Etecnic","url":"https:\/\/etecnic.bisiestodeveloper.es\/ca\/","logo":{"@type":"ImageObject","inLanguage":"ca","@id":"https:\/\/etecnic.bisiestodeveloper.es\/ca\/#\/schema\/logo\/image\/","url":"https:\/\/etecnic.bisiestodeveloper.es\/wp-content\/uploads\/2025\/06\/logo-etecnic-blanco.png","contentUrl":"https:\/\/etecnic.bisiestodeveloper.es\/wp-content\/uploads\/2025\/06\/logo-etecnic-blanco.png","width":1000,"height":500,"caption":"Etecnic"},"image":{"@id":"https:\/\/etecnic.bisiestodeveloper.es\/ca\/#\/schema\/logo\/image\/"}},{"@type":"Person","@id":"https:\/\/etecnic.bisiestodeveloper.es\/ca\/#\/schema\/person\/0da7a3465710726a5fa6d735b8a7e686","name":"anna-etecnic","url":"https:\/\/etecnic.bisiestodeveloper.es\/ca\/author\/anna-etecnic\/"}]}},"_links":{"self":[{"href":"https:\/\/etecnic.bisiestodeveloper.es\/ca\/wp-json\/wp\/v2\/posts\/34763","targetHints":{"allow":["GET"]}}],"collection":[{"href":"https:\/\/etecnic.bisiestodeveloper.es\/ca\/wp-json\/wp\/v2\/posts"}],"about":[{"href":"https:\/\/etecnic.bisiestodeveloper.es\/ca\/wp-json\/wp\/v2\/types\/post"}],"author":[{"embeddable":true,"href":"https:\/\/etecnic.bisiestodeveloper.es\/ca\/wp-json\/wp\/v2\/users\/4"}],"replies":[{"embeddable":true,"href":"https:\/\/etecnic.bisiestodeveloper.es\/ca\/wp-json\/wp\/v2\/comments?post=34763"}],"version-history":[{"count":1,"href":"https:\/\/etecnic.bisiestodeveloper.es\/ca\/wp-json\/wp\/v2\/posts\/34763\/revisions"}],"predecessor-version":[{"id":34764,"href":"https:\/\/etecnic.bisiestodeveloper.es\/ca\/wp-json\/wp\/v2\/posts\/34763\/revisions\/34764"}],"wp:featuredmedia":[{"embeddable":true,"href":"https:\/\/etecnic.bisiestodeveloper.es\/ca\/wp-json\/wp\/v2\/media\/34762"}],"wp:attachment":[{"href":"https:\/\/etecnic.bisiestodeveloper.es\/ca\/wp-json\/wp\/v2\/media?parent=34763"}],"wp:term":[{"taxonomy":"category","embeddable":true,"href":"https:\/\/etecnic.bisiestodeveloper.es\/ca\/wp-json\/wp\/v2\/categories?post=34763"},{"taxonomy":"post_tag","embeddable":true,"href":"https:\/\/etecnic.bisiestodeveloper.es\/ca\/wp-json\/wp\/v2\/tags?post=34763"}],"curies":[{"name":"wp","href":"https:\/\/api.w.org\/{rel}","templated":true}]}}