{"id":34720,"date":"2026-07-20T10:13:50","date_gmt":"2026-07-20T10:13:50","guid":{"rendered":"https:\/\/etecnic.bisiestodeveloper.es\/?p=34720"},"modified":"2026-07-28T08:11:43","modified_gmt":"2026-07-28T08:11:43","slug":"renovables-2030-impulsant-la-transicio-energetica-local-a-barcelona","status":"publish","type":"post","link":"https:\/\/etecnic.bisiestodeveloper.es\/ca\/esdeveniments\/renovables-2030-impulsant-la-transicio-energetica-local-a-barcelona\/","title":{"rendered":"Renovables 2030: Impulsant la Transici\u00f3 Energ\u00e8tica Local a Barcelona"},"content":{"rendered":"\t\t<div data-elementor-type=\"wp-post\" data-elementor-id=\"34720\" class=\"elementor elementor-34720 elementor-34679\" data-elementor-post-type=\"post\">\n\t\t\t\t<div class=\"elementor-element elementor-element-613ac041 e-flex e-con-boxed e-con e-parent\" data-id=\"613ac041\" data-element_type=\"container\" data-settings=\"{&quot;jet_parallax_layout_list&quot;:[]}\">\n\t\t\t\t\t<div class=\"e-con-inner\">\n\t\t\t\t<div class=\"elementor-element elementor-element-60bc20fc elementor-widget elementor-widget-text-editor\" data-id=\"60bc20fc\" data-element_type=\"widget\" data-widget_type=\"text-editor.default\">\n\t\t\t\t<div class=\"elementor-widget-container\">\n\t\t\t\t\t\t\t\t\t<div class=\"fusion-text\">\r\n<p style=\"margin-bottom: 20px;\">La Diputaci\u00f3 de Barcelona ha consolidat la seva aposta per la descarbonitzaci\u00f3 amb el programa <strong>Renovables 2030<\/strong>. Aquesta iniciativa estrat\u00e8gica no nom\u00e9s busca mitigar els efectes del canvi clim\u00e0tic, sin\u00f3 transformar radicalment el model energ\u00e8tic dels municipis de la prov\u00edncia, promovent la resili\u00e8ncia i l&#8217;\u00fas de fonts netes en infraestructures de titularitat p\u00fablica.<\/p>\r\n\r\n<h3 class=\"fusion-responsive-typography-calculated\" style=\"color: #03176e; font-weight: bold; margin-top: 20px !important; margin-bottom: 15px !important;\" data-fontsize=\"24\" data-lineheight=\"26.4px\">Novetats de la Tercera Edici\u00f3: 25 Milions d&#8217;Euros per al Territori<\/h3>\r\n<p style=\"margin-bottom: 20px;\">L&#8217;actual convocat\u00f2ria del programa sectorial compta amb una dotaci\u00f3 de <strong>25 milions d&#8217;euros<\/strong>. Aquesta xifra se suma a les inversions pr\u00e8vies per assolir un impacte total projectat de 177 milions d&#8217;euros a la regi\u00f3. L&#8217;objectiu prioritari \u00e9s accelerar la implantaci\u00f3 de renovables en aquells municipis con menys recursos t\u00e8cnics, garantint que ning\u00fa es quedi enrere en la transici\u00f3 ecol\u00f2gica.<\/p>\r\n\r\n<div style=\"border-left: 6px solid #03176e; background-color: #f4f6f9; padding: 25px 30px; border-radius: 0 8px 8px 0; margin-top: 20px; margin-bottom: 20px; box-sizing: border-box;\">\r\n<h4 style=\"color: #03176e; font-weight: bold; margin-top: 0; margin-bottom: 15px; font-size: 18px;\">L\u00ednies de suport estrat\u00e8giques:<\/h4>\r\n<ul style=\"margin: 0; padding-left: 20px; list-style-type: disc; color: #03176e; font-size: 15px; line-height: 1.8;\">\r\n \t<li style=\"margin-bottom: 8px;\"><span style=\"color: #333333;\"><strong>Autoconsum:<\/strong> Instal\u00b7laci\u00f3 de plantes fotovoltaiques en edificis municipals.<\/span><\/li>\r\n \t<li style=\"margin-bottom: 8px;\"><span style=\"color: #333333;\"><strong>Climatitzaci\u00f3 eficient:<\/strong> Substituci\u00f3 de calderes de combustibles f\u00f2ssils per bombes de calor (aerotermia).<\/span><\/li>\r\n \t<li style=\"margin-bottom: 8px;\"><span style=\"color: #333333;\"><strong>Gesti\u00f3 intel\u00b7ligent:<\/strong> Sistemes d&#8217;emmagatzematge i monitoratge energ\u00e8tic.<\/span><\/li>\r\n \t<li style=\"margin-bottom: 0;\"><span style=\"color: #333333;\"><strong>Enllumenat:<\/strong> Transici\u00f3 total a tecnologia LED en espais p\u00fablics.<\/span><\/li>\r\n<\/ul>\r\n<\/div><br><h3 class=\"fusion-responsive-typography-calculated\" style=\"color: #03176e; font-weight: bold; margin-top: 20px !important; margin-bottom: 15px !important;\" data-fontsize=\"24\" data-lineheight=\"26.4px\">Cap a un Model d&#8217;Autoconsum Compartit i Solidari<\/h3><br><p style=\"margin-bottom: 15px;\">Un dels pilars m\u00e9s innovadors de Renovables 2030 \u00e9s el foment de les comunitats energ\u00e8tiques i l&#8217;autoconsumo compartit. Els excedents generats a les cobertes de poliesportius o escoles no nom\u00e9s redueixen la despesa p\u00fablica, sin\u00f3 que poden destinar-se a combatre la <strong>pobresa energ\u00e8tica<\/strong>, subministrant electricitat a fam\u00edlies vulnerables situades en l&#8217;entorn proper de la instal\u00b7laci\u00f3.<\/p><br><p style=\"margin-bottom: 20px;\">Per assegurar que aquests fluxos d&#8217;energia es gestionin de forma transparent i eficient, \u00e9s fonamental comptar con eines de control avan\u00e7at. En aquest ecosistema, plataformes com <a style=\"color: #00e9ef; font-weight: bold; text-decoration: none;\" href=\"https:\/\/evcharge.com\/\" target=\"_blank\" rel=\"noopener\">EVcharge<\/a> permeten integrar la mobilitat el\u00e8ctrica dins de l&#8217;estrat\u00e8gia energ\u00e8tica municipal, utilitzant l&#8217;excedent solar per carregar flotes p\u00fabliques o vehicles de ciutadans.<\/p><br><br><h3 class=\"fusion-responsive-typography-calculated\" style=\"color: #03176e; font-weight: bold; margin-top: 20px !important; margin-bottom: 15px !important;\" data-fontsize=\"24\" data-lineheight=\"26.4px\">Impacte Econ\u00f2mic i Terminis de Sol\u00b7licitud<\/h3><br><p style=\"margin-bottom: 15px;\">La rendibilitat d&#8217;aquests projectes \u00e9s immediata. S&#8217;estima que les intervencions finan\u00e7ades per aquest programa permeten un estalvi de fins al <strong>70% en la factura el\u00e8ctrica<\/strong> municipal. Aquests recursos alliberats poden ser reinvertits pels ajuntaments en serveis socials o millores urbanes, multiplicant el benefici per a la ciutadania.<\/p><br><p style=\"margin-bottom: 0;\">El per\u00edode per a la presentaci\u00f3 de sol\u00b7licituds d&#8217;aquesta edici\u00f3 es va iniciar el <strong>8 d&#8217;abril de 2026<\/strong> i romandr\u00e0 obert fins al <strong>2 de novembre de 2026<\/strong>. Atesa l&#8217;alta demanda i que els fons s&#8217;assignen per concurr\u00e8ncia, l&#8217;agilitat en la redacci\u00f3 dels projectes t\u00e8cnics \u00e9s clau per a l&#8217;\u00e8xit de la sol\u00b7licitud.<\/p><br><br><\/div>\t\t\t\t\t\t\t\t<\/div>\n\t\t\t\t<\/div>\n\t\t\t\t\t<\/div>\n\t\t\t\t<\/div>\n\t\t<div class=\"elementor-element elementor-element-3a5bd76 e-flex e-con-boxed e-con e-parent\" data-id=\"3a5bd76\" data-element_type=\"container\" data-settings=\"{&quot;jet_parallax_layout_list&quot;:[]}\">\n\t\t\t\t\t<div class=\"e-con-inner\">\n\t\t\t\t<div class=\"elementor-element elementor-element-0a1cdd5 elementor-widget elementor-widget-text-editor\" data-id=\"0a1cdd5\" data-element_type=\"widget\" data-widget_type=\"text-editor.default\">\n\t\t\t\t<div class=\"elementor-widget-container\">\n\t\t\t\t\t\t\t\t\t<div class=\"fusion-fullwidth fullwidth-box fusion-builder-row-2 fusion-flex-container nonhundred-percent-fullwidth non-hundred-percent-height-scrolling\" style=\"margin-top: 35px; margin-bottom: 35px;\">\r\n<div class=\"fusion-builder-row fusion-row fusion-flex-align-items-stretch fusion-flex-content-wrap\" style=\"width: 100%;\">\r\n<div class=\"fusion-layout-column fusion_builder_column fusion-builder-column-1 fusion_builder_column_1_1 1_1 fusion-flex-column\" style=\"width: 100%;\">\r\n\r\n\r\n<div class=\"fusion-column-wrapper\" style=\"background-color: #03176e; border-radius: 8px; padding: 45px 30px; text-align: center; display: flex; flex-direction: column; align-items: center; justify-content: center; box-sizing: border-box; width: 100%;\">\r\n<div class=\"fusion-text fusion-text-3\" style=\"text-align: center; width: 100%;\">\r\n\r\n\r\n<h3 style=\"color: #ffffff; font-weight: bold; font-size: 22px; line-height: 1.4; margin-top: 0; margin-bottom: 15px; text-align: center;\">Representes una administraci\u00f3 p\u00fablica i vols aprofitar els fons Renovables 2030?<\/h3>\r\n\r\n<p style=\"color: #ffffff; font-size: 16px; line-height: 1.6; margin-top: 0; margin-bottom: 30px; text-align: center;\">A Etecnic t&#8217;ajudem amb la consultoria t\u00e8cnica i l&#8217;execuci\u00f3 integral dels teus projectes.<\/p>\r\n\r\n<a style=\"display: inline-block; background-color: #ffffff; color: #03176e; font-weight: bold; font-size: 15px; padding: 14px 35px; border-radius: 6px; text-decoration: none; text-transform: uppercase; transition: background-color 0.3s ease; box-shadow: 0 4px 6px rgba(0,0,0,0.1);\" href=\"https:\/\/etecnic.es\/contacto\/\" target=\"_blank\" rel=\"noopener\">\r\nSol\u00b7licitar assessorament t\u00e8cnic\r\n<\/a>\r\n\r\n<\/div><br><\/div><br><\/div><br><\/div><br><\/div>\t\t\t\t\t\t\t\t<\/div>\n\t\t\t\t<\/div>\n\t\t\t\t\t<\/div>\n\t\t\t\t<\/div>\n\t\t\t\t<\/div>\n\t\t","protected":false},"excerpt":{"rendered":"<p>La Diputaci\u00f3 de Barcelona ha consolidat la seva aposta per la descarbonitzaci\u00f3 amb el programa Renovables 2030. Aquesta iniciativa estrat\u00e8gica no nom\u00e9s busca mitigar els efectes del canvi clim\u00e0tic, sin\u00f3 transformar radicalment el model energ\u00e8tic dels municipis de la prov\u00edncia, promovent la resili\u00e8ncia i l&#8217;\u00fas de fonts netes en infraestructures de titularitat p\u00fablica. Novetats de [&hellip;]<\/p>\n","protected":false},"author":4,"featured_media":34692,"comment_status":"closed","ping_status":"closed","sticky":false,"template":"","format":"standard","meta":{"footnotes":""},"categories":[230,633,640,420,635],"tags":[],"class_list":["post-34720","post","type-post","status-publish","format-standard","has-post-thumbnail","hentry","category-esdeveniments","category-etecnic_cat","category-evcharge","category-projectes","category-sector"],"yoast_head":"<!-- This site is optimized with the Yoast SEO plugin v26.5 - https:\/\/yoast.com\/wordpress\/plugins\/seo\/ -->\n<title>Renovables 2030: Ajudes i Futur Energ\u00e8tic a Barcelona<\/title>\n<meta name=\"description\" content=\"Guia sobre el programa Renovables 2030 a Barcelona. Ajudes de 25M\u20ac per a instal\u00b7lacions fotovoltaiques i estalvi energ\u00e8tic municipal.\" \/>\n<meta name=\"robots\" content=\"noindex, follow, max-snippet:-1, max-image-preview:large, max-video-preview:-1\" \/>\n<meta property=\"og:locale\" content=\"ca_ES\" \/>\n<meta property=\"og:type\" content=\"article\" \/>\n<meta property=\"og:title\" content=\"Renovables 2030: Ajudes i Futur Energ\u00e8tic a Barcelona\" \/>\n<meta property=\"og:description\" content=\"Guia sobre el programa Renovables 2030 a Barcelona. Ajudes de 25M\u20ac per a instal\u00b7lacions fotovoltaiques i estalvi energ\u00e8tic municipal.\" \/>\n<meta property=\"og:url\" content=\"https:\/\/etecnic.bisiestodeveloper.es\/ca\/esdeveniments\/renovables-2030-impulsant-la-transicio-energetica-local-a-barcelona\/\" \/>\n<meta property=\"og:site_name\" content=\"Etecnic\" \/>\n<meta property=\"article:published_time\" content=\"2026-07-20T10:13:50+00:00\" \/>\n<meta property=\"article:modified_time\" content=\"2026-07-28T08:11:43+00:00\" \/>\n<meta property=\"og:image\" content=\"https:\/\/etecnic.bisiestodeveloper.es\/wp-content\/uploads\/2026\/07\/Blog-DIBA-scaled-1-700x454.png\" \/>\n<meta name=\"author\" content=\"anna-etecnic\" \/>\n<meta name=\"twitter:card\" content=\"summary_large_image\" \/>\n<meta name=\"twitter:label1\" content=\"Escrit per\" \/>\n\t<meta name=\"twitter:data1\" content=\"anna-etecnic\" \/>\n\t<meta name=\"twitter:label2\" content=\"Temps estimat de lectura\" \/>\n\t<meta name=\"twitter:data2\" content=\"2 minuts\" \/>\n<script type=\"application\/ld+json\" class=\"yoast-schema-graph\">{\"@context\":\"https:\/\/schema.org\",\"@graph\":[{\"@type\":\"Article\",\"@id\":\"https:\/\/etecnic.bisiestodeveloper.es\/ca\/esdeveniments\/renovables-2030-impulsant-la-transicio-energetica-local-a-barcelona\/#article\",\"isPartOf\":{\"@id\":\"https:\/\/etecnic.bisiestodeveloper.es\/ca\/esdeveniments\/renovables-2030-impulsant-la-transicio-energetica-local-a-barcelona\/\"},\"author\":{\"name\":\"anna-etecnic\",\"@id\":\"https:\/\/etecnic.bisiestodeveloper.es\/ca\/#\/schema\/person\/0da7a3465710726a5fa6d735b8a7e686\"},\"headline\":\"Renovables 2030: Impulsant la Transici\u00f3 Energ\u00e8tica Local a Barcelona\",\"datePublished\":\"2026-07-20T10:13:50+00:00\",\"dateModified\":\"2026-07-28T08:11:43+00:00\",\"mainEntityOfPage\":{\"@id\":\"https:\/\/etecnic.bisiestodeveloper.es\/ca\/esdeveniments\/renovables-2030-impulsant-la-transicio-energetica-local-a-barcelona\/\"},\"wordCount\":472,\"publisher\":{\"@id\":\"https:\/\/etecnic.bisiestodeveloper.es\/ca\/#organization\"},\"image\":{\"@id\":\"https:\/\/etecnic.bisiestodeveloper.es\/ca\/esdeveniments\/renovables-2030-impulsant-la-transicio-energetica-local-a-barcelona\/#primaryimage\"},\"thumbnailUrl\":\"https:\/\/etecnic.bisiestodeveloper.es\/wp-content\/uploads\/2026\/07\/Blog-DIBA-scaled-1.png\",\"articleSection\":[\"Esdeveniments\",\"Etecnic\",\"EVcharge\",\"Projectes\",\"Sector\"],\"inLanguage\":\"ca\"},{\"@type\":\"WebPage\",\"@id\":\"https:\/\/etecnic.bisiestodeveloper.es\/ca\/esdeveniments\/renovables-2030-impulsant-la-transicio-energetica-local-a-barcelona\/\",\"url\":\"https:\/\/etecnic.bisiestodeveloper.es\/ca\/esdeveniments\/renovables-2030-impulsant-la-transicio-energetica-local-a-barcelona\/\",\"name\":\"Renovables 2030: Ajudes i Futur Energ\u00e8tic a Barcelona\",\"isPartOf\":{\"@id\":\"https:\/\/etecnic.bisiestodeveloper.es\/ca\/#website\"},\"primaryImageOfPage\":{\"@id\":\"https:\/\/etecnic.bisiestodeveloper.es\/ca\/esdeveniments\/renovables-2030-impulsant-la-transicio-energetica-local-a-barcelona\/#primaryimage\"},\"image\":{\"@id\":\"https:\/\/etecnic.bisiestodeveloper.es\/ca\/esdeveniments\/renovables-2030-impulsant-la-transicio-energetica-local-a-barcelona\/#primaryimage\"},\"thumbnailUrl\":\"https:\/\/etecnic.bisiestodeveloper.es\/wp-content\/uploads\/2026\/07\/Blog-DIBA-scaled-1.png\",\"datePublished\":\"2026-07-20T10:13:50+00:00\",\"dateModified\":\"2026-07-28T08:11:43+00:00\",\"description\":\"Guia sobre el programa Renovables 2030 a Barcelona. Ajudes de 25M\u20ac per a instal\u00b7lacions fotovoltaiques i estalvi energ\u00e8tic municipal.\",\"breadcrumb\":{\"@id\":\"https:\/\/etecnic.bisiestodeveloper.es\/ca\/esdeveniments\/renovables-2030-impulsant-la-transicio-energetica-local-a-barcelona\/#breadcrumb\"},\"inLanguage\":\"ca\",\"potentialAction\":[{\"@type\":\"ReadAction\",\"target\":[\"https:\/\/etecnic.bisiestodeveloper.es\/ca\/esdeveniments\/renovables-2030-impulsant-la-transicio-energetica-local-a-barcelona\/\"]}]},{\"@type\":\"ImageObject\",\"inLanguage\":\"ca\",\"@id\":\"https:\/\/etecnic.bisiestodeveloper.es\/ca\/esdeveniments\/renovables-2030-impulsant-la-transicio-energetica-local-a-barcelona\/#primaryimage\",\"url\":\"https:\/\/etecnic.bisiestodeveloper.es\/wp-content\/uploads\/2026\/07\/Blog-DIBA-scaled-1.png\",\"contentUrl\":\"https:\/\/etecnic.bisiestodeveloper.es\/wp-content\/uploads\/2026\/07\/Blog-DIBA-scaled-1.png\",\"width\":2560,\"height\":1660},{\"@type\":\"BreadcrumbList\",\"@id\":\"https:\/\/etecnic.bisiestodeveloper.es\/ca\/esdeveniments\/renovables-2030-impulsant-la-transicio-energetica-local-a-barcelona\/#breadcrumb\",\"itemListElement\":[{\"@type\":\"ListItem\",\"position\":1,\"name\":\"Portada\",\"item\":\"https:\/\/etecnic.bisiestodeveloper.es\/ca\/\"},{\"@type\":\"ListItem\",\"position\":2,\"name\":\"Renovables 2030: Impulsant la Transici\u00f3 Energ\u00e8tica Local a Barcelona\"}]},{\"@type\":\"WebSite\",\"@id\":\"https:\/\/etecnic.bisiestodeveloper.es\/ca\/#website\",\"url\":\"https:\/\/etecnic.bisiestodeveloper.es\/ca\/\",\"name\":\"Etecnic\",\"description\":\"\",\"publisher\":{\"@id\":\"https:\/\/etecnic.bisiestodeveloper.es\/ca\/#organization\"},\"potentialAction\":[{\"@type\":\"SearchAction\",\"target\":{\"@type\":\"EntryPoint\",\"urlTemplate\":\"https:\/\/etecnic.bisiestodeveloper.es\/ca\/?s={search_term_string}\"},\"query-input\":{\"@type\":\"PropertyValueSpecification\",\"valueRequired\":true,\"valueName\":\"search_term_string\"}}],\"inLanguage\":\"ca\"},{\"@type\":\"Organization\",\"@id\":\"https:\/\/etecnic.bisiestodeveloper.es\/ca\/#organization\",\"name\":\"Etecnic\",\"url\":\"https:\/\/etecnic.bisiestodeveloper.es\/ca\/\",\"logo\":{\"@type\":\"ImageObject\",\"inLanguage\":\"ca\",\"@id\":\"https:\/\/etecnic.bisiestodeveloper.es\/ca\/#\/schema\/logo\/image\/\",\"url\":\"https:\/\/etecnic.bisiestodeveloper.es\/wp-content\/uploads\/2025\/06\/logo-etecnic-blanco.png\",\"contentUrl\":\"https:\/\/etecnic.bisiestodeveloper.es\/wp-content\/uploads\/2025\/06\/logo-etecnic-blanco.png\",\"width\":1000,\"height\":500,\"caption\":\"Etecnic\"},\"image\":{\"@id\":\"https:\/\/etecnic.bisiestodeveloper.es\/ca\/#\/schema\/logo\/image\/\"}},{\"@type\":\"Person\",\"@id\":\"https:\/\/etecnic.bisiestodeveloper.es\/ca\/#\/schema\/person\/0da7a3465710726a5fa6d735b8a7e686\",\"name\":\"anna-etecnic\",\"url\":\"https:\/\/etecnic.bisiestodeveloper.es\/ca\/author\/anna-etecnic\/\"}]}<\/script>\n<!-- \/ Yoast SEO plugin. -->","yoast_head_json":{"title":"Renovables 2030: Ajudes i Futur Energ\u00e8tic a Barcelona","description":"Guia sobre el programa Renovables 2030 a Barcelona. Ajudes de 25M\u20ac per a instal\u00b7lacions fotovoltaiques i estalvi energ\u00e8tic municipal.","robots":{"index":"noindex","follow":"follow","max-snippet":"max-snippet:-1","max-image-preview":"max-image-preview:large","max-video-preview":"max-video-preview:-1"},"og_locale":"ca_ES","og_type":"article","og_title":"Renovables 2030: Ajudes i Futur Energ\u00e8tic a Barcelona","og_description":"Guia sobre el programa Renovables 2030 a Barcelona. Ajudes de 25M\u20ac per a instal\u00b7lacions fotovoltaiques i estalvi energ\u00e8tic municipal.","og_url":"https:\/\/etecnic.bisiestodeveloper.es\/ca\/esdeveniments\/renovables-2030-impulsant-la-transicio-energetica-local-a-barcelona\/","og_site_name":"Etecnic","article_published_time":"2026-07-20T10:13:50+00:00","article_modified_time":"2026-07-28T08:11:43+00:00","og_image":[{"url":"https:\/\/etecnic.bisiestodeveloper.es\/wp-content\/uploads\/2026\/07\/Blog-DIBA-scaled-1-700x454.png","type":"","width":"","height":""}],"author":"anna-etecnic","twitter_card":"summary_large_image","twitter_misc":{"Escrit per":"anna-etecnic","Temps estimat de lectura":"2 minuts"},"schema":{"@context":"https:\/\/schema.org","@graph":[{"@type":"Article","@id":"https:\/\/etecnic.bisiestodeveloper.es\/ca\/esdeveniments\/renovables-2030-impulsant-la-transicio-energetica-local-a-barcelona\/#article","isPartOf":{"@id":"https:\/\/etecnic.bisiestodeveloper.es\/ca\/esdeveniments\/renovables-2030-impulsant-la-transicio-energetica-local-a-barcelona\/"},"author":{"name":"anna-etecnic","@id":"https:\/\/etecnic.bisiestodeveloper.es\/ca\/#\/schema\/person\/0da7a3465710726a5fa6d735b8a7e686"},"headline":"Renovables 2030: Impulsant la Transici\u00f3 Energ\u00e8tica Local a Barcelona","datePublished":"2026-07-20T10:13:50+00:00","dateModified":"2026-07-28T08:11:43+00:00","mainEntityOfPage":{"@id":"https:\/\/etecnic.bisiestodeveloper.es\/ca\/esdeveniments\/renovables-2030-impulsant-la-transicio-energetica-local-a-barcelona\/"},"wordCount":472,"publisher":{"@id":"https:\/\/etecnic.bisiestodeveloper.es\/ca\/#organization"},"image":{"@id":"https:\/\/etecnic.bisiestodeveloper.es\/ca\/esdeveniments\/renovables-2030-impulsant-la-transicio-energetica-local-a-barcelona\/#primaryimage"},"thumbnailUrl":"https:\/\/etecnic.bisiestodeveloper.es\/wp-content\/uploads\/2026\/07\/Blog-DIBA-scaled-1.png","articleSection":["Esdeveniments","Etecnic","EVcharge","Projectes","Sector"],"inLanguage":"ca"},{"@type":"WebPage","@id":"https:\/\/etecnic.bisiestodeveloper.es\/ca\/esdeveniments\/renovables-2030-impulsant-la-transicio-energetica-local-a-barcelona\/","url":"https:\/\/etecnic.bisiestodeveloper.es\/ca\/esdeveniments\/renovables-2030-impulsant-la-transicio-energetica-local-a-barcelona\/","name":"Renovables 2030: Ajudes i Futur Energ\u00e8tic a Barcelona","isPartOf":{"@id":"https:\/\/etecnic.bisiestodeveloper.es\/ca\/#website"},"primaryImageOfPage":{"@id":"https:\/\/etecnic.bisiestodeveloper.es\/ca\/esdeveniments\/renovables-2030-impulsant-la-transicio-energetica-local-a-barcelona\/#primaryimage"},"image":{"@id":"https:\/\/etecnic.bisiestodeveloper.es\/ca\/esdeveniments\/renovables-2030-impulsant-la-transicio-energetica-local-a-barcelona\/#primaryimage"},"thumbnailUrl":"https:\/\/etecnic.bisiestodeveloper.es\/wp-content\/uploads\/2026\/07\/Blog-DIBA-scaled-1.png","datePublished":"2026-07-20T10:13:50+00:00","dateModified":"2026-07-28T08:11:43+00:00","description":"Guia sobre el programa Renovables 2030 a Barcelona. Ajudes de 25M\u20ac per a instal\u00b7lacions fotovoltaiques i estalvi energ\u00e8tic municipal.","breadcrumb":{"@id":"https:\/\/etecnic.bisiestodeveloper.es\/ca\/esdeveniments\/renovables-2030-impulsant-la-transicio-energetica-local-a-barcelona\/#breadcrumb"},"inLanguage":"ca","potentialAction":[{"@type":"ReadAction","target":["https:\/\/etecnic.bisiestodeveloper.es\/ca\/esdeveniments\/renovables-2030-impulsant-la-transicio-energetica-local-a-barcelona\/"]}]},{"@type":"ImageObject","inLanguage":"ca","@id":"https:\/\/etecnic.bisiestodeveloper.es\/ca\/esdeveniments\/renovables-2030-impulsant-la-transicio-energetica-local-a-barcelona\/#primaryimage","url":"https:\/\/etecnic.bisiestodeveloper.es\/wp-content\/uploads\/2026\/07\/Blog-DIBA-scaled-1.png","contentUrl":"https:\/\/etecnic.bisiestodeveloper.es\/wp-content\/uploads\/2026\/07\/Blog-DIBA-scaled-1.png","width":2560,"height":1660},{"@type":"BreadcrumbList","@id":"https:\/\/etecnic.bisiestodeveloper.es\/ca\/esdeveniments\/renovables-2030-impulsant-la-transicio-energetica-local-a-barcelona\/#breadcrumb","itemListElement":[{"@type":"ListItem","position":1,"name":"Portada","item":"https:\/\/etecnic.bisiestodeveloper.es\/ca\/"},{"@type":"ListItem","position":2,"name":"Renovables 2030: Impulsant la Transici\u00f3 Energ\u00e8tica Local a Barcelona"}]},{"@type":"WebSite","@id":"https:\/\/etecnic.bisiestodeveloper.es\/ca\/#website","url":"https:\/\/etecnic.bisiestodeveloper.es\/ca\/","name":"Etecnic","description":"","publisher":{"@id":"https:\/\/etecnic.bisiestodeveloper.es\/ca\/#organization"},"potentialAction":[{"@type":"SearchAction","target":{"@type":"EntryPoint","urlTemplate":"https:\/\/etecnic.bisiestodeveloper.es\/ca\/?s={search_term_string}"},"query-input":{"@type":"PropertyValueSpecification","valueRequired":true,"valueName":"search_term_string"}}],"inLanguage":"ca"},{"@type":"Organization","@id":"https:\/\/etecnic.bisiestodeveloper.es\/ca\/#organization","name":"Etecnic","url":"https:\/\/etecnic.bisiestodeveloper.es\/ca\/","logo":{"@type":"ImageObject","inLanguage":"ca","@id":"https:\/\/etecnic.bisiestodeveloper.es\/ca\/#\/schema\/logo\/image\/","url":"https:\/\/etecnic.bisiestodeveloper.es\/wp-content\/uploads\/2025\/06\/logo-etecnic-blanco.png","contentUrl":"https:\/\/etecnic.bisiestodeveloper.es\/wp-content\/uploads\/2025\/06\/logo-etecnic-blanco.png","width":1000,"height":500,"caption":"Etecnic"},"image":{"@id":"https:\/\/etecnic.bisiestodeveloper.es\/ca\/#\/schema\/logo\/image\/"}},{"@type":"Person","@id":"https:\/\/etecnic.bisiestodeveloper.es\/ca\/#\/schema\/person\/0da7a3465710726a5fa6d735b8a7e686","name":"anna-etecnic","url":"https:\/\/etecnic.bisiestodeveloper.es\/ca\/author\/anna-etecnic\/"}]}},"_links":{"self":[{"href":"https:\/\/etecnic.bisiestodeveloper.es\/ca\/wp-json\/wp\/v2\/posts\/34720","targetHints":{"allow":["GET"]}}],"collection":[{"href":"https:\/\/etecnic.bisiestodeveloper.es\/ca\/wp-json\/wp\/v2\/posts"}],"about":[{"href":"https:\/\/etecnic.bisiestodeveloper.es\/ca\/wp-json\/wp\/v2\/types\/post"}],"author":[{"embeddable":true,"href":"https:\/\/etecnic.bisiestodeveloper.es\/ca\/wp-json\/wp\/v2\/users\/4"}],"replies":[{"embeddable":true,"href":"https:\/\/etecnic.bisiestodeveloper.es\/ca\/wp-json\/wp\/v2\/comments?post=34720"}],"version-history":[{"count":4,"href":"https:\/\/etecnic.bisiestodeveloper.es\/ca\/wp-json\/wp\/v2\/posts\/34720\/revisions"}],"predecessor-version":[{"id":37533,"href":"https:\/\/etecnic.bisiestodeveloper.es\/ca\/wp-json\/wp\/v2\/posts\/34720\/revisions\/37533"}],"wp:featuredmedia":[{"embeddable":true,"href":"https:\/\/etecnic.bisiestodeveloper.es\/ca\/wp-json\/wp\/v2\/media\/34692"}],"wp:attachment":[{"href":"https:\/\/etecnic.bisiestodeveloper.es\/ca\/wp-json\/wp\/v2\/media?parent=34720"}],"wp:term":[{"taxonomy":"category","embeddable":true,"href":"https:\/\/etecnic.bisiestodeveloper.es\/ca\/wp-json\/wp\/v2\/categories?post=34720"},{"taxonomy":"post_tag","embeddable":true,"href":"https:\/\/etecnic.bisiestodeveloper.es\/ca\/wp-json\/wp\/v2\/tags?post=34720"}],"curies":[{"name":"wp","href":"https:\/\/api.w.org\/{rel}","templated":true}]}}