{"id":34672,"date":"2026-07-20T10:13:03","date_gmt":"2026-07-20T10:13:03","guid":{"rendered":"https:\/\/etecnic.bisiestodeveloper.es\/?p=34672"},"modified":"2026-07-24T09:11:29","modified_gmt":"2026-07-24T09:11:29","slug":"fons-transicio-nuclear-2026-guia-dajudes-fins-a-2me","status":"publish","type":"post","link":"https:\/\/etecnic.bisiestodeveloper.es\/ca\/esdeveniments\/fons-transicio-nuclear-2026-guia-dajudes-fins-a-2me\/","title":{"rendered":"Fons Transici\u00f3 Nuclear 2026: Guia d&#8217;Ajudes fins a 2M\u20ac"},"content":{"rendered":"\t\t<div data-elementor-type=\"wp-post\" data-elementor-id=\"34672\" class=\"elementor elementor-34672 elementor-34665\" data-elementor-post-type=\"post\">\n\t\t\t\t<div class=\"elementor-element elementor-element-613ac041 e-flex e-con-boxed e-con e-parent\" data-id=\"613ac041\" data-element_type=\"container\" data-settings=\"{&quot;jet_parallax_layout_list&quot;:[]}\">\n\t\t\t\t\t<div class=\"e-con-inner\">\n\t\t\t\t<div class=\"elementor-element elementor-element-60bc20fc elementor-widget elementor-widget-text-editor\" data-id=\"60bc20fc\" data-element_type=\"widget\" data-widget_type=\"text-editor.default\">\n\t\t\t\t<div class=\"elementor-widget-container\">\n\t\t\t\t\t\t\t\t\t<div class=\"fusion-text fusion-text-2\" style=\"margin-top: 35px;\">\r\n<h3 class=\"fusion-responsive-typography-calculated\" data-fontsize=\"24\" data-lineheight=\"26.4px\"><b>Fons de Transici\u00f3 Nuclear 2026: Guia per obtenir fins a 2M\u20ac per a la teva empresa a Tarragona i l&#8217;Ebre<\/b><\/h3>\r\n<\/div><br><div class=\"fusion-text fusion-text-4\">\r\n<div class=\"fusion-fullwidth fullwidth-box fusion-builder-row-2 fusion-flex-container nonhundred-percent-fullwidth non-hundred-percent-height-scrolling\">\r\n<div class=\"fusion-builder-row fusion-row fusion-flex-align-items-flex-start fusion-flex-content-wrap\">\r\n<div class=\"fusion-layout-column fusion_builder_column fusion-builder-column-1 fusion_builder_column_1_1 1_1 fusion-flex-column\">\r\n<div class=\"fusion-column-wrapper fusion-column-has-shadow fusion-flex-justify-content-flex-start fusion-content-layout-column\">\r\n<div class=\"fusion-text fusion-text-3\">\r\n\r\nEl tancament de les centrals nuclears previst per a 2030-2031 ha impulsat la creaci\u00f3 d&#8217;un fons estrat\u00e8gic per transformar el teixit econ\u00f2mic de les zones afectades. Amb un pressupost de 35 milions d&#8217;euros per al 2026, aquests ajuts gestionats per ACCI\u00d3 busquen generar 3.000 nous llocs de treball a trav\u00e9s de la inversi\u00f3 industrial i la innovaci\u00f3 tecnol\u00f2gica. A Etecnic, t&#8217;ajudem a liderar aquesta transici\u00f3 energ\u00e8tica aprofitant les l\u00ednies de finan\u00e7ament m\u00e9s ambicioses del territori, com a creadors d&#8217;<a style=\"color: #00a8e8; font-weight: bold; text-decoration: none;\" href=\"https:\/\/evcharge.com\/\" target=\"_blank\" rel=\"noopener\">EVcharge<\/a>.\r\n\r\n<\/div><br><\/div><br><\/div><br><\/div><br><\/div><br><\/div><br><div class=\"fusion-text fusion-text-2\" style=\"margin-top: 35px;\">\r\n<h3 class=\"fusion-responsive-typography-calculated\" data-fontsize=\"24\" data-lineheight=\"26.4px\"><b>Quines empreses poden sol\u00b7licitar els ajuts del Fons Nuclear?<\/b><\/h3><br><\/div><br><div class=\"fusion-text fusion-text-4\">\r\n<div class=\"fusion-fullwidth fullwidth-box fusion-builder-row-2 fusion-flex-container nonhundred-percent-fullwidth non-hundred-percent-height-scrolling\">\r\n<div class=\"fusion-builder-row fusion-row fusion-flex-align-items-flex-start fusion-flex-content-wrap\">\r\n<div class=\"fusion-layout-column fusion_builder_column fusion-builder-column-1 fusion_builder_column_1_1 1_1 fusion-flex-column\">\r\n<div class=\"fusion-column-wrapper fusion-column-has-shadow fusion-flex-justify-content-flex-start fusion-content-layout-column\">\r\n<div class=\"fusion-text fusion-text-3\">\r\n\r\nEls ajuts estan destinats a empreses ubicades o que tinguin previst ubicar-se en els 96 municipis beneficiaris dins del radi de 30 km de les centrals d&#8217;Asc\u00f3 i Vandell\u00f2s. Aix\u00f2 inclou localitats clau de comarques com el Baix Camp, el Priorat, la Ribera d&#8217;Ebre i la Terra Alta, entre d&#8217;altres.\r\n\r\n<\/div><br><\/div><br><\/div><br><\/div><br><\/div><br><\/div>\t\t\t\t\t\t\t\t<\/div>\n\t\t\t\t<\/div>\n\t\t\t\t\t<\/div>\n\t\t\t\t<\/div>\n\t\t<div class=\"elementor-element elementor-element-3a5bd76 e-flex e-con-boxed e-con e-parent\" data-id=\"3a5bd76\" data-element_type=\"container\" data-settings=\"{&quot;jet_parallax_layout_list&quot;:[]}\">\n\t\t\t\t\t<div class=\"e-con-inner\">\n\t\t\t\t<div class=\"elementor-element elementor-element-93b6a2a elementor-align-center elementor-widget elementor-widget-button\" data-id=\"93b6a2a\" data-element_type=\"widget\" data-widget_type=\"button.default\">\n\t\t\t\t<div class=\"elementor-widget-container\">\n\t\t\t\t\t\t\t\t\t<div class=\"elementor-button-wrapper\">\n\t\t\t\t\t<a class=\"elementor-button elementor-button-link elementor-size-sm\" href=\"https:\/\/etecnic.es\/wp-content\/uploads\/2026\/04\/llistat-municipis-beneficiaris-fons-transicio-nuclear.pdf\">\n\t\t\t\t\t\t<span class=\"elementor-button-content-wrapper\">\n\t\t\t\t\t\t\t\t\t<span class=\"elementor-button-text\"> Descarregar Llistat dels 96 Municipis Beneficiaris<\/span>\n\t\t\t\t\t<\/span>\n\t\t\t\t\t<\/a>\n\t\t\t\t<\/div>\n\t\t\t\t\t\t\t\t<\/div>\n\t\t\t\t<\/div>\n\t\t<div class=\"elementor-element elementor-element-bde95a6 e-con-full e-flex e-con e-child\" data-id=\"bde95a6\" data-element_type=\"container\" data-settings=\"{&quot;jet_parallax_layout_list&quot;:[]}\">\n\t\t\t\t<div class=\"elementor-element elementor-element-7d1a55f elementor-widget elementor-widget-text-editor\" data-id=\"7d1a55f\" data-element_type=\"widget\" data-widget_type=\"text-editor.default\">\n\t\t\t\t<div class=\"elementor-widget-container\">\n\t\t\t\t\t\t\t\t\t<div class=\"fusion-fullwidth fullwidth-box fusion-builder-row-2 fusion-flex-container nonhundred-percent-fullwidth non-hundred-percent-height-scrolling\" style=\"margin-top: 25px; margin-bottom: 25px;\">\r\n<div class=\"fusion-builder-row fusion-row fusion-flex-align-items-stretch fusion-flex-content-wrap\" style=\"display: flex; gap: 20px; width: 100%;\">\r\n<div class=\"fusion-layout-column fusion_builder_column fusion-builder-column-1 fusion_builder_column_1_2 1_2 fusion-flex-column\" style=\"flex: 1; min-width: 280px; display: flex;\">\r\n<div class=\"fusion-column-wrapper\" style=\"border: 1px solid #03176e; border-radius: 8px; padding: 25px 30px; background-color: #ffffff; width: 100%; display: flex; flex-direction: column; justify-content: center; box-sizing: border-box;\">\r\n<div class=\"fusion-text fusion-text-3\">\r\n<h4 style=\"color: #03176e; font-weight: bold; margin-top: 0; margin-bottom: 12px; font-size: 18px; line-height: 1.3;\">Pimes i Aut\u00f2noms<\/h4>\r\n<p style=\"margin: 0; color: #03176e; font-size: 15px; line-height: 1.6;\">Acc\u00e9s total a totes les l\u00ednies, incloent-hi innovaci\u00f3 tecnol\u00f2gica.<\/p>\r\n\r\n<\/div><br><\/div><br><\/div><br><div class=\"fusion-layout-column fusion_builder_column fusion-builder-column-2 fusion_builder_column_1_2 1_2 fusion-flex-column\" style=\"flex: 1; min-width: 280px; display: flex;\">\r\n<div class=\"fusion-column-wrapper\" style=\"border: 1px solid #03176e; border-radius: 8px; padding: 25px 30px; background-color: #ffffff; width: 100%; display: flex; flex-direction: column; justify-content: center; box-sizing: border-box;\">\r\n<div class=\"fusion-text fusion-text-3\">\r\n<h4 style=\"color: #03176e; font-weight: bold; margin-top: 0; margin-bottom: 12px; font-size: 18px; line-height: 1.3;\">Grans Empreses<\/h4>\r\n<p style=\"margin: 0; color: #03176e; font-size: 15px; line-height: 1.6;\">Elegibles principalment per a projectes d&#8217;inversi\u00f3 a gran escala.<\/p>\r\n\r\n<\/div><br><\/div><br><\/div><br><\/div><br><\/div>\t\t\t\t\t\t\t\t<\/div>\n\t\t\t\t<\/div>\n\t\t\t\t<\/div>\n\t\t<div class=\"elementor-element elementor-element-db37491 e-con-full e-flex e-con e-child\" data-id=\"db37491\" data-element_type=\"container\" data-settings=\"{&quot;jet_parallax_layout_list&quot;:[]}\">\n\t\t\t\t<div class=\"elementor-element elementor-element-6812165 elementor-widget__width-initial elementor-widget elementor-widget-text-editor\" data-id=\"6812165\" data-element_type=\"widget\" data-widget_type=\"text-editor.default\">\n\t\t\t\t<div class=\"elementor-widget-container\">\n\t\t\t\t\t\t\t\t\t<div class=\"fusion-text fusion-text-2\" style=\"margin-top: 35px;\">\n<h3 class=\"fusion-responsive-typography-calculated\" style=\"color: #03176e;\" data-fontsize=\"24\" data-lineheight=\"26.4px\"><b>L\u00ednies estrat\u00e8giques per a Projectes de Mobilitat i Enginyeria<\/b><\/h3>\n<\/div>\n<p><\/p>\n<div class=\"fusion-text fusion-text-4\">\n<div class=\"fusion-fullwidth fullwidth-box fusion-builder-row-2 fusion-flex-container nonhundred-percent-fullwidth non-hundred-percent-height-scrolling\">\n<div class=\"fusion-builder-row fusion-row fusion-flex-align-items-flex-start fusion-flex-content-wrap\">\n<div class=\"fusion-layout-column fusion_builder_column fusion-builder-column-1 fusion_builder_column_1_1 1_1 fusion-flex-column\">\n<div class=\"fusion-column-wrapper fusion-column-has-shadow fusion-flex-justify-content-flex-start fusion-content-layout-column\">\n<div class=\"fusion-text fusion-text-3\">Per als clients d&#8217;Etecnic, hi ha dues l\u00ednies fonamentals que permeten finan\u00e7ar des de la infraestructura de c\u00e0rrega fins al programari de gesti\u00f3 de flotes:<\/div>\n<p><\/div>\n<p><\/div>\n<p><\/div>\n<p><\/div>\n<p><\/div>\n<p><\/p>\n<div class=\"fusion-text fusion-text-2\" style=\"margin-top: 25px;\">\n<h4 style=\"color: #03176e; font-weight: bold; font-size: 18px; margin-bottom: 10px;\">L\u00ednia 1: Inversi\u00f3 en Actius i Efici\u00e8ncia Productiva<\/h4>\n<\/div>\n<p><\/p>\n<div class=\"fusion-text fusion-text-4\">\n<div class=\"fusion-fullwidth fullwidth-box fusion-builder-row-2 fusion-flex-container nonhundred-percent-fullwidth non-hundred-percent-height-scrolling\">\n<div class=\"fusion-builder-row fusion-row fusion-flex-align-items-flex-start fusion-flex-content-wrap\">\n<div class=\"fusion-layout-column fusion_builder_column fusion-builder-column-1 fusion_builder_column_1_1 1_1 fusion-flex-column\">\n<div class=\"fusion-column-wrapper\">\n<div class=\"fusion-text fusion-text-3\">Finan\u00e7a la creaci\u00f3 de nous establiments o la millora de processos. Cobreix maquin\u00e0ria, instal\u00b7lacions i despeses d&#8217;enginyeria (fins al 80% dels nostres honoraris), amb ajuts de fins a 2.000.000 \u20ac.<\/div>\n<p><\/div>\n<p><\/div>\n<p><\/div>\n<p><\/div>\n<p><\/div>\n<p><\/p>\n<div class=\"fusion-text fusion-text-2\" style=\"margin-top: 25px;\">\n<h4 style=\"color: #03176e; font-weight: bold; font-size: 18px; margin-bottom: 10px;\">L\u00ednia 6: Innovaci\u00f3 Tecnol\u00f2gica i Digitalitzaci\u00f3<\/h4>\n<\/div>\n<p><\/p>\n<div class=\"fusion-text fusion-text-4\">\n<div class=\"fusion-fullwidth fullwidth-box fusion-builder-row-2 fusion-flex-container nonhundred-percent-fullwidth non-hundred-percent-height-scrolling\">\n<div class=\"fusion-builder-row fusion-row fusion-flex-align-items-flex-start fusion-flex-content-wrap\">\n<div class=\"fusion-layout-column fusion_builder_column fusion-builder-column-1 fusion_builder_column_1_1 1_1 fusion-flex-column\">\n<div class=\"fusion-column-wrapper\">\n<div class=\"fusion-text fusion-text-3\">Ideal per implementar el nostre programari <a style=\"color: #00a8e8; font-weight: bold; text-decoration: none;\" href=\"https:\/\/evcharge.com\/\" target=\"_blank\" rel=\"noopener\">EVcharge<\/a> i sistemes intel\u00b7ligents de gesti\u00f3 de flotes. Ofereix fins al 75% d&#8217;intensitat en serveis d&#8217;enginyeria i disseny.<\/div>\n<p><\/div>\n<p><\/div>\n<p><\/div>\n<p><\/div>\n<p><\/div>\n<p><\/p>\n<div class=\"fusion-text fusion-text-4\" style=\"margin-top: 35px; margin-bottom: 25px;\">\n<div class=\"fusion-fullwidth fullwidth-box fusion-builder-row-2 fusion-flex-container nonhundred-percent-fullwidth non-hundred-percent-height-scrolling\">\n<div class=\"fusion-builder-row fusion-row fusion-flex-align-items-flex-start fusion-flex-content-wrap\" style=\"width: 100%;\">\n<div class=\"fusion-layout-column fusion_builder_column fusion-builder-column-1 fusion_builder_column_1_1 1_1 fusion-flex-column\" style=\"width: 100%;\">\n<div class=\"fusion-column-wrapper\" style=\"border-left: 6px solid #03176e; background-color: #f4f6f9; padding: 25px 30px; border-radius: 0 8px 8px 0; box-sizing: border-box;\">\n<div class=\"fusion-text fusion-text-3\">\n<h4 style=\"color: #03176e; font-weight: bold; margin-top: 0; margin-bottom: 12px; font-size: 19px;\">Avantatges financers: Bestretes del 80%<\/h4>\n<p style=\"margin: 0; color: #333333; font-size: 15px; line-height: 1.6;\">Un dels grans avantatges d&#8217;aquest fons \u00e9s que ofereix una bestreta (anticip) del 80% de l&#8217;ajut una vegada aprovat el projecte, garantint liquiditat immediata per executar la inversi\u00f3.<\/p>\n<\/div>\n<p><\/div>\n<p><\/div>\n<p><\/div>\n<p><\/div>\n<p><\/div>\n\t\t\t\t\t\t\t\t<\/div>\n\t\t\t\t<\/div>\n\t\t\t\t<\/div>\n\t\t<div class=\"elementor-element elementor-element-d25fd17 e-con-full e-flex e-con e-child\" data-id=\"d25fd17\" data-element_type=\"container\" data-settings=\"{&quot;jet_parallax_layout_list&quot;:[]}\">\n\t\t\t\t<div class=\"elementor-element elementor-element-b3ec510 elementor-widget elementor-widget-text-editor\" data-id=\"b3ec510\" data-element_type=\"widget\" data-widget_type=\"text-editor.default\">\n\t\t\t\t<div class=\"elementor-widget-container\">\n\t\t\t\t\t\t\t\t\t<div class=\"fusion-text fusion-text-2\" style=\"margin-top: 35px; border-bottom: 2px solid #03176e; padding-bottom: 10px;\">\r\n<h3 class=\"fusion-responsive-typography-calculated\" style=\"color: #03176e; margin: 0;\" data-fontsize=\"24\" data-lineheight=\"26.4px\"><b>Preguntes Freq\u00fcents<\/b><\/h3>\r\n<\/div><br><div class=\"fusion-text fusion-text-2\" style=\"margin-top: 25px;\">\r\n<h4 style=\"color: #03176e; font-weight: bold; font-size: 18px; margin: 0;\">S\u00f3n ajuts a fons perdut?<\/h4>\r\n<\/div><br><div class=\"fusion-text fusion-text-4\">\r\n<div class=\"fusion-fullwidth fullwidth-box fusion-builder-row-2 fusion-flex-container nonhundred-percent-fullwidth non-hundred-percent-height-scrolling\">\r\n<div class=\"fusion-builder-row fusion-row fusion-flex-align-items-flex-start fusion-flex-content-wrap\">\r\n<div class=\"fusion-layout-column fusion_builder_column fusion-builder-column-1 fusion_builder_column_1_1 1_1 fusion-flex-column\">\r\n<div class=\"fusion-column-wrapper fusion-column-has-shadow fusion-flex-justify-content-flex-start fusion-content-layout-column\">\r\n<div class=\"fusion-text fusion-text-3\">S\u00ed, s\u00f3n subvencions directes que no requereixen devoluci\u00f3 sempre que es compleixi el projecte t\u00e8cnic aprovat.<\/div><br><\/div><br><\/div><br><\/div><br><\/div><br><\/div><br><div class=\"fusion-text fusion-text-2\" style=\"margin-top: 25px;\">\r\n<h4 style=\"color: #03176e; font-weight: bold; font-size: 18px; margin: 0;\">Quan surt la convocat\u00f2ria?<\/h4>\r\n<\/div><br><div class=\"fusion-text fusion-text-4\">\r\n<div class=\"fusion-fullwidth fullwidth-box fusion-builder-row-2 fusion-flex-container nonhundred-percent-fullwidth non-hundred-percent-height-scrolling\">\r\n<div class=\"fusion-builder-row fusion-row fusion-flex-align-items-flex-start fusion-flex-content-wrap\">\r\n<div class=\"fusion-layout-column fusion_builder_column fusion-builder-column-1 fusion_builder_column_1_1 1_1 fusion-flex-column\">\r\n<div class=\"fusion-column-wrapper fusion-column-has-shadow fusion-flex-justify-content-flex-start fusion-content-layout-column\">\r\n<div class=\"fusion-text fusion-text-3\">S&#8217;espera l&#8217;obertura imminent per a aquest mes d&#8217;abril de 2026. El termini sol ser curt, per la qual cosa recomanem tenir el projecte preparat.<\/div><br><\/div><br><\/div><br><\/div><br><\/div><br><\/div><br><div class=\"fusion-text fusion-text-2\" style=\"margin-top: 25px;\">\r\n<h4 style=\"color: #03176e; font-weight: bold; font-size: 18px; margin: 0;\">Puc demanar l&#8217;ajut si la meva empresa encara no est\u00e0 a la zona?<\/h4>\r\n<\/div><br><div class=\"fusion-text fusion-text-4\">\r\n<div class=\"fusion-fullwidth fullwidth-box fusion-builder-row-2 fusion-flex-container nonhundred-percent-fullwidth non-hundred-percent-height-scrolling\">\r\n<div class=\"fusion-builder-row fusion-row fusion-flex-align-items-flex-start fusion-flex-content-wrap\">\r\n<div class=\"fusion-layout-column fusion_builder_column fusion-builder-column-1 fusion_builder_column_1_1 1_1 fusion-flex-column\">\r\n<div class=\"fusion-column-wrapper fusion-column-has-shadow fusion-flex-justify-content-flex-start fusion-content-layout-column\">\r\n<div class=\"fusion-text fusion-text-3\">S\u00ed, les empreses que tinguin previst ubicar-se en qualsevol dels 96 municipis beneficiaris tamb\u00e9 poden sol\u00b7licitar aquests ajuts.<\/div><br><\/div><br><\/div><br><\/div><br><\/div><br><\/div>\t\t\t\t\t\t\t\t<\/div>\n\t\t\t\t<\/div>\n\t\t\t\t<\/div>\n\t\t\t\t\t<\/div>\n\t\t\t\t<\/div>\n\t\t\t\t<\/div>\n\t\t","protected":false},"excerpt":{"rendered":"<p>Fons de Transici\u00f3 Nuclear 2026: Guia per obtenir fins a 2M\u20ac per a la teva empresa a Tarragona i l&#8217;Ebre El tancament de les centrals nuclears previst per a 2030-2031 ha impulsat la creaci\u00f3 d&#8217;un fons estrat\u00e8gic per transformar el teixit econ\u00f2mic de les zones afectades. Amb un pressupost de 35 milions d&#8217;euros per al [&hellip;]<\/p>\n","protected":false},"author":4,"featured_media":34671,"comment_status":"closed","ping_status":"closed","sticky":false,"template":"","format":"standard","meta":{"footnotes":""},"categories":[230,633,640,420,635],"tags":[],"class_list":["post-34672","post","type-post","status-publish","format-standard","has-post-thumbnail","hentry","category-esdeveniments","category-etecnic_cat","category-evcharge","category-projectes","category-sector"],"yoast_head":"<!-- This site is optimized with the Yoast SEO plugin v26.5 - https:\/\/yoast.com\/wordpress\/plugins\/seo\/ -->\n<title>Ajudes Electrificaci\u00f3 Transport Navarra: Aconsegueix 6.000\u20ac<\/title>\n<meta name=\"description\" content=\"Obtingues fins a 2M\u20ac amb els Fons de Transici\u00f3 Nuclear 2026 a Tarragona.\" \/>\n<meta name=\"robots\" content=\"noindex, follow, max-snippet:-1, max-image-preview:large, max-video-preview:-1\" \/>\n<meta property=\"og:locale\" content=\"ca_ES\" \/>\n<meta property=\"og:type\" content=\"article\" \/>\n<meta property=\"og:title\" content=\"Ajudes Electrificaci\u00f3 Transport Navarra: Aconsegueix 6.000\u20ac\" \/>\n<meta property=\"og:description\" content=\"Obtingues fins a 2M\u20ac amb els Fons de Transici\u00f3 Nuclear 2026 a Tarragona.\" \/>\n<meta property=\"og:url\" content=\"https:\/\/etecnic.bisiestodeveloper.es\/ca\/esdeveniments\/fons-transicio-nuclear-2026-guia-dajudes-fins-a-2me\/\" \/>\n<meta property=\"og:site_name\" content=\"Etecnic\" \/>\n<meta property=\"article:published_time\" content=\"2026-07-20T10:13:03+00:00\" \/>\n<meta property=\"article:modified_time\" content=\"2026-07-24T09:11:29+00:00\" \/>\n<meta property=\"og:image\" content=\"https:\/\/etecnic.bisiestodeveloper.es\/wp-content\/uploads\/2026\/07\/Blog-FTN-Tarragona-2026-700x454.png\" \/>\n<meta name=\"author\" content=\"anna-etecnic\" \/>\n<meta name=\"twitter:card\" content=\"summary_large_image\" \/>\n<meta name=\"twitter:label1\" content=\"Escrit per\" \/>\n\t<meta name=\"twitter:data1\" content=\"anna-etecnic\" \/>\n\t<meta name=\"twitter:label2\" content=\"Temps estimat de lectura\" \/>\n\t<meta name=\"twitter:data2\" content=\"2 minuts\" \/>\n<script type=\"application\/ld+json\" class=\"yoast-schema-graph\">{\"@context\":\"https:\/\/schema.org\",\"@graph\":[{\"@type\":\"Article\",\"@id\":\"https:\/\/etecnic.bisiestodeveloper.es\/ca\/esdeveniments\/fons-transicio-nuclear-2026-guia-dajudes-fins-a-2me\/#article\",\"isPartOf\":{\"@id\":\"https:\/\/etecnic.bisiestodeveloper.es\/ca\/esdeveniments\/fons-transicio-nuclear-2026-guia-dajudes-fins-a-2me\/\"},\"author\":{\"name\":\"anna-etecnic\",\"@id\":\"https:\/\/etecnic.bisiestodeveloper.es\/ca\/#\/schema\/person\/0da7a3465710726a5fa6d735b8a7e686\"},\"headline\":\"Fons Transici\u00f3 Nuclear 2026: Guia d&#8217;Ajudes fins a 2M\u20ac\",\"datePublished\":\"2026-07-20T10:13:03+00:00\",\"dateModified\":\"2026-07-24T09:11:29+00:00\",\"mainEntityOfPage\":{\"@id\":\"https:\/\/etecnic.bisiestodeveloper.es\/ca\/esdeveniments\/fons-transicio-nuclear-2026-guia-dajudes-fins-a-2me\/\"},\"wordCount\":448,\"publisher\":{\"@id\":\"https:\/\/etecnic.bisiestodeveloper.es\/ca\/#organization\"},\"image\":{\"@id\":\"https:\/\/etecnic.bisiestodeveloper.es\/ca\/esdeveniments\/fons-transicio-nuclear-2026-guia-dajudes-fins-a-2me\/#primaryimage\"},\"thumbnailUrl\":\"https:\/\/etecnic.bisiestodeveloper.es\/wp-content\/uploads\/2026\/07\/Blog-FTN-Tarragona-2026.png\",\"articleSection\":[\"Esdeveniments\",\"Etecnic\",\"EVcharge\",\"Projectes\",\"Sector\"],\"inLanguage\":\"ca\"},{\"@type\":\"WebPage\",\"@id\":\"https:\/\/etecnic.bisiestodeveloper.es\/ca\/esdeveniments\/fons-transicio-nuclear-2026-guia-dajudes-fins-a-2me\/\",\"url\":\"https:\/\/etecnic.bisiestodeveloper.es\/ca\/esdeveniments\/fons-transicio-nuclear-2026-guia-dajudes-fins-a-2me\/\",\"name\":\"Ajudes Electrificaci\u00f3 Transport Navarra: Aconsegueix 6.000\u20ac\",\"isPartOf\":{\"@id\":\"https:\/\/etecnic.bisiestodeveloper.es\/ca\/#website\"},\"primaryImageOfPage\":{\"@id\":\"https:\/\/etecnic.bisiestodeveloper.es\/ca\/esdeveniments\/fons-transicio-nuclear-2026-guia-dajudes-fins-a-2me\/#primaryimage\"},\"image\":{\"@id\":\"https:\/\/etecnic.bisiestodeveloper.es\/ca\/esdeveniments\/fons-transicio-nuclear-2026-guia-dajudes-fins-a-2me\/#primaryimage\"},\"thumbnailUrl\":\"https:\/\/etecnic.bisiestodeveloper.es\/wp-content\/uploads\/2026\/07\/Blog-FTN-Tarragona-2026.png\",\"datePublished\":\"2026-07-20T10:13:03+00:00\",\"dateModified\":\"2026-07-24T09:11:29+00:00\",\"description\":\"Obtingues fins a 2M\u20ac amb els Fons de Transici\u00f3 Nuclear 2026 a Tarragona.\",\"breadcrumb\":{\"@id\":\"https:\/\/etecnic.bisiestodeveloper.es\/ca\/esdeveniments\/fons-transicio-nuclear-2026-guia-dajudes-fins-a-2me\/#breadcrumb\"},\"inLanguage\":\"ca\",\"potentialAction\":[{\"@type\":\"ReadAction\",\"target\":[\"https:\/\/etecnic.bisiestodeveloper.es\/ca\/esdeveniments\/fons-transicio-nuclear-2026-guia-dajudes-fins-a-2me\/\"]}]},{\"@type\":\"ImageObject\",\"inLanguage\":\"ca\",\"@id\":\"https:\/\/etecnic.bisiestodeveloper.es\/ca\/esdeveniments\/fons-transicio-nuclear-2026-guia-dajudes-fins-a-2me\/#primaryimage\",\"url\":\"https:\/\/etecnic.bisiestodeveloper.es\/wp-content\/uploads\/2026\/07\/Blog-FTN-Tarragona-2026.png\",\"contentUrl\":\"https:\/\/etecnic.bisiestodeveloper.es\/wp-content\/uploads\/2026\/07\/Blog-FTN-Tarragona-2026.png\",\"width\":1110,\"height\":720},{\"@type\":\"BreadcrumbList\",\"@id\":\"https:\/\/etecnic.bisiestodeveloper.es\/ca\/esdeveniments\/fons-transicio-nuclear-2026-guia-dajudes-fins-a-2me\/#breadcrumb\",\"itemListElement\":[{\"@type\":\"ListItem\",\"position\":1,\"name\":\"Portada\",\"item\":\"https:\/\/etecnic.bisiestodeveloper.es\/ca\/\"},{\"@type\":\"ListItem\",\"position\":2,\"name\":\"Fons Transici\u00f3 Nuclear 2026: Guia d&#8217;Ajudes fins a 2M\u20ac\"}]},{\"@type\":\"WebSite\",\"@id\":\"https:\/\/etecnic.bisiestodeveloper.es\/ca\/#website\",\"url\":\"https:\/\/etecnic.bisiestodeveloper.es\/ca\/\",\"name\":\"Etecnic\",\"description\":\"\",\"publisher\":{\"@id\":\"https:\/\/etecnic.bisiestodeveloper.es\/ca\/#organization\"},\"potentialAction\":[{\"@type\":\"SearchAction\",\"target\":{\"@type\":\"EntryPoint\",\"urlTemplate\":\"https:\/\/etecnic.bisiestodeveloper.es\/ca\/?s={search_term_string}\"},\"query-input\":{\"@type\":\"PropertyValueSpecification\",\"valueRequired\":true,\"valueName\":\"search_term_string\"}}],\"inLanguage\":\"ca\"},{\"@type\":\"Organization\",\"@id\":\"https:\/\/etecnic.bisiestodeveloper.es\/ca\/#organization\",\"name\":\"Etecnic\",\"url\":\"https:\/\/etecnic.bisiestodeveloper.es\/ca\/\",\"logo\":{\"@type\":\"ImageObject\",\"inLanguage\":\"ca\",\"@id\":\"https:\/\/etecnic.bisiestodeveloper.es\/ca\/#\/schema\/logo\/image\/\",\"url\":\"https:\/\/etecnic.bisiestodeveloper.es\/wp-content\/uploads\/2025\/06\/logo-etecnic-blanco.png\",\"contentUrl\":\"https:\/\/etecnic.bisiestodeveloper.es\/wp-content\/uploads\/2025\/06\/logo-etecnic-blanco.png\",\"width\":1000,\"height\":500,\"caption\":\"Etecnic\"},\"image\":{\"@id\":\"https:\/\/etecnic.bisiestodeveloper.es\/ca\/#\/schema\/logo\/image\/\"}},{\"@type\":\"Person\",\"@id\":\"https:\/\/etecnic.bisiestodeveloper.es\/ca\/#\/schema\/person\/0da7a3465710726a5fa6d735b8a7e686\",\"name\":\"anna-etecnic\",\"url\":\"https:\/\/etecnic.bisiestodeveloper.es\/ca\/author\/anna-etecnic\/\"}]}<\/script>\n<!-- \/ Yoast SEO plugin. -->","yoast_head_json":{"title":"Ajudes Electrificaci\u00f3 Transport Navarra: Aconsegueix 6.000\u20ac","description":"Obtingues fins a 2M\u20ac amb els Fons de Transici\u00f3 Nuclear 2026 a Tarragona.","robots":{"index":"noindex","follow":"follow","max-snippet":"max-snippet:-1","max-image-preview":"max-image-preview:large","max-video-preview":"max-video-preview:-1"},"og_locale":"ca_ES","og_type":"article","og_title":"Ajudes Electrificaci\u00f3 Transport Navarra: Aconsegueix 6.000\u20ac","og_description":"Obtingues fins a 2M\u20ac amb els Fons de Transici\u00f3 Nuclear 2026 a Tarragona.","og_url":"https:\/\/etecnic.bisiestodeveloper.es\/ca\/esdeveniments\/fons-transicio-nuclear-2026-guia-dajudes-fins-a-2me\/","og_site_name":"Etecnic","article_published_time":"2026-07-20T10:13:03+00:00","article_modified_time":"2026-07-24T09:11:29+00:00","og_image":[{"url":"https:\/\/etecnic.bisiestodeveloper.es\/wp-content\/uploads\/2026\/07\/Blog-FTN-Tarragona-2026-700x454.png","type":"","width":"","height":""}],"author":"anna-etecnic","twitter_card":"summary_large_image","twitter_misc":{"Escrit per":"anna-etecnic","Temps estimat de lectura":"2 minuts"},"schema":{"@context":"https:\/\/schema.org","@graph":[{"@type":"Article","@id":"https:\/\/etecnic.bisiestodeveloper.es\/ca\/esdeveniments\/fons-transicio-nuclear-2026-guia-dajudes-fins-a-2me\/#article","isPartOf":{"@id":"https:\/\/etecnic.bisiestodeveloper.es\/ca\/esdeveniments\/fons-transicio-nuclear-2026-guia-dajudes-fins-a-2me\/"},"author":{"name":"anna-etecnic","@id":"https:\/\/etecnic.bisiestodeveloper.es\/ca\/#\/schema\/person\/0da7a3465710726a5fa6d735b8a7e686"},"headline":"Fons Transici\u00f3 Nuclear 2026: Guia d&#8217;Ajudes fins a 2M\u20ac","datePublished":"2026-07-20T10:13:03+00:00","dateModified":"2026-07-24T09:11:29+00:00","mainEntityOfPage":{"@id":"https:\/\/etecnic.bisiestodeveloper.es\/ca\/esdeveniments\/fons-transicio-nuclear-2026-guia-dajudes-fins-a-2me\/"},"wordCount":448,"publisher":{"@id":"https:\/\/etecnic.bisiestodeveloper.es\/ca\/#organization"},"image":{"@id":"https:\/\/etecnic.bisiestodeveloper.es\/ca\/esdeveniments\/fons-transicio-nuclear-2026-guia-dajudes-fins-a-2me\/#primaryimage"},"thumbnailUrl":"https:\/\/etecnic.bisiestodeveloper.es\/wp-content\/uploads\/2026\/07\/Blog-FTN-Tarragona-2026.png","articleSection":["Esdeveniments","Etecnic","EVcharge","Projectes","Sector"],"inLanguage":"ca"},{"@type":"WebPage","@id":"https:\/\/etecnic.bisiestodeveloper.es\/ca\/esdeveniments\/fons-transicio-nuclear-2026-guia-dajudes-fins-a-2me\/","url":"https:\/\/etecnic.bisiestodeveloper.es\/ca\/esdeveniments\/fons-transicio-nuclear-2026-guia-dajudes-fins-a-2me\/","name":"Ajudes Electrificaci\u00f3 Transport Navarra: Aconsegueix 6.000\u20ac","isPartOf":{"@id":"https:\/\/etecnic.bisiestodeveloper.es\/ca\/#website"},"primaryImageOfPage":{"@id":"https:\/\/etecnic.bisiestodeveloper.es\/ca\/esdeveniments\/fons-transicio-nuclear-2026-guia-dajudes-fins-a-2me\/#primaryimage"},"image":{"@id":"https:\/\/etecnic.bisiestodeveloper.es\/ca\/esdeveniments\/fons-transicio-nuclear-2026-guia-dajudes-fins-a-2me\/#primaryimage"},"thumbnailUrl":"https:\/\/etecnic.bisiestodeveloper.es\/wp-content\/uploads\/2026\/07\/Blog-FTN-Tarragona-2026.png","datePublished":"2026-07-20T10:13:03+00:00","dateModified":"2026-07-24T09:11:29+00:00","description":"Obtingues fins a 2M\u20ac amb els Fons de Transici\u00f3 Nuclear 2026 a Tarragona.","breadcrumb":{"@id":"https:\/\/etecnic.bisiestodeveloper.es\/ca\/esdeveniments\/fons-transicio-nuclear-2026-guia-dajudes-fins-a-2me\/#breadcrumb"},"inLanguage":"ca","potentialAction":[{"@type":"ReadAction","target":["https:\/\/etecnic.bisiestodeveloper.es\/ca\/esdeveniments\/fons-transicio-nuclear-2026-guia-dajudes-fins-a-2me\/"]}]},{"@type":"ImageObject","inLanguage":"ca","@id":"https:\/\/etecnic.bisiestodeveloper.es\/ca\/esdeveniments\/fons-transicio-nuclear-2026-guia-dajudes-fins-a-2me\/#primaryimage","url":"https:\/\/etecnic.bisiestodeveloper.es\/wp-content\/uploads\/2026\/07\/Blog-FTN-Tarragona-2026.png","contentUrl":"https:\/\/etecnic.bisiestodeveloper.es\/wp-content\/uploads\/2026\/07\/Blog-FTN-Tarragona-2026.png","width":1110,"height":720},{"@type":"BreadcrumbList","@id":"https:\/\/etecnic.bisiestodeveloper.es\/ca\/esdeveniments\/fons-transicio-nuclear-2026-guia-dajudes-fins-a-2me\/#breadcrumb","itemListElement":[{"@type":"ListItem","position":1,"name":"Portada","item":"https:\/\/etecnic.bisiestodeveloper.es\/ca\/"},{"@type":"ListItem","position":2,"name":"Fons Transici\u00f3 Nuclear 2026: Guia d&#8217;Ajudes fins a 2M\u20ac"}]},{"@type":"WebSite","@id":"https:\/\/etecnic.bisiestodeveloper.es\/ca\/#website","url":"https:\/\/etecnic.bisiestodeveloper.es\/ca\/","name":"Etecnic","description":"","publisher":{"@id":"https:\/\/etecnic.bisiestodeveloper.es\/ca\/#organization"},"potentialAction":[{"@type":"SearchAction","target":{"@type":"EntryPoint","urlTemplate":"https:\/\/etecnic.bisiestodeveloper.es\/ca\/?s={search_term_string}"},"query-input":{"@type":"PropertyValueSpecification","valueRequired":true,"valueName":"search_term_string"}}],"inLanguage":"ca"},{"@type":"Organization","@id":"https:\/\/etecnic.bisiestodeveloper.es\/ca\/#organization","name":"Etecnic","url":"https:\/\/etecnic.bisiestodeveloper.es\/ca\/","logo":{"@type":"ImageObject","inLanguage":"ca","@id":"https:\/\/etecnic.bisiestodeveloper.es\/ca\/#\/schema\/logo\/image\/","url":"https:\/\/etecnic.bisiestodeveloper.es\/wp-content\/uploads\/2025\/06\/logo-etecnic-blanco.png","contentUrl":"https:\/\/etecnic.bisiestodeveloper.es\/wp-content\/uploads\/2025\/06\/logo-etecnic-blanco.png","width":1000,"height":500,"caption":"Etecnic"},"image":{"@id":"https:\/\/etecnic.bisiestodeveloper.es\/ca\/#\/schema\/logo\/image\/"}},{"@type":"Person","@id":"https:\/\/etecnic.bisiestodeveloper.es\/ca\/#\/schema\/person\/0da7a3465710726a5fa6d735b8a7e686","name":"anna-etecnic","url":"https:\/\/etecnic.bisiestodeveloper.es\/ca\/author\/anna-etecnic\/"}]}},"_links":{"self":[{"href":"https:\/\/etecnic.bisiestodeveloper.es\/ca\/wp-json\/wp\/v2\/posts\/34672","targetHints":{"allow":["GET"]}}],"collection":[{"href":"https:\/\/etecnic.bisiestodeveloper.es\/ca\/wp-json\/wp\/v2\/posts"}],"about":[{"href":"https:\/\/etecnic.bisiestodeveloper.es\/ca\/wp-json\/wp\/v2\/types\/post"}],"author":[{"embeddable":true,"href":"https:\/\/etecnic.bisiestodeveloper.es\/ca\/wp-json\/wp\/v2\/users\/4"}],"replies":[{"embeddable":true,"href":"https:\/\/etecnic.bisiestodeveloper.es\/ca\/wp-json\/wp\/v2\/comments?post=34672"}],"version-history":[{"count":2,"href":"https:\/\/etecnic.bisiestodeveloper.es\/ca\/wp-json\/wp\/v2\/posts\/34672\/revisions"}],"predecessor-version":[{"id":34677,"href":"https:\/\/etecnic.bisiestodeveloper.es\/ca\/wp-json\/wp\/v2\/posts\/34672\/revisions\/34677"}],"wp:featuredmedia":[{"embeddable":true,"href":"https:\/\/etecnic.bisiestodeveloper.es\/ca\/wp-json\/wp\/v2\/media\/34671"}],"wp:attachment":[{"href":"https:\/\/etecnic.bisiestodeveloper.es\/ca\/wp-json\/wp\/v2\/media?parent=34672"}],"wp:term":[{"taxonomy":"category","embeddable":true,"href":"https:\/\/etecnic.bisiestodeveloper.es\/ca\/wp-json\/wp\/v2\/categories?post=34672"},{"taxonomy":"post_tag","embeddable":true,"href":"https:\/\/etecnic.bisiestodeveloper.es\/ca\/wp-json\/wp\/v2\/tags?post=34672"}],"curies":[{"name":"wp","href":"https:\/\/api.w.org\/{rel}","templated":true}]}}