{"id":34654,"date":"2026-07-20T10:12:18","date_gmt":"2026-07-20T10:12:18","guid":{"rendered":"https:\/\/etecnic.bisiestodeveloper.es\/?p=34654"},"modified":"2026-09-03T08:38:40","modified_gmt":"2026-09-03T08:38:40","slug":"etecnic-va-portar-les-seves-solucions-de-mobilitat-electrica-a-mubil-mobility-expo-2026","status":"publish","type":"post","link":"https:\/\/etecnic.bisiestodeveloper.es\/ca\/etecnic_cat\/etecnic-va-portar-les-seves-solucions-de-mobilitat-electrica-a-mubil-mobility-expo-2026\/","title":{"rendered":"Etecnic va portar les seves solucions de mobilitat el\u00e8ctrica a MUBIL Mobility Expo 2026"},"content":{"rendered":"\t\t<div data-elementor-type=\"wp-post\" data-elementor-id=\"34654\" class=\"elementor elementor-34654 elementor-34634\" data-elementor-post-type=\"post\">\n\t\t\t\t<div class=\"elementor-element elementor-element-613ac041 e-flex e-con-boxed e-con e-parent\" data-id=\"613ac041\" data-element_type=\"container\" data-settings=\"{&quot;jet_parallax_layout_list&quot;:[]}\">\n\t\t\t\t\t<div class=\"e-con-inner\">\n\t\t\t\t<div class=\"elementor-element elementor-element-60bc20fc elementor-widget elementor-widget-text-editor\" data-id=\"60bc20fc\" data-element_type=\"widget\" data-widget_type=\"text-editor.default\">\n\t\t\t\t<div class=\"elementor-widget-container\">\n\t\t\t\t\t\t\t\t\t<div class=\"fusion-text fusion-text-4\">\n<div class=\"fusion-fullwidth fullwidth-box fusion-builder-row-2 fusion-flex-container nonhundred-percent-fullwidth non-hundred-percent-height-scrolling\">\n<div class=\"fusion-builder-row fusion-row fusion-flex-align-items-flex-start fusion-flex-content-wrap\">\n<div class=\"fusion-layout-column fusion_builder_column fusion-builder-column-1 fusion_builder_column_1_1 1_1 fusion-flex-column\">\n<div class=\"fusion-column-wrapper fusion-column-has-shadow fusion-flex-justify-content-flex-start fusion-content-layout-column\">\n<div class=\"fusion-text fusion-text-3\">\n<p>Els dies 25 i 26 de mar\u00e7, <strong>FICOBA<\/strong> (Irun) va acollir una nova edici\u00f3 de <a style=\"color: #00a8e8; font-weight: bold; text-decoration: none;\" href=\"https:\/\/www.mubilexpo.eus\/\" target=\"_blank\" rel=\"noopener\">MUBIL Mobility Expo<\/a>, una de les trobades de refer\u00e8ncia en l&#8217;\u00e0mbit de la mobilitat sostenible.<\/p>\n<p>Etecnic hi va ser present per compartir la seva visi\u00f3 i seguir impulsant el desenvolupament de solucions innovadores en mobilitat el\u00e8ctrica.<\/p>\n<\/div>\n<p><\/div>\n<p><\/div>\n<p><\/div>\n<p><\/div>\n<p><\/div>\n<p><\/p>\n<div class=\"fusion-text fusion-text-2\" style=\"margin-top: 35px;\">\n<h3 class=\"fusion-responsive-typography-calculated\" data-fontsize=\"24\" data-lineheight=\"26.4px\"><b>Etecnic, a primera l\u00ednia a la MUBIL Mobility Expo<\/b><\/h3>\n<p><\/div>\n<p><\/p>\n<div class=\"fusion-text fusion-text-4\">\n<div class=\"fusion-fullwidth fullwidth-box fusion-builder-row-2 fusion-flex-container nonhundred-percent-fullwidth non-hundred-percent-height-scrolling\">\n<div class=\"fusion-builder-row fusion-row fusion-flex-align-items-flex-start fusion-flex-content-wrap\">\n<div class=\"fusion-layout-column fusion_builder_column fusion-builder-column-1 fusion_builder_column_1_1 1_1 fusion-flex-column\">\n<div class=\"fusion-column-wrapper fusion-column-has-shadow fusion-flex-justify-content-flex-start fusion-content-layout-column\">\n<div class=\"fusion-text fusion-text-3\">\n<p>Durant els dos dies de fira, <a style=\"color: #00a8e8; font-weight: bold; text-decoration: none;\" href=\"https:\/\/etecnic.es\/\" target=\"_blank\" rel=\"noopener\">Etecnic<\/a> va participar en l&#8217;espai de <strong>MUBIL Mobility Expo<\/strong>, a l&#8217;estand 3-19 H del pavell\u00f3 3, dins de l&#8217;espai grupal d&#8217;<a style=\"color: #00a8e8; font-weight: bold; text-decoration: none;\" href=\"https:\/\/aedive.es\/\" target=\"_blank\" rel=\"noopener\">AEDIVE<\/a> (Associaci\u00f3 Empresarial per al Desenvolupament i Impuls de la Mobilitat El\u00e8ctrica).<\/p>\n<p>Aquest entorn va permetre generar sinergies amb altres actors clau del sector, aix\u00ed com compartir experi\u00e8ncies i coneixement amb professionals de tota la cadena de valor de la mobilitat el\u00e8ctrica.<\/p>\n<\/div>\n<p><\/div>\n<p><\/div>\n<p><\/div>\n<p><\/div>\n<p><\/div>\n<p><\/p>\n<div class=\"fusion-text fusion-text-2\" style=\"margin-top: 35px;\">\n<h3 class=\"fusion-responsive-typography-calculated\" data-fontsize=\"24\" data-lineheight=\"26.4px\"><b>Solucions i innovacions que vam presentar<\/b><\/h3>\n<p><\/div>\n<p><\/p>\n<div class=\"fusion-text fusion-text-4\">\n<div class=\"fusion-fullwidth fullwidth-box fusion-builder-row-2 fusion-flex-container nonhundred-percent-fullwidth non-hundred-percent-height-scrolling\">\n<div class=\"fusion-builder-row fusion-row fusion-flex-align-items-flex-start fusion-flex-content-wrap\">\n<div class=\"fusion-layout-column fusion_builder_column fusion-builder-column-1 fusion_builder_column_1_1 1_1 fusion-flex-column\">\n<div class=\"fusion-column-wrapper fusion-column-has-shadow fusion-flex-justify-content-flex-start fusion-content-layout-column\">\n<div class=\"fusion-text fusion-text-3\">\n<p>A l&#8217;estand, vam mostrar com <a style=\"color: #00a8e8; font-weight: bold; text-decoration: none;\" href=\"https:\/\/evcharge.com\/\" target=\"_blank\" rel=\"noopener\">EVcharge<\/a> permet a operadors, empreses i administracions gestionar i escalar les seves xarxes de rec\u00e0rrega de forma eficient, connectada i preparada per al creixement.<\/p>\n<p>Durant la fira, vam presentar algunes de les nostres solucions m\u00e9s destacades, com el <a style=\"color: #00a8e8; font-weight: bold; text-decoration: none;\" href=\"https:\/\/evcharge.com\/\" target=\"_blank\" rel=\"noopener\">T\u00f2tem de pagament d&#8217;EVcharge<\/a>, que facilita l&#8217;acc\u00e9s a la rec\u00e0rrega mitjan\u00e7ant pagament directe amb targeta, millorant l&#8217;experi\u00e8ncia de l&#8217;usuari final.<\/p>\n<p>Tamb\u00e9 vam compartir funcionalitats clau com <a style=\"color: #00a8e8; font-weight: bold; text-decoration: none;\" href=\"https:\/\/evcharge.com\/\" target=\"_blank\" rel=\"noopener\">Smart Pricing<\/a>, que permet adaptar les tarifes de rec\u00e0rrega en funci\u00f3 de variables com el cost de l&#8217;energia o la demanda, i <strong>EV Energy<\/strong>, orientat a optimitzar la gesti\u00f3 energ\u00e8tica de les infraestructures.<\/p>\n<p>A m\u00e9s, vam donar a con\u00e8ixer les darreres novetats d&#8217;<strong>EVcharge Manager<\/strong>, amb millores enfocades a una gesti\u00f3 m\u00e9s \u00e0gil, intu\u00eftiva i eficient dels punts de rec\u00e0rrega.<\/p>\n<p>Finalment, vam compartir la nostra proposta integral <strong>Etecnic360<\/strong>, una soluci\u00f3 clau en m\u00e0 que cobreix totes les fases del projecte: des de l&#8217;estudi inicial i el disseny, fins a la instal\u00b7laci\u00f3, legalitzaci\u00f3 i manteniment de la infraestructura.<\/p>\n<\/div>\n<p><\/div>\n<p><\/div>\n<p><\/div>\n<p><\/div>\n<p><\/div>\n\t\t\t\t\t\t\t\t<\/div>\n\t\t\t\t<\/div>\n\t\t\t\t\t<\/div>\n\t\t\t\t<\/div>\n\t\t<div class=\"elementor-element elementor-element-c48c002 e-flex e-con-boxed e-con e-parent\" data-id=\"c48c002\" data-element_type=\"container\" data-settings=\"{&quot;jet_parallax_layout_list&quot;:[]}\">\n\t\t\t\t\t<div class=\"e-con-inner\">\n\t\t\t\t<div class=\"elementor-element elementor-element-4dddde1 elementor-widget__width-initial elementor-widget elementor-widget-text-editor\" data-id=\"4dddde1\" data-element_type=\"widget\" data-widget_type=\"text-editor.default\">\n\t\t\t\t<div class=\"elementor-widget-container\">\n\t\t\t\t\t\t\t\t\t<div class=\"fusion-text fusion-text-2\" style=\"margin-top: 35px;\">\n<h3 class=\"fusion-responsive-typography-calculated\" data-fontsize=\"24\" data-lineheight=\"26.4px\"><b>Soluciones e innovaciones que presentamos<\/b><\/h3>\n<\/div>\n<div class=\"fusion-text fusion-text-4\">\n<div class=\"fusion-fullwidth fullwidth-box fusion-builder-row-2 fusion-flex-container nonhundred-percent-fullwidth non-hundred-percent-height-scrolling\">\n<div class=\"fusion-builder-row fusion-row fusion-flex-align-items-flex-start fusion-flex-content-wrap\">\n<div class=\"fusion-layout-column fusion_builder_column fusion-builder-column-1 fusion_builder_column_1_1 1_1 fusion-flex-column\">\n<div class=\"fusion-column-wrapper fusion-column-has-shadow fusion-flex-justify-content-flex-start fusion-content-layout-column\">\n<div class=\"fusion-text fusion-text-3\">\n<p>En el stand, mostramos c\u00f3mo <a style=\"color: #00a8e8; font-weight: bold; text-decoration: none;\" href=\"https:\/\/evcharge.com\/\" target=\"_blank\" rel=\"noopener\">EVcharge<\/a> permite a operadores, empresas y administraciones gestionar y escalar sus redes de recarga de forma eficiente, conectada y preparada para el crecimiento.<\/p>\n<p>Durante la feria, presentamos algunas de nuestras soluciones m\u00e1s destacadas, como el <a style=\"color: #00a8e8; font-weight: bold; text-decoration: none;\" href=\"https:\/\/evcharge.com\/\" target=\"_blank\" rel=\"noopener\">T\u00f3tem de pago de EVcharge<\/a>, que facilita el acceso a la recarga mediante pago directo con tarjeta, mejorando la experiencia del usuario final.<\/p>\n<\/div>\n<\/div>\n<\/div>\n<\/div>\n<\/div>\n<\/div>\n\t\t\t\t\t\t\t\t<\/div>\n\t\t\t\t<\/div>\n\t\t\t\t<div class=\"elementor-element elementor-element-343fc16 elementor-widget elementor-widget-video\" data-id=\"343fc16\" data-element_type=\"widget\" data-settings=\"{&quot;video_type&quot;:&quot;hosted&quot;,&quot;controls&quot;:&quot;yes&quot;}\" data-widget_type=\"video.default\">\n\t\t\t\t<div class=\"elementor-widget-container\">\n\t\t\t\t\t\t\t<div class=\"e-hosted-video elementor-wrapper elementor-open-inline\">\n\t\t\t\t\t<video class=\"elementor-video\" src=\"https:\/\/etecnic.bisiestodeveloper.es\/wp-content\/uploads\/2026\/07\/copy_34F11141-3527-4A1C-93CC-686603E9929F.mov\" controls=\"\" preload=\"metadata\" controlsList=\"nodownload\"><\/video>\n\t\t\t\t<\/div>\n\t\t\t\t\t\t<\/div>\n\t\t\t\t<\/div>\n\t\t\t\t\t<\/div>\n\t\t\t\t<\/div>\n\t\t<div class=\"elementor-element elementor-element-50ecf51 e-flex e-con-boxed e-con e-parent\" data-id=\"50ecf51\" data-element_type=\"container\" data-settings=\"{&quot;jet_parallax_layout_list&quot;:[]}\">\n\t\t\t\t\t<div class=\"e-con-inner\">\n\t\t\t\t<div class=\"elementor-element elementor-element-d42dfb9 elementor-widget elementor-widget-text-editor\" data-id=\"d42dfb9\" data-element_type=\"widget\" data-widget_type=\"text-editor.default\">\n\t\t\t\t<div class=\"elementor-widget-container\">\n\t\t\t\t\t\t\t\t\t<div style=\"margin-top: 35px;\">\n<div>\n<div>\n<div>\n<div>\n<div>\n<div>\n<p style=\"margin: 0px 0px 21.2px; margin-block: 0px 30px;\">Tambi\u00e9n compartimos funcionalidades clave como <a style=\"color: #00a8e8; text-decoration: none; margin-top: 0px; font-weight: bold;\" href=\"https:\/\/evcharge.com\/\" target=\"_blank\" rel=\"noopener\">Smart Pricing<\/a>, que permite adaptar las tarifas de recarga en funci\u00f3n de variables como el coste de la energ\u00eda o la demanda, y <span style=\"font-weight: bolder;\">EV Energy<\/span>, orientado a optimizar la gesti\u00f3n energ\u00e9tica de las infraestructuras.<\/p>\n<p style=\"margin: 21.2px 0px; margin-block: 0px 30px;\">Adem\u00e1s, dimos a conocer las \u00faltimas novedades de <span style=\"font-weight: bolder;\">EVcharge Manager<\/span>, con mejoras enfocadas a una gesti\u00f3n m\u00e1s \u00e1gil, intuitiva y eficiente de los puntos de recarga.<\/p>\n<p style=\"margin: 21.2px 0px; margin-block: 0px 30px;\">Por \u00faltimo, compartimos nuestra propuesta integral <span style=\"font-weight: bolder;\">Etecnic360<\/span>, una soluci\u00f3n llave en mano que cubre todas las fases del proyecto: desde el estudio inicial y el dise\u00f1o, hasta la instalaci\u00f3n, legalizaci\u00f3n y mantenimiento de la infraestructura.<\/p>\n<\/div>\n<\/div>\n<\/div>\n<\/div>\n<\/div>\n<\/div>\n<h3 style=\"color: #03176e; font-size: 28.1px; margin-top: 60px; margin-bottom: 30px;\" data-fontsize=\"24\" data-lineheight=\"26.4px\">Sobre MUBIL Mobility Expo<\/h3>\n<\/div>\n<div>\n<div>\n<div>\n<div>\n<div>\n<div>\n<p style=\"margin: 0px 0px 21.2px; margin-block: 0px 30px;\"><a style=\"color: #00a8e8; text-decoration: none; font-weight: bold;\" href=\"https:\/\/www.mubilexpo.eus\/\" target=\"_blank\" rel=\"noopener\">MUBIL Mobility Expo<\/a> se consolida como un punto de encuentro clave para empresas, administraciones y profesionales comprometidos con la movilidad sostenible.<\/p>\n<p style=\"margin: 21.2px 0px; margin-block: 0px 30px;\">El evento re\u00fane a los principales actores del sector para abordar los retos actuales y futuros de la electrificaci\u00f3n del transporte, la innovaci\u00f3n tecnol\u00f3gica y el desarrollo de infraestructuras.<\/p>\n<\/div>\n<\/div>\n<\/div>\n<\/div>\n<\/div>\n<\/div>\n<div style=\"margin-top: 35px;\">\n<h3 style=\"color: #03176e; font-size: 28.1px; margin-bottom: 30px;\" data-fontsize=\"24\" data-lineheight=\"26.4px\">Gracias por acompa\u00f1arnos<\/h3>\n<\/div>\n<div>\n<div>\n<div>\n<div>\n<div>\n<div>\n<p style=\"margin: 0px 0px 21.2px; margin-block: 0px 30px;\">Queremos agradecer a todas las personas y profesionales que se acercaron a nuestro stand durante MUBIL Mobility Expo.<\/p>\n<p style=\"margin: 21.2px 0px; margin-block: 0px 30px;\">Fue un placer compartir estos d\u00edas, intercambiar impresiones y seguir construyendo, juntos, el futuro de la movilidad el\u00e9ctrica.<\/p>\n<p style=\"margin: 21.2px 0px; margin-block: 0px 30px;\">\u00a1Gracias por hacerlo posible!<\/p>\n<p style=\"margin: 21.2px 0px; margin-block: 0px 30px;\">Para m\u00e1s informaci\u00f3n, <a style=\"color: #00a8e8; text-decoration: none; font-weight: bold;\" href=\"https:\/\/etecnic.es\/contacto\/\" target=\"_blank\" rel=\"noopener\">contacta con nosotros<\/a>.<\/p>\n<\/div>\n<\/div>\n<\/div>\n<\/div>\n<\/div>\n<\/div>\n\t\t\t\t\t\t\t\t<\/div>\n\t\t\t\t<\/div>\n\t\t\t\t\t<\/div>\n\t\t\t\t<\/div>\n\t\t<div class=\"elementor-element elementor-element-3a5bd76 e-flex e-con-boxed e-con e-parent\" data-id=\"3a5bd76\" data-element_type=\"container\" data-settings=\"{&quot;jet_parallax_layout_list&quot;:[]}\">\n\t\t\t\t\t<div class=\"e-con-inner\">\n\t\t\t\t<div class=\"elementor-element elementor-element-764e5d4 elementor-widget elementor-widget-gallery\" data-id=\"764e5d4\" data-element_type=\"widget\" data-settings=\"{&quot;columns&quot;:3,&quot;lazyload&quot;:&quot;yes&quot;,&quot;gallery_layout&quot;:&quot;grid&quot;,&quot;columns_tablet&quot;:2,&quot;columns_mobile&quot;:1,&quot;gap&quot;:{&quot;unit&quot;:&quot;px&quot;,&quot;size&quot;:10,&quot;sizes&quot;:[]},&quot;gap_tablet&quot;:{&quot;unit&quot;:&quot;px&quot;,&quot;size&quot;:10,&quot;sizes&quot;:[]},&quot;gap_mobile&quot;:{&quot;unit&quot;:&quot;px&quot;,&quot;size&quot;:10,&quot;sizes&quot;:[]},&quot;link_to&quot;:&quot;file&quot;,&quot;aspect_ratio&quot;:&quot;3:2&quot;,&quot;overlay_background&quot;:&quot;yes&quot;,&quot;content_hover_animation&quot;:&quot;fade-in&quot;}\" data-widget_type=\"gallery.default\">\n\t\t\t\t<div class=\"elementor-widget-container\">\n\t\t\t\t\t\t\t<div class=\"elementor-gallery__container\">\n\t\t\t\t\t\t\t<a class=\"e-gallery-item elementor-gallery-item elementor-animated-content\" href=\"https:\/\/etecnic.bisiestodeveloper.es\/wp-content\/uploads\/2026\/07\/WhatsApp-Image-2026-03-30-at-12.08.26-scaled-1.jpeg\" data-elementor-open-lightbox=\"yes\" data-elementor-lightbox-slideshow=\"764e5d4\" data-elementor-lightbox-title=\"WhatsApp-Image-2026-03-30-at-12.08.26-scaled\" data-e-action-hash=\"#elementor-action%3Aaction%3Dlightbox%26settings%3DeyJpZCI6MzQ2NDcsInVybCI6Imh0dHBzOlwvXC9ldGVjbmljLmJpc2llc3RvZGV2ZWxvcGVyLmVzXC93cC1jb250ZW50XC91cGxvYWRzXC8yMDI2XC8wN1wvV2hhdHNBcHAtSW1hZ2UtMjAyNi0wMy0zMC1hdC0xMi4wOC4yNi1zY2FsZWQtMS5qcGVnIiwic2xpZGVzaG93IjoiNzY0ZTVkNCJ9\">\n\t\t\t\t\t<div class=\"e-gallery-image elementor-gallery-item__image\" data-thumbnail=\"https:\/\/etecnic.bisiestodeveloper.es\/wp-content\/uploads\/2026\/07\/WhatsApp-Image-2026-03-30-at-12.08.26-scaled-1-700x525.jpeg\" data-width=\"700\" data-height=\"525\" aria-label=\"\" role=\"img\" ><\/div>\n\t\t\t\t\t\t\t\t\t\t\t<div class=\"elementor-gallery-item__overlay\"><\/div>\n\t\t\t\t\t\t\t\t\t\t\t\t\t\t<\/a>\n\t\t\t\t\t\t\t<a class=\"e-gallery-item elementor-gallery-item elementor-animated-content\" href=\"https:\/\/etecnic.bisiestodeveloper.es\/wp-content\/uploads\/2026\/07\/image00006.jpeg\" data-elementor-open-lightbox=\"yes\" data-elementor-lightbox-slideshow=\"764e5d4\" data-elementor-lightbox-title=\"Screenshot\" data-e-action-hash=\"#elementor-action%3Aaction%3Dlightbox%26settings%3DeyJpZCI6MzQ2NDgsInVybCI6Imh0dHBzOlwvXC9ldGVjbmljLmJpc2llc3RvZGV2ZWxvcGVyLmVzXC93cC1jb250ZW50XC91cGxvYWRzXC8yMDI2XC8wN1wvaW1hZ2UwMDAwNi5qcGVnIiwic2xpZGVzaG93IjoiNzY0ZTVkNCJ9\">\n\t\t\t\t\t<div class=\"e-gallery-image elementor-gallery-item__image\" data-thumbnail=\"https:\/\/etecnic.bisiestodeveloper.es\/wp-content\/uploads\/2026\/07\/image00006-700x525.jpeg\" data-width=\"700\" data-height=\"525\" aria-label=\"\" role=\"img\" ><\/div>\n\t\t\t\t\t\t\t\t\t\t\t<div class=\"elementor-gallery-item__overlay\"><\/div>\n\t\t\t\t\t\t\t\t\t\t\t\t\t\t<\/a>\n\t\t\t\t\t\t\t<a class=\"e-gallery-item elementor-gallery-item elementor-animated-content\" href=\"https:\/\/etecnic.bisiestodeveloper.es\/wp-content\/uploads\/2026\/07\/image00004-1.jpeg\" data-elementor-open-lightbox=\"yes\" data-elementor-lightbox-slideshow=\"764e5d4\" data-elementor-lightbox-title=\"Screenshot\" data-e-action-hash=\"#elementor-action%3Aaction%3Dlightbox%26settings%3DeyJpZCI6MzQ2NDksInVybCI6Imh0dHBzOlwvXC9ldGVjbmljLmJpc2llc3RvZGV2ZWxvcGVyLmVzXC93cC1jb250ZW50XC91cGxvYWRzXC8yMDI2XC8wN1wvaW1hZ2UwMDAwNC0xLmpwZWciLCJzbGlkZXNob3ciOiI3NjRlNWQ0In0%3D\">\n\t\t\t\t\t<div class=\"e-gallery-image elementor-gallery-item__image\" data-thumbnail=\"https:\/\/etecnic.bisiestodeveloper.es\/wp-content\/uploads\/2026\/07\/image00004-1-700x525.jpeg\" data-width=\"700\" data-height=\"525\" aria-label=\"\" role=\"img\" ><\/div>\n\t\t\t\t\t\t\t\t\t\t\t<div class=\"elementor-gallery-item__overlay\"><\/div>\n\t\t\t\t\t\t\t\t\t\t\t\t\t\t<\/a>\n\t\t\t\t\t\t\t<a class=\"e-gallery-item elementor-gallery-item elementor-animated-content\" href=\"https:\/\/etecnic.bisiestodeveloper.es\/wp-content\/uploads\/2026\/07\/image00001-2.jpeg\" data-elementor-open-lightbox=\"yes\" data-elementor-lightbox-slideshow=\"764e5d4\" data-elementor-lightbox-title=\"Screenshot\" data-e-action-hash=\"#elementor-action%3Aaction%3Dlightbox%26settings%3DeyJpZCI6MzQ2NTAsInVybCI6Imh0dHBzOlwvXC9ldGVjbmljLmJpc2llc3RvZGV2ZWxvcGVyLmVzXC93cC1jb250ZW50XC91cGxvYWRzXC8yMDI2XC8wN1wvaW1hZ2UwMDAwMS0yLmpwZWciLCJzbGlkZXNob3ciOiI3NjRlNWQ0In0%3D\">\n\t\t\t\t\t<div class=\"e-gallery-image elementor-gallery-item__image\" data-thumbnail=\"https:\/\/etecnic.bisiestodeveloper.es\/wp-content\/uploads\/2026\/07\/image00001-2-700x525.jpeg\" data-width=\"700\" data-height=\"525\" aria-label=\"\" role=\"img\" ><\/div>\n\t\t\t\t\t\t\t\t\t\t\t<div class=\"elementor-gallery-item__overlay\"><\/div>\n\t\t\t\t\t\t\t\t\t\t\t\t\t\t<\/a>\n\t\t\t\t\t\t\t<a class=\"e-gallery-item elementor-gallery-item elementor-animated-content\" href=\"https:\/\/etecnic.bisiestodeveloper.es\/wp-content\/uploads\/2026\/07\/image00002-1.jpeg\" data-elementor-open-lightbox=\"yes\" data-elementor-lightbox-slideshow=\"764e5d4\" data-elementor-lightbox-title=\"Screenshot\" data-e-action-hash=\"#elementor-action%3Aaction%3Dlightbox%26settings%3DeyJpZCI6MzQ2NTEsInVybCI6Imh0dHBzOlwvXC9ldGVjbmljLmJpc2llc3RvZGV2ZWxvcGVyLmVzXC93cC1jb250ZW50XC91cGxvYWRzXC8yMDI2XC8wN1wvaW1hZ2UwMDAwMi0xLmpwZWciLCJzbGlkZXNob3ciOiI3NjRlNWQ0In0%3D\">\n\t\t\t\t\t<div class=\"e-gallery-image elementor-gallery-item__image\" data-thumbnail=\"https:\/\/etecnic.bisiestodeveloper.es\/wp-content\/uploads\/2026\/07\/image00002-1-700x525.jpeg\" data-width=\"700\" data-height=\"525\" aria-label=\"\" role=\"img\" ><\/div>\n\t\t\t\t\t\t\t\t\t\t\t<div class=\"elementor-gallery-item__overlay\"><\/div>\n\t\t\t\t\t\t\t\t\t\t\t\t\t\t<\/a>\n\t\t\t\t\t\t\t<a class=\"e-gallery-item elementor-gallery-item elementor-animated-content\" href=\"https:\/\/etecnic.bisiestodeveloper.es\/wp-content\/uploads\/2026\/07\/WhatsApp-Image-2026-03-30-at-11.04.36.jpeg\" data-elementor-open-lightbox=\"yes\" data-elementor-lightbox-slideshow=\"764e5d4\" data-elementor-lightbox-title=\"WhatsApp-Image-2026-03-30-at-11.04.36\" data-e-action-hash=\"#elementor-action%3Aaction%3Dlightbox%26settings%3DeyJpZCI6MzQ2NTIsInVybCI6Imh0dHBzOlwvXC9ldGVjbmljLmJpc2llc3RvZGV2ZWxvcGVyLmVzXC93cC1jb250ZW50XC91cGxvYWRzXC8yMDI2XC8wN1wvV2hhdHNBcHAtSW1hZ2UtMjAyNi0wMy0zMC1hdC0xMS4wNC4zNi5qcGVnIiwic2xpZGVzaG93IjoiNzY0ZTVkNCJ9\">\n\t\t\t\t\t<div class=\"e-gallery-image elementor-gallery-item__image\" data-thumbnail=\"https:\/\/etecnic.bisiestodeveloper.es\/wp-content\/uploads\/2026\/07\/WhatsApp-Image-2026-03-30-at-11.04.36-700x525.jpeg\" data-width=\"700\" data-height=\"525\" aria-label=\"\" role=\"img\" ><\/div>\n\t\t\t\t\t\t\t\t\t\t\t<div class=\"elementor-gallery-item__overlay\"><\/div>\n\t\t\t\t\t\t\t\t\t\t\t\t\t\t<\/a>\n\t\t\t\t\t<\/div>\n\t\t\t\t\t<\/div>\n\t\t\t\t<\/div>\n\t\t\t\t\t<\/div>\n\t\t\t\t<\/div>\n\t\t\t\t<\/div>\n\t\t","protected":false},"excerpt":{"rendered":"<p>Els dies 25 i 26 de mar\u00e7, FICOBA (Irun) va acollir una nova edici\u00f3 de MUBIL Mobility Expo, una de les trobades de refer\u00e8ncia en l&#8217;\u00e0mbit de la mobilitat sostenible. Etecnic hi va ser present per compartir la seva visi\u00f3 i seguir impulsant el desenvolupament de solucions innovadores en mobilitat el\u00e8ctrica. Etecnic, a primera l\u00ednia [&hellip;]<\/p>\n","protected":false},"author":4,"featured_media":34653,"comment_status":"closed","ping_status":"closed","sticky":false,"template":"","format":"standard","meta":{"footnotes":""},"categories":[633,640,635],"tags":[],"class_list":["post-34654","post","type-post","status-publish","format-standard","has-post-thumbnail","hentry","category-etecnic_cat","category-evcharge","category-sector"],"yoast_head":"<!-- This site is optimized with the Yoast SEO plugin v26.5 - https:\/\/yoast.com\/wordpress\/plugins\/seo\/ -->\n<title>Etecnic en MUBIL Mobility Expo | Mobilitat el\u00e8ctrica a Irun<\/title>\n<meta name=\"description\" content=\"Etecnic va participar en MUBIL Mobility Expo a Irun, presentant les seves solucions per a la gesti\u00f3 de xarxes de rec\u00e0rrega de vehicles el\u00e8ctrics.\" \/>\n<meta name=\"robots\" content=\"noindex, follow, max-snippet:-1, max-image-preview:large, max-video-preview:-1\" \/>\n<meta property=\"og:locale\" content=\"ca_ES\" \/>\n<meta property=\"og:type\" content=\"article\" \/>\n<meta property=\"og:title\" content=\"Etecnic en MUBIL Mobility Expo | Movilidad el\u00e9ctrica en Ir\u00fan\" \/>\n<meta property=\"og:description\" content=\"Etecnic va participar en MUBIL Mobility Expo a Irun, presentant les seves solucions per a la gesti\u00f3 de xarxes de rec\u00e0rrega de vehicles el\u00e8ctrics.\" \/>\n<meta property=\"og:url\" content=\"https:\/\/etecnic.bisiestodeveloper.es\/ca\/etecnic_cat\/etecnic-va-portar-les-seves-solucions-de-mobilitat-electrica-a-mubil-mobility-expo-2026\/\" \/>\n<meta property=\"og:site_name\" content=\"Etecnic\" \/>\n<meta property=\"article:published_time\" content=\"2026-07-20T10:12:18+00:00\" \/>\n<meta property=\"article:modified_time\" content=\"2026-09-03T08:38:40+00:00\" \/>\n<meta property=\"og:image\" content=\"https:\/\/etecnic.bisiestodeveloper.es\/wp-content\/uploads\/2026\/07\/Blog-MUBIL-2026-700x454.png\" \/>\n<meta name=\"author\" content=\"anna-etecnic\" \/>\n<meta name=\"twitter:card\" content=\"summary_large_image\" \/>\n<meta name=\"twitter:label1\" content=\"Escrit per\" \/>\n\t<meta name=\"twitter:data1\" content=\"anna-etecnic\" \/>\n\t<meta name=\"twitter:label2\" content=\"Temps estimat de lectura\" \/>\n\t<meta name=\"twitter:data2\" content=\"3 minuts\" \/>\n<script type=\"application\/ld+json\" class=\"yoast-schema-graph\">{\"@context\":\"https:\/\/schema.org\",\"@graph\":[{\"@type\":\"Article\",\"@id\":\"https:\/\/etecnic.bisiestodeveloper.es\/ca\/etecnic_cat\/etecnic-va-portar-les-seves-solucions-de-mobilitat-electrica-a-mubil-mobility-expo-2026\/#article\",\"isPartOf\":{\"@id\":\"https:\/\/etecnic.bisiestodeveloper.es\/ca\/etecnic_cat\/etecnic-va-portar-les-seves-solucions-de-mobilitat-electrica-a-mubil-mobility-expo-2026\/\"},\"author\":{\"name\":\"anna-etecnic\",\"@id\":\"https:\/\/etecnic.bisiestodeveloper.es\/ca\/#\/schema\/person\/0da7a3465710726a5fa6d735b8a7e686\"},\"headline\":\"Etecnic va portar les seves solucions de mobilitat el\u00e8ctrica a MUBIL Mobility Expo 2026\",\"datePublished\":\"2026-07-20T10:12:18+00:00\",\"dateModified\":\"2026-09-03T08:38:40+00:00\",\"mainEntityOfPage\":{\"@id\":\"https:\/\/etecnic.bisiestodeveloper.es\/ca\/etecnic_cat\/etecnic-va-portar-les-seves-solucions-de-mobilitat-electrica-a-mubil-mobility-expo-2026\/\"},\"wordCount\":655,\"publisher\":{\"@id\":\"https:\/\/etecnic.bisiestodeveloper.es\/ca\/#organization\"},\"image\":{\"@id\":\"https:\/\/etecnic.bisiestodeveloper.es\/ca\/etecnic_cat\/etecnic-va-portar-les-seves-solucions-de-mobilitat-electrica-a-mubil-mobility-expo-2026\/#primaryimage\"},\"thumbnailUrl\":\"https:\/\/etecnic.bisiestodeveloper.es\/wp-content\/uploads\/2026\/07\/Blog-MUBIL-2026.png\",\"articleSection\":[\"Etecnic\",\"EVcharge\",\"Sector\"],\"inLanguage\":\"ca\"},{\"@type\":\"WebPage\",\"@id\":\"https:\/\/etecnic.bisiestodeveloper.es\/ca\/etecnic_cat\/etecnic-va-portar-les-seves-solucions-de-mobilitat-electrica-a-mubil-mobility-expo-2026\/\",\"url\":\"https:\/\/etecnic.bisiestodeveloper.es\/ca\/etecnic_cat\/etecnic-va-portar-les-seves-solucions-de-mobilitat-electrica-a-mubil-mobility-expo-2026\/\",\"name\":\"Etecnic en MUBIL Mobility Expo | Mobilitat el\u00e8ctrica a Irun\",\"isPartOf\":{\"@id\":\"https:\/\/etecnic.bisiestodeveloper.es\/ca\/#website\"},\"primaryImageOfPage\":{\"@id\":\"https:\/\/etecnic.bisiestodeveloper.es\/ca\/etecnic_cat\/etecnic-va-portar-les-seves-solucions-de-mobilitat-electrica-a-mubil-mobility-expo-2026\/#primaryimage\"},\"image\":{\"@id\":\"https:\/\/etecnic.bisiestodeveloper.es\/ca\/etecnic_cat\/etecnic-va-portar-les-seves-solucions-de-mobilitat-electrica-a-mubil-mobility-expo-2026\/#primaryimage\"},\"thumbnailUrl\":\"https:\/\/etecnic.bisiestodeveloper.es\/wp-content\/uploads\/2026\/07\/Blog-MUBIL-2026.png\",\"datePublished\":\"2026-07-20T10:12:18+00:00\",\"dateModified\":\"2026-09-03T08:38:40+00:00\",\"description\":\"Etecnic va participar en MUBIL Mobility Expo a Irun, presentant les seves solucions per a la gesti\u00f3 de xarxes de rec\u00e0rrega de vehicles el\u00e8ctrics.\",\"breadcrumb\":{\"@id\":\"https:\/\/etecnic.bisiestodeveloper.es\/ca\/etecnic_cat\/etecnic-va-portar-les-seves-solucions-de-mobilitat-electrica-a-mubil-mobility-expo-2026\/#breadcrumb\"},\"inLanguage\":\"ca\",\"potentialAction\":[{\"@type\":\"ReadAction\",\"target\":[\"https:\/\/etecnic.bisiestodeveloper.es\/ca\/etecnic_cat\/etecnic-va-portar-les-seves-solucions-de-mobilitat-electrica-a-mubil-mobility-expo-2026\/\"]}]},{\"@type\":\"ImageObject\",\"inLanguage\":\"ca\",\"@id\":\"https:\/\/etecnic.bisiestodeveloper.es\/ca\/etecnic_cat\/etecnic-va-portar-les-seves-solucions-de-mobilitat-electrica-a-mubil-mobility-expo-2026\/#primaryimage\",\"url\":\"https:\/\/etecnic.bisiestodeveloper.es\/wp-content\/uploads\/2026\/07\/Blog-MUBIL-2026.png\",\"contentUrl\":\"https:\/\/etecnic.bisiestodeveloper.es\/wp-content\/uploads\/2026\/07\/Blog-MUBIL-2026.png\",\"width\":2220,\"height\":1440},{\"@type\":\"BreadcrumbList\",\"@id\":\"https:\/\/etecnic.bisiestodeveloper.es\/ca\/etecnic_cat\/etecnic-va-portar-les-seves-solucions-de-mobilitat-electrica-a-mubil-mobility-expo-2026\/#breadcrumb\",\"itemListElement\":[{\"@type\":\"ListItem\",\"position\":1,\"name\":\"Portada\",\"item\":\"https:\/\/etecnic.bisiestodeveloper.es\/ca\/\"},{\"@type\":\"ListItem\",\"position\":2,\"name\":\"Etecnic va portar les seves solucions de mobilitat el\u00e8ctrica a MUBIL Mobility Expo 2026\"}]},{\"@type\":\"WebSite\",\"@id\":\"https:\/\/etecnic.bisiestodeveloper.es\/ca\/#website\",\"url\":\"https:\/\/etecnic.bisiestodeveloper.es\/ca\/\",\"name\":\"Etecnic\",\"description\":\"\",\"publisher\":{\"@id\":\"https:\/\/etecnic.bisiestodeveloper.es\/ca\/#organization\"},\"potentialAction\":[{\"@type\":\"SearchAction\",\"target\":{\"@type\":\"EntryPoint\",\"urlTemplate\":\"https:\/\/etecnic.bisiestodeveloper.es\/ca\/?s={search_term_string}\"},\"query-input\":{\"@type\":\"PropertyValueSpecification\",\"valueRequired\":true,\"valueName\":\"search_term_string\"}}],\"inLanguage\":\"ca\"},{\"@type\":\"Organization\",\"@id\":\"https:\/\/etecnic.bisiestodeveloper.es\/ca\/#organization\",\"name\":\"Etecnic\",\"url\":\"https:\/\/etecnic.bisiestodeveloper.es\/ca\/\",\"logo\":{\"@type\":\"ImageObject\",\"inLanguage\":\"ca\",\"@id\":\"https:\/\/etecnic.bisiestodeveloper.es\/ca\/#\/schema\/logo\/image\/\",\"url\":\"https:\/\/etecnic.bisiestodeveloper.es\/wp-content\/uploads\/2025\/06\/logo-etecnic-blanco.png\",\"contentUrl\":\"https:\/\/etecnic.bisiestodeveloper.es\/wp-content\/uploads\/2025\/06\/logo-etecnic-blanco.png\",\"width\":1000,\"height\":500,\"caption\":\"Etecnic\"},\"image\":{\"@id\":\"https:\/\/etecnic.bisiestodeveloper.es\/ca\/#\/schema\/logo\/image\/\"}},{\"@type\":\"Person\",\"@id\":\"https:\/\/etecnic.bisiestodeveloper.es\/ca\/#\/schema\/person\/0da7a3465710726a5fa6d735b8a7e686\",\"name\":\"anna-etecnic\",\"url\":\"https:\/\/etecnic.bisiestodeveloper.es\/ca\/author\/anna-etecnic\/\"}]}<\/script>\n<!-- \/ Yoast SEO plugin. -->","yoast_head_json":{"title":"Etecnic en MUBIL Mobility Expo | Mobilitat el\u00e8ctrica a Irun","description":"Etecnic va participar en MUBIL Mobility Expo a Irun, presentant les seves solucions per a la gesti\u00f3 de xarxes de rec\u00e0rrega de vehicles el\u00e8ctrics.","robots":{"index":"noindex","follow":"follow","max-snippet":"max-snippet:-1","max-image-preview":"max-image-preview:large","max-video-preview":"max-video-preview:-1"},"og_locale":"ca_ES","og_type":"article","og_title":"Etecnic en MUBIL Mobility Expo | Movilidad el\u00e9ctrica en Ir\u00fan","og_description":"Etecnic va participar en MUBIL Mobility Expo a Irun, presentant les seves solucions per a la gesti\u00f3 de xarxes de rec\u00e0rrega de vehicles el\u00e8ctrics.","og_url":"https:\/\/etecnic.bisiestodeveloper.es\/ca\/etecnic_cat\/etecnic-va-portar-les-seves-solucions-de-mobilitat-electrica-a-mubil-mobility-expo-2026\/","og_site_name":"Etecnic","article_published_time":"2026-07-20T10:12:18+00:00","article_modified_time":"2026-09-03T08:38:40+00:00","og_image":[{"url":"https:\/\/etecnic.bisiestodeveloper.es\/wp-content\/uploads\/2026\/07\/Blog-MUBIL-2026-700x454.png","type":"","width":"","height":""}],"author":"anna-etecnic","twitter_card":"summary_large_image","twitter_misc":{"Escrit per":"anna-etecnic","Temps estimat de lectura":"3 minuts"},"schema":{"@context":"https:\/\/schema.org","@graph":[{"@type":"Article","@id":"https:\/\/etecnic.bisiestodeveloper.es\/ca\/etecnic_cat\/etecnic-va-portar-les-seves-solucions-de-mobilitat-electrica-a-mubil-mobility-expo-2026\/#article","isPartOf":{"@id":"https:\/\/etecnic.bisiestodeveloper.es\/ca\/etecnic_cat\/etecnic-va-portar-les-seves-solucions-de-mobilitat-electrica-a-mubil-mobility-expo-2026\/"},"author":{"name":"anna-etecnic","@id":"https:\/\/etecnic.bisiestodeveloper.es\/ca\/#\/schema\/person\/0da7a3465710726a5fa6d735b8a7e686"},"headline":"Etecnic va portar les seves solucions de mobilitat el\u00e8ctrica a MUBIL Mobility Expo 2026","datePublished":"2026-07-20T10:12:18+00:00","dateModified":"2026-09-03T08:38:40+00:00","mainEntityOfPage":{"@id":"https:\/\/etecnic.bisiestodeveloper.es\/ca\/etecnic_cat\/etecnic-va-portar-les-seves-solucions-de-mobilitat-electrica-a-mubil-mobility-expo-2026\/"},"wordCount":655,"publisher":{"@id":"https:\/\/etecnic.bisiestodeveloper.es\/ca\/#organization"},"image":{"@id":"https:\/\/etecnic.bisiestodeveloper.es\/ca\/etecnic_cat\/etecnic-va-portar-les-seves-solucions-de-mobilitat-electrica-a-mubil-mobility-expo-2026\/#primaryimage"},"thumbnailUrl":"https:\/\/etecnic.bisiestodeveloper.es\/wp-content\/uploads\/2026\/07\/Blog-MUBIL-2026.png","articleSection":["Etecnic","EVcharge","Sector"],"inLanguage":"ca"},{"@type":"WebPage","@id":"https:\/\/etecnic.bisiestodeveloper.es\/ca\/etecnic_cat\/etecnic-va-portar-les-seves-solucions-de-mobilitat-electrica-a-mubil-mobility-expo-2026\/","url":"https:\/\/etecnic.bisiestodeveloper.es\/ca\/etecnic_cat\/etecnic-va-portar-les-seves-solucions-de-mobilitat-electrica-a-mubil-mobility-expo-2026\/","name":"Etecnic en MUBIL Mobility Expo | Mobilitat el\u00e8ctrica a Irun","isPartOf":{"@id":"https:\/\/etecnic.bisiestodeveloper.es\/ca\/#website"},"primaryImageOfPage":{"@id":"https:\/\/etecnic.bisiestodeveloper.es\/ca\/etecnic_cat\/etecnic-va-portar-les-seves-solucions-de-mobilitat-electrica-a-mubil-mobility-expo-2026\/#primaryimage"},"image":{"@id":"https:\/\/etecnic.bisiestodeveloper.es\/ca\/etecnic_cat\/etecnic-va-portar-les-seves-solucions-de-mobilitat-electrica-a-mubil-mobility-expo-2026\/#primaryimage"},"thumbnailUrl":"https:\/\/etecnic.bisiestodeveloper.es\/wp-content\/uploads\/2026\/07\/Blog-MUBIL-2026.png","datePublished":"2026-07-20T10:12:18+00:00","dateModified":"2026-09-03T08:38:40+00:00","description":"Etecnic va participar en MUBIL Mobility Expo a Irun, presentant les seves solucions per a la gesti\u00f3 de xarxes de rec\u00e0rrega de vehicles el\u00e8ctrics.","breadcrumb":{"@id":"https:\/\/etecnic.bisiestodeveloper.es\/ca\/etecnic_cat\/etecnic-va-portar-les-seves-solucions-de-mobilitat-electrica-a-mubil-mobility-expo-2026\/#breadcrumb"},"inLanguage":"ca","potentialAction":[{"@type":"ReadAction","target":["https:\/\/etecnic.bisiestodeveloper.es\/ca\/etecnic_cat\/etecnic-va-portar-les-seves-solucions-de-mobilitat-electrica-a-mubil-mobility-expo-2026\/"]}]},{"@type":"ImageObject","inLanguage":"ca","@id":"https:\/\/etecnic.bisiestodeveloper.es\/ca\/etecnic_cat\/etecnic-va-portar-les-seves-solucions-de-mobilitat-electrica-a-mubil-mobility-expo-2026\/#primaryimage","url":"https:\/\/etecnic.bisiestodeveloper.es\/wp-content\/uploads\/2026\/07\/Blog-MUBIL-2026.png","contentUrl":"https:\/\/etecnic.bisiestodeveloper.es\/wp-content\/uploads\/2026\/07\/Blog-MUBIL-2026.png","width":2220,"height":1440},{"@type":"BreadcrumbList","@id":"https:\/\/etecnic.bisiestodeveloper.es\/ca\/etecnic_cat\/etecnic-va-portar-les-seves-solucions-de-mobilitat-electrica-a-mubil-mobility-expo-2026\/#breadcrumb","itemListElement":[{"@type":"ListItem","position":1,"name":"Portada","item":"https:\/\/etecnic.bisiestodeveloper.es\/ca\/"},{"@type":"ListItem","position":2,"name":"Etecnic va portar les seves solucions de mobilitat el\u00e8ctrica a MUBIL Mobility Expo 2026"}]},{"@type":"WebSite","@id":"https:\/\/etecnic.bisiestodeveloper.es\/ca\/#website","url":"https:\/\/etecnic.bisiestodeveloper.es\/ca\/","name":"Etecnic","description":"","publisher":{"@id":"https:\/\/etecnic.bisiestodeveloper.es\/ca\/#organization"},"potentialAction":[{"@type":"SearchAction","target":{"@type":"EntryPoint","urlTemplate":"https:\/\/etecnic.bisiestodeveloper.es\/ca\/?s={search_term_string}"},"query-input":{"@type":"PropertyValueSpecification","valueRequired":true,"valueName":"search_term_string"}}],"inLanguage":"ca"},{"@type":"Organization","@id":"https:\/\/etecnic.bisiestodeveloper.es\/ca\/#organization","name":"Etecnic","url":"https:\/\/etecnic.bisiestodeveloper.es\/ca\/","logo":{"@type":"ImageObject","inLanguage":"ca","@id":"https:\/\/etecnic.bisiestodeveloper.es\/ca\/#\/schema\/logo\/image\/","url":"https:\/\/etecnic.bisiestodeveloper.es\/wp-content\/uploads\/2025\/06\/logo-etecnic-blanco.png","contentUrl":"https:\/\/etecnic.bisiestodeveloper.es\/wp-content\/uploads\/2025\/06\/logo-etecnic-blanco.png","width":1000,"height":500,"caption":"Etecnic"},"image":{"@id":"https:\/\/etecnic.bisiestodeveloper.es\/ca\/#\/schema\/logo\/image\/"}},{"@type":"Person","@id":"https:\/\/etecnic.bisiestodeveloper.es\/ca\/#\/schema\/person\/0da7a3465710726a5fa6d735b8a7e686","name":"anna-etecnic","url":"https:\/\/etecnic.bisiestodeveloper.es\/ca\/author\/anna-etecnic\/"}]}},"_links":{"self":[{"href":"https:\/\/etecnic.bisiestodeveloper.es\/ca\/wp-json\/wp\/v2\/posts\/34654","targetHints":{"allow":["GET"]}}],"collection":[{"href":"https:\/\/etecnic.bisiestodeveloper.es\/ca\/wp-json\/wp\/v2\/posts"}],"about":[{"href":"https:\/\/etecnic.bisiestodeveloper.es\/ca\/wp-json\/wp\/v2\/types\/post"}],"author":[{"embeddable":true,"href":"https:\/\/etecnic.bisiestodeveloper.es\/ca\/wp-json\/wp\/v2\/users\/4"}],"replies":[{"embeddable":true,"href":"https:\/\/etecnic.bisiestodeveloper.es\/ca\/wp-json\/wp\/v2\/comments?post=34654"}],"version-history":[{"count":2,"href":"https:\/\/etecnic.bisiestodeveloper.es\/ca\/wp-json\/wp\/v2\/posts\/34654\/revisions"}],"predecessor-version":[{"id":38572,"href":"https:\/\/etecnic.bisiestodeveloper.es\/ca\/wp-json\/wp\/v2\/posts\/34654\/revisions\/38572"}],"wp:featuredmedia":[{"embeddable":true,"href":"https:\/\/etecnic.bisiestodeveloper.es\/ca\/wp-json\/wp\/v2\/media\/34653"}],"wp:attachment":[{"href":"https:\/\/etecnic.bisiestodeveloper.es\/ca\/wp-json\/wp\/v2\/media?parent=34654"}],"wp:term":[{"taxonomy":"category","embeddable":true,"href":"https:\/\/etecnic.bisiestodeveloper.es\/ca\/wp-json\/wp\/v2\/categories?post=34654"},{"taxonomy":"post_tag","embeddable":true,"href":"https:\/\/etecnic.bisiestodeveloper.es\/ca\/wp-json\/wp\/v2\/tags?post=34654"}],"curies":[{"name":"wp","href":"https:\/\/api.w.org\/{rel}","templated":true}]}}