{"id":34629,"date":"2026-07-20T10:11:30","date_gmt":"2026-07-20T10:11:30","guid":{"rendered":"https:\/\/etecnic.bisiestodeveloper.es\/?p=34629"},"modified":"2026-07-28T08:11:43","modified_gmt":"2026-07-28T08:11:43","slug":"etecnic-impulsa-la-innovacio-energetica-en-el-sector-ferroviari-amb-trenergy","status":"publish","type":"post","link":"https:\/\/etecnic.bisiestodeveloper.es\/ca\/esdeveniments\/etecnic-impulsa-la-innovacio-energetica-en-el-sector-ferroviari-amb-trenergy\/","title":{"rendered":"Etecnic impulsa la innovaci\u00f3 energ\u00e8tica en el sector ferroviari amb TRENERGY"},"content":{"rendered":"\t\t<div data-elementor-type=\"wp-post\" data-elementor-id=\"34629\" class=\"elementor elementor-34629 elementor-34622\" data-elementor-post-type=\"post\">\n\t\t\t\t<div class=\"elementor-element elementor-element-613ac041 e-flex e-con-boxed e-con e-parent\" data-id=\"613ac041\" data-element_type=\"container\" data-settings=\"{&quot;jet_parallax_layout_list&quot;:[]}\">\n\t\t\t\t\t<div class=\"e-con-inner\">\n\t\t\t\t<div class=\"elementor-element elementor-element-60bc20fc elementor-widget elementor-widget-text-editor\" data-id=\"60bc20fc\" data-element_type=\"widget\" data-widget_type=\"text-editor.default\">\n\t\t\t\t<div class=\"elementor-widget-container\">\n\t\t\t\t\t\t\t\t\t<div class=\"fusion-text fusion-text-4\">\n<div class=\"fusion-fullwidth fullwidth-box fusion-builder-row-2 fusion-flex-container nonhundred-percent-fullwidth non-hundred-percent-height-scrolling\">\n<div class=\"fusion-builder-row fusion-row fusion-flex-align-items-flex-start fusion-flex-content-wrap\">\n<div class=\"fusion-layout-column fusion_builder_column fusion-builder-column-1 fusion_builder_column_1_1 1_1 fusion-flex-column\">\n<div class=\"fusion-column-wrapper fusion-column-has-shadow fusion-flex-justify-content-flex-start fusion-content-layout-column\">\n<div class=\"fusion-text fusion-text-3\">\n<p>A Etecnic seguim ampliant el nostre abast en l&#8217;\u00e0mbit de la mobilitat sostenible, participant en projectes d&#8217;innovaci\u00f3 que ens permeten explorar noves aplicacions de la gesti\u00f3 energ\u00e8tica intel\u00b7ligent. En aquest context, formem part de <strong>TRENERGY \u2013 Automatitzaci\u00f3 en dip\u00f2sits ferroviaris per a una mobilitat sostenible i descarbonitzada<\/strong>, una iniciativa d&#8217;R+D desenvolupada juntament amb empreses l\u00edders del sector ferroviari, centres tecnol\u00f2gics i organismes de recerca.<\/p>\n<p>El projecte t\u00e9 com a objectiu avan\u00e7ar cap a un model d&#8217;operaci\u00f3 ferrovi\u00e0ria m\u00e9s eficient, digital i sostenible, contribuint a la descarbonitzaci\u00f3 del transport i a l&#8217;optimitzaci\u00f3 dels sistemes energ\u00e8tics associats a la mobilitat.<\/p>\n<p>TRENERGY s&#8217;emmarca dins del <a href=\"https:\/\/www.cdti.es\/ayudas\/misiones-ciencia-e-innovacion\"><strong>Programa Missions de Ci\u00e8ncia i Innovaci\u00f3<\/strong><\/a>, una de les principals iniciatives de suport a projectes estrat\u00e8gics d&#8217;R+D a Espanya.<\/p>\n<\/div>\n<p><\/div>\n<p><\/div>\n<p><\/div>\n<p><\/div>\n<p><\/div>\n<p><\/p>\n<div class=\"fusion-text fusion-text-2\" style=\"margin-top: 35px;\">\n<h3 class=\"fusion-responsive-typography-calculated\" data-fontsize=\"24\" data-lineheight=\"26.4px\"><b>Aplicant la intel\u00b7lig\u00e8ncia energ\u00e8tica a l&#8217;entorn ferroviari<\/b><\/h3>\n<p><\/div>\n<p><\/p>\n<div class=\"fusion-text fusion-text-4\">\n<div class=\"fusion-fullwidth fullwidth-box fusion-builder-row-2 fusion-flex-container nonhundred-percent-fullwidth non-hundred-percent-height-scrolling\">\n<div class=\"fusion-builder-row fusion-row fusion-flex-align-items-flex-start fusion-flex-content-wrap\">\n<div class=\"fusion-layout-column fusion_builder_column fusion-builder-column-1 fusion_builder_column_1_1 1_1 fusion-flex-column\">\n<div class=\"fusion-column-wrapper fusion-column-has-shadow fusion-flex-justify-content-flex-start fusion-content-layout-column\">\n<div class=\"fusion-text fusion-text-3\">\n<p>La transici\u00f3 energ\u00e8tica no nom\u00e9s impacta en la mobilitat el\u00e8ctrica per carretera, sin\u00f3 tamb\u00e9 en sectors clau com el ferroviari. En aquest context, la gesti\u00f3 eficient de l&#8217;energia es converteix en un element cr\u00edtic per millorar l&#8217;operativa de les infraestructures.<\/p>\n<p>Dins del projecte, <strong>Etecnic<\/strong> lidera les l\u00ednies de treball relacionades amb la <strong>gesti\u00f3 energ\u00e8tica avan\u00e7ada en dip\u00f2sits ferroviaris<\/strong>, traslladant la seva experi\u00e8ncia en el desenvolupament i operaci\u00f3 d&#8217;infraestructures el\u00e8ctriques i sistemes de gesti\u00f3 intel\u00b7ligent.<\/p>\n<p>El treball se centra a analitzar noves aproximacions tecnol\u00f2giques que permetin:<\/p>\n<ul style=\"margin-bottom: 20px; padding-left: 20px;\">\n<li style=\"margin-bottom: 8px;\">Optimitzar l&#8217;\u00fas de l&#8217;energia en infraestructures de transport.<\/li>\n<li style=\"margin-bottom: 8px;\">Integrar diferents fonts energ\u00e8tiques en un mateix entorn operatiu.<\/li>\n<li style=\"margin-bottom: 8px;\">Planificar de forma intel\u00b7ligent els processos de rec\u00e0rrega.<\/li>\n<li style=\"margin-bottom: 8px;\">Millorar l&#8217;efici\u00e8ncia operativa de les instal\u00b7lacions.<\/li>\n<\/ul>\n<p>Aquestes l\u00ednies de recerca estableixen les bases per a infraestructures ferrovi\u00e0ries m\u00e9s eficients, resilients i preparades per als reptes de la transici\u00f3 energ\u00e8tica.<\/p>\n<\/div>\n<p><\/div>\n<p><\/div>\n<p><\/div>\n<p><\/div>\n<p><\/div>\n<p><\/p>\n<div class=\"fusion-text fusion-text-2\" style=\"margin-top: 35px;\">\n<h3 class=\"fusion-responsive-typography-calculated\" data-fontsize=\"24\" data-lineheight=\"26.4px\"><b>Noves eines digitals per a un sistema ferroviari m\u00e9s intel\u00b7ligent<\/b><\/h3>\n<p><\/div>\n<p><\/p>\n<div class=\"fusion-text fusion-text-4\">\n<div class=\"fusion-fullwidth fullwidth-box fusion-builder-row-2 fusion-flex-container nonhundred-percent-fullwidth non-hundred-percent-height-scrolling\">\n<div class=\"fusion-builder-row fusion-row fusion-flex-align-items-flex-start fusion-flex-content-wrap\">\n<div class=\"fusion-layout-column fusion_builder_column fusion-builder-column-1 fusion_builder_column_1_1 1_1 fusion-flex-column\">\n<div class=\"fusion-column-wrapper fusion-column-has-shadow fusion-flex-justify-content-flex-start fusion-content-layout-column\">\n<div class=\"fusion-text fusion-text-3\">\n<p>A m\u00e9s de la gesti\u00f3 energ\u00e8tica, el projecte explora l&#8217;\u00fas de tecnologies digitals avan\u00e7ades per millorar la planificaci\u00f3, validaci\u00f3 i desplegament de solucions en l&#8217;entorn ferroviari.<\/p>\n<p>Una de les claus del projecte \u00e9s el desenvolupament d&#8217;<strong>entorns virtuals de validaci\u00f3<\/strong>, que permeten provar i avaluar noves tecnologies abans de la seva implementaci\u00f3 en entorns reals. Aquest enfocament facilita la presa de decisions, redueix riscos i accelera la incorporaci\u00f3 d&#8217;innovaci\u00f3 en l&#8217;operativa di\u00e0ria.<\/p>\n<p>Gr\u00e0cies a aix\u00f2, s&#8217;avan\u00e7a cap a sistemes ferroviaris m\u00e9s intel\u00b7ligents, segurs i sostenibles, capa\u00e7os d&#8217;adaptar-se a un entorn cada vegada m\u00e9s exigent en termes d&#8217;efici\u00e8ncia i descarbonitzaci\u00f3.<\/p>\n<\/div>\n<p><\/div>\n<p><\/div>\n<p><\/div>\n<p><\/div>\n<p><\/div>\n<p><\/p>\n<div class=\"fusion-text fusion-text-2\" style=\"margin-top: 35px;\">\n<h3 class=\"fusion-responsive-typography-calculated\" data-fontsize=\"24\" data-lineheight=\"26.4px\"><b>Innovaci\u00f3 en col\u00b7laboraci\u00f3 amb l&#8217;ecosistema tecnol\u00f2gic<\/b><\/h3>\n<p><\/div>\n<p><\/p>\n<div class=\"fusion-text fusion-text-4\">\n<div class=\"fusion-fullwidth fullwidth-box fusion-builder-row-2 fusion-flex-container nonhundred-percent-fullwidth non-hundred-percent-height-scrolling\">\n<div class=\"fusion-builder-row fusion-row fusion-flex-align-items-flex-start fusion-flex-content-wrap\">\n<div class=\"fusion-layout-column fusion_builder_column fusion-builder-column-1 fusion_builder_column_1_1 1_1 fusion-flex-column\">\n<div class=\"fusion-column-wrapper fusion-column-has-shadow fusion-flex-justify-content-flex-start fusion-content-layout-column\">\n<div class=\"fusion-text fusion-text-3\">\n<p><strong>TRENERGY<\/strong> es desenvolupa en el marc d&#8217;un consorci format per empreses tecnol\u00f2giques i ferrovi\u00e0ries de refer\u00e8ncia, juntament amb centres tecnol\u00f2gics i universitats especialitzades.<\/p>\n<p>Aquest ecosistema d&#8217;innovaci\u00f3 permet abordar els reptes del sector des d&#8217;una perspectiva multidisciplin\u00e0ria, combinant coneixement industrial, recerca aplicada i desenvolupament tecnol\u00f2gic per generar solucions reals amb impacte al mercat.<\/p>\n<\/div>\n<p><\/div>\n<p><\/div>\n<p><\/div>\n<p><\/div>\n<p><\/div>\n<p><\/p>\n<div class=\"fusion-text fusion-text-2\" style=\"margin-top: 35px;\">\n<h3 class=\"fusion-responsive-typography-calculated\" data-fontsize=\"24\" data-lineheight=\"26.4px\"><b>Comprom\u00eds amb la mobilitat sostenible<\/b><\/h3>\n<p><\/div>\n<p><\/p>\n<div class=\"fusion-text fusion-text-4\">\n<div class=\"fusion-fullwidth fullwidth-box fusion-builder-row-2 fusion-flex-container nonhundred-percent-fullwidth non-hundred-percent-height-scrolling\">\n<div class=\"fusion-builder-row fusion-row fusion-flex-align-items-flex-start fusion-flex-content-wrap\">\n<div class=\"fusion-layout-column fusion_builder_column fusion-builder-column-1 fusion_builder_column_1_1 1_1 fusion-flex-column\">\n<div class=\"fusion-column-wrapper fusion-column-has-shadow fusion-flex-justify-content-flex-start fusion-content-layout-column\">\n<div class=\"fusion-text fusion-text-3\">\n<p>La participaci\u00f3 d&#8217;<strong>Etecnic<\/strong> en aquest projecte refor\u00e7a la seva aposta per la innovaci\u00f3 aplicada a la gesti\u00f3 energ\u00e8tica i la mobilitat sostenible.<\/p>\n<p>A trav\u00e9s d&#8217;iniciatives d&#8217;R+D com <strong>TRENERGY<\/strong>, la companyia continua evolucionant les seves capacitats en digitalitzaci\u00f3 energ\u00e8tica, optimitzaci\u00f3 d&#8217;infraestructures i desenvolupament de tecnologies que contribueixin a una mobilitat m\u00e9s eficient, connectada i descarbonitzada.<\/p>\n<\/div>\n<p><\/div>\n<p><\/div>\n<p><\/div>\n<p><\/div>\n<p><\/div>\n<p><\/p>\n<div class=\"fusion-text fusion-text-2\" style=\"margin-top: 40px;\">\n<h3 class=\"fusion-responsive-typography-calculated\" data-fontsize=\"24\" data-lineheight=\"26.4px\"><b>Informaci\u00f3 sobre el finan\u00e7ament<\/b><\/h3>\n<p><\/div>\n<p><\/p>\n<div class=\"fusion-text fusion-text-4\">\n<div class=\"fusion-fullwidth fullwidth-box fusion-builder-row-2 fusion-flex-container nonhundred-percent-fullwidth non-hundred-percent-height-scrolling\">\n<div class=\"fusion-builder-row fusion-row fusion-flex-align-items-flex-start fusion-flex-content-wrap\">\n<div class=\"fusion-layout-column fusion_builder_column fusion-builder-column-1 fusion_builder_column_1_1 1_1 fusion-flex-column\">\n<div class=\"fusion-column-wrapper fusion-column-has-shadow fusion-flex-justify-content-flex-start fusion-content-layout-column\">\n<div class=\"fusion-text fusion-text-3\">\n<p><strong>ETECNIC MOVILIDAD ELECTRICA S.L.<\/strong> ha estat benefici\u00e0ria d&#8217;un ajut concedit pel <strong>Centre per al Desenvolupament Tecnol\u00f2gic i la Innovaci\u00f3 (CDTI)<\/strong> per a la realitzaci\u00f3 del projecte <strong>TRENERGY \u2013 Automatitzaci\u00f3 en dip\u00f2sits ferroviaris per a una mobilitat sostenible i descarbonitzada<\/strong>.<\/p>\n<p>Aquest projecte est\u00e0 subvencionat pel CDTI, amb el suport del <strong>Ministeri de Ci\u00e8ncia, Innovaci\u00f3 i Universitats<\/strong>.<\/p>\n<\/div>\n<p><\/div>\n<p><\/div>\n<p><\/div>\n<p><\/div>\n<p><\/div>\n\t\t\t\t\t\t\t\t<\/div>\n\t\t\t\t<\/div>\n\t\t\t\t\t<\/div>\n\t\t\t\t<\/div>\n\t\t<div class=\"elementor-element elementor-element-3a5bd76 e-flex e-con-boxed e-con e-parent\" data-id=\"3a5bd76\" data-element_type=\"container\" data-settings=\"{&quot;jet_parallax_layout_list&quot;:[]}\">\n\t\t\t\t\t<div class=\"e-con-inner\">\n\t\t\t\t<div class=\"elementor-element elementor-element-0ef0023 elementor-widget elementor-widget-image\" data-id=\"0ef0023\" data-element_type=\"widget\" data-widget_type=\"image.default\">\n\t\t\t\t<div class=\"elementor-widget-container\">\n\t\t\t\t\t\t\t\t\t\t\t\t\t\t\t<img fetchpriority=\"high\" decoding=\"async\" width=\"800\" height=\"99\" src=\"https:\/\/etecnic.bisiestodeveloper.es\/wp-content\/uploads\/2026\/07\/Captura-de-pantalla-2026-07-14-105713.png\" class=\"attachment-large size-large wp-image-34628\" alt=\"\" srcset=\"https:\/\/etecnic.bisiestodeveloper.es\/wp-content\/uploads\/2026\/07\/Captura-de-pantalla-2026-07-14-105713.png 1041w, https:\/\/etecnic.bisiestodeveloper.es\/wp-content\/uploads\/2026\/07\/Captura-de-pantalla-2026-07-14-105713-700x87.png 700w, https:\/\/etecnic.bisiestodeveloper.es\/wp-content\/uploads\/2026\/07\/Captura-de-pantalla-2026-07-14-105713-768x95.png 768w\" sizes=\"(max-width: 800px) 100vw, 800px\" \/>\t\t\t\t\t\t\t\t\t\t\t\t\t\t\t<\/div>\n\t\t\t\t<\/div>\n\t\t\t\t\t<\/div>\n\t\t\t\t<\/div>\n\t\t<div class=\"elementor-element elementor-element-e1751b9 e-flex e-con-boxed e-con e-parent\" data-id=\"e1751b9\" data-element_type=\"container\" data-settings=\"{&quot;jet_parallax_layout_list&quot;:[]}\">\n\t\t\t\t\t<div class=\"e-con-inner\">\n\t\t\t\t<div class=\"elementor-element elementor-element-ceb36fe elementor-widget elementor-widget-text-editor\" data-id=\"ceb36fe\" data-element_type=\"widget\" data-widget_type=\"text-editor.default\">\n\t\t\t\t<div class=\"elementor-widget-container\">\n\t\t\t\t\t\t\t\t\t<div class=\"fusion-text fusion-text-4\" style=\"margin-top: 25px;\">\n<div class=\"fusion-fullwidth fullwidth-box fusion-builder-row-2 fusion-flex-container nonhundred-percent-fullwidth non-hundred-percent-height-scrolling\">\n<div class=\"fusion-builder-row fusion-row fusion-flex-align-items-flex-start fusion-flex-content-wrap\">\n<div class=\"fusion-layout-column fusion_builder_column fusion-builder-column-1 fusion_builder_column_1_1 1_1 fusion-flex-column\">\n<div class=\"fusion-column-wrapper fusion-column-has-shadow fusion-flex-justify-content-flex-start fusion-content-layout-column\">\n<div class=\"fusion-text fusion-text-3\">\n<p style=\"font-size: 15px; margin: 0;\">Article elaborat per <strong>Mauro Da Silva<\/strong>, responsable del <strong>departament d&#8217;Innovaci\u00f3<\/strong>.<\/p>\n<\/div>\n<p><\/div>\n<p><\/div>\n<p><\/div>\n<p><\/div>\n<p><\/div>\n\t\t\t\t\t\t\t\t<\/div>\n\t\t\t\t<\/div>\n\t\t\t\t\t<\/div>\n\t\t\t\t<\/div>\n\t\t<div class=\"elementor-element elementor-element-e23e2b6 e-flex e-con-boxed e-con e-parent\" data-id=\"e23e2b6\" data-element_type=\"container\" data-settings=\"{&quot;jet_parallax_layout_list&quot;:[]}\">\n\t\t\t\t\t<div class=\"e-con-inner\">\n\t\t\t\t<div class=\"elementor-element elementor-element-b45c133 elementor-widget elementor-widget-image\" data-id=\"b45c133\" data-element_type=\"widget\" data-widget_type=\"image.default\">\n\t\t\t\t<div class=\"elementor-widget-container\">\n\t\t\t\t\t\t\t\t\t\t\t\t\t\t\t<img decoding=\"async\" width=\"800\" height=\"267\" src=\"https:\/\/etecnic.bisiestodeveloper.es\/wp-content\/uploads\/2026\/02\/banner-mapa-de-recarga-1400x467.jpg\" class=\"attachment-large size-large wp-image-33410\" alt=\"\" srcset=\"https:\/\/etecnic.bisiestodeveloper.es\/wp-content\/uploads\/2026\/02\/banner-mapa-de-recarga-1400x467.jpg 1400w, https:\/\/etecnic.bisiestodeveloper.es\/wp-content\/uploads\/2026\/02\/banner-mapa-de-recarga-700x233.jpg 700w, https:\/\/etecnic.bisiestodeveloper.es\/wp-content\/uploads\/2026\/02\/banner-mapa-de-recarga-768x256.jpg 768w, https:\/\/etecnic.bisiestodeveloper.es\/wp-content\/uploads\/2026\/02\/banner-mapa-de-recarga.jpg 1500w\" sizes=\"(max-width: 800px) 100vw, 800px\" \/>\t\t\t\t\t\t\t\t\t\t\t\t\t\t\t<\/div>\n\t\t\t\t<\/div>\n\t\t\t\t\t<\/div>\n\t\t\t\t<\/div>\n\t\t\t\t<\/div>\n\t\t","protected":false},"excerpt":{"rendered":"<p>A Etecnic seguim ampliant el nostre abast en l&#8217;\u00e0mbit de la mobilitat sostenible, participant en projectes d&#8217;innovaci\u00f3 que ens permeten explorar noves aplicacions de la gesti\u00f3 energ\u00e8tica intel\u00b7ligent. En aquest context, formem part de TRENERGY \u2013 Automatitzaci\u00f3 en dip\u00f2sits ferroviaris per a una mobilitat sostenible i descarbonitzada, una iniciativa d&#8217;R+D desenvolupada juntament amb empreses l\u00edders [&hellip;]<\/p>\n","protected":false},"author":4,"featured_media":34574,"comment_status":"closed","ping_status":"closed","sticky":false,"template":"","format":"standard","meta":{"footnotes":""},"categories":[230,633,640,420,635],"tags":[],"class_list":["post-34629","post","type-post","status-publish","format-standard","has-post-thumbnail","hentry","category-esdeveniments","category-etecnic_cat","category-evcharge","category-projectes","category-sector"],"yoast_head":"<!-- This site is optimized with the Yoast SEO plugin v26.5 - https:\/\/yoast.com\/wordpress\/plugins\/seo\/ -->\n<title>Etecnic impulsa la gesti\u00f3 energ\u00e8tica ferrovi\u00e0ria amb TRENERGY<\/title>\n<meta name=\"description\" content=\"Etecnic impulsa la gesti\u00f3 energ\u00e8tica en el sector ferroviari amb TRENERGY per a una mobilitat m\u00e9s eficient i sostenible.\" \/>\n<meta name=\"robots\" content=\"noindex, follow, max-snippet:-1, max-image-preview:large, max-video-preview:-1\" \/>\n<meta property=\"og:locale\" content=\"ca_ES\" \/>\n<meta property=\"og:type\" content=\"article\" \/>\n<meta property=\"og:title\" content=\"Etecnic impulsa la gesti\u00f3 energ\u00e8tica ferrovi\u00e0ria amb TRENERGY\" \/>\n<meta property=\"og:description\" content=\"Etecnic impulsa la gesti\u00f3 energ\u00e8tica en el sector ferroviari amb TRENERGY per a una mobilitat m\u00e9s eficient i sostenible.\" \/>\n<meta property=\"og:url\" content=\"https:\/\/etecnic.bisiestodeveloper.es\/ca\/esdeveniments\/etecnic-impulsa-la-innovacio-energetica-en-el-sector-ferroviari-amb-trenergy\/\" \/>\n<meta property=\"og:site_name\" content=\"Etecnic\" \/>\n<meta property=\"article:published_time\" content=\"2026-07-20T10:11:30+00:00\" \/>\n<meta property=\"article:modified_time\" content=\"2026-07-28T08:11:43+00:00\" \/>\n<meta property=\"og:image\" content=\"https:\/\/etecnic.bisiestodeveloper.es\/wp-content\/uploads\/2026\/02\/Blog-MOVES-III-700x454.png\" \/>\n<meta name=\"author\" content=\"anna-etecnic\" \/>\n<meta name=\"twitter:card\" content=\"summary_large_image\" \/>\n<meta name=\"twitter:label1\" content=\"Escrit per\" \/>\n\t<meta name=\"twitter:data1\" content=\"anna-etecnic\" \/>\n\t<meta name=\"twitter:label2\" content=\"Temps estimat de lectura\" \/>\n\t<meta name=\"twitter:data2\" content=\"3 minuts\" \/>\n<script type=\"application\/ld+json\" class=\"yoast-schema-graph\">{\"@context\":\"https:\/\/schema.org\",\"@graph\":[{\"@type\":\"Article\",\"@id\":\"https:\/\/etecnic.bisiestodeveloper.es\/ca\/esdeveniments\/etecnic-impulsa-la-innovacio-energetica-en-el-sector-ferroviari-amb-trenergy\/#article\",\"isPartOf\":{\"@id\":\"https:\/\/etecnic.bisiestodeveloper.es\/ca\/esdeveniments\/etecnic-impulsa-la-innovacio-energetica-en-el-sector-ferroviari-amb-trenergy\/\"},\"author\":{\"name\":\"anna-etecnic\",\"@id\":\"https:\/\/etecnic.bisiestodeveloper.es\/ca\/#\/schema\/person\/0da7a3465710726a5fa6d735b8a7e686\"},\"headline\":\"Etecnic impulsa la innovaci\u00f3 energ\u00e8tica en el sector ferroviari amb TRENERGY\",\"datePublished\":\"2026-07-20T10:11:30+00:00\",\"dateModified\":\"2026-07-28T08:11:43+00:00\",\"mainEntityOfPage\":{\"@id\":\"https:\/\/etecnic.bisiestodeveloper.es\/ca\/esdeveniments\/etecnic-impulsa-la-innovacio-energetica-en-el-sector-ferroviari-amb-trenergy\/\"},\"wordCount\":674,\"publisher\":{\"@id\":\"https:\/\/etecnic.bisiestodeveloper.es\/ca\/#organization\"},\"image\":{\"@id\":\"https:\/\/etecnic.bisiestodeveloper.es\/ca\/esdeveniments\/etecnic-impulsa-la-innovacio-energetica-en-el-sector-ferroviari-amb-trenergy\/#primaryimage\"},\"thumbnailUrl\":\"https:\/\/etecnic.bisiestodeveloper.es\/wp-content\/uploads\/2026\/02\/Blog-MOVES-III.png\",\"articleSection\":[\"Esdeveniments\",\"Etecnic\",\"EVcharge\",\"Projectes\",\"Sector\"],\"inLanguage\":\"ca\"},{\"@type\":\"WebPage\",\"@id\":\"https:\/\/etecnic.bisiestodeveloper.es\/ca\/esdeveniments\/etecnic-impulsa-la-innovacio-energetica-en-el-sector-ferroviari-amb-trenergy\/\",\"url\":\"https:\/\/etecnic.bisiestodeveloper.es\/ca\/esdeveniments\/etecnic-impulsa-la-innovacio-energetica-en-el-sector-ferroviari-amb-trenergy\/\",\"name\":\"Etecnic impulsa la gesti\u00f3 energ\u00e8tica ferrovi\u00e0ria amb TRENERGY\",\"isPartOf\":{\"@id\":\"https:\/\/etecnic.bisiestodeveloper.es\/ca\/#website\"},\"primaryImageOfPage\":{\"@id\":\"https:\/\/etecnic.bisiestodeveloper.es\/ca\/esdeveniments\/etecnic-impulsa-la-innovacio-energetica-en-el-sector-ferroviari-amb-trenergy\/#primaryimage\"},\"image\":{\"@id\":\"https:\/\/etecnic.bisiestodeveloper.es\/ca\/esdeveniments\/etecnic-impulsa-la-innovacio-energetica-en-el-sector-ferroviari-amb-trenergy\/#primaryimage\"},\"thumbnailUrl\":\"https:\/\/etecnic.bisiestodeveloper.es\/wp-content\/uploads\/2026\/02\/Blog-MOVES-III.png\",\"datePublished\":\"2026-07-20T10:11:30+00:00\",\"dateModified\":\"2026-07-28T08:11:43+00:00\",\"description\":\"Etecnic impulsa la gesti\u00f3 energ\u00e8tica en el sector ferroviari amb TRENERGY per a una mobilitat m\u00e9s eficient i sostenible.\",\"breadcrumb\":{\"@id\":\"https:\/\/etecnic.bisiestodeveloper.es\/ca\/esdeveniments\/etecnic-impulsa-la-innovacio-energetica-en-el-sector-ferroviari-amb-trenergy\/#breadcrumb\"},\"inLanguage\":\"ca\",\"potentialAction\":[{\"@type\":\"ReadAction\",\"target\":[\"https:\/\/etecnic.bisiestodeveloper.es\/ca\/esdeveniments\/etecnic-impulsa-la-innovacio-energetica-en-el-sector-ferroviari-amb-trenergy\/\"]}]},{\"@type\":\"ImageObject\",\"inLanguage\":\"ca\",\"@id\":\"https:\/\/etecnic.bisiestodeveloper.es\/ca\/esdeveniments\/etecnic-impulsa-la-innovacio-energetica-en-el-sector-ferroviari-amb-trenergy\/#primaryimage\",\"url\":\"https:\/\/etecnic.bisiestodeveloper.es\/wp-content\/uploads\/2026\/02\/Blog-MOVES-III.png\",\"contentUrl\":\"https:\/\/etecnic.bisiestodeveloper.es\/wp-content\/uploads\/2026\/02\/Blog-MOVES-III.png\",\"width\":1110,\"height\":720},{\"@type\":\"BreadcrumbList\",\"@id\":\"https:\/\/etecnic.bisiestodeveloper.es\/ca\/esdeveniments\/etecnic-impulsa-la-innovacio-energetica-en-el-sector-ferroviari-amb-trenergy\/#breadcrumb\",\"itemListElement\":[{\"@type\":\"ListItem\",\"position\":1,\"name\":\"Portada\",\"item\":\"https:\/\/etecnic.bisiestodeveloper.es\/ca\/\"},{\"@type\":\"ListItem\",\"position\":2,\"name\":\"Etecnic impulsa la innovaci\u00f3 energ\u00e8tica en el sector ferroviari amb TRENERGY\"}]},{\"@type\":\"WebSite\",\"@id\":\"https:\/\/etecnic.bisiestodeveloper.es\/ca\/#website\",\"url\":\"https:\/\/etecnic.bisiestodeveloper.es\/ca\/\",\"name\":\"Etecnic\",\"description\":\"\",\"publisher\":{\"@id\":\"https:\/\/etecnic.bisiestodeveloper.es\/ca\/#organization\"},\"potentialAction\":[{\"@type\":\"SearchAction\",\"target\":{\"@type\":\"EntryPoint\",\"urlTemplate\":\"https:\/\/etecnic.bisiestodeveloper.es\/ca\/?s={search_term_string}\"},\"query-input\":{\"@type\":\"PropertyValueSpecification\",\"valueRequired\":true,\"valueName\":\"search_term_string\"}}],\"inLanguage\":\"ca\"},{\"@type\":\"Organization\",\"@id\":\"https:\/\/etecnic.bisiestodeveloper.es\/ca\/#organization\",\"name\":\"Etecnic\",\"url\":\"https:\/\/etecnic.bisiestodeveloper.es\/ca\/\",\"logo\":{\"@type\":\"ImageObject\",\"inLanguage\":\"ca\",\"@id\":\"https:\/\/etecnic.bisiestodeveloper.es\/ca\/#\/schema\/logo\/image\/\",\"url\":\"https:\/\/etecnic.bisiestodeveloper.es\/wp-content\/uploads\/2025\/06\/logo-etecnic-blanco.png\",\"contentUrl\":\"https:\/\/etecnic.bisiestodeveloper.es\/wp-content\/uploads\/2025\/06\/logo-etecnic-blanco.png\",\"width\":1000,\"height\":500,\"caption\":\"Etecnic\"},\"image\":{\"@id\":\"https:\/\/etecnic.bisiestodeveloper.es\/ca\/#\/schema\/logo\/image\/\"}},{\"@type\":\"Person\",\"@id\":\"https:\/\/etecnic.bisiestodeveloper.es\/ca\/#\/schema\/person\/0da7a3465710726a5fa6d735b8a7e686\",\"name\":\"anna-etecnic\",\"url\":\"https:\/\/etecnic.bisiestodeveloper.es\/ca\/author\/anna-etecnic\/\"}]}<\/script>\n<!-- \/ Yoast SEO plugin. -->","yoast_head_json":{"title":"Etecnic impulsa la gesti\u00f3 energ\u00e8tica ferrovi\u00e0ria amb TRENERGY","description":"Etecnic impulsa la gesti\u00f3 energ\u00e8tica en el sector ferroviari amb TRENERGY per a una mobilitat m\u00e9s eficient i sostenible.","robots":{"index":"noindex","follow":"follow","max-snippet":"max-snippet:-1","max-image-preview":"max-image-preview:large","max-video-preview":"max-video-preview:-1"},"og_locale":"ca_ES","og_type":"article","og_title":"Etecnic impulsa la gesti\u00f3 energ\u00e8tica ferrovi\u00e0ria amb TRENERGY","og_description":"Etecnic impulsa la gesti\u00f3 energ\u00e8tica en el sector ferroviari amb TRENERGY per a una mobilitat m\u00e9s eficient i sostenible.","og_url":"https:\/\/etecnic.bisiestodeveloper.es\/ca\/esdeveniments\/etecnic-impulsa-la-innovacio-energetica-en-el-sector-ferroviari-amb-trenergy\/","og_site_name":"Etecnic","article_published_time":"2026-07-20T10:11:30+00:00","article_modified_time":"2026-07-28T08:11:43+00:00","og_image":[{"url":"https:\/\/etecnic.bisiestodeveloper.es\/wp-content\/uploads\/2026\/02\/Blog-MOVES-III-700x454.png","type":"","width":"","height":""}],"author":"anna-etecnic","twitter_card":"summary_large_image","twitter_misc":{"Escrit per":"anna-etecnic","Temps estimat de lectura":"3 minuts"},"schema":{"@context":"https:\/\/schema.org","@graph":[{"@type":"Article","@id":"https:\/\/etecnic.bisiestodeveloper.es\/ca\/esdeveniments\/etecnic-impulsa-la-innovacio-energetica-en-el-sector-ferroviari-amb-trenergy\/#article","isPartOf":{"@id":"https:\/\/etecnic.bisiestodeveloper.es\/ca\/esdeveniments\/etecnic-impulsa-la-innovacio-energetica-en-el-sector-ferroviari-amb-trenergy\/"},"author":{"name":"anna-etecnic","@id":"https:\/\/etecnic.bisiestodeveloper.es\/ca\/#\/schema\/person\/0da7a3465710726a5fa6d735b8a7e686"},"headline":"Etecnic impulsa la innovaci\u00f3 energ\u00e8tica en el sector ferroviari amb TRENERGY","datePublished":"2026-07-20T10:11:30+00:00","dateModified":"2026-07-28T08:11:43+00:00","mainEntityOfPage":{"@id":"https:\/\/etecnic.bisiestodeveloper.es\/ca\/esdeveniments\/etecnic-impulsa-la-innovacio-energetica-en-el-sector-ferroviari-amb-trenergy\/"},"wordCount":674,"publisher":{"@id":"https:\/\/etecnic.bisiestodeveloper.es\/ca\/#organization"},"image":{"@id":"https:\/\/etecnic.bisiestodeveloper.es\/ca\/esdeveniments\/etecnic-impulsa-la-innovacio-energetica-en-el-sector-ferroviari-amb-trenergy\/#primaryimage"},"thumbnailUrl":"https:\/\/etecnic.bisiestodeveloper.es\/wp-content\/uploads\/2026\/02\/Blog-MOVES-III.png","articleSection":["Esdeveniments","Etecnic","EVcharge","Projectes","Sector"],"inLanguage":"ca"},{"@type":"WebPage","@id":"https:\/\/etecnic.bisiestodeveloper.es\/ca\/esdeveniments\/etecnic-impulsa-la-innovacio-energetica-en-el-sector-ferroviari-amb-trenergy\/","url":"https:\/\/etecnic.bisiestodeveloper.es\/ca\/esdeveniments\/etecnic-impulsa-la-innovacio-energetica-en-el-sector-ferroviari-amb-trenergy\/","name":"Etecnic impulsa la gesti\u00f3 energ\u00e8tica ferrovi\u00e0ria amb TRENERGY","isPartOf":{"@id":"https:\/\/etecnic.bisiestodeveloper.es\/ca\/#website"},"primaryImageOfPage":{"@id":"https:\/\/etecnic.bisiestodeveloper.es\/ca\/esdeveniments\/etecnic-impulsa-la-innovacio-energetica-en-el-sector-ferroviari-amb-trenergy\/#primaryimage"},"image":{"@id":"https:\/\/etecnic.bisiestodeveloper.es\/ca\/esdeveniments\/etecnic-impulsa-la-innovacio-energetica-en-el-sector-ferroviari-amb-trenergy\/#primaryimage"},"thumbnailUrl":"https:\/\/etecnic.bisiestodeveloper.es\/wp-content\/uploads\/2026\/02\/Blog-MOVES-III.png","datePublished":"2026-07-20T10:11:30+00:00","dateModified":"2026-07-28T08:11:43+00:00","description":"Etecnic impulsa la gesti\u00f3 energ\u00e8tica en el sector ferroviari amb TRENERGY per a una mobilitat m\u00e9s eficient i sostenible.","breadcrumb":{"@id":"https:\/\/etecnic.bisiestodeveloper.es\/ca\/esdeveniments\/etecnic-impulsa-la-innovacio-energetica-en-el-sector-ferroviari-amb-trenergy\/#breadcrumb"},"inLanguage":"ca","potentialAction":[{"@type":"ReadAction","target":["https:\/\/etecnic.bisiestodeveloper.es\/ca\/esdeveniments\/etecnic-impulsa-la-innovacio-energetica-en-el-sector-ferroviari-amb-trenergy\/"]}]},{"@type":"ImageObject","inLanguage":"ca","@id":"https:\/\/etecnic.bisiestodeveloper.es\/ca\/esdeveniments\/etecnic-impulsa-la-innovacio-energetica-en-el-sector-ferroviari-amb-trenergy\/#primaryimage","url":"https:\/\/etecnic.bisiestodeveloper.es\/wp-content\/uploads\/2026\/02\/Blog-MOVES-III.png","contentUrl":"https:\/\/etecnic.bisiestodeveloper.es\/wp-content\/uploads\/2026\/02\/Blog-MOVES-III.png","width":1110,"height":720},{"@type":"BreadcrumbList","@id":"https:\/\/etecnic.bisiestodeveloper.es\/ca\/esdeveniments\/etecnic-impulsa-la-innovacio-energetica-en-el-sector-ferroviari-amb-trenergy\/#breadcrumb","itemListElement":[{"@type":"ListItem","position":1,"name":"Portada","item":"https:\/\/etecnic.bisiestodeveloper.es\/ca\/"},{"@type":"ListItem","position":2,"name":"Etecnic impulsa la innovaci\u00f3 energ\u00e8tica en el sector ferroviari amb TRENERGY"}]},{"@type":"WebSite","@id":"https:\/\/etecnic.bisiestodeveloper.es\/ca\/#website","url":"https:\/\/etecnic.bisiestodeveloper.es\/ca\/","name":"Etecnic","description":"","publisher":{"@id":"https:\/\/etecnic.bisiestodeveloper.es\/ca\/#organization"},"potentialAction":[{"@type":"SearchAction","target":{"@type":"EntryPoint","urlTemplate":"https:\/\/etecnic.bisiestodeveloper.es\/ca\/?s={search_term_string}"},"query-input":{"@type":"PropertyValueSpecification","valueRequired":true,"valueName":"search_term_string"}}],"inLanguage":"ca"},{"@type":"Organization","@id":"https:\/\/etecnic.bisiestodeveloper.es\/ca\/#organization","name":"Etecnic","url":"https:\/\/etecnic.bisiestodeveloper.es\/ca\/","logo":{"@type":"ImageObject","inLanguage":"ca","@id":"https:\/\/etecnic.bisiestodeveloper.es\/ca\/#\/schema\/logo\/image\/","url":"https:\/\/etecnic.bisiestodeveloper.es\/wp-content\/uploads\/2025\/06\/logo-etecnic-blanco.png","contentUrl":"https:\/\/etecnic.bisiestodeveloper.es\/wp-content\/uploads\/2025\/06\/logo-etecnic-blanco.png","width":1000,"height":500,"caption":"Etecnic"},"image":{"@id":"https:\/\/etecnic.bisiestodeveloper.es\/ca\/#\/schema\/logo\/image\/"}},{"@type":"Person","@id":"https:\/\/etecnic.bisiestodeveloper.es\/ca\/#\/schema\/person\/0da7a3465710726a5fa6d735b8a7e686","name":"anna-etecnic","url":"https:\/\/etecnic.bisiestodeveloper.es\/ca\/author\/anna-etecnic\/"}]}},"_links":{"self":[{"href":"https:\/\/etecnic.bisiestodeveloper.es\/ca\/wp-json\/wp\/v2\/posts\/34629","targetHints":{"allow":["GET"]}}],"collection":[{"href":"https:\/\/etecnic.bisiestodeveloper.es\/ca\/wp-json\/wp\/v2\/posts"}],"about":[{"href":"https:\/\/etecnic.bisiestodeveloper.es\/ca\/wp-json\/wp\/v2\/types\/post"}],"author":[{"embeddable":true,"href":"https:\/\/etecnic.bisiestodeveloper.es\/ca\/wp-json\/wp\/v2\/users\/4"}],"replies":[{"embeddable":true,"href":"https:\/\/etecnic.bisiestodeveloper.es\/ca\/wp-json\/wp\/v2\/comments?post=34629"}],"version-history":[{"count":2,"href":"https:\/\/etecnic.bisiestodeveloper.es\/ca\/wp-json\/wp\/v2\/posts\/34629\/revisions"}],"predecessor-version":[{"id":37500,"href":"https:\/\/etecnic.bisiestodeveloper.es\/ca\/wp-json\/wp\/v2\/posts\/34629\/revisions\/37500"}],"wp:featuredmedia":[{"embeddable":true,"href":"https:\/\/etecnic.bisiestodeveloper.es\/ca\/wp-json\/wp\/v2\/media\/34574"}],"wp:attachment":[{"href":"https:\/\/etecnic.bisiestodeveloper.es\/ca\/wp-json\/wp\/v2\/media?parent=34629"}],"wp:term":[{"taxonomy":"category","embeddable":true,"href":"https:\/\/etecnic.bisiestodeveloper.es\/ca\/wp-json\/wp\/v2\/categories?post=34629"},{"taxonomy":"post_tag","embeddable":true,"href":"https:\/\/etecnic.bisiestodeveloper.es\/ca\/wp-json\/wp\/v2\/tags?post=34629"}],"curies":[{"name":"wp","href":"https:\/\/api.w.org\/{rel}","templated":true}]}}