{"id":34613,"date":"2026-07-20T10:10:22","date_gmt":"2026-07-20T10:10:22","guid":{"rendered":"https:\/\/etecnic.bisiestodeveloper.es\/?p=34613"},"modified":"2026-07-28T08:11:43","modified_gmt":"2026-07-28T08:11:43","slug":"intel%c2%b7ligencia-artificial-i-dades-operatives-el-nou-paradigma-de-la-fiabilitat-en-la-recarrega-electrica","status":"publish","type":"post","link":"https:\/\/etecnic.bisiestodeveloper.es\/ca\/esdeveniments\/intel%c2%b7ligencia-artificial-i-dades-operatives-el-nou-paradigma-de-la-fiabilitat-en-la-recarrega-electrica\/","title":{"rendered":"Intel\u00b7lig\u00e8ncia Artificial i dades operatives: El nou paradigma de la fiabilitat en la rec\u00e0rrega el\u00e8ctrica"},"content":{"rendered":"\t\t<div data-elementor-type=\"wp-post\" data-elementor-id=\"34613\" class=\"elementor elementor-34613 elementor-34595\" data-elementor-post-type=\"post\">\n\t\t\t\t<div class=\"elementor-element elementor-element-613ac041 e-flex e-con-boxed e-con e-parent\" data-id=\"613ac041\" data-element_type=\"container\" data-settings=\"{&quot;jet_parallax_layout_list&quot;:[]}\">\n\t\t\t\t\t<div class=\"e-con-inner\">\n\t\t\t\t<div class=\"elementor-element elementor-element-60bc20fc elementor-widget elementor-widget-text-editor\" data-id=\"60bc20fc\" data-element_type=\"widget\" data-widget_type=\"text-editor.default\">\n\t\t\t\t<div class=\"elementor-widget-container\">\n\t\t\t\t\t\t\t\t\t<div class=\"fusion-text\">\r\n<p style=\"margin-bottom: 15px;\">En l&#8217;ecosistema de la mobilitat el\u00e8ctrica, la infraestructura de rec\u00e0rrega \u00e9s molt m\u00e9s que un conjunt de punts de connexi\u00f3; \u00e9s el pilar sobre el qual constru\u00efm la confian\u00e7a de l&#8217;usuari. A Etecnic, la nostra missi\u00f3 sempre ha estat elevar l&#8217;efici\u00e8ncia, disponibilitat i qualitat de servei d&#8217;aquesta infraestructura. No obstant aix\u00f2, davant de xarxes cada vegada m\u00e9s \u00e0mplies i heterog\u00e8nies, la gesti\u00f3 tradicional ja no \u00e9s suficient; el futur exigeix una evoluci\u00f3 de la reacci\u00f3 a l&#8217;anticipaci\u00f3.<\/p>\r\n<p style=\"margin-bottom: 25px;\">Sota aquesta premissa, hem concl\u00f2s recentment un projecte d&#8217;innovaci\u00f3 clau en el marc del programa <a style=\"color: #00a8e8; font-weight: bold; text-decoration: none;\" href=\"https:\/\/www.eoi.es\/es\/padih\" target=\"_blank\" rel=\"noopener\">PADIH (Programa de Suport a Digital Innovation Hubs)<\/a>. En aquest escenari, la Intel\u00b7lig\u00e8ncia Artificial no \u00e9s nom\u00e9s una tend\u00e8ncia, sin\u00f3 l&#8217;eina mestra per garantir una xarxa sempre disponible i preparada per al futur.<\/p>\r\n\r\n<h3 class=\"fusion-responsive-typography-calculated\" style=\"color: #03176e; font-weight: bold; margin-top: 20px; margin-bottom: 15px;\" data-fontsize=\"24\" data-lineheight=\"26.4px\">El desafiament: transformar el soroll de dades en coneixement intel\u00b7ligent<\/h3>\r\n<p style=\"margin-bottom: 15px;\">L&#8217;expansi\u00f3 de la mobilitat el\u00e8ctrica genera un volum ingent de dades operatives cada segon. No obstant aix\u00f2, el veritable repte no \u00e9s capturar aquestes dades, sin\u00f3 estructurar-les perqu\u00e8 ens expliquin una hist\u00f2ria \u00fatil. Durant el projecte, ens vam enfrontar a la complexitat de normalitzar fonts d&#8217;informaci\u00f3 molt diverses a causa de la disparitat t\u00e8cnica dels carregadors.<\/p>\r\n<p style=\"margin-bottom: 15px;\">Gr\u00e0cies a la col\u00b7laboraci\u00f3 amb la <a style=\"color: #00a8e8; font-weight: bold; text-decoration: none;\" href=\"https:\/\/eurecat.org\/\" target=\"_blank\" rel=\"noopener\">Fundaci\u00f3 Eurecat<\/a>, hem treballat en fites que defineixen el nostre nou full de ruta t\u00e8cnica:<\/p>\r\n\r\n<ul style=\"margin-top: 0; margin-bottom: 25px; padding-left: 20px; list-style-type: disc; color: #333333;\">\r\n \t<li style=\"margin-bottom: 8px;\"><strong>Definir una metodologia clara<\/strong> per al proc\u00e9s de c\u00e0rrega, classificant comportaments i tipologies operatives.<\/li>\r\n \t<li style=\"margin-bottom: 8px;\"><strong>Integrar dades procedents de sistemes heterogenis<\/strong> en una base s\u00f2lida i normalitzada que permet l&#8217;an\u00e0lisi a gran escala.<\/li>\r\n \t<li style=\"margin-bottom: 0;\"><strong>Analitzar milers de sessions reals<\/strong> per identificar patrons de comportament que abans passaven desapercebuts.<\/li>\r\n<\/ul>\r\n<h3 class=\"fusion-responsive-typography-calculated\" style=\"color: #03176e; font-weight: bold; margin-top: 20px; margin-bottom: 15px;\" data-fontsize=\"24\" data-lineheight=\"26.4px\">Exploraci\u00f3 tecnol\u00f2gica: algorismes que aprenen de la xarxa<\/h3>\r\n<p style=\"margin-bottom: 15px;\">No ens hem limitat a aplicar solucions est\u00e0ndard. El projecte ha suposat una fase d&#8217;experimentaci\u00f3 profunda amb diferents aproximacions algor\u00edtmiques dissenyades per a l&#8217;an\u00e0lisi de s\u00e8ries temporals complexes.<\/p>\r\n<p style=\"margin-bottom: 25px;\">Hem avaluat models de IA capa\u00e7os d&#8217;analitzar patrons seq\u00fcencials i, el m\u00e9s important, detectar desviacions m\u00ednimes respecte al comportament esperat dels sistemes. Aquesta validaci\u00f3 t\u00e8cnica no nom\u00e9s confirma que anem pel cam\u00ed correcte, sin\u00f3 que defineix un <strong>mapa tecnol\u00f2gic clar<\/strong> per a les futures evolucions de la nostra plataforma de gesti\u00f3 d&#8217;infraestructures.<\/p>\r\n\r\n<h3 class=\"fusion-responsive-typography-calculated\" style=\"color: #03176e; font-weight: bold; margin-top: 20px; margin-bottom: 15px;\" data-fontsize=\"24\" data-lineheight=\"26.4px\">Cap al manteniment predictiu: un comprom\u00eds amb l&#8217;usuari<\/h3>\r\n<p style=\"margin-bottom: 15px;\">El resultat m\u00e9s valu\u00f3s d&#8217;aquest treball \u00e9s el fonament d&#8217;un model de <strong>manteniment predictiu<\/strong>. Ja no esperem que un carregador falli per actuar; estem construint la capacitat tecnol\u00f2gica per a:<\/p>\r\n\r\n<ul style=\"margin-top: 0; margin-bottom: 25px; padding-left: 20px; list-style-type: disc; color: #333333;\">\r\n \t<li style=\"margin-bottom: 8px;\"><strong>Anticipar incid\u00e8ncies<\/strong> t\u00e8cniques abans que arribin a afectar el servei de l&#8217;usuari final.<\/li>\r\n \t<li style=\"margin-bottom: 8px;\"><strong>Minimitzar els temps d&#8217;inactivitat<\/strong>, reduint l&#8217;impacte de les avaries a la xarxa.<\/li>\r\n \t<li style=\"margin-bottom: 8px;\"><strong>Optimitzar els processos de manteniment<\/strong>, aconseguint una gesti\u00f3 m\u00e9s intel\u00b7ligent i eficient dels recursos.<\/li>\r\n \t<li style=\"margin-bottom: 0;\"><strong>Garantir la m\u00e0xima disponibilitat<\/strong> de la xarxa, refor\u00e7ant la fiabilitat de la mobilitat el\u00e8ctrica al nostre territori.<\/li>\r\n<\/ul>\r\n<h3 class=\"fusion-responsive-typography-calculated\" style=\"color: #03176e; font-weight: bold; margin-top: 20px; margin-bottom: 15px;\" data-fontsize=\"24\" data-lineheight=\"26.4px\">Innovaci\u00f3 col\u00b7laborativa amb prop\u00f2sit<\/h3>\r\n<p style=\"margin-bottom: 25px;\">Aquest cam\u00ed l&#8217;hem recorregut de la mano de l&#8217;ecosistema tecnol\u00f2gic, comptant amb el suport del <a style=\"color: #00a8e8; font-weight: bold; text-decoration: none;\" href=\"https:\/\/dih4cat.cat\/\" target=\"_blank\" rel=\"noopener\">Catalonia Digital Innovation Hub (DIH4CAT)<\/a>. Per a Etecnic, la innovaci\u00f3 no \u00e9s un concepte a\u00efllat, sin\u00f3 un comprom\u00eds continu amb la millora del servei i la sostenibilitat. Iniciatives com aquesta ens permeten seguir liderant la gesti\u00f3 d&#8217;infraestructures, preparant-nos avui per respondre a les necessitats de la mobilitat de dem\u00e0.<\/p>\r\n\r\n<h3 class=\"fusion-responsive-typography-calculated\" style=\"color: #03176e; font-weight: bold; margin-top: 20px; margin-bottom: 15px;\" data-fontsize=\"24\" data-lineheight=\"26.4px\">Informaci\u00f3 sobre el finan\u00e7ament i transpar\u00e8ncia<\/h3>\r\n<p style=\"margin-bottom: 15px;\"><strong>ETECNIC MOVILIDAD ELECTRICA SOCIEDAD LIMITADA<\/strong> ha estat benefici\u00e0ria del projecte: \u201cAssessorament inicial i PoC de l&#8217;\u00fas d&#8217;algorismes avan\u00e7ats per a la detecci\u00f3 d&#8217;anomalies i predicci\u00f3 d&#8217;avaries en Carregadors de Vehicle El\u00e8ctric.\u201d de refer\u00e8ncia \u201c<strong>2024\/DIH_01\/000439<\/strong>\u201d en el marc de les ajudes del Programa PADIH: Ajudes a petites i mitjanes empreses dins del programa de Suport als digital Innovation Hubs, en el marc del Pla de recuperaci\u00f3, transformaci\u00f3 i resil\u00e8ncia (DIH_001) en base a l&#8217;Ordre ICT\/1296\/2022, de 22 de desembre.<\/p>\r\n<p style=\"margin-bottom: 0;\">Aquest programa forma part del Pla de Recuperaci\u00f3, Transformaci\u00f3 i Resili\u00e8ncia, finan\u00e7at per la Uni\u00f3 Europea \u2013 Next Generation EU, i promogut pel Ministeri d&#8217;Ind\u00fastria i Turisme i l&#8217;Escola d&#8217;Organitzaci\u00f3 Industrial (EOI).<\/p>\r\n\r\n<\/div>\t\t\t\t\t\t\t\t<\/div>\n\t\t\t\t<\/div>\n\t\t\t\t\t<\/div>\n\t\t\t\t<\/div>\n\t\t<div class=\"elementor-element elementor-element-3a5bd76 e-flex e-con-boxed e-con e-parent\" data-id=\"3a5bd76\" data-element_type=\"container\" data-settings=\"{&quot;jet_parallax_layout_list&quot;:[]}\">\n\t\t\t\t\t<div class=\"e-con-inner\">\n\t\t\t\t<div class=\"elementor-element elementor-element-0ef0023 elementor-widget elementor-widget-image\" data-id=\"0ef0023\" data-element_type=\"widget\" data-widget_type=\"image.default\">\n\t\t\t\t<div class=\"elementor-widget-container\">\n\t\t\t\t\t\t\t\t\t\t\t\t\t\t\t<img fetchpriority=\"high\" decoding=\"async\" width=\"800\" height=\"121\" src=\"https:\/\/etecnic.bisiestodeveloper.es\/wp-content\/uploads\/2026\/07\/Captura-de-pantalla-2026-07-14-101944-e1784017553417.png\" class=\"attachment-large size-large wp-image-34612\" alt=\"\" srcset=\"https:\/\/etecnic.bisiestodeveloper.es\/wp-content\/uploads\/2026\/07\/Captura-de-pantalla-2026-07-14-101944-e1784017553417.png 1068w, https:\/\/etecnic.bisiestodeveloper.es\/wp-content\/uploads\/2026\/07\/Captura-de-pantalla-2026-07-14-101944-e1784017553417-700x106.png 700w, https:\/\/etecnic.bisiestodeveloper.es\/wp-content\/uploads\/2026\/07\/Captura-de-pantalla-2026-07-14-101944-e1784017553417-768x116.png 768w\" sizes=\"(max-width: 800px) 100vw, 800px\" \/>\t\t\t\t\t\t\t\t\t\t\t\t\t\t\t<\/div>\n\t\t\t\t<\/div>\n\t\t\t\t\t<\/div>\n\t\t\t\t<\/div>\n\t\t<div class=\"elementor-element elementor-element-e1751b9 e-flex e-con-boxed e-con e-parent\" data-id=\"e1751b9\" data-element_type=\"container\" data-settings=\"{&quot;jet_parallax_layout_list&quot;:[]}\">\n\t\t\t\t\t<div class=\"e-con-inner\">\n\t\t\t\t<div class=\"elementor-element elementor-element-ceb36fe elementor-widget elementor-widget-text-editor\" data-id=\"ceb36fe\" data-element_type=\"widget\" data-widget_type=\"text-editor.default\">\n\t\t\t\t<div class=\"elementor-widget-container\">\n\t\t\t\t\t\t\t\t\t<div class=\"fusion-text fusion-text-4\" style=\"margin-top: 25px;\">\n<div class=\"fusion-fullwidth fullwidth-box fusion-builder-row-2 fusion-flex-container nonhundred-percent-fullwidth non-hundred-percent-height-scrolling\">\n<div class=\"fusion-builder-row fusion-row fusion-flex-align-items-flex-start fusion-flex-content-wrap\">\n<div class=\"fusion-layout-column fusion_builder_column fusion-builder-column-1 fusion_builder_column_1_1 1_1 fusion-flex-column\">\n<div class=\"fusion-column-wrapper fusion-column-has-shadow fusion-flex-justify-content-flex-start fusion-content-layout-column\">\n<div class=\"fusion-text fusion-text-3\">\n<p style=\"font-size: 15px; margin: 0;\">Article elaborat per <strong>Mauro Da Silva<\/strong>, responsable del <strong>departament d&#8217;Innovaci\u00f3<\/strong>.<\/p>\n<\/div>\n<p><\/div>\n<p><\/div>\n<p><\/div>\n<p><\/div>\n<p><\/div>\n\t\t\t\t\t\t\t\t<\/div>\n\t\t\t\t<\/div>\n\t\t\t\t\t<\/div>\n\t\t\t\t<\/div>\n\t\t<div class=\"elementor-element elementor-element-e23e2b6 e-flex e-con-boxed e-con e-parent\" data-id=\"e23e2b6\" data-element_type=\"container\" data-settings=\"{&quot;jet_parallax_layout_list&quot;:[]}\">\n\t\t\t\t\t<div class=\"e-con-inner\">\n\t\t\t\t<div class=\"elementor-element elementor-element-b45c133 elementor-widget elementor-widget-image\" data-id=\"b45c133\" data-element_type=\"widget\" data-widget_type=\"image.default\">\n\t\t\t\t<div class=\"elementor-widget-container\">\n\t\t\t\t\t\t\t\t\t\t\t\t\t\t\t<img decoding=\"async\" width=\"800\" height=\"267\" src=\"https:\/\/etecnic.bisiestodeveloper.es\/wp-content\/uploads\/2026\/02\/banner-mapa-de-recarga-1400x467.jpg\" class=\"attachment-large size-large wp-image-33410\" alt=\"\" srcset=\"https:\/\/etecnic.bisiestodeveloper.es\/wp-content\/uploads\/2026\/02\/banner-mapa-de-recarga-1400x467.jpg 1400w, https:\/\/etecnic.bisiestodeveloper.es\/wp-content\/uploads\/2026\/02\/banner-mapa-de-recarga-700x233.jpg 700w, https:\/\/etecnic.bisiestodeveloper.es\/wp-content\/uploads\/2026\/02\/banner-mapa-de-recarga-768x256.jpg 768w, https:\/\/etecnic.bisiestodeveloper.es\/wp-content\/uploads\/2026\/02\/banner-mapa-de-recarga.jpg 1500w\" sizes=\"(max-width: 800px) 100vw, 800px\" \/>\t\t\t\t\t\t\t\t\t\t\t\t\t\t\t<\/div>\n\t\t\t\t<\/div>\n\t\t\t\t\t<\/div>\n\t\t\t\t<\/div>\n\t\t\t\t<\/div>\n\t\t","protected":false},"excerpt":{"rendered":"<p>En l&#8217;ecosistema de la mobilitat el\u00e8ctrica, la infraestructura de rec\u00e0rrega \u00e9s molt m\u00e9s que un conjunt de punts de connexi\u00f3; \u00e9s el pilar sobre el qual constru\u00efm la confian\u00e7a de l&#8217;usuari. A Etecnic, la nostra missi\u00f3 sempre ha estat elevar l&#8217;efici\u00e8ncia, disponibilitat i qualitat de servei d&#8217;aquesta infraestructura. No obstant aix\u00f2, davant de xarxes cada [&hellip;]<\/p>\n","protected":false},"author":4,"featured_media":34574,"comment_status":"closed","ping_status":"closed","sticky":false,"template":"","format":"standard","meta":{"footnotes":""},"categories":[230,633,640,420,635],"tags":[],"class_list":["post-34613","post","type-post","status-publish","format-standard","has-post-thumbnail","hentry","category-esdeveniments","category-etecnic_cat","category-evcharge","category-projectes","category-sector"],"yoast_head":"<!-- This site is optimized with the Yoast SEO plugin v26.5 - https:\/\/yoast.com\/wordpress\/plugins\/seo\/ -->\n<title>Intel\u00b7lig\u00e8ncia artificial en la rec\u00e0rrega el\u00e8ctrica<\/title>\n<meta name=\"description\" content=\"Descobreix com la intel\u00b7lig\u00e8ncia artificial i les dades operatives ajuden a anticipar fallades i millorar la fiabilitat de la rec\u00e0rrega el\u00e8ctrica.\" \/>\n<meta name=\"robots\" content=\"noindex, follow, max-snippet:-1, max-image-preview:large, max-video-preview:-1\" \/>\n<meta property=\"og:locale\" content=\"ca_ES\" \/>\n<meta property=\"og:type\" content=\"article\" \/>\n<meta property=\"og:title\" content=\"Intel\u00b7lig\u00e8ncia artificial en la rec\u00e0rrega el\u00e8ctrica\" \/>\n<meta property=\"og:description\" content=\"Descobreix com la intel\u00b7lig\u00e8ncia artificial i les dades operatives ajuden a anticipar fallades i millorar la fiabilitat de la rec\u00e0rrega el\u00e8ctrica.\" \/>\n<meta property=\"og:url\" content=\"https:\/\/etecnic.bisiestodeveloper.es\/ca\/esdeveniments\/intel%c2%b7ligencia-artificial-i-dades-operatives-el-nou-paradigma-de-la-fiabilitat-en-la-recarrega-electrica\/\" \/>\n<meta property=\"og:site_name\" content=\"Etecnic\" \/>\n<meta property=\"article:published_time\" content=\"2026-07-20T10:10:22+00:00\" \/>\n<meta property=\"article:modified_time\" content=\"2026-07-28T08:11:43+00:00\" \/>\n<meta property=\"og:image\" content=\"https:\/\/etecnic.bisiestodeveloper.es\/wp-content\/uploads\/2026\/02\/Blog-MOVES-III-700x454.png\" \/>\n<meta name=\"author\" content=\"anna-etecnic\" \/>\n<meta name=\"twitter:card\" content=\"summary_large_image\" \/>\n<meta name=\"twitter:label1\" content=\"Escrit per\" \/>\n\t<meta name=\"twitter:data1\" content=\"anna-etecnic\" \/>\n\t<meta name=\"twitter:label2\" content=\"Temps estimat de lectura\" \/>\n\t<meta name=\"twitter:data2\" content=\"3 minuts\" \/>\n<script type=\"application\/ld+json\" class=\"yoast-schema-graph\">{\"@context\":\"https:\/\/schema.org\",\"@graph\":[{\"@type\":\"Article\",\"@id\":\"https:\/\/etecnic.bisiestodeveloper.es\/ca\/esdeveniments\/intel%c2%b7ligencia-artificial-i-dades-operatives-el-nou-paradigma-de-la-fiabilitat-en-la-recarrega-electrica\/#article\",\"isPartOf\":{\"@id\":\"https:\/\/etecnic.bisiestodeveloper.es\/ca\/esdeveniments\/intel%c2%b7ligencia-artificial-i-dades-operatives-el-nou-paradigma-de-la-fiabilitat-en-la-recarrega-electrica\/\"},\"author\":{\"name\":\"anna-etecnic\",\"@id\":\"https:\/\/etecnic.bisiestodeveloper.es\/ca\/#\/schema\/person\/0da7a3465710726a5fa6d735b8a7e686\"},\"headline\":\"Intel\u00b7lig\u00e8ncia Artificial i dades operatives: El nou paradigma de la fiabilitat en la rec\u00e0rrega el\u00e8ctrica\",\"datePublished\":\"2026-07-20T10:10:22+00:00\",\"dateModified\":\"2026-07-28T08:11:43+00:00\",\"mainEntityOfPage\":{\"@id\":\"https:\/\/etecnic.bisiestodeveloper.es\/ca\/esdeveniments\/intel%c2%b7ligencia-artificial-i-dades-operatives-el-nou-paradigma-de-la-fiabilitat-en-la-recarrega-electrica\/\"},\"wordCount\":746,\"publisher\":{\"@id\":\"https:\/\/etecnic.bisiestodeveloper.es\/ca\/#organization\"},\"image\":{\"@id\":\"https:\/\/etecnic.bisiestodeveloper.es\/ca\/esdeveniments\/intel%c2%b7ligencia-artificial-i-dades-operatives-el-nou-paradigma-de-la-fiabilitat-en-la-recarrega-electrica\/#primaryimage\"},\"thumbnailUrl\":\"https:\/\/etecnic.bisiestodeveloper.es\/wp-content\/uploads\/2026\/02\/Blog-MOVES-III.png\",\"articleSection\":[\"Esdeveniments\",\"Etecnic\",\"EVcharge\",\"Projectes\",\"Sector\"],\"inLanguage\":\"ca\"},{\"@type\":\"WebPage\",\"@id\":\"https:\/\/etecnic.bisiestodeveloper.es\/ca\/esdeveniments\/intel%c2%b7ligencia-artificial-i-dades-operatives-el-nou-paradigma-de-la-fiabilitat-en-la-recarrega-electrica\/\",\"url\":\"https:\/\/etecnic.bisiestodeveloper.es\/ca\/esdeveniments\/intel%c2%b7ligencia-artificial-i-dades-operatives-el-nou-paradigma-de-la-fiabilitat-en-la-recarrega-electrica\/\",\"name\":\"Intel\u00b7lig\u00e8ncia artificial en la rec\u00e0rrega el\u00e8ctrica\",\"isPartOf\":{\"@id\":\"https:\/\/etecnic.bisiestodeveloper.es\/ca\/#website\"},\"primaryImageOfPage\":{\"@id\":\"https:\/\/etecnic.bisiestodeveloper.es\/ca\/esdeveniments\/intel%c2%b7ligencia-artificial-i-dades-operatives-el-nou-paradigma-de-la-fiabilitat-en-la-recarrega-electrica\/#primaryimage\"},\"image\":{\"@id\":\"https:\/\/etecnic.bisiestodeveloper.es\/ca\/esdeveniments\/intel%c2%b7ligencia-artificial-i-dades-operatives-el-nou-paradigma-de-la-fiabilitat-en-la-recarrega-electrica\/#primaryimage\"},\"thumbnailUrl\":\"https:\/\/etecnic.bisiestodeveloper.es\/wp-content\/uploads\/2026\/02\/Blog-MOVES-III.png\",\"datePublished\":\"2026-07-20T10:10:22+00:00\",\"dateModified\":\"2026-07-28T08:11:43+00:00\",\"description\":\"Descobreix com la intel\u00b7lig\u00e8ncia artificial i les dades operatives ajuden a anticipar fallades i millorar la fiabilitat de la rec\u00e0rrega el\u00e8ctrica.\",\"breadcrumb\":{\"@id\":\"https:\/\/etecnic.bisiestodeveloper.es\/ca\/esdeveniments\/intel%c2%b7ligencia-artificial-i-dades-operatives-el-nou-paradigma-de-la-fiabilitat-en-la-recarrega-electrica\/#breadcrumb\"},\"inLanguage\":\"ca\",\"potentialAction\":[{\"@type\":\"ReadAction\",\"target\":[\"https:\/\/etecnic.bisiestodeveloper.es\/ca\/esdeveniments\/intel%c2%b7ligencia-artificial-i-dades-operatives-el-nou-paradigma-de-la-fiabilitat-en-la-recarrega-electrica\/\"]}]},{\"@type\":\"ImageObject\",\"inLanguage\":\"ca\",\"@id\":\"https:\/\/etecnic.bisiestodeveloper.es\/ca\/esdeveniments\/intel%c2%b7ligencia-artificial-i-dades-operatives-el-nou-paradigma-de-la-fiabilitat-en-la-recarrega-electrica\/#primaryimage\",\"url\":\"https:\/\/etecnic.bisiestodeveloper.es\/wp-content\/uploads\/2026\/02\/Blog-MOVES-III.png\",\"contentUrl\":\"https:\/\/etecnic.bisiestodeveloper.es\/wp-content\/uploads\/2026\/02\/Blog-MOVES-III.png\",\"width\":1110,\"height\":720},{\"@type\":\"BreadcrumbList\",\"@id\":\"https:\/\/etecnic.bisiestodeveloper.es\/ca\/esdeveniments\/intel%c2%b7ligencia-artificial-i-dades-operatives-el-nou-paradigma-de-la-fiabilitat-en-la-recarrega-electrica\/#breadcrumb\",\"itemListElement\":[{\"@type\":\"ListItem\",\"position\":1,\"name\":\"Portada\",\"item\":\"https:\/\/etecnic.bisiestodeveloper.es\/ca\/\"},{\"@type\":\"ListItem\",\"position\":2,\"name\":\"Intel\u00b7lig\u00e8ncia Artificial i dades operatives: El nou paradigma de la fiabilitat en la rec\u00e0rrega el\u00e8ctrica\"}]},{\"@type\":\"WebSite\",\"@id\":\"https:\/\/etecnic.bisiestodeveloper.es\/ca\/#website\",\"url\":\"https:\/\/etecnic.bisiestodeveloper.es\/ca\/\",\"name\":\"Etecnic\",\"description\":\"\",\"publisher\":{\"@id\":\"https:\/\/etecnic.bisiestodeveloper.es\/ca\/#organization\"},\"potentialAction\":[{\"@type\":\"SearchAction\",\"target\":{\"@type\":\"EntryPoint\",\"urlTemplate\":\"https:\/\/etecnic.bisiestodeveloper.es\/ca\/?s={search_term_string}\"},\"query-input\":{\"@type\":\"PropertyValueSpecification\",\"valueRequired\":true,\"valueName\":\"search_term_string\"}}],\"inLanguage\":\"ca\"},{\"@type\":\"Organization\",\"@id\":\"https:\/\/etecnic.bisiestodeveloper.es\/ca\/#organization\",\"name\":\"Etecnic\",\"url\":\"https:\/\/etecnic.bisiestodeveloper.es\/ca\/\",\"logo\":{\"@type\":\"ImageObject\",\"inLanguage\":\"ca\",\"@id\":\"https:\/\/etecnic.bisiestodeveloper.es\/ca\/#\/schema\/logo\/image\/\",\"url\":\"https:\/\/etecnic.bisiestodeveloper.es\/wp-content\/uploads\/2025\/06\/logo-etecnic-blanco.png\",\"contentUrl\":\"https:\/\/etecnic.bisiestodeveloper.es\/wp-content\/uploads\/2025\/06\/logo-etecnic-blanco.png\",\"width\":1000,\"height\":500,\"caption\":\"Etecnic\"},\"image\":{\"@id\":\"https:\/\/etecnic.bisiestodeveloper.es\/ca\/#\/schema\/logo\/image\/\"}},{\"@type\":\"Person\",\"@id\":\"https:\/\/etecnic.bisiestodeveloper.es\/ca\/#\/schema\/person\/0da7a3465710726a5fa6d735b8a7e686\",\"name\":\"anna-etecnic\",\"url\":\"https:\/\/etecnic.bisiestodeveloper.es\/ca\/author\/anna-etecnic\/\"}]}<\/script>\n<!-- \/ Yoast SEO plugin. -->","yoast_head_json":{"title":"Intel\u00b7lig\u00e8ncia artificial en la rec\u00e0rrega el\u00e8ctrica","description":"Descobreix com la intel\u00b7lig\u00e8ncia artificial i les dades operatives ajuden a anticipar fallades i millorar la fiabilitat de la rec\u00e0rrega el\u00e8ctrica.","robots":{"index":"noindex","follow":"follow","max-snippet":"max-snippet:-1","max-image-preview":"max-image-preview:large","max-video-preview":"max-video-preview:-1"},"og_locale":"ca_ES","og_type":"article","og_title":"Intel\u00b7lig\u00e8ncia artificial en la rec\u00e0rrega el\u00e8ctrica","og_description":"Descobreix com la intel\u00b7lig\u00e8ncia artificial i les dades operatives ajuden a anticipar fallades i millorar la fiabilitat de la rec\u00e0rrega el\u00e8ctrica.","og_url":"https:\/\/etecnic.bisiestodeveloper.es\/ca\/esdeveniments\/intel%c2%b7ligencia-artificial-i-dades-operatives-el-nou-paradigma-de-la-fiabilitat-en-la-recarrega-electrica\/","og_site_name":"Etecnic","article_published_time":"2026-07-20T10:10:22+00:00","article_modified_time":"2026-07-28T08:11:43+00:00","og_image":[{"url":"https:\/\/etecnic.bisiestodeveloper.es\/wp-content\/uploads\/2026\/02\/Blog-MOVES-III-700x454.png","type":"","width":"","height":""}],"author":"anna-etecnic","twitter_card":"summary_large_image","twitter_misc":{"Escrit per":"anna-etecnic","Temps estimat de lectura":"3 minuts"},"schema":{"@context":"https:\/\/schema.org","@graph":[{"@type":"Article","@id":"https:\/\/etecnic.bisiestodeveloper.es\/ca\/esdeveniments\/intel%c2%b7ligencia-artificial-i-dades-operatives-el-nou-paradigma-de-la-fiabilitat-en-la-recarrega-electrica\/#article","isPartOf":{"@id":"https:\/\/etecnic.bisiestodeveloper.es\/ca\/esdeveniments\/intel%c2%b7ligencia-artificial-i-dades-operatives-el-nou-paradigma-de-la-fiabilitat-en-la-recarrega-electrica\/"},"author":{"name":"anna-etecnic","@id":"https:\/\/etecnic.bisiestodeveloper.es\/ca\/#\/schema\/person\/0da7a3465710726a5fa6d735b8a7e686"},"headline":"Intel\u00b7lig\u00e8ncia Artificial i dades operatives: El nou paradigma de la fiabilitat en la rec\u00e0rrega el\u00e8ctrica","datePublished":"2026-07-20T10:10:22+00:00","dateModified":"2026-07-28T08:11:43+00:00","mainEntityOfPage":{"@id":"https:\/\/etecnic.bisiestodeveloper.es\/ca\/esdeveniments\/intel%c2%b7ligencia-artificial-i-dades-operatives-el-nou-paradigma-de-la-fiabilitat-en-la-recarrega-electrica\/"},"wordCount":746,"publisher":{"@id":"https:\/\/etecnic.bisiestodeveloper.es\/ca\/#organization"},"image":{"@id":"https:\/\/etecnic.bisiestodeveloper.es\/ca\/esdeveniments\/intel%c2%b7ligencia-artificial-i-dades-operatives-el-nou-paradigma-de-la-fiabilitat-en-la-recarrega-electrica\/#primaryimage"},"thumbnailUrl":"https:\/\/etecnic.bisiestodeveloper.es\/wp-content\/uploads\/2026\/02\/Blog-MOVES-III.png","articleSection":["Esdeveniments","Etecnic","EVcharge","Projectes","Sector"],"inLanguage":"ca"},{"@type":"WebPage","@id":"https:\/\/etecnic.bisiestodeveloper.es\/ca\/esdeveniments\/intel%c2%b7ligencia-artificial-i-dades-operatives-el-nou-paradigma-de-la-fiabilitat-en-la-recarrega-electrica\/","url":"https:\/\/etecnic.bisiestodeveloper.es\/ca\/esdeveniments\/intel%c2%b7ligencia-artificial-i-dades-operatives-el-nou-paradigma-de-la-fiabilitat-en-la-recarrega-electrica\/","name":"Intel\u00b7lig\u00e8ncia artificial en la rec\u00e0rrega el\u00e8ctrica","isPartOf":{"@id":"https:\/\/etecnic.bisiestodeveloper.es\/ca\/#website"},"primaryImageOfPage":{"@id":"https:\/\/etecnic.bisiestodeveloper.es\/ca\/esdeveniments\/intel%c2%b7ligencia-artificial-i-dades-operatives-el-nou-paradigma-de-la-fiabilitat-en-la-recarrega-electrica\/#primaryimage"},"image":{"@id":"https:\/\/etecnic.bisiestodeveloper.es\/ca\/esdeveniments\/intel%c2%b7ligencia-artificial-i-dades-operatives-el-nou-paradigma-de-la-fiabilitat-en-la-recarrega-electrica\/#primaryimage"},"thumbnailUrl":"https:\/\/etecnic.bisiestodeveloper.es\/wp-content\/uploads\/2026\/02\/Blog-MOVES-III.png","datePublished":"2026-07-20T10:10:22+00:00","dateModified":"2026-07-28T08:11:43+00:00","description":"Descobreix com la intel\u00b7lig\u00e8ncia artificial i les dades operatives ajuden a anticipar fallades i millorar la fiabilitat de la rec\u00e0rrega el\u00e8ctrica.","breadcrumb":{"@id":"https:\/\/etecnic.bisiestodeveloper.es\/ca\/esdeveniments\/intel%c2%b7ligencia-artificial-i-dades-operatives-el-nou-paradigma-de-la-fiabilitat-en-la-recarrega-electrica\/#breadcrumb"},"inLanguage":"ca","potentialAction":[{"@type":"ReadAction","target":["https:\/\/etecnic.bisiestodeveloper.es\/ca\/esdeveniments\/intel%c2%b7ligencia-artificial-i-dades-operatives-el-nou-paradigma-de-la-fiabilitat-en-la-recarrega-electrica\/"]}]},{"@type":"ImageObject","inLanguage":"ca","@id":"https:\/\/etecnic.bisiestodeveloper.es\/ca\/esdeveniments\/intel%c2%b7ligencia-artificial-i-dades-operatives-el-nou-paradigma-de-la-fiabilitat-en-la-recarrega-electrica\/#primaryimage","url":"https:\/\/etecnic.bisiestodeveloper.es\/wp-content\/uploads\/2026\/02\/Blog-MOVES-III.png","contentUrl":"https:\/\/etecnic.bisiestodeveloper.es\/wp-content\/uploads\/2026\/02\/Blog-MOVES-III.png","width":1110,"height":720},{"@type":"BreadcrumbList","@id":"https:\/\/etecnic.bisiestodeveloper.es\/ca\/esdeveniments\/intel%c2%b7ligencia-artificial-i-dades-operatives-el-nou-paradigma-de-la-fiabilitat-en-la-recarrega-electrica\/#breadcrumb","itemListElement":[{"@type":"ListItem","position":1,"name":"Portada","item":"https:\/\/etecnic.bisiestodeveloper.es\/ca\/"},{"@type":"ListItem","position":2,"name":"Intel\u00b7lig\u00e8ncia Artificial i dades operatives: El nou paradigma de la fiabilitat en la rec\u00e0rrega el\u00e8ctrica"}]},{"@type":"WebSite","@id":"https:\/\/etecnic.bisiestodeveloper.es\/ca\/#website","url":"https:\/\/etecnic.bisiestodeveloper.es\/ca\/","name":"Etecnic","description":"","publisher":{"@id":"https:\/\/etecnic.bisiestodeveloper.es\/ca\/#organization"},"potentialAction":[{"@type":"SearchAction","target":{"@type":"EntryPoint","urlTemplate":"https:\/\/etecnic.bisiestodeveloper.es\/ca\/?s={search_term_string}"},"query-input":{"@type":"PropertyValueSpecification","valueRequired":true,"valueName":"search_term_string"}}],"inLanguage":"ca"},{"@type":"Organization","@id":"https:\/\/etecnic.bisiestodeveloper.es\/ca\/#organization","name":"Etecnic","url":"https:\/\/etecnic.bisiestodeveloper.es\/ca\/","logo":{"@type":"ImageObject","inLanguage":"ca","@id":"https:\/\/etecnic.bisiestodeveloper.es\/ca\/#\/schema\/logo\/image\/","url":"https:\/\/etecnic.bisiestodeveloper.es\/wp-content\/uploads\/2025\/06\/logo-etecnic-blanco.png","contentUrl":"https:\/\/etecnic.bisiestodeveloper.es\/wp-content\/uploads\/2025\/06\/logo-etecnic-blanco.png","width":1000,"height":500,"caption":"Etecnic"},"image":{"@id":"https:\/\/etecnic.bisiestodeveloper.es\/ca\/#\/schema\/logo\/image\/"}},{"@type":"Person","@id":"https:\/\/etecnic.bisiestodeveloper.es\/ca\/#\/schema\/person\/0da7a3465710726a5fa6d735b8a7e686","name":"anna-etecnic","url":"https:\/\/etecnic.bisiestodeveloper.es\/ca\/author\/anna-etecnic\/"}]}},"_links":{"self":[{"href":"https:\/\/etecnic.bisiestodeveloper.es\/ca\/wp-json\/wp\/v2\/posts\/34613","targetHints":{"allow":["GET"]}}],"collection":[{"href":"https:\/\/etecnic.bisiestodeveloper.es\/ca\/wp-json\/wp\/v2\/posts"}],"about":[{"href":"https:\/\/etecnic.bisiestodeveloper.es\/ca\/wp-json\/wp\/v2\/types\/post"}],"author":[{"embeddable":true,"href":"https:\/\/etecnic.bisiestodeveloper.es\/ca\/wp-json\/wp\/v2\/users\/4"}],"replies":[{"embeddable":true,"href":"https:\/\/etecnic.bisiestodeveloper.es\/ca\/wp-json\/wp\/v2\/comments?post=34613"}],"version-history":[{"count":14,"href":"https:\/\/etecnic.bisiestodeveloper.es\/ca\/wp-json\/wp\/v2\/posts\/34613\/revisions"}],"predecessor-version":[{"id":37529,"href":"https:\/\/etecnic.bisiestodeveloper.es\/ca\/wp-json\/wp\/v2\/posts\/34613\/revisions\/37529"}],"wp:featuredmedia":[{"embeddable":true,"href":"https:\/\/etecnic.bisiestodeveloper.es\/ca\/wp-json\/wp\/v2\/media\/34574"}],"wp:attachment":[{"href":"https:\/\/etecnic.bisiestodeveloper.es\/ca\/wp-json\/wp\/v2\/media?parent=34613"}],"wp:term":[{"taxonomy":"category","embeddable":true,"href":"https:\/\/etecnic.bisiestodeveloper.es\/ca\/wp-json\/wp\/v2\/categories?post=34613"},{"taxonomy":"post_tag","embeddable":true,"href":"https:\/\/etecnic.bisiestodeveloper.es\/ca\/wp-json\/wp\/v2\/tags?post=34613"}],"curies":[{"name":"wp","href":"https:\/\/api.w.org\/{rel}","templated":true}]}}