{"id":34590,"date":"2026-07-20T10:07:30","date_gmt":"2026-07-20T10:07:30","guid":{"rendered":"https:\/\/etecnic.bisiestodeveloper.es\/?p=34590"},"modified":"2026-07-24T09:11:32","modified_gmt":"2026-07-24T09:11:32","slug":"etecnic-participara-en-la-fira-mubil-mobility-expo-2026","status":"publish","type":"post","link":"https:\/\/etecnic.bisiestodeveloper.es\/ca\/esdeveniments\/etecnic-participara-en-la-fira-mubil-mobility-expo-2026\/","title":{"rendered":"Etecnic participar\u00e0 en la fira MUBIL Mobility Expo 2026"},"content":{"rendered":"<p><a href=\"https:\/\/mubilexpo.eus\/\" target=\"_blank\" rel=\"noopener\">MUBIL Mobility Expo<\/a> 2026, es celebra el 25 i 26 de mar\u00e7 a FICOBA, Irun, on Etecnic i EVcharge estaran presents a l&#8217;stand 3-19 H \u2013 Pavell\u00f3 3, al costat d&#8217;<a href=\"https:\/\/aedive.es\/\" target=\"_blank\" rel=\"noopener\">AEDIVE<\/a> (Associaci\u00f3 Empresarial per al Desenvolupament i Impuls de la Mobilitat El\u00e8ctrica).<\/p>\n<p>Etecnic, sota el lema \u00abImpulsem la teva Mobilitat El\u00e8ctrica\u00bb, mostrar\u00e0 als visitants el seu servei 360 en instal\u00b7lacions de punts de rec\u00e0rrega i la seva plataforma l\u00edder de gesti\u00f3 de punts de rec\u00e0rrega EVcharge. A m\u00e9s de la seva novetat, el T\u00f2tem EVcharge.<\/p>\n<h3 data-fontsize=\"22\" data-lineheight=\"24.2px\"><b>MUBIL Mobility Expo 2026, la 5a edici\u00f3 de la fira professional de la ind\u00fastria de la mobilitat sostenible al sud d&#8217;Europa<\/b><\/h3>\n<p>Irun, al recinte Firal de Gipuzkoa \u2013 FICOBA, acull un esdeveniment clau per als professionals en mobilitat sostenible, un sector que abra\u00e7a la neteja, accessibilitat, seguretat i connectivitat. Aquest esdeveniment \u00e9s un f\u00f2rum on es reuneixen l\u00edders tant del sector p\u00fablic com privat. \u00c9s un lloc on s&#8217;aborden els desafiaments actuals i futurs de la mobilitat sostenible, oferint solucions tant industrials com digitals.<\/p>\n<h3 data-fontsize=\"22\" data-lineheight=\"24.2px\"><b>Novetats d&#8217;Etecnic a la fira MUBIL Mobility Expo<\/b><\/h3>\n<p>A la MUBIL Mobility Expo, Etecnic presentar\u00e0 la seva gamma completa de serveis de <strong>mobilitat el\u00e8ctrica<\/strong>, incloent-hi el seu <strong>EVcharge T\u00f2tem<\/strong>. Aquest dispositiu innovador facilita l&#8217;expansi\u00f3 de la mobilitat sostenible en permetre el pagament com a targeta banc\u00e0ria en diferents punts de rec\u00e0rrega, des de semir\u00e0pids fins a ultrar\u00e0pids, de diverses marques i en un sol lloc. Aix\u00f2 assegura la simplicitat i satisfacci\u00f3 de l&#8217;usuari final.<\/p>\n<p>Pots veure el v\u00eddeo de com funciona <a href=\"https:\/\/www.youtube.com\/watch?v=AjO8hsmQIRg\" target=\"_blank\" rel=\"noopener\">aqu\u00ed<\/a>.<\/p>\n<p><iframe title=\"[NOVEDAD] EVcharge T\u00d3TEM - Nuevo sistema de TPV para tus puntos de recarga\" width=\"800\" height=\"450\" src=\"https:\/\/www.youtube.com\/embed\/AjO8hsmQIRg?feature=oembed\" frameborder=\"0\" allow=\"accelerometer; autoplay; clipboard-write; encrypted-media; gyroscope; picture-in-picture; web-share\" referrerpolicy=\"strict-origin-when-cross-origin\" allowfullscreen><\/iframe><\/p>\n<h3 style=\"text-align: center;\" data-fontsize=\"24\" data-lineheight=\"26.4px\"><b>T&#8217;esperem al nostre stand 3-19 H \u2013 Pavell\u00f3 3!<\/b><\/h3>\n<p><a href=\"https:\/\/etecnic.bisiestodeveloper.es\/ca\/projectes\/etecnic-se-consolida-com-3r-operador-de-punts-de-recarrega-en-espanya\/\"><br \/>\n<img fetchpriority=\"high\" decoding=\"async\" src=\"https:\/\/etecnic.bisiestodeveloper.es\/wp-content\/uploads\/2026\/07\/banner-firma-MUBIL-IRUN-2026-feria-ES.png\" alt=\"\" width=\"700\" height=\"200\" \/> <\/a><\/p>\n<h3 data-fontsize=\"26\" data-lineheight=\"28.6px\"><b>Impulsem la teva mobilitat el\u00e8ctrica<\/b><\/h3>\n<p>Etecnic promou la mobilitat el\u00e8ctrica sota l&#8217;esl\u00f2gan \u00abImpulsem la teva mobilitat el\u00e8ctrica\u00bb, enfocant-se a fer accessible aquest tipus de mobilitat i contribuir a un m\u00f3n m\u00e9s sostenible i eco-amigable.<\/p>\n<p>L&#8217;empresa, sota la marca <strong>Etecnic360<\/strong>, proporciona un <strong>servei integral<\/strong> de mobilitat el\u00e8ctrica per a empreses i institucions interessades a instal\u00b7lar estacions de rec\u00e0rrega. Aquest servei inclou des de la consultoria i disseny fins a la instal\u00b7laci\u00f3, operaci\u00f3, facturaci\u00f3, suport continu 24\/7 i manteniment dels punts de rec\u00e0rrega. Un aspecte innovador de les seves estacions de rec\u00e0rrega \u00e9s la inclusi\u00f3 de p\u00e8rgoles fotovoltaiques, les quals produeixen energia rentable local i milloren l&#8217;efici\u00e8ncia energ\u00e8tica. Actualment, Etecnic <strong>gestiona m\u00e9s de 2.000 punts de rec\u00e0rrega<\/strong>.<\/p>\n<p>A m\u00e9s, Etecnic impulsa <strong>EVcharge<\/strong>, una plataforma de programari amb <strong>m\u00e9s de 12.000 punts de rec\u00e0rrega i 1.000.000 d&#8217;usuaris<\/strong> registrats a nivell mundial. Aquesta plataforma destaca per la seva capacitat per gestionar tant xarxes grans com petites de punts de rec\u00e0rrega, i tamb\u00e9 inclou una aplicaci\u00f3 m\u00f2bil (EVcharge App) utilitzada per milers de persones di\u00e0riament. L&#8217;aplicaci\u00f3 permet als usuaris localitzar estacions de rec\u00e0rrega adequades a les seves necessitats espec\u00edfiques com la pot\u00e8ncia, ubicaci\u00f3 i disponibilitat, i els guia fins al punt de rec\u00e0rrega seleccionat.<\/p>\n<h4 data-fontsize=\"20\" data-lineheight=\"22px\"><b>Vine a veure&#8217;ns a l&#8217;stand 3-19 H, pavell\u00f3 3!<\/b><\/h4>\n<p>La inscripci\u00f3 \u00e9s gratu\u00efta, pots sol\u00b7licitar-la a trav\u00e9s de <a href=\"https:\/\/publicalt.xeria.es\/mubil_mobility_expo_2026\/es\/Register\/Register\/visitantes?Invitationguid=\" target=\"_blank\" rel=\"noopener\">la seva p\u00e0gina web<\/a>.<\/p>\n<p><img decoding=\"async\" src=\"https:\/\/etecnic.bisiestodeveloper.es\/wp-content\/uploads\/2026\/07\/Stand-MUBIL-480-x-350-px-2-1400x1021.png\" sizes=\"(max-width: 800px) 100vw, 800px\" srcset=\"https:\/\/etecnic.bisiestodeveloper.es\/wp-content\/uploads\/2026\/07\/Stand-MUBIL-480-x-350-px-2-1400x1021.png 1400w, https:\/\/etecnic.bisiestodeveloper.es\/wp-content\/uploads\/2026\/07\/Stand-MUBIL-480-x-350-px-2-700x511.png 700w, https:\/\/etecnic.bisiestodeveloper.es\/wp-content\/uploads\/2026\/07\/Stand-MUBIL-480-x-350-px-2-768x560.png 768w, https:\/\/etecnic.bisiestodeveloper.es\/wp-content\/uploads\/2026\/07\/Stand-MUBIL-480-x-350-px-2.png 1500w\" alt=\"\" width=\"800\" height=\"583\" \/><\/p>\n","protected":false},"excerpt":{"rendered":"<p>MUBIL Mobility Expo 2026, es celebra el 25 i 26 de mar\u00e7 a FICOBA, Irun, on Etecnic i EVcharge estaran presents a l&#8217;stand 3-19 H \u2013 Pavell\u00f3 3, al costat d&#8217;AEDIVE (Associaci\u00f3 Empresarial per al Desenvolupament i Impuls de la Mobilitat El\u00e8ctrica). Etecnic, sota el lema \u00abImpulsem la teva Mobilitat El\u00e8ctrica\u00bb, mostrar\u00e0 als visitants el [&hellip;]<\/p>\n","protected":false},"author":4,"featured_media":34586,"comment_status":"closed","ping_status":"closed","sticky":false,"template":"","format":"standard","meta":{"footnotes":""},"categories":[230,633,640,420,635],"tags":[],"class_list":["post-34590","post","type-post","status-publish","format-standard","has-post-thumbnail","hentry","category-esdeveniments","category-etecnic_cat","category-evcharge","category-projectes","category-sector"],"yoast_head":"<!-- This site is optimized with the Yoast SEO plugin v26.5 - https:\/\/yoast.com\/wordpress\/plugins\/seo\/ -->\n<title>Etecnic participar\u00e0 en la fira MUBIL Mobility Expo 2026<\/title>\n<meta name=\"description\" content=\"MUBIL Mobility Expo 2026, del 25 i 26 d&#039;abril en FICOBA Irun, Etecnic i EVcharge seran presents en l&#039;estand 3-19 H \u2013 Pavell\u00f3 3\" \/>\n<meta name=\"robots\" content=\"noindex, follow, max-snippet:-1, max-image-preview:large, max-video-preview:-1\" \/>\n<meta property=\"og:locale\" content=\"ca_ES\" \/>\n<meta property=\"og:type\" content=\"article\" \/>\n<meta property=\"og:title\" content=\"Etecnic participar\u00e0 en la fira MUBIL Mobility Expo 2026\" \/>\n<meta property=\"og:description\" content=\"MUBIL Mobility Expo 2026, del 25 i 26 d&#039;abril en FICOBA Irun, Etecnic i EVcharge seran presents en l&#039;estand 3-19 H \u2013 Pavell\u00f3 3\" \/>\n<meta property=\"og:url\" content=\"https:\/\/etecnic.bisiestodeveloper.es\/ca\/esdeveniments\/etecnic-participara-en-la-fira-mubil-mobility-expo-2026\/\" \/>\n<meta property=\"og:site_name\" content=\"Etecnic\" \/>\n<meta property=\"article:published_time\" content=\"2026-07-20T10:07:30+00:00\" \/>\n<meta property=\"article:modified_time\" content=\"2026-07-24T09:11:32+00:00\" \/>\n<meta property=\"og:image\" content=\"https:\/\/etecnic.bisiestodeveloper.es\/wp-content\/uploads\/2026\/07\/Portada-MUBIL-Blog-Etecnic-700x454.png\" \/>\n<meta name=\"author\" content=\"anna-etecnic\" \/>\n<meta name=\"twitter:card\" content=\"summary_large_image\" \/>\n<meta name=\"twitter:label1\" content=\"Escrit per\" \/>\n\t<meta name=\"twitter:data1\" content=\"anna-etecnic\" \/>\n\t<meta name=\"twitter:label2\" content=\"Temps estimat de lectura\" \/>\n\t<meta name=\"twitter:data2\" content=\"3 minuts\" \/>\n<script type=\"application\/ld+json\" class=\"yoast-schema-graph\">{\"@context\":\"https:\/\/schema.org\",\"@graph\":[{\"@type\":\"Article\",\"@id\":\"https:\/\/etecnic.bisiestodeveloper.es\/ca\/esdeveniments\/etecnic-participara-en-la-fira-mubil-mobility-expo-2026\/#article\",\"isPartOf\":{\"@id\":\"https:\/\/etecnic.bisiestodeveloper.es\/ca\/esdeveniments\/etecnic-participara-en-la-fira-mubil-mobility-expo-2026\/\"},\"author\":{\"name\":\"anna-etecnic\",\"@id\":\"https:\/\/etecnic.bisiestodeveloper.es\/ca\/#\/schema\/person\/0da7a3465710726a5fa6d735b8a7e686\"},\"headline\":\"Etecnic participar\u00e0 en la fira MUBIL Mobility Expo 2026\",\"datePublished\":\"2026-07-20T10:07:30+00:00\",\"dateModified\":\"2026-07-24T09:11:32+00:00\",\"mainEntityOfPage\":{\"@id\":\"https:\/\/etecnic.bisiestodeveloper.es\/ca\/esdeveniments\/etecnic-participara-en-la-fira-mubil-mobility-expo-2026\/\"},\"wordCount\":548,\"publisher\":{\"@id\":\"https:\/\/etecnic.bisiestodeveloper.es\/ca\/#organization\"},\"image\":{\"@id\":\"https:\/\/etecnic.bisiestodeveloper.es\/ca\/esdeveniments\/etecnic-participara-en-la-fira-mubil-mobility-expo-2026\/#primaryimage\"},\"thumbnailUrl\":\"https:\/\/etecnic.bisiestodeveloper.es\/wp-content\/uploads\/2026\/07\/Portada-MUBIL-Blog-Etecnic.png\",\"articleSection\":[\"Esdeveniments\",\"Etecnic\",\"EVcharge\",\"Projectes\",\"Sector\"],\"inLanguage\":\"ca\"},{\"@type\":\"WebPage\",\"@id\":\"https:\/\/etecnic.bisiestodeveloper.es\/ca\/esdeveniments\/etecnic-participara-en-la-fira-mubil-mobility-expo-2026\/\",\"url\":\"https:\/\/etecnic.bisiestodeveloper.es\/ca\/esdeveniments\/etecnic-participara-en-la-fira-mubil-mobility-expo-2026\/\",\"name\":\"Etecnic participar\u00e0 en la fira MUBIL Mobility Expo 2026\",\"isPartOf\":{\"@id\":\"https:\/\/etecnic.bisiestodeveloper.es\/ca\/#website\"},\"primaryImageOfPage\":{\"@id\":\"https:\/\/etecnic.bisiestodeveloper.es\/ca\/esdeveniments\/etecnic-participara-en-la-fira-mubil-mobility-expo-2026\/#primaryimage\"},\"image\":{\"@id\":\"https:\/\/etecnic.bisiestodeveloper.es\/ca\/esdeveniments\/etecnic-participara-en-la-fira-mubil-mobility-expo-2026\/#primaryimage\"},\"thumbnailUrl\":\"https:\/\/etecnic.bisiestodeveloper.es\/wp-content\/uploads\/2026\/07\/Portada-MUBIL-Blog-Etecnic.png\",\"datePublished\":\"2026-07-20T10:07:30+00:00\",\"dateModified\":\"2026-07-24T09:11:32+00:00\",\"description\":\"MUBIL Mobility Expo 2026, del 25 i 26 d'abril en FICOBA Irun, Etecnic i EVcharge seran presents en l'estand 3-19 H \u2013 Pavell\u00f3 3\",\"breadcrumb\":{\"@id\":\"https:\/\/etecnic.bisiestodeveloper.es\/ca\/esdeveniments\/etecnic-participara-en-la-fira-mubil-mobility-expo-2026\/#breadcrumb\"},\"inLanguage\":\"ca\",\"potentialAction\":[{\"@type\":\"ReadAction\",\"target\":[\"https:\/\/etecnic.bisiestodeveloper.es\/ca\/esdeveniments\/etecnic-participara-en-la-fira-mubil-mobility-expo-2026\/\"]}]},{\"@type\":\"ImageObject\",\"inLanguage\":\"ca\",\"@id\":\"https:\/\/etecnic.bisiestodeveloper.es\/ca\/esdeveniments\/etecnic-participara-en-la-fira-mubil-mobility-expo-2026\/#primaryimage\",\"url\":\"https:\/\/etecnic.bisiestodeveloper.es\/wp-content\/uploads\/2026\/07\/Portada-MUBIL-Blog-Etecnic.png\",\"contentUrl\":\"https:\/\/etecnic.bisiestodeveloper.es\/wp-content\/uploads\/2026\/07\/Portada-MUBIL-Blog-Etecnic.png\",\"width\":1110,\"height\":720},{\"@type\":\"BreadcrumbList\",\"@id\":\"https:\/\/etecnic.bisiestodeveloper.es\/ca\/esdeveniments\/etecnic-participara-en-la-fira-mubil-mobility-expo-2026\/#breadcrumb\",\"itemListElement\":[{\"@type\":\"ListItem\",\"position\":1,\"name\":\"Portada\",\"item\":\"https:\/\/etecnic.bisiestodeveloper.es\/ca\/\"},{\"@type\":\"ListItem\",\"position\":2,\"name\":\"Etecnic participar\u00e0 en la fira MUBIL Mobility Expo 2026\"}]},{\"@type\":\"WebSite\",\"@id\":\"https:\/\/etecnic.bisiestodeveloper.es\/ca\/#website\",\"url\":\"https:\/\/etecnic.bisiestodeveloper.es\/ca\/\",\"name\":\"Etecnic\",\"description\":\"\",\"publisher\":{\"@id\":\"https:\/\/etecnic.bisiestodeveloper.es\/ca\/#organization\"},\"potentialAction\":[{\"@type\":\"SearchAction\",\"target\":{\"@type\":\"EntryPoint\",\"urlTemplate\":\"https:\/\/etecnic.bisiestodeveloper.es\/ca\/?s={search_term_string}\"},\"query-input\":{\"@type\":\"PropertyValueSpecification\",\"valueRequired\":true,\"valueName\":\"search_term_string\"}}],\"inLanguage\":\"ca\"},{\"@type\":\"Organization\",\"@id\":\"https:\/\/etecnic.bisiestodeveloper.es\/ca\/#organization\",\"name\":\"Etecnic\",\"url\":\"https:\/\/etecnic.bisiestodeveloper.es\/ca\/\",\"logo\":{\"@type\":\"ImageObject\",\"inLanguage\":\"ca\",\"@id\":\"https:\/\/etecnic.bisiestodeveloper.es\/ca\/#\/schema\/logo\/image\/\",\"url\":\"https:\/\/etecnic.bisiestodeveloper.es\/wp-content\/uploads\/2025\/06\/logo-etecnic-blanco.png\",\"contentUrl\":\"https:\/\/etecnic.bisiestodeveloper.es\/wp-content\/uploads\/2025\/06\/logo-etecnic-blanco.png\",\"width\":1000,\"height\":500,\"caption\":\"Etecnic\"},\"image\":{\"@id\":\"https:\/\/etecnic.bisiestodeveloper.es\/ca\/#\/schema\/logo\/image\/\"}},{\"@type\":\"Person\",\"@id\":\"https:\/\/etecnic.bisiestodeveloper.es\/ca\/#\/schema\/person\/0da7a3465710726a5fa6d735b8a7e686\",\"name\":\"anna-etecnic\",\"url\":\"https:\/\/etecnic.bisiestodeveloper.es\/ca\/author\/anna-etecnic\/\"}]}<\/script>\n<!-- \/ Yoast SEO plugin. -->","yoast_head_json":{"title":"Etecnic participar\u00e0 en la fira MUBIL Mobility Expo 2026","description":"MUBIL Mobility Expo 2026, del 25 i 26 d'abril en FICOBA Irun, Etecnic i EVcharge seran presents en l'estand 3-19 H \u2013 Pavell\u00f3 3","robots":{"index":"noindex","follow":"follow","max-snippet":"max-snippet:-1","max-image-preview":"max-image-preview:large","max-video-preview":"max-video-preview:-1"},"og_locale":"ca_ES","og_type":"article","og_title":"Etecnic participar\u00e0 en la fira MUBIL Mobility Expo 2026","og_description":"MUBIL Mobility Expo 2026, del 25 i 26 d'abril en FICOBA Irun, Etecnic i EVcharge seran presents en l'estand 3-19 H \u2013 Pavell\u00f3 3","og_url":"https:\/\/etecnic.bisiestodeveloper.es\/ca\/esdeveniments\/etecnic-participara-en-la-fira-mubil-mobility-expo-2026\/","og_site_name":"Etecnic","article_published_time":"2026-07-20T10:07:30+00:00","article_modified_time":"2026-07-24T09:11:32+00:00","og_image":[{"url":"https:\/\/etecnic.bisiestodeveloper.es\/wp-content\/uploads\/2026\/07\/Portada-MUBIL-Blog-Etecnic-700x454.png","type":"","width":"","height":""}],"author":"anna-etecnic","twitter_card":"summary_large_image","twitter_misc":{"Escrit per":"anna-etecnic","Temps estimat de lectura":"3 minuts"},"schema":{"@context":"https:\/\/schema.org","@graph":[{"@type":"Article","@id":"https:\/\/etecnic.bisiestodeveloper.es\/ca\/esdeveniments\/etecnic-participara-en-la-fira-mubil-mobility-expo-2026\/#article","isPartOf":{"@id":"https:\/\/etecnic.bisiestodeveloper.es\/ca\/esdeveniments\/etecnic-participara-en-la-fira-mubil-mobility-expo-2026\/"},"author":{"name":"anna-etecnic","@id":"https:\/\/etecnic.bisiestodeveloper.es\/ca\/#\/schema\/person\/0da7a3465710726a5fa6d735b8a7e686"},"headline":"Etecnic participar\u00e0 en la fira MUBIL Mobility Expo 2026","datePublished":"2026-07-20T10:07:30+00:00","dateModified":"2026-07-24T09:11:32+00:00","mainEntityOfPage":{"@id":"https:\/\/etecnic.bisiestodeveloper.es\/ca\/esdeveniments\/etecnic-participara-en-la-fira-mubil-mobility-expo-2026\/"},"wordCount":548,"publisher":{"@id":"https:\/\/etecnic.bisiestodeveloper.es\/ca\/#organization"},"image":{"@id":"https:\/\/etecnic.bisiestodeveloper.es\/ca\/esdeveniments\/etecnic-participara-en-la-fira-mubil-mobility-expo-2026\/#primaryimage"},"thumbnailUrl":"https:\/\/etecnic.bisiestodeveloper.es\/wp-content\/uploads\/2026\/07\/Portada-MUBIL-Blog-Etecnic.png","articleSection":["Esdeveniments","Etecnic","EVcharge","Projectes","Sector"],"inLanguage":"ca"},{"@type":"WebPage","@id":"https:\/\/etecnic.bisiestodeveloper.es\/ca\/esdeveniments\/etecnic-participara-en-la-fira-mubil-mobility-expo-2026\/","url":"https:\/\/etecnic.bisiestodeveloper.es\/ca\/esdeveniments\/etecnic-participara-en-la-fira-mubil-mobility-expo-2026\/","name":"Etecnic participar\u00e0 en la fira MUBIL Mobility Expo 2026","isPartOf":{"@id":"https:\/\/etecnic.bisiestodeveloper.es\/ca\/#website"},"primaryImageOfPage":{"@id":"https:\/\/etecnic.bisiestodeveloper.es\/ca\/esdeveniments\/etecnic-participara-en-la-fira-mubil-mobility-expo-2026\/#primaryimage"},"image":{"@id":"https:\/\/etecnic.bisiestodeveloper.es\/ca\/esdeveniments\/etecnic-participara-en-la-fira-mubil-mobility-expo-2026\/#primaryimage"},"thumbnailUrl":"https:\/\/etecnic.bisiestodeveloper.es\/wp-content\/uploads\/2026\/07\/Portada-MUBIL-Blog-Etecnic.png","datePublished":"2026-07-20T10:07:30+00:00","dateModified":"2026-07-24T09:11:32+00:00","description":"MUBIL Mobility Expo 2026, del 25 i 26 d'abril en FICOBA Irun, Etecnic i EVcharge seran presents en l'estand 3-19 H \u2013 Pavell\u00f3 3","breadcrumb":{"@id":"https:\/\/etecnic.bisiestodeveloper.es\/ca\/esdeveniments\/etecnic-participara-en-la-fira-mubil-mobility-expo-2026\/#breadcrumb"},"inLanguage":"ca","potentialAction":[{"@type":"ReadAction","target":["https:\/\/etecnic.bisiestodeveloper.es\/ca\/esdeveniments\/etecnic-participara-en-la-fira-mubil-mobility-expo-2026\/"]}]},{"@type":"ImageObject","inLanguage":"ca","@id":"https:\/\/etecnic.bisiestodeveloper.es\/ca\/esdeveniments\/etecnic-participara-en-la-fira-mubil-mobility-expo-2026\/#primaryimage","url":"https:\/\/etecnic.bisiestodeveloper.es\/wp-content\/uploads\/2026\/07\/Portada-MUBIL-Blog-Etecnic.png","contentUrl":"https:\/\/etecnic.bisiestodeveloper.es\/wp-content\/uploads\/2026\/07\/Portada-MUBIL-Blog-Etecnic.png","width":1110,"height":720},{"@type":"BreadcrumbList","@id":"https:\/\/etecnic.bisiestodeveloper.es\/ca\/esdeveniments\/etecnic-participara-en-la-fira-mubil-mobility-expo-2026\/#breadcrumb","itemListElement":[{"@type":"ListItem","position":1,"name":"Portada","item":"https:\/\/etecnic.bisiestodeveloper.es\/ca\/"},{"@type":"ListItem","position":2,"name":"Etecnic participar\u00e0 en la fira MUBIL Mobility Expo 2026"}]},{"@type":"WebSite","@id":"https:\/\/etecnic.bisiestodeveloper.es\/ca\/#website","url":"https:\/\/etecnic.bisiestodeveloper.es\/ca\/","name":"Etecnic","description":"","publisher":{"@id":"https:\/\/etecnic.bisiestodeveloper.es\/ca\/#organization"},"potentialAction":[{"@type":"SearchAction","target":{"@type":"EntryPoint","urlTemplate":"https:\/\/etecnic.bisiestodeveloper.es\/ca\/?s={search_term_string}"},"query-input":{"@type":"PropertyValueSpecification","valueRequired":true,"valueName":"search_term_string"}}],"inLanguage":"ca"},{"@type":"Organization","@id":"https:\/\/etecnic.bisiestodeveloper.es\/ca\/#organization","name":"Etecnic","url":"https:\/\/etecnic.bisiestodeveloper.es\/ca\/","logo":{"@type":"ImageObject","inLanguage":"ca","@id":"https:\/\/etecnic.bisiestodeveloper.es\/ca\/#\/schema\/logo\/image\/","url":"https:\/\/etecnic.bisiestodeveloper.es\/wp-content\/uploads\/2025\/06\/logo-etecnic-blanco.png","contentUrl":"https:\/\/etecnic.bisiestodeveloper.es\/wp-content\/uploads\/2025\/06\/logo-etecnic-blanco.png","width":1000,"height":500,"caption":"Etecnic"},"image":{"@id":"https:\/\/etecnic.bisiestodeveloper.es\/ca\/#\/schema\/logo\/image\/"}},{"@type":"Person","@id":"https:\/\/etecnic.bisiestodeveloper.es\/ca\/#\/schema\/person\/0da7a3465710726a5fa6d735b8a7e686","name":"anna-etecnic","url":"https:\/\/etecnic.bisiestodeveloper.es\/ca\/author\/anna-etecnic\/"}]}},"_links":{"self":[{"href":"https:\/\/etecnic.bisiestodeveloper.es\/ca\/wp-json\/wp\/v2\/posts\/34590","targetHints":{"allow":["GET"]}}],"collection":[{"href":"https:\/\/etecnic.bisiestodeveloper.es\/ca\/wp-json\/wp\/v2\/posts"}],"about":[{"href":"https:\/\/etecnic.bisiestodeveloper.es\/ca\/wp-json\/wp\/v2\/types\/post"}],"author":[{"embeddable":true,"href":"https:\/\/etecnic.bisiestodeveloper.es\/ca\/wp-json\/wp\/v2\/users\/4"}],"replies":[{"embeddable":true,"href":"https:\/\/etecnic.bisiestodeveloper.es\/ca\/wp-json\/wp\/v2\/comments?post=34590"}],"version-history":[{"count":3,"href":"https:\/\/etecnic.bisiestodeveloper.es\/ca\/wp-json\/wp\/v2\/posts\/34590\/revisions"}],"predecessor-version":[{"id":37245,"href":"https:\/\/etecnic.bisiestodeveloper.es\/ca\/wp-json\/wp\/v2\/posts\/34590\/revisions\/37245"}],"wp:featuredmedia":[{"embeddable":true,"href":"https:\/\/etecnic.bisiestodeveloper.es\/ca\/wp-json\/wp\/v2\/media\/34586"}],"wp:attachment":[{"href":"https:\/\/etecnic.bisiestodeveloper.es\/ca\/wp-json\/wp\/v2\/media?parent=34590"}],"wp:term":[{"taxonomy":"category","embeddable":true,"href":"https:\/\/etecnic.bisiestodeveloper.es\/ca\/wp-json\/wp\/v2\/categories?post=34590"},{"taxonomy":"post_tag","embeddable":true,"href":"https:\/\/etecnic.bisiestodeveloper.es\/ca\/wp-json\/wp\/v2\/tags?post=34590"}],"curies":[{"name":"wp","href":"https:\/\/api.w.org\/{rel}","templated":true}]}}