{"id":34303,"date":"2021-03-09T11:40:31","date_gmt":"2021-03-09T11:40:31","guid":{"rendered":"https:\/\/etecnic.bisiestodeveloper.es\/uncategorized\/ports-de-la-generalitat-ultima-la-posada-en-marxa-de-14-punts-de-recarrega-per-a-vehicles-electrics\/"},"modified":"2026-07-24T09:07:08","modified_gmt":"2026-07-24T09:07:08","slug":"ports-de-la-generalitat-ultima-la-posada-en-marxa-de-14-punts-de-recarrega-per-a-vehicles-electrics","status":"publish","type":"post","link":"https:\/\/etecnic.bisiestodeveloper.es\/ca\/projectes\/ports-de-la-generalitat-ultima-la-posada-en-marxa-de-14-punts-de-recarrega-per-a-vehicles-electrics\/","title":{"rendered":"Ports de la Generalitat ultima la posada en marxa de 14 punts de rec\u00e0rrega per a vehicles el\u00e8ctrics"},"content":{"rendered":"<h2>14 punts de rec\u00e0rrega a diferents Ports de la Generalitat permetran rec\u00f3rrer la costa catalana de punta a punta amb vehicle el\u00e8ctric.<\/h2>\n<p><a href=\"https:\/\/ports.gencat.cat\/\"><strong>Ports de la Generalitat<\/strong><\/a> ha finalitzat recentment l&#8217;execuci\u00f3 del projecte d&#8217;<strong>instal\u00b7laci\u00f3 i posada en marxa de 14 punts de rec\u00e0rrega per a vehicles el\u00e8ctrics.<\/strong> <a href=\"https:\/\/etecnic.bisiestodeveloper.es\/ca\/sin-categoria\/etecnic-energy-mobility-sadjudica-la-licitacio-per-a-instal%c2%b7lar-punts-de-recarrega-de-vehicle-electric-als-ports-de-la-generalitat\/\">Adjudicat a Etecnic el novembre de 2019<\/a>, t\u00e9 per objectiu <strong>fomentar la mobilitat sostenible i oferir un servei de qualitat a la ciutadania<\/strong>. El passat dimecres 1 de juliol es van posar en marxa els primers carregadors a les Terres de l&#8217;Ebre. Fan refer\u00e8ncia a l&#8217;Ametlla de Mar, l&#8217;Ampolla, Deltebre, les Cases d&#8217;Alcanar i Sant Carles de la R\u00e0pita.<\/p>\n<p>Aquesta mateixa setmana tamb\u00e9 s&#8217;ha inaugurat el punt de rec\u00e0rrega r\u00e0pida del Port de Vilanova i la Geltr\u00fa. Una inauguraci\u00f3 que ha comptat amb la pres\u00e8ncia del conseller de Territori i Sostenibilitat, Dami\u00e0 Calvet, el secretari d&#8217;Infraestructures de la Generalitat, Isidre Gav\u00edn, i el director general de <strong>Ports de la Generalitat<\/strong>, Joan Pere G\u00f3mez.<\/p>\n<p style=\"text-align: center;\"><a href=\"https:\/\/etecnic.es\/wp-content\/uploads\/2021\/03\/Port-Sant-Carles-de-la-R\u00e0pita-1536x1152-1.jpeg\"><img fetchpriority=\"high\" decoding=\"async\" class=\"wp-image-12755 size-large aligncenter\" src=\"https:\/\/etecnic.es\/wp-content\/uploads\/2021\/03\/Port-Sant-Carles-de-la-R\u00e0pita-1536x1152-1-1024x768.jpeg\" alt=\"\" width=\"1024\" height=\"768\" \/><\/a><\/p>\n<p style=\"text-align: center;\">Port de Sant Carles de la R\u00e0pita<\/p>\n<h2>L&#8217;aposta de Ports per la mobilitat sostenible, en clau municipal i de pa\u00eds<\/h2>\n<p>Des d&#8217;un inici, <strong>Ports de la Generalitat<\/strong> ha treballat a partir de dues l\u00ednies d&#8217;actuaci\u00f3, en clau municipalista i de pa\u00eds, a trav\u00e9s de la <strong>instal\u00b7laci\u00f3 de punts de rec\u00e0rrega<\/strong> i el <strong>foment de la mobilitat el\u00e8ctrica i sostenible<\/strong>:<\/p>\n<ul>\n<li><strong>Obrir cada port als municipis<\/strong> on estan ubicats per donar un servei a la ciutadania i contribuir a la transformaci\u00f3 del model de mobilitat. A m\u00e9s d&#8217;ajudar a disminuir els gasos d&#8217;efecte hivernacle, la contaminaci\u00f3 ac\u00fastica i l&#8217;impacte ambiental.<\/li>\n<li><strong>Instal\u00b7lar punts de rec\u00e0rrega en 14 ports de la Generalitat en ubicacions estrat\u00e8giques. <\/strong>De tal manera que es pugui rec\u00f3rrer amb garanties la costa catalana de punta a punta en cotxe el\u00e8ctric.<\/li>\n<\/ul>\n<p>L&#8217;aposta per la instal\u00b7laci\u00f3 d&#8217;aquests equips s&#8217;ha de llegir en clau estrat\u00e8gica. Alineada amb el <a href=\"http:\/\/icaen.gencat.cat\/es\/plans_programes\/pirvec\/index.html\"><strong>Pla Estrat\u00e8gic per al desenvolupament de rec\u00e0rrega del vehicle el\u00e8ctric de Catalunya (PIRVEC 2016-2019)<\/strong><\/a> impulsat per l&#8217;<strong>ICAEN. <\/strong>En el qual <strong>Etecnic ha estat seleccionat per executar la majoria d&#8217;instal\u00b7lacions del territori.<\/strong> S&#8217;emmarca \u201ccom a mesura de transici\u00f3 energ\u00e8tica dins de la declaraci\u00f3 d&#8217;emerg\u00e8ncia clim\u00e0tica feta pel govern catal\u00e0.\u201d La meta, doncs, \u00e9s convertir Catalunya en un territori atractiu per als usuaris de vehicles el\u00e8ctrics gr\u00e0cies a una estructura de rec\u00e0rrega p\u00fablica s\u00f2lida i molt distribu\u00efda.<\/p>\n<h2>14 ubicacions, 14 estacions<\/h2>\n<p>El projecte ha estat dissenyat distribuint les estacions de c\u00e0rrega en <strong>14 Ports de la Generalitat<\/strong> que <strong>permeten rec\u00f3rrer la costa de punta a punta en vehicle el\u00e8ctric<\/strong> garantint l&#8217;autonomia en tot moment.<\/p>\n<p>Comen\u00e7ant pel nord, els punts de rec\u00e0rrega s&#8217;ubiquen als ports <strong>de Llan\u00e7\u00e0, el Port de la Selva, Roses, l&#8217;Escala, Palam\u00f3s, Sant Feliu de Gu\u00edxols, Blanes, Arenys de Mar, Vilanova i la Geltr\u00fa, l&#8217;Ametlla de Mar, l&#8217;Ampolla, Deltebre, Sant Carles de la R\u00e0pita i les Cases d&#8217;Alcanar.<\/strong><\/p>\n<p><strong>3 de les ubicacions compten amb punts de rec\u00e0rrega r\u00e0pida. Com s\u00f3n el port de Palam\u00f3s, Vilanova i la Geltr\u00fa i Sant Carles de la R\u00e0pita. Els carregadors permeten carregar la bateria de 2 vehicles de forma simult\u00e0nia en un temps aproximat de 20 minuts. Tamb\u00e9 s&#8217;ofereix la possibilitat de carregar en corrent continu a 50 kW o amb corrent altern a 43 kW.<\/strong><\/p>\n<p><strong>11 de els ports compten amb punts de rec\u00e0rrega semir\u00e0pida. \u00c9s una opci\u00f3 que permet carregar els vehicles en un temps aproximat de 3 hores amb una pot\u00e8ncia de corrent altern de 22 kW.<\/strong> Es tracta de Llan\u00e7\u00e0, el Port de la Selva, Roses, l&#8217;Escala, Sant Feliu de Gu\u00edxols, Blanes, Arenys de Mar, l&#8217;Ametlla de Mar, l&#8217;Ampolla, Deltebre i les Cases d&#8217;Alcanar.<\/p>\n<p>Aquestes estacions s&#8217;ubiquen en vies p\u00fabliques senyalitzades i con acc\u00e9s garantit per a usuaris de qualsevol classe de vehicle el\u00e8ctric. Per fer-ne \u00fas, els usuaris nom\u00e9s necessiten descarregar-se l&#8217;aplicaci\u00f3 m\u00f2bil<strong> EVCharge<\/strong> o, si no, disposar de la<strong> targeta RFID<\/strong> d&#8217;algun dels municipis que formen part de l&#8217;alian\u00e7a dels municipis per la interoperabilitat.<\/p>\n<p style=\"text-align: center;\"><a href=\"https:\/\/etecnic.es\/wp-content\/uploads\/2021\/03\/Port-Vilanova-i-la-Geltr\u00fa8-1152x1536-1.jpeg\"><img decoding=\"async\" class=\"size-large wp-image-12759 aligncenter\" src=\"https:\/\/etecnic.es\/wp-content\/uploads\/2021\/03\/Port-Vilanova-i-la-Geltr\u00fa8-1152x1536-1-768x1024.jpeg\" alt=\"\" width=\"768\" height=\"1024\" \/><\/a><\/p>\n<p style=\"text-align: center;\">Inauguraci\u00f3 del punt de rec\u00e0rrega r\u00e0pida del port de Vilanova i la Geltr\u00fa<\/p>\n<h2>Una contribuci\u00f3 necess\u00e0ria a la transici\u00f3 energ\u00e8tica i a l&#8217;emerg\u00e8ncia clim\u00e0tica<\/h2>\n<p>\u00c9s un moment en qu\u00e8 l&#8217;emerg\u00e8ncia de la lluita contra el canvi clim\u00e0tic \u00e9s a l&#8217;agenda global. Per aix\u00f2, des d&#8217;<strong>Etecnic<\/strong> celebrem l&#8217;aposta de <strong>Ports de la Generalitat<\/strong> d&#8217;executar aquest projecte. Una continuaci\u00f3 de la l\u00ednia de treball que duu a terme la <strong>Generalitat<\/strong> a trav\u00e9s de l&#8217;<strong>ICAEN<\/strong> durant els darrers anys.<\/p>\n<p>Establerta ja en la nova llei de Ports i el nou pla de Ports, (materialitzada en el <a href=\"https:\/\/ports.gencat.cat\/wp-content\/uploads\/2019\/02\/Paif_2019_2022_1a_part.pdf\"><strong>Pla d&#8217;inversions 2019-2022 de Ports de la Generalitat<\/strong><\/a>) es tracta d&#8217;un pas m\u00e9s que permet ampliar el projecte de la <a href=\"https:\/\/xarxarecarrega.icaen.gencat.cat\/ICAEN\/\">Xarxa R\u00e0pida Cat.<\/a> A m\u00e9s de lluitar contra l&#8217;emerg\u00e8ncia clim\u00e0tica decretada al pa\u00eds i convertir Catalunya en un dels territoris europeus amb una xarxa p\u00fablica de rec\u00e0rrega m\u00e9s s\u00f2lida, \u00e0mplia i envejable. A m\u00e9s, es contribueix, entre d&#8217;altres iniciatives, a la transici\u00f3 energ\u00e8tica i a la possibilitat de minimitzar cada vegada m\u00e9s els efectes dels combustibles f\u00f2ssils derivats de la mobilitat del parc de vehicles de combusti\u00f3.<\/p>\n","protected":false},"excerpt":{"rendered":"<p>14 punts de rec\u00e0rrega a diferents Ports de la Generalitat permetran rec\u00f3rrer la costa catalana de punta a punta amb vehicle el\u00e8ctric. Ports de la Generalitat ha finalitzat recentment l&#8217;execuci\u00f3 del projecte d&#8217;instal\u00b7laci\u00f3 i posada en marxa de 14 punts de rec\u00e0rrega per a vehicles el\u00e8ctrics. Adjudicat a Etecnic el novembre de 2019, t\u00e9 per [&hellip;]<\/p>\n","protected":false},"author":3,"featured_media":34302,"comment_status":"closed","ping_status":"closed","sticky":false,"template":"","format":"standard","meta":{"footnotes":""},"categories":[627,420],"tags":[316],"class_list":["post-34303","post","type-post","status-publish","format-standard","has-post-thumbnail","hentry","category-actualitat","category-projectes","tag-ports-de-la-generalitat"],"yoast_head":"<!-- This site is optimized with the Yoast SEO plugin v26.5 - https:\/\/yoast.com\/wordpress\/plugins\/seo\/ -->\n<title>Ports de la Generalitat ultima la posada en marxa de 14 punts de rec\u00e0rrega per a vehicles el\u00e8ctrics<\/title>\n<meta name=\"description\" content=\"Ports de la Generalitat ultima la puesta en marcha de 14 puntos de recarga que permitir\u00e1n recorrer la costa catalana de punta a punta con veh\u00edculo el\u00e9ctrico.\" \/>\n<meta name=\"robots\" content=\"noindex, follow, max-snippet:-1, max-image-preview:large, max-video-preview:-1\" \/>\n<meta property=\"og:locale\" content=\"ca_ES\" \/>\n<meta property=\"og:type\" content=\"article\" \/>\n<meta property=\"og:title\" content=\"Ports de la Generalitat ultima la posada en marxa de 14 punts de rec\u00e0rrega per a vehicles el\u00e8ctrics\" \/>\n<meta property=\"og:description\" content=\"Ports de la Generalitat ultima la puesta en marcha de 14 puntos de recarga que permitir\u00e1n recorrer la costa catalana de punta a punta con veh\u00edculo el\u00e9ctrico.\" \/>\n<meta property=\"og:url\" content=\"https:\/\/etecnic.bisiestodeveloper.es\/ca\/projectes\/ports-de-la-generalitat-ultima-la-posada-en-marxa-de-14-punts-de-recarrega-per-a-vehicles-electrics\/\" \/>\n<meta property=\"og:site_name\" content=\"Etecnic\" \/>\n<meta property=\"article:published_time\" content=\"2021-03-09T11:40:31+00:00\" \/>\n<meta property=\"article:modified_time\" content=\"2026-07-24T09:07:08+00:00\" \/>\n<meta property=\"og:image\" content=\"https:\/\/etecnic.bisiestodeveloper.es\/wp-content\/uploads\/2021\/03\/Port-Vilanova-i-la-Geltru11.jpg\" \/>\n\t<meta property=\"og:image:width\" content=\"1024\" \/>\n\t<meta property=\"og:image:height\" content=\"768\" \/>\n\t<meta property=\"og:image:type\" content=\"image\/jpeg\" \/>\n<meta name=\"author\" content=\"etecnic\" \/>\n<meta name=\"twitter:card\" content=\"summary_large_image\" \/>\n<meta name=\"twitter:label1\" content=\"Escrit per\" \/>\n\t<meta name=\"twitter:data1\" content=\"etecnic\" \/>\n\t<meta name=\"twitter:label2\" content=\"Temps estimat de lectura\" \/>\n\t<meta name=\"twitter:data2\" content=\"4 minuts\" \/>\n<script type=\"application\/ld+json\" class=\"yoast-schema-graph\">{\"@context\":\"https:\/\/schema.org\",\"@graph\":[{\"@type\":\"Article\",\"@id\":\"https:\/\/etecnic.bisiestodeveloper.es\/ca\/projectes\/ports-de-la-generalitat-ultima-la-posada-en-marxa-de-14-punts-de-recarrega-per-a-vehicles-electrics\/#article\",\"isPartOf\":{\"@id\":\"https:\/\/etecnic.bisiestodeveloper.es\/ca\/projectes\/ports-de-la-generalitat-ultima-la-posada-en-marxa-de-14-punts-de-recarrega-per-a-vehicles-electrics\/\"},\"author\":{\"name\":\"etecnic\",\"@id\":\"https:\/\/etecnic.bisiestodeveloper.es\/ca\/#\/schema\/person\/dd1bd24ce2934073e648829317e35ba7\"},\"headline\":\"Ports de la Generalitat ultima la posada en marxa de 14 punts de rec\u00e0rrega per a vehicles el\u00e8ctrics\",\"datePublished\":\"2021-03-09T11:40:31+00:00\",\"dateModified\":\"2026-07-24T09:07:08+00:00\",\"mainEntityOfPage\":{\"@id\":\"https:\/\/etecnic.bisiestodeveloper.es\/ca\/projectes\/ports-de-la-generalitat-ultima-la-posada-en-marxa-de-14-punts-de-recarrega-per-a-vehicles-electrics\/\"},\"wordCount\":961,\"publisher\":{\"@id\":\"https:\/\/etecnic.bisiestodeveloper.es\/ca\/#organization\"},\"image\":{\"@id\":\"https:\/\/etecnic.bisiestodeveloper.es\/ca\/projectes\/ports-de-la-generalitat-ultima-la-posada-en-marxa-de-14-punts-de-recarrega-per-a-vehicles-electrics\/#primaryimage\"},\"thumbnailUrl\":\"https:\/\/etecnic.bisiestodeveloper.es\/wp-content\/uploads\/2021\/03\/Port-Vilanova-i-la-Geltru11.jpg\",\"keywords\":[\"Ports de la Generalitat\"],\"articleSection\":[\"Actualitat\",\"Projectes\"],\"inLanguage\":\"ca\"},{\"@type\":\"WebPage\",\"@id\":\"https:\/\/etecnic.bisiestodeveloper.es\/ca\/projectes\/ports-de-la-generalitat-ultima-la-posada-en-marxa-de-14-punts-de-recarrega-per-a-vehicles-electrics\/\",\"url\":\"https:\/\/etecnic.bisiestodeveloper.es\/ca\/projectes\/ports-de-la-generalitat-ultima-la-posada-en-marxa-de-14-punts-de-recarrega-per-a-vehicles-electrics\/\",\"name\":\"Ports de la Generalitat ultima la posada en marxa de 14 punts de rec\u00e0rrega per a vehicles el\u00e8ctrics\",\"isPartOf\":{\"@id\":\"https:\/\/etecnic.bisiestodeveloper.es\/ca\/#website\"},\"primaryImageOfPage\":{\"@id\":\"https:\/\/etecnic.bisiestodeveloper.es\/ca\/projectes\/ports-de-la-generalitat-ultima-la-posada-en-marxa-de-14-punts-de-recarrega-per-a-vehicles-electrics\/#primaryimage\"},\"image\":{\"@id\":\"https:\/\/etecnic.bisiestodeveloper.es\/ca\/projectes\/ports-de-la-generalitat-ultima-la-posada-en-marxa-de-14-punts-de-recarrega-per-a-vehicles-electrics\/#primaryimage\"},\"thumbnailUrl\":\"https:\/\/etecnic.bisiestodeveloper.es\/wp-content\/uploads\/2021\/03\/Port-Vilanova-i-la-Geltru11.jpg\",\"datePublished\":\"2021-03-09T11:40:31+00:00\",\"dateModified\":\"2026-07-24T09:07:08+00:00\",\"description\":\"Ports de la Generalitat ultima la puesta en marcha de 14 puntos de recarga que permitir\u00e1n recorrer la costa catalana de punta a punta con veh\u00edculo el\u00e9ctrico.\",\"breadcrumb\":{\"@id\":\"https:\/\/etecnic.bisiestodeveloper.es\/ca\/projectes\/ports-de-la-generalitat-ultima-la-posada-en-marxa-de-14-punts-de-recarrega-per-a-vehicles-electrics\/#breadcrumb\"},\"inLanguage\":\"ca\",\"potentialAction\":[{\"@type\":\"ReadAction\",\"target\":[\"https:\/\/etecnic.bisiestodeveloper.es\/ca\/projectes\/ports-de-la-generalitat-ultima-la-posada-en-marxa-de-14-punts-de-recarrega-per-a-vehicles-electrics\/\"]}]},{\"@type\":\"ImageObject\",\"inLanguage\":\"ca\",\"@id\":\"https:\/\/etecnic.bisiestodeveloper.es\/ca\/projectes\/ports-de-la-generalitat-ultima-la-posada-en-marxa-de-14-punts-de-recarrega-per-a-vehicles-electrics\/#primaryimage\",\"url\":\"https:\/\/etecnic.bisiestodeveloper.es\/wp-content\/uploads\/2021\/03\/Port-Vilanova-i-la-Geltru11.jpg\",\"contentUrl\":\"https:\/\/etecnic.bisiestodeveloper.es\/wp-content\/uploads\/2021\/03\/Port-Vilanova-i-la-Geltru11.jpg\",\"width\":1024,\"height\":768},{\"@type\":\"BreadcrumbList\",\"@id\":\"https:\/\/etecnic.bisiestodeveloper.es\/ca\/projectes\/ports-de-la-generalitat-ultima-la-posada-en-marxa-de-14-punts-de-recarrega-per-a-vehicles-electrics\/#breadcrumb\",\"itemListElement\":[{\"@type\":\"ListItem\",\"position\":1,\"name\":\"Portada\",\"item\":\"https:\/\/etecnic.bisiestodeveloper.es\/ca\/\"},{\"@type\":\"ListItem\",\"position\":2,\"name\":\"Ports de la Generalitat ultima la posada en marxa de 14 punts de rec\u00e0rrega per a vehicles el\u00e8ctrics\"}]},{\"@type\":\"WebSite\",\"@id\":\"https:\/\/etecnic.bisiestodeveloper.es\/ca\/#website\",\"url\":\"https:\/\/etecnic.bisiestodeveloper.es\/ca\/\",\"name\":\"Etecnic\",\"description\":\"\",\"publisher\":{\"@id\":\"https:\/\/etecnic.bisiestodeveloper.es\/ca\/#organization\"},\"potentialAction\":[{\"@type\":\"SearchAction\",\"target\":{\"@type\":\"EntryPoint\",\"urlTemplate\":\"https:\/\/etecnic.bisiestodeveloper.es\/ca\/?s={search_term_string}\"},\"query-input\":{\"@type\":\"PropertyValueSpecification\",\"valueRequired\":true,\"valueName\":\"search_term_string\"}}],\"inLanguage\":\"ca\"},{\"@type\":\"Organization\",\"@id\":\"https:\/\/etecnic.bisiestodeveloper.es\/ca\/#organization\",\"name\":\"Etecnic\",\"url\":\"https:\/\/etecnic.bisiestodeveloper.es\/ca\/\",\"logo\":{\"@type\":\"ImageObject\",\"inLanguage\":\"ca\",\"@id\":\"https:\/\/etecnic.bisiestodeveloper.es\/ca\/#\/schema\/logo\/image\/\",\"url\":\"https:\/\/etecnic.bisiestodeveloper.es\/wp-content\/uploads\/2025\/06\/logo-etecnic-blanco.png\",\"contentUrl\":\"https:\/\/etecnic.bisiestodeveloper.es\/wp-content\/uploads\/2025\/06\/logo-etecnic-blanco.png\",\"width\":1000,\"height\":500,\"caption\":\"Etecnic\"},\"image\":{\"@id\":\"https:\/\/etecnic.bisiestodeveloper.es\/ca\/#\/schema\/logo\/image\/\"}},{\"@type\":\"Person\",\"@id\":\"https:\/\/etecnic.bisiestodeveloper.es\/ca\/#\/schema\/person\/dd1bd24ce2934073e648829317e35ba7\",\"name\":\"etecnic\",\"url\":\"https:\/\/etecnic.bisiestodeveloper.es\/ca\/author\/etecnic\/\"}]}<\/script>\n<!-- \/ Yoast SEO plugin. -->","yoast_head_json":{"title":"Ports de la Generalitat ultima la posada en marxa de 14 punts de rec\u00e0rrega per a vehicles el\u00e8ctrics","description":"Ports de la Generalitat ultima la puesta en marcha de 14 puntos de recarga que permitir\u00e1n recorrer la costa catalana de punta a punta con veh\u00edculo el\u00e9ctrico.","robots":{"index":"noindex","follow":"follow","max-snippet":"max-snippet:-1","max-image-preview":"max-image-preview:large","max-video-preview":"max-video-preview:-1"},"og_locale":"ca_ES","og_type":"article","og_title":"Ports de la Generalitat ultima la posada en marxa de 14 punts de rec\u00e0rrega per a vehicles el\u00e8ctrics","og_description":"Ports de la Generalitat ultima la puesta en marcha de 14 puntos de recarga que permitir\u00e1n recorrer la costa catalana de punta a punta con veh\u00edculo el\u00e9ctrico.","og_url":"https:\/\/etecnic.bisiestodeveloper.es\/ca\/projectes\/ports-de-la-generalitat-ultima-la-posada-en-marxa-de-14-punts-de-recarrega-per-a-vehicles-electrics\/","og_site_name":"Etecnic","article_published_time":"2021-03-09T11:40:31+00:00","article_modified_time":"2026-07-24T09:07:08+00:00","og_image":[{"width":1024,"height":768,"url":"https:\/\/etecnic.bisiestodeveloper.es\/wp-content\/uploads\/2021\/03\/Port-Vilanova-i-la-Geltru11.jpg","type":"image\/jpeg"}],"author":"etecnic","twitter_card":"summary_large_image","twitter_misc":{"Escrit per":"etecnic","Temps estimat de lectura":"4 minuts"},"schema":{"@context":"https:\/\/schema.org","@graph":[{"@type":"Article","@id":"https:\/\/etecnic.bisiestodeveloper.es\/ca\/projectes\/ports-de-la-generalitat-ultima-la-posada-en-marxa-de-14-punts-de-recarrega-per-a-vehicles-electrics\/#article","isPartOf":{"@id":"https:\/\/etecnic.bisiestodeveloper.es\/ca\/projectes\/ports-de-la-generalitat-ultima-la-posada-en-marxa-de-14-punts-de-recarrega-per-a-vehicles-electrics\/"},"author":{"name":"etecnic","@id":"https:\/\/etecnic.bisiestodeveloper.es\/ca\/#\/schema\/person\/dd1bd24ce2934073e648829317e35ba7"},"headline":"Ports de la Generalitat ultima la posada en marxa de 14 punts de rec\u00e0rrega per a vehicles el\u00e8ctrics","datePublished":"2021-03-09T11:40:31+00:00","dateModified":"2026-07-24T09:07:08+00:00","mainEntityOfPage":{"@id":"https:\/\/etecnic.bisiestodeveloper.es\/ca\/projectes\/ports-de-la-generalitat-ultima-la-posada-en-marxa-de-14-punts-de-recarrega-per-a-vehicles-electrics\/"},"wordCount":961,"publisher":{"@id":"https:\/\/etecnic.bisiestodeveloper.es\/ca\/#organization"},"image":{"@id":"https:\/\/etecnic.bisiestodeveloper.es\/ca\/projectes\/ports-de-la-generalitat-ultima-la-posada-en-marxa-de-14-punts-de-recarrega-per-a-vehicles-electrics\/#primaryimage"},"thumbnailUrl":"https:\/\/etecnic.bisiestodeveloper.es\/wp-content\/uploads\/2021\/03\/Port-Vilanova-i-la-Geltru11.jpg","keywords":["Ports de la Generalitat"],"articleSection":["Actualitat","Projectes"],"inLanguage":"ca"},{"@type":"WebPage","@id":"https:\/\/etecnic.bisiestodeveloper.es\/ca\/projectes\/ports-de-la-generalitat-ultima-la-posada-en-marxa-de-14-punts-de-recarrega-per-a-vehicles-electrics\/","url":"https:\/\/etecnic.bisiestodeveloper.es\/ca\/projectes\/ports-de-la-generalitat-ultima-la-posada-en-marxa-de-14-punts-de-recarrega-per-a-vehicles-electrics\/","name":"Ports de la Generalitat ultima la posada en marxa de 14 punts de rec\u00e0rrega per a vehicles el\u00e8ctrics","isPartOf":{"@id":"https:\/\/etecnic.bisiestodeveloper.es\/ca\/#website"},"primaryImageOfPage":{"@id":"https:\/\/etecnic.bisiestodeveloper.es\/ca\/projectes\/ports-de-la-generalitat-ultima-la-posada-en-marxa-de-14-punts-de-recarrega-per-a-vehicles-electrics\/#primaryimage"},"image":{"@id":"https:\/\/etecnic.bisiestodeveloper.es\/ca\/projectes\/ports-de-la-generalitat-ultima-la-posada-en-marxa-de-14-punts-de-recarrega-per-a-vehicles-electrics\/#primaryimage"},"thumbnailUrl":"https:\/\/etecnic.bisiestodeveloper.es\/wp-content\/uploads\/2021\/03\/Port-Vilanova-i-la-Geltru11.jpg","datePublished":"2021-03-09T11:40:31+00:00","dateModified":"2026-07-24T09:07:08+00:00","description":"Ports de la Generalitat ultima la puesta en marcha de 14 puntos de recarga que permitir\u00e1n recorrer la costa catalana de punta a punta con veh\u00edculo el\u00e9ctrico.","breadcrumb":{"@id":"https:\/\/etecnic.bisiestodeveloper.es\/ca\/projectes\/ports-de-la-generalitat-ultima-la-posada-en-marxa-de-14-punts-de-recarrega-per-a-vehicles-electrics\/#breadcrumb"},"inLanguage":"ca","potentialAction":[{"@type":"ReadAction","target":["https:\/\/etecnic.bisiestodeveloper.es\/ca\/projectes\/ports-de-la-generalitat-ultima-la-posada-en-marxa-de-14-punts-de-recarrega-per-a-vehicles-electrics\/"]}]},{"@type":"ImageObject","inLanguage":"ca","@id":"https:\/\/etecnic.bisiestodeveloper.es\/ca\/projectes\/ports-de-la-generalitat-ultima-la-posada-en-marxa-de-14-punts-de-recarrega-per-a-vehicles-electrics\/#primaryimage","url":"https:\/\/etecnic.bisiestodeveloper.es\/wp-content\/uploads\/2021\/03\/Port-Vilanova-i-la-Geltru11.jpg","contentUrl":"https:\/\/etecnic.bisiestodeveloper.es\/wp-content\/uploads\/2021\/03\/Port-Vilanova-i-la-Geltru11.jpg","width":1024,"height":768},{"@type":"BreadcrumbList","@id":"https:\/\/etecnic.bisiestodeveloper.es\/ca\/projectes\/ports-de-la-generalitat-ultima-la-posada-en-marxa-de-14-punts-de-recarrega-per-a-vehicles-electrics\/#breadcrumb","itemListElement":[{"@type":"ListItem","position":1,"name":"Portada","item":"https:\/\/etecnic.bisiestodeveloper.es\/ca\/"},{"@type":"ListItem","position":2,"name":"Ports de la Generalitat ultima la posada en marxa de 14 punts de rec\u00e0rrega per a vehicles el\u00e8ctrics"}]},{"@type":"WebSite","@id":"https:\/\/etecnic.bisiestodeveloper.es\/ca\/#website","url":"https:\/\/etecnic.bisiestodeveloper.es\/ca\/","name":"Etecnic","description":"","publisher":{"@id":"https:\/\/etecnic.bisiestodeveloper.es\/ca\/#organization"},"potentialAction":[{"@type":"SearchAction","target":{"@type":"EntryPoint","urlTemplate":"https:\/\/etecnic.bisiestodeveloper.es\/ca\/?s={search_term_string}"},"query-input":{"@type":"PropertyValueSpecification","valueRequired":true,"valueName":"search_term_string"}}],"inLanguage":"ca"},{"@type":"Organization","@id":"https:\/\/etecnic.bisiestodeveloper.es\/ca\/#organization","name":"Etecnic","url":"https:\/\/etecnic.bisiestodeveloper.es\/ca\/","logo":{"@type":"ImageObject","inLanguage":"ca","@id":"https:\/\/etecnic.bisiestodeveloper.es\/ca\/#\/schema\/logo\/image\/","url":"https:\/\/etecnic.bisiestodeveloper.es\/wp-content\/uploads\/2025\/06\/logo-etecnic-blanco.png","contentUrl":"https:\/\/etecnic.bisiestodeveloper.es\/wp-content\/uploads\/2025\/06\/logo-etecnic-blanco.png","width":1000,"height":500,"caption":"Etecnic"},"image":{"@id":"https:\/\/etecnic.bisiestodeveloper.es\/ca\/#\/schema\/logo\/image\/"}},{"@type":"Person","@id":"https:\/\/etecnic.bisiestodeveloper.es\/ca\/#\/schema\/person\/dd1bd24ce2934073e648829317e35ba7","name":"etecnic","url":"https:\/\/etecnic.bisiestodeveloper.es\/ca\/author\/etecnic\/"}]}},"_links":{"self":[{"href":"https:\/\/etecnic.bisiestodeveloper.es\/ca\/wp-json\/wp\/v2\/posts\/34303","targetHints":{"allow":["GET"]}}],"collection":[{"href":"https:\/\/etecnic.bisiestodeveloper.es\/ca\/wp-json\/wp\/v2\/posts"}],"about":[{"href":"https:\/\/etecnic.bisiestodeveloper.es\/ca\/wp-json\/wp\/v2\/types\/post"}],"author":[{"embeddable":true,"href":"https:\/\/etecnic.bisiestodeveloper.es\/ca\/wp-json\/wp\/v2\/users\/3"}],"replies":[{"embeddable":true,"href":"https:\/\/etecnic.bisiestodeveloper.es\/ca\/wp-json\/wp\/v2\/comments?post=34303"}],"version-history":[{"count":1,"href":"https:\/\/etecnic.bisiestodeveloper.es\/ca\/wp-json\/wp\/v2\/posts\/34303\/revisions"}],"predecessor-version":[{"id":37222,"href":"https:\/\/etecnic.bisiestodeveloper.es\/ca\/wp-json\/wp\/v2\/posts\/34303\/revisions\/37222"}],"wp:featuredmedia":[{"embeddable":true,"href":"https:\/\/etecnic.bisiestodeveloper.es\/ca\/wp-json\/wp\/v2\/media\/34302"}],"wp:attachment":[{"href":"https:\/\/etecnic.bisiestodeveloper.es\/ca\/wp-json\/wp\/v2\/media?parent=34303"}],"wp:term":[{"taxonomy":"category","embeddable":true,"href":"https:\/\/etecnic.bisiestodeveloper.es\/ca\/wp-json\/wp\/v2\/categories?post=34303"},{"taxonomy":"post_tag","embeddable":true,"href":"https:\/\/etecnic.bisiestodeveloper.es\/ca\/wp-json\/wp\/v2\/tags?post=34303"}],"curies":[{"name":"wp","href":"https:\/\/api.w.org\/{rel}","templated":true}]}}