{"id":29403,"date":"2025-10-28T09:32:49","date_gmt":"2025-10-28T09:32:49","guid":{"rendered":"https:\/\/etecnic.es\/?p=29403"},"modified":"2026-07-24T09:11:34","modified_gmt":"2026-07-24T09:11:34","slug":"etecnic-celebra-una-decada-de-mobilitat-electrica-a-municipalia-2025","status":"publish","type":"post","link":"https:\/\/etecnic.bisiestodeveloper.es\/ca\/sector\/etecnic-celebra-una-decada-de-mobilitat-electrica-a-municipalia-2025\/","title":{"rendered":"Etecnic celebra una d\u00e8cada de mobilitat el\u00e8ctrica a Municipalia 2025"},"content":{"rendered":"\t\t<div data-elementor-type=\"wp-post\" data-elementor-id=\"29403\" class=\"elementor elementor-29403 elementor-29402\" data-elementor-post-type=\"post\">\n\t\t\t\t<div class=\"elementor-element elementor-element-3d5c6af1 e-flex e-con-boxed e-con e-parent\" data-id=\"3d5c6af1\" data-element_type=\"container\" data-settings=\"{&quot;jet_parallax_layout_list&quot;:[]}\">\n\t\t\t\t\t<div class=\"e-con-inner\">\n\t\t\t\t<div class=\"elementor-element elementor-element-135b7420 elementor-widget elementor-widget-text-editor\" data-id=\"135b7420\" data-element_type=\"widget\" data-widget_type=\"text-editor.default\">\n\t\t\t\t<div class=\"elementor-widget-container\">\n\t\t\t\t\t\t\t\t\t<p><strong>Etecnic<\/strong> celebra el seu <strong>10\u00e8 aniversari<\/strong> a <strong><a href=\"https:\/\/municipalia-lleida.com\/es\/\" target=\"_blank\" rel=\"noopener\">Municipalia<\/a><\/strong> amb una gran acollida per part del p\u00fablic i els professionals, presentant solucions innovadores en gesti\u00f3 energ\u00e8tica i mobilitat el\u00e8ctrica.<\/p>\n<p>El projecte <strong>Smart Pricing<\/strong> rep el <strong><a href=\"https:\/\/www.mobilitycity.es\/n-oticias\/ceve-2025-cierra-con-record-de-participacion-y-muestra-el-potencial-industrial-y-tecnologico-de-la-movilidad-electrica-en-espana\/\" target=\"_blank\" rel=\"noopener\">Premi a la Innovaci\u00f3 al CEVE<\/a><\/strong> de <a href=\"https:\/\/aedive.es\/\" target=\"_blank\" rel=\"noopener\"><strong>AEDIVE<\/strong><\/a>, reconeixent l&#8217;aposta d&#8217;Etecnic per la tecnologia, la innovaci\u00f3, la digitalitzaci\u00f3 i la sostenibilitat en la gesti\u00f3 de la rec\u00e0rrega el\u00e8ctrica.<\/p>\n<p><strong>Lleida, 24 d&#8217;octubre de 2025<\/strong> \u2013 Etecnic Mobilitat El\u00e8ctrica ha finalitzat amb \u00e8xit la seva participaci\u00f3 en la <strong>23a edici\u00f3 de Municipalia<\/strong>, la fira de refer\u00e8ncia per a l&#8217;\u00e0mbit municipal, celebrada del <strong>21 al 23 d&#8217;octubre a la Fira de Lleida<\/strong>.<br \/>En aquesta edici\u00f3, marcada pel 10\u00e8 aniversari de l&#8217;empresa, Etecnic ha reafirmat la seva posici\u00f3 com a referent en solucions integrals de mobilitat el\u00e8ctrica i gesti\u00f3 energ\u00e8tica, presentant les \u00faltimes novetats tecnol\u00f2giques en col\u00b7laboraci\u00f3 amb el fabricant <strong><a href=\"https:\/\/www.vegachargers.com\/\" target=\"_blank\" rel=\"noopener\">VEGA Chargers<\/a><\/strong>.<\/p>\n\t\t\t\t\t\t\t\t<\/div>\n\t\t\t\t<\/div>\n\t\t\t\t<div class=\"elementor-element elementor-element-3e6acc1 elementor-widget elementor-widget-video\" data-id=\"3e6acc1\" data-element_type=\"widget\" data-settings=\"{&quot;youtube_url&quot;:&quot;https:\\\/\\\/youtu.be\\\/GNUvDGWcIcA&quot;,&quot;video_type&quot;:&quot;youtube&quot;,&quot;controls&quot;:&quot;yes&quot;}\" data-widget_type=\"video.default\">\n\t\t\t\t<div class=\"elementor-widget-container\">\n\t\t\t\t\t\t\t<div class=\"elementor-wrapper elementor-open-inline\">\n\t\t\t<div class=\"elementor-video\"><\/div>\t\t<\/div>\n\t\t\t\t\t\t<\/div>\n\t\t\t\t<\/div>\n\t\t\t\t\t<\/div>\n\t\t\t\t<\/div>\n\t\t<div class=\"elementor-element elementor-element-43b5a0a e-flex e-con-boxed e-con e-parent\" data-id=\"43b5a0a\" data-element_type=\"container\" data-settings=\"{&quot;jet_parallax_layout_list&quot;:[]}\">\n\t\t\t\t\t<div class=\"e-con-inner\">\n\t\t\t\t<div class=\"elementor-element elementor-element-5ee55e9 elementor-widget elementor-widget-text-editor\" data-id=\"5ee55e9\" data-element_type=\"widget\" data-widget_type=\"text-editor.default\">\n\t\t\t\t<div class=\"elementor-widget-container\">\n\t\t\t\t\t\t\t\t\t<h3>Innovaci\u00f3 i efici\u00e8ncia al servei del territori<\/h3>\n<p><span style=\"font-weight: 300;\">Al llarg dels tres dies de fira, l&#8217;estand d&#8217;Etecnic<strong> (Pavell\u00f3 3, estand 324)<\/strong> va rebre nombrosos representants d&#8217;administracions p\u00fabliques, empreses i professionals del sector, que van poder con\u00e8ixer les solucions m\u00e9s avan\u00e7ades en infraestructura de rec\u00e0rrega, sistemes de pagament, gesti\u00f3 energ\u00e8tica i serveis com el de manteniment i teleassist\u00e8ncia. <\/span><\/p>\n<p><span style=\"font-weight: 300;\">Entre les principals innovacions va destacar el projecte <\/span><b>Smart Pricing<\/b><span style=\"font-weight: 300;\">, una iniciativa pionera que permet establir tarifes din\u00e0miques vinculades a la producci\u00f3 solar i als h\u00e0bits de consum, amb l&#8217;objectiu d&#8217;optimitzar la gesti\u00f3 energ\u00e8tica i reduir l&#8217;impacte ambiental.<\/span><\/p>\n<p><span style=\"font-weight: 300;\">Aquest projecte ha estat reconegut amb el <strong>Premi a la Innovaci\u00f3 al Congreso Espa\u00f1ol del Veh\u00edculo El\u00e9ctrico (CEVE)<\/strong>, organitzat per <strong>AEDIVE<\/strong>, aix\u00ed com als Premis Internacionals de Mobilitat i als <strong>The Smarter E Europe Awards<\/strong>. Tots aquests reconeixements reforcen el comprom\u00eds d&#8217;Etecnic amb la sostenibilitat, la investigaci\u00f3 aplicada i la innovaci\u00f3 tecnol\u00f2gica al servei dels municipis.<\/span><\/p>\n\t\t\t\t\t\t\t\t<\/div>\n\t\t\t\t<\/div>\n\t\t\t\t\t<\/div>\n\t\t\t\t<\/div>\n\t\t<div class=\"elementor-element elementor-element-a4f7cb9 e-flex e-con-boxed e-con e-parent\" data-id=\"a4f7cb9\" data-element_type=\"container\" data-settings=\"{&quot;jet_parallax_layout_list&quot;:[]}\">\n\t\t\t\t\t<div class=\"e-con-inner\">\n\t\t\t\t<div class=\"elementor-element elementor-element-c168586 elementor-widget elementor-widget-text-editor\" data-id=\"c168586\" data-element_type=\"widget\" data-widget_type=\"text-editor.default\">\n\t\t\t\t<div class=\"elementor-widget-container\">\n\t\t\t\t\t\t\t\t\t<h3>Col\u00b7laboraci\u00f3 estrat\u00e8gica amb VEGA Chargers<\/h3>\n<p>Durant l&#8217;esdeveniment, <strong>Etecnic i VEGA Chargers<\/strong> d&#8217;una manera conjunta van presentar algunes de les solucions de refer\u00e8ncia per al mercat municipal i residencial: el <strong>Vega Lander<\/strong>, ideal per a entorns p\u00fablics i espais urbans, i el <strong>Viaris UNI<\/strong>, dissenyat per a entorns residencials i aparcaments. A l&#8217;exterior, es van exposar dues unitats addicionals, tant per a paret com amb pedestal: l&#8217;<strong>Aloha Gravity<\/strong> i l&#8217;<strong>ORBIS City<\/strong>.<\/p>\n<p>Totes les solucions s&#8217;integren amb la plataforma <a href=\"https:\/\/evcharge.net\/\" target=\"_blank\" rel=\"noopener\"><strong>EVcharge<\/strong><\/a> d&#8217;Etecnic, l\u00edder en la gesti\u00f3 intel\u00b7ligent de punts de rec\u00e0rrega, amb m\u00e9s de 16.000 punts operatius a nivell internacional.<\/p>\n<article class=\"text-token-text-primary w-full focus:outline-none scroll-mt-[calc(var(--header-height)+min(200px,max(70px,20svh)))]\" dir=\"auto\" tabindex=\"-1\" data-turn-id=\"request-WEB:55415252-6de3-4f0f-a084-af9cbbffcf14-10\" data-testid=\"conversation-turn-22\" data-scroll-anchor=\"true\" data-turn=\"assistant\">\n<div class=\"text-base my-auto mx-auto pb-10 [--thread-content-margin:--spacing(4)] thread-sm:[--thread-content-margin:--spacing(6)] thread-lg:[--thread-content-margin:--spacing(16)] px-(--thread-content-margin)\">\n<div class=\"[--thread-content-max-width:40rem] thread-lg:[--thread-content-max-width:48rem] mx-auto max-w-(--thread-content-max-width) flex-1 group\/turn-messages focus-visible:outline-hidden relative flex w-full min-w-0 flex-col agent-turn\" tabindex=\"-1\"><\/div>\n<\/div>\n<\/article>\n\t\t\t\t\t\t\t\t<\/div>\n\t\t\t\t<\/div>\n\t\t\t\t\t<\/div>\n\t\t\t\t<\/div>\n\t\t<div class=\"elementor-element elementor-element-3742ec4 e-flex e-con-boxed e-con e-parent\" data-id=\"3742ec4\" data-element_type=\"container\" data-settings=\"{&quot;jet_parallax_layout_list&quot;:[]}\">\n\t\t\t\t\t<div class=\"e-con-inner\">\n\t\t\t\t<div class=\"elementor-element elementor-element-fbae963 elementor-widget elementor-widget-text-editor\" data-id=\"fbae963\" data-element_type=\"widget\" data-widget_type=\"text-editor.default\">\n\t\t\t\t<div class=\"elementor-widget-container\">\n\t\t\t\t\t\t\t\t\t<h3>Podcasts i di\u00e0legs inspiradors<\/h3>\n<p>Un dels punts forts d&#8217;aquesta edici\u00f3 van ser les emissions de podcasts en directe, on en <strong>Jorge R\u00edos<\/strong> va conversar amb destacats professionals i representants institucionals del sector.<\/p>\n<p><span style=\"font-weight: 300;\">Durant el dimecres i el dijous, la zona de podcasts es va convertir en un espai de reflexi\u00f3 i debat sobre el present i el futur de la mobilitat el\u00e8ctrica, amb la participaci\u00f3 de:<\/span><\/p>\n<ul>\n<li style=\"font-weight: 300;\" aria-level=\"1\"><span style=\"font-weight: 300;\"><strong>\u00c1lex Puks\u00f4 (Mobility Service<\/strong>) \u2013 \u201c<em>Infraestructura, Mobilitat i Empresa: Quan el Renting es Torna El\u00e8ctric<\/em>\u201d<\/span><\/li>\n<li style=\"font-weight: 300;\" aria-level=\"1\"><span style=\"font-weight: 300;\"><strong>Gabriel Bernal (Transbernal Log\u00edstica)<\/strong> \u2013 \u201c<em>Liderant la ruta cap a la mobilitat el\u00e8ctrica en el transport<\/em>\u201d<\/span><\/li>\n<li style=\"font-weight: 300;\" aria-level=\"1\"><span style=\"font-weight: 300;\"><strong>Joan Ramon Benaiges (IDETSA)<\/strong> \u2013 \u201c<em>Impulsant el Canvi: IDETSA i la Transici\u00f3 Energ\u00e8tica a Tarragona<\/em>\u201d<\/span><\/li>\n<li style=\"font-weight: 300;\" aria-level=\"1\"><span style=\"font-weight: 300;\"><strong>Iban Fontcuberta (VEGA Chargers)<\/strong> \u2013 \u201c<em>C\u00e0rrega intel\u00b7ligent per a ciutats<\/em>\u201d<\/span><\/li>\n<li style=\"font-weight: 300;\" aria-level=\"1\"><span style=\"font-weight: 300;\"><strong>Ferran Menescal (AEDIVE)<\/strong> \u2013 \u201c<em>Analitzem la mobilitat el\u00e8ctrica: visi\u00f3 institucional i experi\u00e8ncia real<\/em>\u201d<\/span><\/li>\n<li style=\"font-weight: 300;\" aria-level=\"1\"><span style=\"font-weight: 300;\"><strong>Xavi Bach (Consell Comarcal del Moian\u00e8s)<\/strong> \u2013 \u201c<em>El Moian\u00e8s endolla el futur: mobilitat el\u00e8ctrica i projectes sostenibles<\/em>\u201d<\/span><\/li>\n<li style=\"font-weight: 300;\" aria-level=\"1\"><span style=\"font-weight: 300;\"><strong>Juli Alegre (Ara Lleida \u2013 Diputaci\u00f3 de Lleida)<\/strong> \u2013 \u201c<em>Impulsant el turisme sostenible i el\u00e8ctric<\/em>\u201d<\/span><\/li>\n<\/ul>\n<p><span style=\"font-weight: 300;\">Tots ells van aportar una visi\u00f3 complement\u00e0ria del desenvolupament de la mobilitat el\u00e8ctrica en diferents \u00e0mbits \u2014empresa, mobilitat pesant i log\u00edstica, administraci\u00f3 p\u00fablica, turisme i territori\u2014, refor\u00e7ant la import\u00e0ncia de la col\u00b7laboraci\u00f3 entre sectors per avan\u00e7ar cap a un futur m\u00e9s sostenible.<\/span><\/p>\n<article class=\"text-token-text-primary w-full focus:outline-none scroll-mt-[calc(var(--header-height)+min(200px,max(70px,20svh)))]\" dir=\"auto\" tabindex=\"-1\" data-turn-id=\"request-WEB:55415252-6de3-4f0f-a084-af9cbbffcf14-10\" data-testid=\"conversation-turn-22\" data-scroll-anchor=\"true\" data-turn=\"assistant\">\n<div class=\"text-base my-auto mx-auto pb-10 [--thread-content-margin:--spacing(4)] thread-sm:[--thread-content-margin:--spacing(6)] thread-lg:[--thread-content-margin:--spacing(16)] px-(--thread-content-margin)\">\n<div class=\"[--thread-content-max-width:40rem] thread-lg:[--thread-content-max-width:48rem] mx-auto max-w-(--thread-content-max-width) flex-1 group\/turn-messages focus-visible:outline-hidden relative flex w-full min-w-0 flex-col agent-turn\" tabindex=\"-1\">\n<div class=\"mt-3 w-full empty:hidden\"><\/div>\n<\/div>\n<\/div>\n<\/article>\n\t\t\t\t\t\t\t\t<\/div>\n\t\t\t\t<\/div>\n\t\t\t\t<div class=\"elementor-element elementor-element-adf489e elementor-widget elementor-widget-video\" data-id=\"adf489e\" data-element_type=\"widget\" data-settings=\"{&quot;youtube_url&quot;:&quot;https:\\\/\\\/youtu.be\\\/BdIXz9XmVu0&quot;,&quot;video_type&quot;:&quot;youtube&quot;,&quot;controls&quot;:&quot;yes&quot;}\" data-widget_type=\"video.default\">\n\t\t\t\t<div class=\"elementor-widget-container\">\n\t\t\t\t\t\t\t<div class=\"elementor-wrapper elementor-open-inline\">\n\t\t\t<div class=\"elementor-video\"><\/div>\t\t<\/div>\n\t\t\t\t\t\t<\/div>\n\t\t\t\t<\/div>\n\t\t\t\t\t<\/div>\n\t\t\t\t<\/div>\n\t\t<div class=\"elementor-element elementor-element-49cbbd4 e-flex e-con-boxed e-con e-parent\" data-id=\"49cbbd4\" data-element_type=\"container\" data-settings=\"{&quot;jet_parallax_layout_list&quot;:[]}\">\n\t\t\t\t\t<div class=\"e-con-inner\">\n\t\t\t\t<div class=\"elementor-element elementor-element-424e84f elementor-widget elementor-widget-text-editor\" data-id=\"424e84f\" data-element_type=\"widget\" data-widget_type=\"text-editor.default\">\n\t\t\t\t<div class=\"elementor-widget-container\">\n\t\t\t\t\t\t\t\t\t<h3>Espais interactius i solucions integrals<\/h3>\n<p>L&#8217;estand d&#8217;Etecnic va comptar amb zones de demostraci\u00f3 i consultoria, on es van realitzar sessions de c\u00e0rrega en directe i es van presentar les \u00faltimes solucions del cat\u00e0leg Etecnic360 i EVcharge, com el t\u00f2tem de pagament amb TPV integrat, que permet pagar amb qualsevol targeta contactless sense registre previ.<\/p>\n<p>A m\u00e9s, l&#8217;equip de consultors d&#8217;Etecnic va atendre nombroses entitats locals i empreses interessades a desenvolupar projectes de mobilitat el\u00e8ctrica, energia solar i gesti\u00f3 intel\u00b7ligent, refor\u00e7ant el paper d&#8217;Etecnic com a soci estrat\u00e8gic en la transici\u00f3 energ\u00e8tica.<\/p>\n\t\t\t\t\t\t\t\t<\/div>\n\t\t\t\t<\/div>\n\t\t\t\t\t<\/div>\n\t\t\t\t<\/div>\n\t\t<div class=\"elementor-element elementor-element-bb7051d e-flex e-con-boxed e-con e-parent\" data-id=\"bb7051d\" data-element_type=\"container\" data-settings=\"{&quot;jet_parallax_layout_list&quot;:[]}\">\n\t\t\t\t\t<div class=\"e-con-inner\">\n\t\t\t\t<div class=\"elementor-element elementor-element-416b24f elementor-widget elementor-widget-text-editor\" data-id=\"416b24f\" data-element_type=\"widget\" data-widget_type=\"text-editor.default\">\n\t\t\t\t<div class=\"elementor-widget-container\">\n\t\t\t\t\t\t\t\t\t<h3>Comprom\u00eds amb una mobilitat sostenible<\/h3>\n<p>Amb motiu del seu<strong> 10\u00e8 aniversari<\/strong>, Etecnic reafirma el seu comprom\u00eds amb la <strong>democratitzaci\u00f3<\/strong> de la mobilitat el\u00e8ctrica, <strong>oferint solucions integrals<\/strong> que abasten des de la consultoria estrat\u00e8gica fins a la instal\u00b7laci\u00f3, <strong>el manteniment<\/strong> i la <strong>gesti\u00f3 intel\u00b7ligent<\/strong> de punts de rec\u00e0rrega.<\/p>\n<div class=\"fusion-text fusion-text-12\">\n<p>La companyia agraeix la confian\u00e7a de tots els visitants, col\u00b7laboradors i ponents que van participar en <strong>Municipalia 2025<\/strong>, i reitera la seva voluntat de continuar treballant conjuntament amb el teixit municipal i empresarial per accelerar la transici\u00f3 energ\u00e8tica i la mobilitat sostenible.<\/p>\n<\/div>\n<p><\/p>\n<article class=\"text-token-text-primary w-full focus:outline-none scroll-mt-[calc(var(--header-height)+min(200px,max(70px,20svh)))]\" dir=\"auto\" tabindex=\"-1\" data-turn-id=\"request-WEB:55415252-6de3-4f0f-a084-af9cbbffcf14-10\" data-testid=\"conversation-turn-22\" data-scroll-anchor=\"true\" data-turn=\"assistant\">\n<div class=\"text-base my-auto mx-auto pb-10 [--thread-content-margin:--spacing(4)] thread-sm:[--thread-content-margin:--spacing(6)] thread-lg:[--thread-content-margin:--spacing(16)] px-(--thread-content-margin)\">\n<div class=\"[--thread-content-max-width:40rem] thread-lg:[--thread-content-max-width:48rem] mx-auto max-w-(--thread-content-max-width) flex-1 group\/turn-messages focus-visible:outline-hidden relative flex w-full min-w-0 flex-col agent-turn\" tabindex=\"-1\">\n<div class=\"mt-3 w-full empty:hidden\"><\/div>\n<\/div>\n<\/div>\n<\/article>\n\t\t\t\t\t\t\t\t<\/div>\n\t\t\t\t<\/div>\n\t\t\t\t\t<\/div>\n\t\t\t\t<\/div>\n\t\t<div class=\"elementor-element elementor-element-0cd41cf e-grid e-con-boxed e-con e-parent\" data-id=\"0cd41cf\" data-element_type=\"container\" data-settings=\"{&quot;jet_parallax_layout_list&quot;:[]}\">\n\t\t\t\t\t<div class=\"e-con-inner\">\n\t\t\t\t<div class=\"elementor-element elementor-element-f52f239 elementor-widget elementor-widget-gallery\" data-id=\"f52f239\" data-element_type=\"widget\" data-settings=\"{&quot;columns&quot;:3,&quot;gap&quot;:{&quot;unit&quot;:&quot;px&quot;,&quot;size&quot;:3,&quot;sizes&quot;:[]},&quot;lazyload&quot;:&quot;yes&quot;,&quot;gallery_layout&quot;:&quot;grid&quot;,&quot;columns_tablet&quot;:2,&quot;columns_mobile&quot;:1,&quot;gap_tablet&quot;:{&quot;unit&quot;:&quot;px&quot;,&quot;size&quot;:10,&quot;sizes&quot;:[]},&quot;gap_mobile&quot;:{&quot;unit&quot;:&quot;px&quot;,&quot;size&quot;:10,&quot;sizes&quot;:[]},&quot;link_to&quot;:&quot;file&quot;,&quot;aspect_ratio&quot;:&quot;3:2&quot;,&quot;overlay_background&quot;:&quot;yes&quot;,&quot;content_hover_animation&quot;:&quot;fade-in&quot;}\" data-widget_type=\"gallery.default\">\n\t\t\t\t<div class=\"elementor-widget-container\">\n\t\t\t\t\t\t\t<div class=\"elementor-gallery__container\">\n\t\t\t\t\t\t\t<a class=\"e-gallery-item elementor-gallery-item elementor-animated-content\" href=\"https:\/\/etecnic.bisiestodeveloper.es\/wp-content\/uploads\/2026\/01\/9muni-400x267-1.jpg\" data-elementor-open-lightbox=\"yes\" data-elementor-lightbox-slideshow=\"f52f239\" data-elementor-lightbox-title=\"9muni-400x267\" data-e-action-hash=\"#elementor-action%3Aaction%3Dlightbox%26settings%3DeyJpZCI6MzM3ODUsInVybCI6Imh0dHBzOlwvXC9ldGVjbmljLmJpc2llc3RvZGV2ZWxvcGVyLmVzXC93cC1jb250ZW50XC91cGxvYWRzXC8yMDI2XC8wMVwvOW11bmktNDAweDI2Ny0xLmpwZyIsInNsaWRlc2hvdyI6ImY1MmYyMzkifQ%3D%3D\">\n\t\t\t\t\t<div class=\"e-gallery-image elementor-gallery-item__image\" data-thumbnail=\"https:\/\/etecnic.bisiestodeveloper.es\/wp-content\/uploads\/2026\/01\/9muni-400x267-1.jpg\" data-width=\"400\" data-height=\"267\" aria-label=\"\" role=\"img\" ><\/div>\n\t\t\t\t\t\t\t\t\t\t\t<div class=\"elementor-gallery-item__overlay\"><\/div>\n\t\t\t\t\t\t\t\t\t\t\t\t\t\t<\/a>\n\t\t\t\t\t\t\t<a class=\"e-gallery-item elementor-gallery-item elementor-animated-content\" href=\"https:\/\/etecnic.bisiestodeveloper.es\/wp-content\/uploads\/2026\/01\/6muni-400x267-1.jpg\" data-elementor-open-lightbox=\"yes\" data-elementor-lightbox-slideshow=\"f52f239\" data-elementor-lightbox-title=\"6muni-400x267\" data-e-action-hash=\"#elementor-action%3Aaction%3Dlightbox%26settings%3DeyJpZCI6MzM3ODYsInVybCI6Imh0dHBzOlwvXC9ldGVjbmljLmJpc2llc3RvZGV2ZWxvcGVyLmVzXC93cC1jb250ZW50XC91cGxvYWRzXC8yMDI2XC8wMVwvNm11bmktNDAweDI2Ny0xLmpwZyIsInNsaWRlc2hvdyI6ImY1MmYyMzkifQ%3D%3D\">\n\t\t\t\t\t<div class=\"e-gallery-image elementor-gallery-item__image\" data-thumbnail=\"https:\/\/etecnic.bisiestodeveloper.es\/wp-content\/uploads\/2026\/01\/6muni-400x267-1.jpg\" data-width=\"400\" data-height=\"267\" aria-label=\"\" role=\"img\" ><\/div>\n\t\t\t\t\t\t\t\t\t\t\t<div class=\"elementor-gallery-item__overlay\"><\/div>\n\t\t\t\t\t\t\t\t\t\t\t\t\t\t<\/a>\n\t\t\t\t\t\t\t<a class=\"e-gallery-item elementor-gallery-item elementor-animated-content\" href=\"https:\/\/etecnic.bisiestodeveloper.es\/wp-content\/uploads\/2026\/01\/3-munici-400x600-1.jpg\" data-elementor-open-lightbox=\"yes\" data-elementor-lightbox-slideshow=\"f52f239\" data-elementor-lightbox-title=\"3-munici-400x600\" data-e-action-hash=\"#elementor-action%3Aaction%3Dlightbox%26settings%3DeyJpZCI6MzM3ODcsInVybCI6Imh0dHBzOlwvXC9ldGVjbmljLmJpc2llc3RvZGV2ZWxvcGVyLmVzXC93cC1jb250ZW50XC91cGxvYWRzXC8yMDI2XC8wMVwvMy1tdW5pY2ktNDAweDYwMC0xLmpwZyIsInNsaWRlc2hvdyI6ImY1MmYyMzkifQ%3D%3D\">\n\t\t\t\t\t<div class=\"e-gallery-image elementor-gallery-item__image\" data-thumbnail=\"https:\/\/etecnic.bisiestodeveloper.es\/wp-content\/uploads\/2026\/01\/3-munici-400x600-1.jpg\" data-width=\"400\" data-height=\"600\" aria-label=\"\" role=\"img\" ><\/div>\n\t\t\t\t\t\t\t\t\t\t\t<div class=\"elementor-gallery-item__overlay\"><\/div>\n\t\t\t\t\t\t\t\t\t\t\t\t\t\t<\/a>\n\t\t\t\t\t\t\t<a class=\"e-gallery-item elementor-gallery-item elementor-animated-content\" href=\"https:\/\/etecnic.bisiestodeveloper.es\/wp-content\/uploads\/2026\/01\/7muni-400x600-1.jpg\" data-elementor-open-lightbox=\"yes\" data-elementor-lightbox-slideshow=\"f52f239\" data-elementor-lightbox-title=\"7muni-400x600\" data-e-action-hash=\"#elementor-action%3Aaction%3Dlightbox%26settings%3DeyJpZCI6MzM3ODgsInVybCI6Imh0dHBzOlwvXC9ldGVjbmljLmJpc2llc3RvZGV2ZWxvcGVyLmVzXC93cC1jb250ZW50XC91cGxvYWRzXC8yMDI2XC8wMVwvN211bmktNDAweDYwMC0xLmpwZyIsInNsaWRlc2hvdyI6ImY1MmYyMzkifQ%3D%3D\">\n\t\t\t\t\t<div class=\"e-gallery-image elementor-gallery-item__image\" data-thumbnail=\"https:\/\/etecnic.bisiestodeveloper.es\/wp-content\/uploads\/2026\/01\/7muni-400x600-1.jpg\" data-width=\"400\" data-height=\"600\" aria-label=\"\" role=\"img\" ><\/div>\n\t\t\t\t\t\t\t\t\t\t\t<div class=\"elementor-gallery-item__overlay\"><\/div>\n\t\t\t\t\t\t\t\t\t\t\t\t\t\t<\/a>\n\t\t\t\t\t\t\t<a class=\"e-gallery-item elementor-gallery-item elementor-animated-content\" href=\"https:\/\/etecnic.bisiestodeveloper.es\/wp-content\/uploads\/2026\/01\/8muni-400x267-1.jpg\" data-elementor-open-lightbox=\"yes\" data-elementor-lightbox-slideshow=\"f52f239\" data-elementor-lightbox-title=\"8muni-400x267\" data-e-action-hash=\"#elementor-action%3Aaction%3Dlightbox%26settings%3DeyJpZCI6MzM3ODksInVybCI6Imh0dHBzOlwvXC9ldGVjbmljLmJpc2llc3RvZGV2ZWxvcGVyLmVzXC93cC1jb250ZW50XC91cGxvYWRzXC8yMDI2XC8wMVwvOG11bmktNDAweDI2Ny0xLmpwZyIsInNsaWRlc2hvdyI6ImY1MmYyMzkifQ%3D%3D\">\n\t\t\t\t\t<div class=\"e-gallery-image elementor-gallery-item__image\" data-thumbnail=\"https:\/\/etecnic.bisiestodeveloper.es\/wp-content\/uploads\/2026\/01\/8muni-400x267-1.jpg\" data-width=\"400\" data-height=\"267\" aria-label=\"\" role=\"img\" ><\/div>\n\t\t\t\t\t\t\t\t\t\t\t<div class=\"elementor-gallery-item__overlay\"><\/div>\n\t\t\t\t\t\t\t\t\t\t\t\t\t\t<\/a>\n\t\t\t\t\t\t\t<a class=\"e-gallery-item elementor-gallery-item elementor-animated-content\" href=\"https:\/\/etecnic.bisiestodeveloper.es\/wp-content\/uploads\/2026\/01\/4-munici-400x600-1.jpg\" data-elementor-open-lightbox=\"yes\" data-elementor-lightbox-slideshow=\"f52f239\" data-elementor-lightbox-title=\"4-munici-400x600\" data-e-action-hash=\"#elementor-action%3Aaction%3Dlightbox%26settings%3DeyJpZCI6MzM3OTAsInVybCI6Imh0dHBzOlwvXC9ldGVjbmljLmJpc2llc3RvZGV2ZWxvcGVyLmVzXC93cC1jb250ZW50XC91cGxvYWRzXC8yMDI2XC8wMVwvNC1tdW5pY2ktNDAweDYwMC0xLmpwZyIsInNsaWRlc2hvdyI6ImY1MmYyMzkifQ%3D%3D\">\n\t\t\t\t\t<div class=\"e-gallery-image elementor-gallery-item__image\" data-thumbnail=\"https:\/\/etecnic.bisiestodeveloper.es\/wp-content\/uploads\/2026\/01\/4-munici-400x600-1.jpg\" data-width=\"400\" data-height=\"600\" aria-label=\"\" role=\"img\" ><\/div>\n\t\t\t\t\t\t\t\t\t\t\t<div class=\"elementor-gallery-item__overlay\"><\/div>\n\t\t\t\t\t\t\t\t\t\t\t\t\t\t<\/a>\n\t\t\t\t\t\t\t<a class=\"e-gallery-item elementor-gallery-item elementor-animated-content\" href=\"https:\/\/etecnic.bisiestodeveloper.es\/wp-content\/uploads\/2026\/01\/5muni-400x267-1.jpg\" data-elementor-open-lightbox=\"yes\" data-elementor-lightbox-slideshow=\"f52f239\" data-elementor-lightbox-title=\"5muni-400x267\" data-e-action-hash=\"#elementor-action%3Aaction%3Dlightbox%26settings%3DeyJpZCI6MzM3OTEsInVybCI6Imh0dHBzOlwvXC9ldGVjbmljLmJpc2llc3RvZGV2ZWxvcGVyLmVzXC93cC1jb250ZW50XC91cGxvYWRzXC8yMDI2XC8wMVwvNW11bmktNDAweDI2Ny0xLmpwZyIsInNsaWRlc2hvdyI6ImY1MmYyMzkifQ%3D%3D\">\n\t\t\t\t\t<div class=\"e-gallery-image elementor-gallery-item__image\" data-thumbnail=\"https:\/\/etecnic.bisiestodeveloper.es\/wp-content\/uploads\/2026\/01\/5muni-400x267-1.jpg\" data-width=\"400\" data-height=\"267\" aria-label=\"\" role=\"img\" ><\/div>\n\t\t\t\t\t\t\t\t\t\t\t<div class=\"elementor-gallery-item__overlay\"><\/div>\n\t\t\t\t\t\t\t\t\t\t\t\t\t\t<\/a>\n\t\t\t\t\t\t\t<a class=\"e-gallery-item elementor-gallery-item elementor-animated-content\" href=\"https:\/\/etecnic.bisiestodeveloper.es\/wp-content\/uploads\/2026\/01\/Untitled-400x267-1.jpg\" data-elementor-open-lightbox=\"yes\" data-elementor-lightbox-slideshow=\"f52f239\" data-elementor-lightbox-title=\"Untitled-400x267\" data-e-action-hash=\"#elementor-action%3Aaction%3Dlightbox%26settings%3DeyJpZCI6MzM3OTIsInVybCI6Imh0dHBzOlwvXC9ldGVjbmljLmJpc2llc3RvZGV2ZWxvcGVyLmVzXC93cC1jb250ZW50XC91cGxvYWRzXC8yMDI2XC8wMVwvVW50aXRsZWQtNDAweDI2Ny0xLmpwZyIsInNsaWRlc2hvdyI6ImY1MmYyMzkifQ%3D%3D\">\n\t\t\t\t\t<div class=\"e-gallery-image elementor-gallery-item__image\" data-thumbnail=\"https:\/\/etecnic.bisiestodeveloper.es\/wp-content\/uploads\/2026\/01\/Untitled-400x267-1.jpg\" data-width=\"400\" data-height=\"267\" aria-label=\"\" role=\"img\" ><\/div>\n\t\t\t\t\t\t\t\t\t\t\t<div class=\"elementor-gallery-item__overlay\"><\/div>\n\t\t\t\t\t\t\t\t\t\t\t\t\t\t<\/a>\n\t\t\t\t\t\t\t<a class=\"e-gallery-item elementor-gallery-item elementor-animated-content\" href=\"https:\/\/etecnic.bisiestodeveloper.es\/wp-content\/uploads\/2026\/01\/muni10-400x267-1.jpg\" data-elementor-open-lightbox=\"yes\" data-elementor-lightbox-slideshow=\"f52f239\" data-elementor-lightbox-title=\"muni10-400x267\" data-e-action-hash=\"#elementor-action%3Aaction%3Dlightbox%26settings%3DeyJpZCI6MzM3OTMsInVybCI6Imh0dHBzOlwvXC9ldGVjbmljLmJpc2llc3RvZGV2ZWxvcGVyLmVzXC93cC1jb250ZW50XC91cGxvYWRzXC8yMDI2XC8wMVwvbXVuaTEwLTQwMHgyNjctMS5qcGciLCJzbGlkZXNob3ciOiJmNTJmMjM5In0%3D\">\n\t\t\t\t\t<div class=\"e-gallery-image elementor-gallery-item__image\" data-thumbnail=\"https:\/\/etecnic.bisiestodeveloper.es\/wp-content\/uploads\/2026\/01\/muni10-400x267-1.jpg\" data-width=\"400\" data-height=\"267\" aria-label=\"\" role=\"img\" ><\/div>\n\t\t\t\t\t\t\t\t\t\t\t<div class=\"elementor-gallery-item__overlay\"><\/div>\n\t\t\t\t\t\t\t\t\t\t\t\t\t\t<\/a>\n\t\t\t\t\t\t\t<a class=\"e-gallery-item elementor-gallery-item elementor-animated-content\" href=\"https:\/\/etecnic.bisiestodeveloper.es\/wp-content\/uploads\/2026\/01\/WhatsApp-Image-2025-10-21-at-14.11.51-2-e1761895733224.jpg\" data-elementor-open-lightbox=\"yes\" data-elementor-lightbox-slideshow=\"f52f239\" data-elementor-lightbox-title=\"WhatsApp-Image-2025-10-21-at-14.11.51-2-e1761895733224\" data-e-action-hash=\"#elementor-action%3Aaction%3Dlightbox%26settings%3DeyJpZCI6MzM3OTQsInVybCI6Imh0dHBzOlwvXC9ldGVjbmljLmJpc2llc3RvZGV2ZWxvcGVyLmVzXC93cC1jb250ZW50XC91cGxvYWRzXC8yMDI2XC8wMVwvV2hhdHNBcHAtSW1hZ2UtMjAyNS0xMC0yMS1hdC0xNC4xMS41MS0yLWUxNzYxODk1NzMzMjI0LmpwZyIsInNsaWRlc2hvdyI6ImY1MmYyMzkifQ%3D%3D\">\n\t\t\t\t\t<div class=\"e-gallery-image elementor-gallery-item__image\" data-thumbnail=\"https:\/\/etecnic.bisiestodeveloper.es\/wp-content\/uploads\/2026\/01\/WhatsApp-Image-2025-10-21-at-14.11.51-2-e1761895733224-700x322.jpg\" data-width=\"700\" data-height=\"322\" aria-label=\"\" role=\"img\" ><\/div>\n\t\t\t\t\t\t\t\t\t\t\t<div class=\"elementor-gallery-item__overlay\"><\/div>\n\t\t\t\t\t\t\t\t\t\t\t\t\t\t<\/a>\n\t\t\t\t\t\t\t<a class=\"e-gallery-item elementor-gallery-item elementor-animated-content\" href=\"https:\/\/etecnic.bisiestodeveloper.es\/wp-content\/uploads\/2026\/01\/Etecnic-89-scaled-1.jpg\" data-elementor-open-lightbox=\"yes\" data-elementor-lightbox-slideshow=\"f52f239\" data-elementor-lightbox-title=\"Etecnic-89-scaled\" data-e-action-hash=\"#elementor-action%3Aaction%3Dlightbox%26settings%3DeyJpZCI6MzM3OTUsInVybCI6Imh0dHBzOlwvXC9ldGVjbmljLmJpc2llc3RvZGV2ZWxvcGVyLmVzXC93cC1jb250ZW50XC91cGxvYWRzXC8yMDI2XC8wMVwvRXRlY25pYy04OS1zY2FsZWQtMS5qcGciLCJzbGlkZXNob3ciOiJmNTJmMjM5In0%3D\">\n\t\t\t\t\t<div class=\"e-gallery-image elementor-gallery-item__image\" data-thumbnail=\"https:\/\/etecnic.bisiestodeveloper.es\/wp-content\/uploads\/2026\/01\/Etecnic-89-scaled-1-700x467.jpg\" data-width=\"700\" data-height=\"467\" aria-label=\"\" role=\"img\" ><\/div>\n\t\t\t\t\t\t\t\t\t\t\t<div class=\"elementor-gallery-item__overlay\"><\/div>\n\t\t\t\t\t\t\t\t\t\t\t\t\t\t<\/a>\n\t\t\t\t\t\t\t<a class=\"e-gallery-item elementor-gallery-item elementor-animated-content\" href=\"https:\/\/etecnic.bisiestodeveloper.es\/wp-content\/uploads\/2026\/01\/Etecnic-65-scaled-1.jpg\" data-elementor-open-lightbox=\"yes\" data-elementor-lightbox-slideshow=\"f52f239\" data-elementor-lightbox-title=\"Etecnic-65-scaled\" data-e-action-hash=\"#elementor-action%3Aaction%3Dlightbox%26settings%3DeyJpZCI6MzM3OTYsInVybCI6Imh0dHBzOlwvXC9ldGVjbmljLmJpc2llc3RvZGV2ZWxvcGVyLmVzXC93cC1jb250ZW50XC91cGxvYWRzXC8yMDI2XC8wMVwvRXRlY25pYy02NS1zY2FsZWQtMS5qcGciLCJzbGlkZXNob3ciOiJmNTJmMjM5In0%3D\">\n\t\t\t\t\t<div class=\"e-gallery-image elementor-gallery-item__image\" data-thumbnail=\"https:\/\/etecnic.bisiestodeveloper.es\/wp-content\/uploads\/2026\/01\/Etecnic-65-scaled-1-467x700.jpg\" data-width=\"467\" data-height=\"700\" aria-label=\"\" role=\"img\" ><\/div>\n\t\t\t\t\t\t\t\t\t\t\t<div class=\"elementor-gallery-item__overlay\"><\/div>\n\t\t\t\t\t\t\t\t\t\t\t\t\t\t<\/a>\n\t\t\t\t\t\t\t<a class=\"e-gallery-item elementor-gallery-item elementor-animated-content\" href=\"https:\/\/etecnic.bisiestodeveloper.es\/wp-content\/uploads\/2026\/01\/Etecnic-43-scaled-1.jpg\" data-elementor-open-lightbox=\"yes\" data-elementor-lightbox-slideshow=\"f52f239\" data-elementor-lightbox-title=\"Etecnic-43-scaled\" data-e-action-hash=\"#elementor-action%3Aaction%3Dlightbox%26settings%3DeyJpZCI6MzM3OTcsInVybCI6Imh0dHBzOlwvXC9ldGVjbmljLmJpc2llc3RvZGV2ZWxvcGVyLmVzXC93cC1jb250ZW50XC91cGxvYWRzXC8yMDI2XC8wMVwvRXRlY25pYy00My1zY2FsZWQtMS5qcGciLCJzbGlkZXNob3ciOiJmNTJmMjM5In0%3D\">\n\t\t\t\t\t<div class=\"e-gallery-image elementor-gallery-item__image\" data-thumbnail=\"https:\/\/etecnic.bisiestodeveloper.es\/wp-content\/uploads\/2026\/01\/Etecnic-43-scaled-1-700x467.jpg\" data-width=\"700\" data-height=\"467\" aria-label=\"\" role=\"img\" ><\/div>\n\t\t\t\t\t\t\t\t\t\t\t<div class=\"elementor-gallery-item__overlay\"><\/div>\n\t\t\t\t\t\t\t\t\t\t\t\t\t\t<\/a>\n\t\t\t\t\t\t\t<a class=\"e-gallery-item elementor-gallery-item elementor-animated-content\" href=\"https:\/\/etecnic.bisiestodeveloper.es\/wp-content\/uploads\/2026\/01\/Etecnic-52-scaled-1.jpg\" data-elementor-open-lightbox=\"yes\" data-elementor-lightbox-slideshow=\"f52f239\" data-elementor-lightbox-title=\"Etecnic-52-scaled\" data-e-action-hash=\"#elementor-action%3Aaction%3Dlightbox%26settings%3DeyJpZCI6MzM3OTgsInVybCI6Imh0dHBzOlwvXC9ldGVjbmljLmJpc2llc3RvZGV2ZWxvcGVyLmVzXC93cC1jb250ZW50XC91cGxvYWRzXC8yMDI2XC8wMVwvRXRlY25pYy01Mi1zY2FsZWQtMS5qcGciLCJzbGlkZXNob3ciOiJmNTJmMjM5In0%3D\">\n\t\t\t\t\t<div class=\"e-gallery-image elementor-gallery-item__image\" data-thumbnail=\"https:\/\/etecnic.bisiestodeveloper.es\/wp-content\/uploads\/2026\/01\/Etecnic-52-scaled-1-466x700.jpg\" data-width=\"466\" data-height=\"700\" aria-label=\"\" role=\"img\" ><\/div>\n\t\t\t\t\t\t\t\t\t\t\t<div class=\"elementor-gallery-item__overlay\"><\/div>\n\t\t\t\t\t\t\t\t\t\t\t\t\t\t<\/a>\n\t\t\t\t\t<\/div>\n\t\t\t\t\t<\/div>\n\t\t\t\t<\/div>\n\t\t\t\t<div class=\"elementor-element elementor-element-f66244e elementor-widget elementor-widget-image\" data-id=\"f66244e\" data-element_type=\"widget\" data-widget_type=\"image.default\">\n\t\t\t\t<div class=\"elementor-widget-container\">\n\t\t\t\t\t\t\t\t\t\t\t\t\t\t\t\t<a href=\"https:\/\/etecnic.bisiestodeveloper.es\/ca\/projectes\/etecnic-se-consolida-com-3r-operador-de-punts-de-recarrega-en-espanya\/\">\n\t\t\t\t\t\t\t<img fetchpriority=\"high\" decoding=\"async\" width=\"800\" height=\"267\" src=\"https:\/\/etecnic.bisiestodeveloper.es\/wp-content\/uploads\/2025\/06\/banner-mapa-de-recarga-1400x467.jpg\" class=\"attachment-large size-large wp-image-28104\" alt=\"\" srcset=\"https:\/\/etecnic.bisiestodeveloper.es\/wp-content\/uploads\/2025\/06\/banner-mapa-de-recarga-1400x467.jpg 1400w, https:\/\/etecnic.bisiestodeveloper.es\/wp-content\/uploads\/2025\/06\/banner-mapa-de-recarga-700x233.jpg 700w, https:\/\/etecnic.bisiestodeveloper.es\/wp-content\/uploads\/2025\/06\/banner-mapa-de-recarga-768x256.jpg 768w, https:\/\/etecnic.bisiestodeveloper.es\/wp-content\/uploads\/2025\/06\/banner-mapa-de-recarga.jpg 1500w\" sizes=\"(max-width: 800px) 100vw, 800px\" \/>\t\t\t\t\t\t\t\t<\/a>\n\t\t\t\t\t\t\t\t\t\t\t\t\t\t\t<\/div>\n\t\t\t\t<\/div>\n\t\t\t\t\t<\/div>\n\t\t\t\t<\/div>\n\t\t\t\t<\/div>\n\t\t","protected":false},"excerpt":{"rendered":"<p>Etecnic celebra el seu 10\u00e8 aniversari a Municipalia amb una gran acollida per part del p\u00fablic i els professionals, presentant solucions innovadores en gesti\u00f3 energ\u00e8tica i mobilitat el\u00e8ctrica. El projecte Smart Pricing rep el Premi a la Innovaci\u00f3 al CEVE de AEDIVE, reconeixent l&#8217;aposta d&#8217;Etecnic per la tecnologia, la innovaci\u00f3, la digitalitzaci\u00f3 i la sostenibilitat [&hellip;]<\/p>\n","protected":false},"author":3,"featured_media":34890,"comment_status":"closed","ping_status":"closed","sticky":false,"template":"","format":"standard","meta":{"footnotes":""},"categories":[230,638,640,635],"tags":[],"class_list":["post-29403","post","type-post","status-publish","format-standard","has-post-thumbnail","hentry","category-esdeveniments","category-etecnic360","category-evcharge","category-sector"],"yoast_head":"<!-- This site is optimized with the Yoast SEO plugin v26.5 - https:\/\/yoast.com\/wordpress\/plugins\/seo\/ -->\n<title>Etecnic celebra una d\u00e8cada de mobilitat el\u00e8ctrica a Municipalia 2025<\/title>\n<meta name=\"description\" content=\"Etecnic celebra el seu 10\u00e8 aniversari a Municipalia amb una gran acollida de p\u00fablic i professionals, presentant solucions innovadores en gesti\u00f3 energ\u00e8tica i mobilitat el\u00e8ctrica.\" \/>\n<meta name=\"robots\" content=\"noindex, follow, max-snippet:-1, max-image-preview:large, max-video-preview:-1\" \/>\n<meta property=\"og:locale\" content=\"ca_ES\" \/>\n<meta property=\"og:type\" content=\"article\" \/>\n<meta property=\"og:title\" content=\"Etecnic celebra una d\u00e8cada de mobilitat el\u00e8ctrica a Municipalia 2025\" \/>\n<meta property=\"og:description\" content=\"Etecnic celebra el seu 10\u00e8 aniversari a Municipalia amb una gran acollida de p\u00fablic i professionals, presentant solucions innovadores en gesti\u00f3 energ\u00e8tica i mobilitat el\u00e8ctrica.\" \/>\n<meta property=\"og:url\" content=\"https:\/\/etecnic.bisiestodeveloper.es\/ca\/sector\/etecnic-celebra-una-decada-de-mobilitat-electrica-a-municipalia-2025\/\" \/>\n<meta property=\"og:site_name\" content=\"Etecnic\" \/>\n<meta property=\"article:published_time\" content=\"2025-10-28T09:32:49+00:00\" \/>\n<meta property=\"article:modified_time\" content=\"2026-07-24T09:11:34+00:00\" \/>\n<meta property=\"og:image\" content=\"https:\/\/etecnic.bisiestodeveloper.es\/wp-content\/uploads\/2025\/10\/Blog-MOVES-III-15-1.jpg\" \/>\n\t<meta property=\"og:image:width\" content=\"1110\" \/>\n\t<meta property=\"og:image:height\" content=\"720\" \/>\n\t<meta property=\"og:image:type\" content=\"image\/jpeg\" \/>\n<meta name=\"author\" content=\"etecnic\" \/>\n<meta name=\"twitter:card\" content=\"summary_large_image\" \/>\n<meta name=\"twitter:label1\" content=\"Escrit per\" \/>\n\t<meta name=\"twitter:data1\" content=\"etecnic\" \/>\n\t<meta name=\"twitter:label2\" content=\"Temps estimat de lectura\" \/>\n\t<meta name=\"twitter:data2\" content=\"7 minuts\" \/>\n<script type=\"application\/ld+json\" class=\"yoast-schema-graph\">{\"@context\":\"https:\/\/schema.org\",\"@graph\":[{\"@type\":\"Article\",\"@id\":\"https:\/\/etecnic.bisiestodeveloper.es\/ca\/sector\/etecnic-celebra-una-decada-de-mobilitat-electrica-a-municipalia-2025\/#article\",\"isPartOf\":{\"@id\":\"https:\/\/etecnic.bisiestodeveloper.es\/ca\/sector\/etecnic-celebra-una-decada-de-mobilitat-electrica-a-municipalia-2025\/\"},\"author\":{\"name\":\"etecnic\",\"@id\":\"https:\/\/etecnic.bisiestodeveloper.es\/ca\/#\/schema\/person\/dd1bd24ce2934073e648829317e35ba7\"},\"headline\":\"Etecnic celebra una d\u00e8cada de mobilitat el\u00e8ctrica a Municipalia 2025\",\"datePublished\":\"2025-10-28T09:32:49+00:00\",\"dateModified\":\"2026-07-24T09:11:34+00:00\",\"mainEntityOfPage\":{\"@id\":\"https:\/\/etecnic.bisiestodeveloper.es\/ca\/sector\/etecnic-celebra-una-decada-de-mobilitat-electrica-a-municipalia-2025\/\"},\"wordCount\":881,\"publisher\":{\"@id\":\"https:\/\/etecnic.bisiestodeveloper.es\/ca\/#organization\"},\"image\":{\"@id\":\"https:\/\/etecnic.bisiestodeveloper.es\/ca\/sector\/etecnic-celebra-una-decada-de-mobilitat-electrica-a-municipalia-2025\/#primaryimage\"},\"thumbnailUrl\":\"https:\/\/etecnic.bisiestodeveloper.es\/wp-content\/uploads\/2025\/10\/Blog-MOVES-III-15-1.jpg\",\"articleSection\":[\"Esdeveniments\",\"Etecnic360\",\"EVcharge\",\"Sector\"],\"inLanguage\":\"ca\"},{\"@type\":\"WebPage\",\"@id\":\"https:\/\/etecnic.bisiestodeveloper.es\/ca\/sector\/etecnic-celebra-una-decada-de-mobilitat-electrica-a-municipalia-2025\/\",\"url\":\"https:\/\/etecnic.bisiestodeveloper.es\/ca\/sector\/etecnic-celebra-una-decada-de-mobilitat-electrica-a-municipalia-2025\/\",\"name\":\"Etecnic celebra una d\u00e8cada de mobilitat el\u00e8ctrica a Municipalia 2025\",\"isPartOf\":{\"@id\":\"https:\/\/etecnic.bisiestodeveloper.es\/ca\/#website\"},\"primaryImageOfPage\":{\"@id\":\"https:\/\/etecnic.bisiestodeveloper.es\/ca\/sector\/etecnic-celebra-una-decada-de-mobilitat-electrica-a-municipalia-2025\/#primaryimage\"},\"image\":{\"@id\":\"https:\/\/etecnic.bisiestodeveloper.es\/ca\/sector\/etecnic-celebra-una-decada-de-mobilitat-electrica-a-municipalia-2025\/#primaryimage\"},\"thumbnailUrl\":\"https:\/\/etecnic.bisiestodeveloper.es\/wp-content\/uploads\/2025\/10\/Blog-MOVES-III-15-1.jpg\",\"datePublished\":\"2025-10-28T09:32:49+00:00\",\"dateModified\":\"2026-07-24T09:11:34+00:00\",\"description\":\"Etecnic celebra el seu 10\u00e8 aniversari a Municipalia amb una gran acollida de p\u00fablic i professionals, presentant solucions innovadores en gesti\u00f3 energ\u00e8tica i mobilitat el\u00e8ctrica.\",\"breadcrumb\":{\"@id\":\"https:\/\/etecnic.bisiestodeveloper.es\/ca\/sector\/etecnic-celebra-una-decada-de-mobilitat-electrica-a-municipalia-2025\/#breadcrumb\"},\"inLanguage\":\"ca\",\"potentialAction\":[{\"@type\":\"ReadAction\",\"target\":[\"https:\/\/etecnic.bisiestodeveloper.es\/ca\/sector\/etecnic-celebra-una-decada-de-mobilitat-electrica-a-municipalia-2025\/\"]}]},{\"@type\":\"ImageObject\",\"inLanguage\":\"ca\",\"@id\":\"https:\/\/etecnic.bisiestodeveloper.es\/ca\/sector\/etecnic-celebra-una-decada-de-mobilitat-electrica-a-municipalia-2025\/#primaryimage\",\"url\":\"https:\/\/etecnic.bisiestodeveloper.es\/wp-content\/uploads\/2025\/10\/Blog-MOVES-III-15-1.jpg\",\"contentUrl\":\"https:\/\/etecnic.bisiestodeveloper.es\/wp-content\/uploads\/2025\/10\/Blog-MOVES-III-15-1.jpg\",\"width\":1110,\"height\":720},{\"@type\":\"BreadcrumbList\",\"@id\":\"https:\/\/etecnic.bisiestodeveloper.es\/ca\/sector\/etecnic-celebra-una-decada-de-mobilitat-electrica-a-municipalia-2025\/#breadcrumb\",\"itemListElement\":[{\"@type\":\"ListItem\",\"position\":1,\"name\":\"Portada\",\"item\":\"https:\/\/etecnic.bisiestodeveloper.es\/ca\/\"},{\"@type\":\"ListItem\",\"position\":2,\"name\":\"Etecnic celebra una d\u00e8cada de mobilitat el\u00e8ctrica a Municipalia 2025\"}]},{\"@type\":\"WebSite\",\"@id\":\"https:\/\/etecnic.bisiestodeveloper.es\/ca\/#website\",\"url\":\"https:\/\/etecnic.bisiestodeveloper.es\/ca\/\",\"name\":\"Etecnic\",\"description\":\"\",\"publisher\":{\"@id\":\"https:\/\/etecnic.bisiestodeveloper.es\/ca\/#organization\"},\"potentialAction\":[{\"@type\":\"SearchAction\",\"target\":{\"@type\":\"EntryPoint\",\"urlTemplate\":\"https:\/\/etecnic.bisiestodeveloper.es\/ca\/?s={search_term_string}\"},\"query-input\":{\"@type\":\"PropertyValueSpecification\",\"valueRequired\":true,\"valueName\":\"search_term_string\"}}],\"inLanguage\":\"ca\"},{\"@type\":\"Organization\",\"@id\":\"https:\/\/etecnic.bisiestodeveloper.es\/ca\/#organization\",\"name\":\"Etecnic\",\"url\":\"https:\/\/etecnic.bisiestodeveloper.es\/ca\/\",\"logo\":{\"@type\":\"ImageObject\",\"inLanguage\":\"ca\",\"@id\":\"https:\/\/etecnic.bisiestodeveloper.es\/ca\/#\/schema\/logo\/image\/\",\"url\":\"https:\/\/etecnic.bisiestodeveloper.es\/wp-content\/uploads\/2025\/06\/logo-etecnic-blanco.png\",\"contentUrl\":\"https:\/\/etecnic.bisiestodeveloper.es\/wp-content\/uploads\/2025\/06\/logo-etecnic-blanco.png\",\"width\":1000,\"height\":500,\"caption\":\"Etecnic\"},\"image\":{\"@id\":\"https:\/\/etecnic.bisiestodeveloper.es\/ca\/#\/schema\/logo\/image\/\"}},{\"@type\":\"Person\",\"@id\":\"https:\/\/etecnic.bisiestodeveloper.es\/ca\/#\/schema\/person\/dd1bd24ce2934073e648829317e35ba7\",\"name\":\"etecnic\",\"url\":\"https:\/\/etecnic.bisiestodeveloper.es\/ca\/author\/etecnic\/\"}]}<\/script>\n<!-- \/ Yoast SEO plugin. -->","yoast_head_json":{"title":"Etecnic celebra una d\u00e8cada de mobilitat el\u00e8ctrica a Municipalia 2025","description":"Etecnic celebra el seu 10\u00e8 aniversari a Municipalia amb una gran acollida de p\u00fablic i professionals, presentant solucions innovadores en gesti\u00f3 energ\u00e8tica i mobilitat el\u00e8ctrica.","robots":{"index":"noindex","follow":"follow","max-snippet":"max-snippet:-1","max-image-preview":"max-image-preview:large","max-video-preview":"max-video-preview:-1"},"og_locale":"ca_ES","og_type":"article","og_title":"Etecnic celebra una d\u00e8cada de mobilitat el\u00e8ctrica a Municipalia 2025","og_description":"Etecnic celebra el seu 10\u00e8 aniversari a Municipalia amb una gran acollida de p\u00fablic i professionals, presentant solucions innovadores en gesti\u00f3 energ\u00e8tica i mobilitat el\u00e8ctrica.","og_url":"https:\/\/etecnic.bisiestodeveloper.es\/ca\/sector\/etecnic-celebra-una-decada-de-mobilitat-electrica-a-municipalia-2025\/","og_site_name":"Etecnic","article_published_time":"2025-10-28T09:32:49+00:00","article_modified_time":"2026-07-24T09:11:34+00:00","og_image":[{"width":1110,"height":720,"url":"https:\/\/etecnic.bisiestodeveloper.es\/wp-content\/uploads\/2025\/10\/Blog-MOVES-III-15-1.jpg","type":"image\/jpeg"}],"author":"etecnic","twitter_card":"summary_large_image","twitter_misc":{"Escrit per":"etecnic","Temps estimat de lectura":"7 minuts"},"schema":{"@context":"https:\/\/schema.org","@graph":[{"@type":"Article","@id":"https:\/\/etecnic.bisiestodeveloper.es\/ca\/sector\/etecnic-celebra-una-decada-de-mobilitat-electrica-a-municipalia-2025\/#article","isPartOf":{"@id":"https:\/\/etecnic.bisiestodeveloper.es\/ca\/sector\/etecnic-celebra-una-decada-de-mobilitat-electrica-a-municipalia-2025\/"},"author":{"name":"etecnic","@id":"https:\/\/etecnic.bisiestodeveloper.es\/ca\/#\/schema\/person\/dd1bd24ce2934073e648829317e35ba7"},"headline":"Etecnic celebra una d\u00e8cada de mobilitat el\u00e8ctrica a Municipalia 2025","datePublished":"2025-10-28T09:32:49+00:00","dateModified":"2026-07-24T09:11:34+00:00","mainEntityOfPage":{"@id":"https:\/\/etecnic.bisiestodeveloper.es\/ca\/sector\/etecnic-celebra-una-decada-de-mobilitat-electrica-a-municipalia-2025\/"},"wordCount":881,"publisher":{"@id":"https:\/\/etecnic.bisiestodeveloper.es\/ca\/#organization"},"image":{"@id":"https:\/\/etecnic.bisiestodeveloper.es\/ca\/sector\/etecnic-celebra-una-decada-de-mobilitat-electrica-a-municipalia-2025\/#primaryimage"},"thumbnailUrl":"https:\/\/etecnic.bisiestodeveloper.es\/wp-content\/uploads\/2025\/10\/Blog-MOVES-III-15-1.jpg","articleSection":["Esdeveniments","Etecnic360","EVcharge","Sector"],"inLanguage":"ca"},{"@type":"WebPage","@id":"https:\/\/etecnic.bisiestodeveloper.es\/ca\/sector\/etecnic-celebra-una-decada-de-mobilitat-electrica-a-municipalia-2025\/","url":"https:\/\/etecnic.bisiestodeveloper.es\/ca\/sector\/etecnic-celebra-una-decada-de-mobilitat-electrica-a-municipalia-2025\/","name":"Etecnic celebra una d\u00e8cada de mobilitat el\u00e8ctrica a Municipalia 2025","isPartOf":{"@id":"https:\/\/etecnic.bisiestodeveloper.es\/ca\/#website"},"primaryImageOfPage":{"@id":"https:\/\/etecnic.bisiestodeveloper.es\/ca\/sector\/etecnic-celebra-una-decada-de-mobilitat-electrica-a-municipalia-2025\/#primaryimage"},"image":{"@id":"https:\/\/etecnic.bisiestodeveloper.es\/ca\/sector\/etecnic-celebra-una-decada-de-mobilitat-electrica-a-municipalia-2025\/#primaryimage"},"thumbnailUrl":"https:\/\/etecnic.bisiestodeveloper.es\/wp-content\/uploads\/2025\/10\/Blog-MOVES-III-15-1.jpg","datePublished":"2025-10-28T09:32:49+00:00","dateModified":"2026-07-24T09:11:34+00:00","description":"Etecnic celebra el seu 10\u00e8 aniversari a Municipalia amb una gran acollida de p\u00fablic i professionals, presentant solucions innovadores en gesti\u00f3 energ\u00e8tica i mobilitat el\u00e8ctrica.","breadcrumb":{"@id":"https:\/\/etecnic.bisiestodeveloper.es\/ca\/sector\/etecnic-celebra-una-decada-de-mobilitat-electrica-a-municipalia-2025\/#breadcrumb"},"inLanguage":"ca","potentialAction":[{"@type":"ReadAction","target":["https:\/\/etecnic.bisiestodeveloper.es\/ca\/sector\/etecnic-celebra-una-decada-de-mobilitat-electrica-a-municipalia-2025\/"]}]},{"@type":"ImageObject","inLanguage":"ca","@id":"https:\/\/etecnic.bisiestodeveloper.es\/ca\/sector\/etecnic-celebra-una-decada-de-mobilitat-electrica-a-municipalia-2025\/#primaryimage","url":"https:\/\/etecnic.bisiestodeveloper.es\/wp-content\/uploads\/2025\/10\/Blog-MOVES-III-15-1.jpg","contentUrl":"https:\/\/etecnic.bisiestodeveloper.es\/wp-content\/uploads\/2025\/10\/Blog-MOVES-III-15-1.jpg","width":1110,"height":720},{"@type":"BreadcrumbList","@id":"https:\/\/etecnic.bisiestodeveloper.es\/ca\/sector\/etecnic-celebra-una-decada-de-mobilitat-electrica-a-municipalia-2025\/#breadcrumb","itemListElement":[{"@type":"ListItem","position":1,"name":"Portada","item":"https:\/\/etecnic.bisiestodeveloper.es\/ca\/"},{"@type":"ListItem","position":2,"name":"Etecnic celebra una d\u00e8cada de mobilitat el\u00e8ctrica a Municipalia 2025"}]},{"@type":"WebSite","@id":"https:\/\/etecnic.bisiestodeveloper.es\/ca\/#website","url":"https:\/\/etecnic.bisiestodeveloper.es\/ca\/","name":"Etecnic","description":"","publisher":{"@id":"https:\/\/etecnic.bisiestodeveloper.es\/ca\/#organization"},"potentialAction":[{"@type":"SearchAction","target":{"@type":"EntryPoint","urlTemplate":"https:\/\/etecnic.bisiestodeveloper.es\/ca\/?s={search_term_string}"},"query-input":{"@type":"PropertyValueSpecification","valueRequired":true,"valueName":"search_term_string"}}],"inLanguage":"ca"},{"@type":"Organization","@id":"https:\/\/etecnic.bisiestodeveloper.es\/ca\/#organization","name":"Etecnic","url":"https:\/\/etecnic.bisiestodeveloper.es\/ca\/","logo":{"@type":"ImageObject","inLanguage":"ca","@id":"https:\/\/etecnic.bisiestodeveloper.es\/ca\/#\/schema\/logo\/image\/","url":"https:\/\/etecnic.bisiestodeveloper.es\/wp-content\/uploads\/2025\/06\/logo-etecnic-blanco.png","contentUrl":"https:\/\/etecnic.bisiestodeveloper.es\/wp-content\/uploads\/2025\/06\/logo-etecnic-blanco.png","width":1000,"height":500,"caption":"Etecnic"},"image":{"@id":"https:\/\/etecnic.bisiestodeveloper.es\/ca\/#\/schema\/logo\/image\/"}},{"@type":"Person","@id":"https:\/\/etecnic.bisiestodeveloper.es\/ca\/#\/schema\/person\/dd1bd24ce2934073e648829317e35ba7","name":"etecnic","url":"https:\/\/etecnic.bisiestodeveloper.es\/ca\/author\/etecnic\/"}]}},"_links":{"self":[{"href":"https:\/\/etecnic.bisiestodeveloper.es\/ca\/wp-json\/wp\/v2\/posts\/29403","targetHints":{"allow":["GET"]}}],"collection":[{"href":"https:\/\/etecnic.bisiestodeveloper.es\/ca\/wp-json\/wp\/v2\/posts"}],"about":[{"href":"https:\/\/etecnic.bisiestodeveloper.es\/ca\/wp-json\/wp\/v2\/types\/post"}],"author":[{"embeddable":true,"href":"https:\/\/etecnic.bisiestodeveloper.es\/ca\/wp-json\/wp\/v2\/users\/3"}],"replies":[{"embeddable":true,"href":"https:\/\/etecnic.bisiestodeveloper.es\/ca\/wp-json\/wp\/v2\/comments?post=29403"}],"version-history":[{"count":3,"href":"https:\/\/etecnic.bisiestodeveloper.es\/ca\/wp-json\/wp\/v2\/posts\/29403\/revisions"}],"predecessor-version":[{"id":37244,"href":"https:\/\/etecnic.bisiestodeveloper.es\/ca\/wp-json\/wp\/v2\/posts\/29403\/revisions\/37244"}],"wp:featuredmedia":[{"embeddable":true,"href":"https:\/\/etecnic.bisiestodeveloper.es\/ca\/wp-json\/wp\/v2\/media\/34890"}],"wp:attachment":[{"href":"https:\/\/etecnic.bisiestodeveloper.es\/ca\/wp-json\/wp\/v2\/media?parent=29403"}],"wp:term":[{"taxonomy":"category","embeddable":true,"href":"https:\/\/etecnic.bisiestodeveloper.es\/ca\/wp-json\/wp\/v2\/categories?post=29403"},{"taxonomy":"post_tag","embeddable":true,"href":"https:\/\/etecnic.bisiestodeveloper.es\/ca\/wp-json\/wp\/v2\/tags?post=29403"}],"curies":[{"name":"wp","href":"https:\/\/api.w.org\/{rel}","templated":true}]}}