{"id":27420,"date":"2025-05-09T13:02:41","date_gmt":"2025-05-09T13:02:41","guid":{"rendered":"https:\/\/etecnic.es\/?p=27420"},"modified":"2026-07-24T09:11:38","modified_gmt":"2026-07-24T09:11:38","slug":"etecnic-premiada-a-millor-pime-de-la-5a-edicio-dels-premis-internacionals-de-mobilitat","status":"publish","type":"post","link":"https:\/\/etecnic.bisiestodeveloper.es\/ca\/esdeveniments\/etecnic-premiada-a-millor-pime-de-la-5a-edicio-dels-premis-internacionals-de-mobilitat\/","title":{"rendered":"Etecnic, premiada a millor PIME de la 5a edici\u00f3 dels Premis Internacionals de Mobilitat"},"content":{"rendered":"<h2><strong>Etecnic, reconeguda com a millor PYME als Premis Internacionals de Mobilitat 2025 pel seu projecte Smart Pricing al HUB de rec\u00e0rrega ultrar\u00e0pida<\/strong><\/h2>\n<p><\/p>\n<p data-start=\"281\" data-end=\"737\">Etecnic ha estat reconeguda com a la <a href=\"https:\/\/www.movilidadsostenible.com.es\/la-5a-edicion-de-los-premios-internacionales-de-movilidad-destaca-la-innovacion-la-tecnologia-y-el-impulso-a-la-movilidad-compartida-y-saludable\/\" target=\"_blank\" rel=\"noopener\"><strong data-start=\"407\" data-end=\"439\">millor empresa privada &#8211; PYME<\/strong> a la <strong data-start=\"446\" data-end=\"504\">5a edici\u00f3 dels Premis Internacionals de Mobilitat<\/strong><\/a>, organitzats per <strong data-start=\"522\" data-end=\"562\">Empresas por la Movilidad Sostenible<\/strong>, amb el suport del Ministeri de Transports i Mobilitat Sostenible, el Ministeri per a la Transici\u00f3 Ecol\u00f2gica i el Repte Demogr\u00e0fic, la Fundaci\u00f3 CONAMA i la Reial Acad\u00e8mia d&#8217;Enginyeria.<\/p>\n<p><\/p>\n<p data-start=\"755\" data-end=\"1235\">Aquest guard\u00f3 premia el desenvolupament de projectes com <strong data-start=\"803\" data-end=\"820\">Smart Pricing<\/strong>, una soluci\u00f3 tecnol\u00f2gica dissenyada per Etecnic per <strong data-start=\"873\" data-end=\"961\">optimitzar la rendibilitat i efici\u00e8ncia energ\u00e8tica de les infraestructures de rec\u00e0rrega<\/strong> de vehicles el\u00e8ctrics. El sistema permet ajustar els preus din\u00e0micament segons la demanda, la pot\u00e8ncia contractada i la disponibilitat d&#8217;energia renovable, integrant-se amb la plataforma de gesti\u00f3 EVcharge per oferir una soluci\u00f3 integral, intel\u00b7ligent i sostenible.<\/p>\n<p><\/p>\n<p data-start=\"1237\" data-end=\"1681\">Un dels projectes m\u00e9s representatius on s&#8217;aplicar\u00e0 aquesta innovaci\u00f3 \u00e9s el <a href=\"https:\/\/etecnic.bisiestodeveloper.es\/ca\/projectes\/etecnic-y-weiderauto-electric-inauguran-el-hub-de-recarga-ultrarrapida-sostenible-de-referencia-en-cataluna\/\"><strong data-start=\"1318\" data-end=\"1369\">Hub de rec\u00e0rrega ultrar\u00e0pida WEIDERAUTO ELECTRIC<\/strong><\/a>, que es posar\u00e0 en marxa pr\u00f2ximament. Aquest hub, alimentat per energia solar, comptar\u00e0 amb <strong data-start=\"1461\" data-end=\"1491\">9 carregadors ultrar\u00e0pids<\/strong> (8 de 120 kW i 1 de 180 kW) i permetr\u00e0 evitar fins a <strong data-start=\"1545\" data-end=\"1571\">1.200 kg de CO\u2082 al dia<\/strong>, oferint una experi\u00e8ncia de rec\u00e0rrega optimitzada tant en efici\u00e8ncia energ\u00e8tica com en qualitat de servei.<\/p>\n<p><\/p>\n<p data-start=\"1237\" data-end=\"1681\">Durant la cerim\u00f2nia de lliurament, celebrada a Madrid, el CEO d&#8217;Etecnic, <strong data-start=\"1756\" data-end=\"1777\">Jorge R\u00edos Cort\u00e9s<\/strong>, va expressar:<\/p>\n<blockquote data-start=\"1789\" data-end=\"2023\">\n<p data-start=\"1791\" data-end=\"2023\"><em data-start=\"1791\" data-end=\"2023\">\u201cAquest premi suposa una motivaci\u00f3 i un impuls. Un reconeixement que ens dona encara m\u00e9s for\u00e7a per continuar innovant i ajudant amb projectes integrals de mobilitat el\u00e8ctrica, amb tecnologia, sostenibilitat i visi\u00f3 a llarg termini.\u201d<\/em><\/p>\n<p data-start=\"1791\" data-end=\"2023\"><em data-start=\"2027\" data-end=\"2149\">\u201cI volem reivindicar una cosa en qu\u00e8 creiem fermament: <strong data-start=\"2081\" data-end=\"2146\">les PYMES som el motor de la innovaci\u00f3 que Europa necessita<\/strong>.\u201d<\/em><\/p>\n<\/blockquote>\n<p><\/p>\n<p data-start=\"2151\" data-end=\"2569\">Amb seu a Reus i m\u00e9s d&#8217;una d\u00e8cada de traject\u00f2ria, <a href=\"https:\/\/etecnic.bisiestodeveloper.es\/ca\/projectes\/etecnic-se-consolida-com-3r-operador-de-punts-de-recarrega-en-espanya\/\"><strong data-start=\"2204\" data-end=\"2299\">Etecnic s&#8217;ha consolidat com el 3er operador de rec\u00e0rrega de vehicles el\u00e8ctrics a Espanya<\/strong><\/a>, gestionant actualment <strong data-start=\"2325\" data-end=\"2360\">m\u00e9s de 16.000 punts de rec\u00e0rrega<\/strong>. L&#8217;empresa aposta per un model de desenvolupament basat en la proximitat, el coneixement t\u00e8cnic i la sostenibilitat, oferint solucions clau en m\u00e0 per a administracions, empreses i operadors privats.<\/p>\n<p><\/p>\n<p data-start=\"2571\" data-end=\"3045\">A m\u00e9s, Etecnic ha tingut un paper clau en el <strong data-start=\"2618\" data-end=\"2637\">projecte ProMEC<\/strong> a <strong data-start=\"2641\" data-end=\"2655\">Cap Verd<\/strong>, guardonat amb el <strong data-start=\"2676\" data-end=\"2709\">Premi Especial Internacional<\/strong> en aquesta mateixa edici\u00f3. En alian\u00e7a amb <strong data-start=\"2748\" data-end=\"2759\">IMPULSO<\/strong> i <a href=\"http:\/\/evcharge.net\" target=\"_blank\" rel=\"noopener\"><strong data-start=\"2762\" data-end=\"2774\">EVcharge<\/strong><\/a>, ha contribu\u00eft al desplegament de la <a href=\"https:\/\/evcharge.net\/casosdexito\/evcharge-colabora-en-la-gestion-de-110-cargadores-en-cabo-verde\/\" target=\"_blank\" rel=\"noopener\"><strong data-start=\"2811\" data-end=\"2887\">primera xarxa p\u00fablica nacional de rec\u00e0rrega intel\u00b7ligent a l&#8217;\u00c0frica Occidental<\/strong><\/a>, com <strong>110 carregadors operatius<\/strong> i una plataforma digital personalitzada, que est\u00e0 transformant la mobilitat a les nou illes habitades de l&#8217;arxip\u00e8lag.<\/p>\n<p><\/p>\n<p data-start=\"3047\" data-end=\"3200\">Aquest doble reconeixement refor\u00e7a el comprom\u00eds d&#8217;Etecnic amb la mobilitat sostenible, la transici\u00f3 energ\u00e8tica i la innovaci\u00f3 com a motors de canvi.<\/p>\n<p><\/p>\n<p data-start=\"3047\" data-end=\"3200\">Font de la not\u00edcia: <a href=\"https:\/\/www.movilidadsostenible.com.es\/la-5a-edicion-de-los-premios-internacionales-de-movilidad-destaca-la-innovacion-la-tecnologia-y-el-impulso-a-la-movilidad-compartida-y-saludable\/\" target=\"_blank\" rel=\"noopener\">Empresas Por La Movilidad Sostenible<\/a><\/p>\n<p><img decoding=\"async\" src=\"https:\/\/etecnic.bisiestodeveloper.es\/wp-content\/uploads\/2025\/05\/Premiados-1.jpg\" alt=\"\" \/><\/p>\n<div class=\"et_pb_module et_pb_text et_pb_text_43 et_pb_bg_layout_light et_pb_text_align_left\">Esquerra, els premiats de totes les categories. Dreta, Marta G\u00f3mez Palenque, Directora de Qualitat i Avaluaci\u00f3 Ambiental del Ministeri per a la Transici\u00f3 Ecol\u00f2gica i el Repte Demogr\u00e0fic, i Jorge R\u00edos, CEO d&#8217;Etecnic.<\/div>\n<p><\/p>\n<div><\/div>\n<p><\/p>\n<div class=\"et_pb_module et_pb_text et_pb_text_44 et_pb_bg_layout_light et_pb_text_align_left\">\n<div class=\"et_pb_text_inner\"><a href=\"https:\/\/www.movilidadsostenible.com.es\/premiados-5-edicion-premios-movilidad\/\" target=\"_blank\" rel=\"noopener\">M\u00e9s informaci\u00f3<\/a><\/div>\n<p><\/div>\n<p>Reviu la gala amb el v\u00eddeo d&#8217;Empresas Por La Movilidad Sostenible<\/p>\n<div class=\"et_pb_module et_pb_text et_pb_text_44 et_pb_bg_layout_light et_pb_text_align_left\">\n<div class=\"et_pb_text_inner\">\n<p><a href=\"https:\/\/www.movilidadsostenible.com.es\/premiados-5-edicion-premios-movilidad\/\" target=\"_blank\" rel=\"noopener\">M\u00e9s informaci\u00f3 sobre tots els premiats de la 5a edici\u00f3 dels Premis Internacionals de Mobilitat<\/a><\/p>\n<\/div>\n<p><\/div>\n\n<p class=\"wp-block-paragraph\"><\/p>\n","protected":false},"excerpt":{"rendered":"<p>Etecnic, reconeguda com a millor PYME als Premis Internacionals de Mobilitat 2025 pel seu projecte Smart Pricing al HUB de rec\u00e0rrega ultrar\u00e0pida Etecnic ha estat reconeguda com a la millor empresa privada &#8211; PYME a la 5a edici\u00f3 dels Premis Internacionals de Mobilitat, organitzats per Empresas por la Movilidad Sostenible, amb el suport del Ministeri [&hellip;]<\/p>\n","protected":false},"author":3,"featured_media":35588,"comment_status":"closed","ping_status":"closed","sticky":false,"template":"","format":"standard","meta":{"footnotes":""},"categories":[627,230,640,650,420,635],"tags":[151,127,664,654],"class_list":["post-27420","post","type-post","status-publish","format-standard","has-post-thumbnail","hentry","category-actualitat","category-esdeveniments","category-evcharge","category-premis","category-projectes","category-sector","tag-etecnic-ca","tag-mobilitat-electrica-ca","tag-premis-ems","tag-recarrega-publica"],"yoast_head":"<!-- This site is optimized with the Yoast SEO plugin v26.5 - https:\/\/yoast.com\/wordpress\/plugins\/seo\/ -->\n<title>Etecnic, premiada a la millor PIME de la 5\u00aa edici\u00f3 dels Premis Internacionals de Mobilitat<\/title>\n<meta name=\"description\" content=\"Etecnic, reconeguda com a millor PIME en els Premis Internacionals de Mobilitat 2025 pel seu projecte Smart Pricing en el HUB de rec\u00e0rrega ultrar\u00e0pida\" \/>\n<meta name=\"robots\" content=\"noindex, follow, max-snippet:-1, max-image-preview:large, max-video-preview:-1\" \/>\n<meta property=\"og:locale\" content=\"ca_ES\" \/>\n<meta property=\"og:type\" content=\"article\" \/>\n<meta property=\"og:title\" content=\"Etecnic, premiada a la millor PIME de la 5\u00aa edici\u00f3 dels Premis Internacionals de Mobilitat\" \/>\n<meta property=\"og:description\" content=\"Etecnic, reconeguda com a millor PIME en els Premis Internacionals de Mobilitat 2025 pel seu projecte Smart Pricing en el HUB de rec\u00e0rrega ultrar\u00e0pida\" \/>\n<meta property=\"og:url\" content=\"https:\/\/etecnic.bisiestodeveloper.es\/ca\/esdeveniments\/etecnic-premiada-a-millor-pime-de-la-5a-edicio-dels-premis-internacionals-de-mobilitat\/\" \/>\n<meta property=\"og:site_name\" content=\"Etecnic\" \/>\n<meta property=\"article:published_time\" content=\"2025-05-09T13:02:41+00:00\" \/>\n<meta property=\"article:modified_time\" content=\"2026-07-24T09:11:38+00:00\" \/>\n<meta name=\"author\" content=\"etecnic\" \/>\n<meta name=\"twitter:card\" content=\"summary_large_image\" \/>\n<meta name=\"twitter:image\" content=\"https:\/\/etecnic.bisiestodeveloper.es\/wp-content\/uploads\/2025\/05\/Blog-Premios-internacionales-EMS-1.png\" \/>\n<meta name=\"twitter:label1\" content=\"Escrit per\" \/>\n\t<meta name=\"twitter:data1\" content=\"etecnic\" \/>\n\t<meta name=\"twitter:label2\" content=\"Temps estimat de lectura\" \/>\n\t<meta name=\"twitter:data2\" content=\"3 minuts\" \/>\n<script type=\"application\/ld+json\" class=\"yoast-schema-graph\">{\"@context\":\"https:\/\/schema.org\",\"@graph\":[{\"@type\":\"Article\",\"@id\":\"https:\/\/etecnic.bisiestodeveloper.es\/ca\/esdeveniments\/etecnic-premiada-a-millor-pime-de-la-5a-edicio-dels-premis-internacionals-de-mobilitat\/#article\",\"isPartOf\":{\"@id\":\"https:\/\/etecnic.bisiestodeveloper.es\/ca\/esdeveniments\/etecnic-premiada-a-millor-pime-de-la-5a-edicio-dels-premis-internacionals-de-mobilitat\/\"},\"author\":{\"name\":\"etecnic\",\"@id\":\"https:\/\/etecnic.bisiestodeveloper.es\/ca\/#\/schema\/person\/dd1bd24ce2934073e648829317e35ba7\"},\"headline\":\"Etecnic, premiada a millor PIME de la 5a edici\u00f3 dels Premis Internacionals de Mobilitat\",\"datePublished\":\"2025-05-09T13:02:41+00:00\",\"dateModified\":\"2026-07-24T09:11:38+00:00\",\"mainEntityOfPage\":{\"@id\":\"https:\/\/etecnic.bisiestodeveloper.es\/ca\/esdeveniments\/etecnic-premiada-a-millor-pime-de-la-5a-edicio-dels-premis-internacionals-de-mobilitat\/\"},\"wordCount\":575,\"publisher\":{\"@id\":\"https:\/\/etecnic.bisiestodeveloper.es\/ca\/#organization\"},\"image\":{\"@id\":\"https:\/\/etecnic.bisiestodeveloper.es\/ca\/esdeveniments\/etecnic-premiada-a-millor-pime-de-la-5a-edicio-dels-premis-internacionals-de-mobilitat\/#primaryimage\"},\"thumbnailUrl\":\"https:\/\/etecnic.bisiestodeveloper.es\/wp-content\/uploads\/2025\/05\/Blog-Premios-internacionales-EMS-1.png\",\"keywords\":[\"ETECNIC\",\"mobilitat el\u00e8ctrica\",\"Premis EMS\",\"rec\u00e0rrega p\u00fablica\"],\"articleSection\":[\"Actualitat\",\"Esdeveniments\",\"EVcharge\",\"Premis\",\"Projectes\",\"Sector\"],\"inLanguage\":\"ca\"},{\"@type\":\"WebPage\",\"@id\":\"https:\/\/etecnic.bisiestodeveloper.es\/ca\/esdeveniments\/etecnic-premiada-a-millor-pime-de-la-5a-edicio-dels-premis-internacionals-de-mobilitat\/\",\"url\":\"https:\/\/etecnic.bisiestodeveloper.es\/ca\/esdeveniments\/etecnic-premiada-a-millor-pime-de-la-5a-edicio-dels-premis-internacionals-de-mobilitat\/\",\"name\":\"Etecnic, premiada a la millor PIME de la 5\u00aa edici\u00f3 dels Premis Internacionals de Mobilitat\",\"isPartOf\":{\"@id\":\"https:\/\/etecnic.bisiestodeveloper.es\/ca\/#website\"},\"primaryImageOfPage\":{\"@id\":\"https:\/\/etecnic.bisiestodeveloper.es\/ca\/esdeveniments\/etecnic-premiada-a-millor-pime-de-la-5a-edicio-dels-premis-internacionals-de-mobilitat\/#primaryimage\"},\"image\":{\"@id\":\"https:\/\/etecnic.bisiestodeveloper.es\/ca\/esdeveniments\/etecnic-premiada-a-millor-pime-de-la-5a-edicio-dels-premis-internacionals-de-mobilitat\/#primaryimage\"},\"thumbnailUrl\":\"https:\/\/etecnic.bisiestodeveloper.es\/wp-content\/uploads\/2025\/05\/Blog-Premios-internacionales-EMS-1.png\",\"datePublished\":\"2025-05-09T13:02:41+00:00\",\"dateModified\":\"2026-07-24T09:11:38+00:00\",\"description\":\"Etecnic, reconeguda com a millor PIME en els Premis Internacionals de Mobilitat 2025 pel seu projecte Smart Pricing en el HUB de rec\u00e0rrega ultrar\u00e0pida\",\"breadcrumb\":{\"@id\":\"https:\/\/etecnic.bisiestodeveloper.es\/ca\/esdeveniments\/etecnic-premiada-a-millor-pime-de-la-5a-edicio-dels-premis-internacionals-de-mobilitat\/#breadcrumb\"},\"inLanguage\":\"ca\",\"potentialAction\":[{\"@type\":\"ReadAction\",\"target\":[\"https:\/\/etecnic.bisiestodeveloper.es\/ca\/esdeveniments\/etecnic-premiada-a-millor-pime-de-la-5a-edicio-dels-premis-internacionals-de-mobilitat\/\"]}]},{\"@type\":\"ImageObject\",\"inLanguage\":\"ca\",\"@id\":\"https:\/\/etecnic.bisiestodeveloper.es\/ca\/esdeveniments\/etecnic-premiada-a-millor-pime-de-la-5a-edicio-dels-premis-internacionals-de-mobilitat\/#primaryimage\",\"url\":\"https:\/\/etecnic.bisiestodeveloper.es\/wp-content\/uploads\/2025\/05\/Blog-Premios-internacionales-EMS-1.png\",\"contentUrl\":\"https:\/\/etecnic.bisiestodeveloper.es\/wp-content\/uploads\/2025\/05\/Blog-Premios-internacionales-EMS-1.png\",\"width\":1110,\"height\":720},{\"@type\":\"BreadcrumbList\",\"@id\":\"https:\/\/etecnic.bisiestodeveloper.es\/ca\/esdeveniments\/etecnic-premiada-a-millor-pime-de-la-5a-edicio-dels-premis-internacionals-de-mobilitat\/#breadcrumb\",\"itemListElement\":[{\"@type\":\"ListItem\",\"position\":1,\"name\":\"Portada\",\"item\":\"https:\/\/etecnic.bisiestodeveloper.es\/ca\/\"},{\"@type\":\"ListItem\",\"position\":2,\"name\":\"Etecnic, premiada a millor PIME de la 5a edici\u00f3 dels Premis Internacionals de Mobilitat\"}]},{\"@type\":\"WebSite\",\"@id\":\"https:\/\/etecnic.bisiestodeveloper.es\/ca\/#website\",\"url\":\"https:\/\/etecnic.bisiestodeveloper.es\/ca\/\",\"name\":\"Etecnic\",\"description\":\"\",\"publisher\":{\"@id\":\"https:\/\/etecnic.bisiestodeveloper.es\/ca\/#organization\"},\"potentialAction\":[{\"@type\":\"SearchAction\",\"target\":{\"@type\":\"EntryPoint\",\"urlTemplate\":\"https:\/\/etecnic.bisiestodeveloper.es\/ca\/?s={search_term_string}\"},\"query-input\":{\"@type\":\"PropertyValueSpecification\",\"valueRequired\":true,\"valueName\":\"search_term_string\"}}],\"inLanguage\":\"ca\"},{\"@type\":\"Organization\",\"@id\":\"https:\/\/etecnic.bisiestodeveloper.es\/ca\/#organization\",\"name\":\"Etecnic\",\"url\":\"https:\/\/etecnic.bisiestodeveloper.es\/ca\/\",\"logo\":{\"@type\":\"ImageObject\",\"inLanguage\":\"ca\",\"@id\":\"https:\/\/etecnic.bisiestodeveloper.es\/ca\/#\/schema\/logo\/image\/\",\"url\":\"https:\/\/etecnic.bisiestodeveloper.es\/wp-content\/uploads\/2025\/06\/logo-etecnic-blanco.png\",\"contentUrl\":\"https:\/\/etecnic.bisiestodeveloper.es\/wp-content\/uploads\/2025\/06\/logo-etecnic-blanco.png\",\"width\":1000,\"height\":500,\"caption\":\"Etecnic\"},\"image\":{\"@id\":\"https:\/\/etecnic.bisiestodeveloper.es\/ca\/#\/schema\/logo\/image\/\"}},{\"@type\":\"Person\",\"@id\":\"https:\/\/etecnic.bisiestodeveloper.es\/ca\/#\/schema\/person\/dd1bd24ce2934073e648829317e35ba7\",\"name\":\"etecnic\",\"url\":\"https:\/\/etecnic.bisiestodeveloper.es\/ca\/author\/etecnic\/\"}]}<\/script>\n<!-- \/ Yoast SEO plugin. -->","yoast_head_json":{"title":"Etecnic, premiada a la millor PIME de la 5\u00aa edici\u00f3 dels Premis Internacionals de Mobilitat","description":"Etecnic, reconeguda com a millor PIME en els Premis Internacionals de Mobilitat 2025 pel seu projecte Smart Pricing en el HUB de rec\u00e0rrega ultrar\u00e0pida","robots":{"index":"noindex","follow":"follow","max-snippet":"max-snippet:-1","max-image-preview":"max-image-preview:large","max-video-preview":"max-video-preview:-1"},"og_locale":"ca_ES","og_type":"article","og_title":"Etecnic, premiada a la millor PIME de la 5\u00aa edici\u00f3 dels Premis Internacionals de Mobilitat","og_description":"Etecnic, reconeguda com a millor PIME en els Premis Internacionals de Mobilitat 2025 pel seu projecte Smart Pricing en el HUB de rec\u00e0rrega ultrar\u00e0pida","og_url":"https:\/\/etecnic.bisiestodeveloper.es\/ca\/esdeveniments\/etecnic-premiada-a-millor-pime-de-la-5a-edicio-dels-premis-internacionals-de-mobilitat\/","og_site_name":"Etecnic","article_published_time":"2025-05-09T13:02:41+00:00","article_modified_time":"2026-07-24T09:11:38+00:00","author":"etecnic","twitter_card":"summary_large_image","twitter_image":"https:\/\/etecnic.bisiestodeveloper.es\/wp-content\/uploads\/2025\/05\/Blog-Premios-internacionales-EMS-1.png","twitter_misc":{"Escrit per":"etecnic","Temps estimat de lectura":"3 minuts"},"schema":{"@context":"https:\/\/schema.org","@graph":[{"@type":"Article","@id":"https:\/\/etecnic.bisiestodeveloper.es\/ca\/esdeveniments\/etecnic-premiada-a-millor-pime-de-la-5a-edicio-dels-premis-internacionals-de-mobilitat\/#article","isPartOf":{"@id":"https:\/\/etecnic.bisiestodeveloper.es\/ca\/esdeveniments\/etecnic-premiada-a-millor-pime-de-la-5a-edicio-dels-premis-internacionals-de-mobilitat\/"},"author":{"name":"etecnic","@id":"https:\/\/etecnic.bisiestodeveloper.es\/ca\/#\/schema\/person\/dd1bd24ce2934073e648829317e35ba7"},"headline":"Etecnic, premiada a millor PIME de la 5a edici\u00f3 dels Premis Internacionals de Mobilitat","datePublished":"2025-05-09T13:02:41+00:00","dateModified":"2026-07-24T09:11:38+00:00","mainEntityOfPage":{"@id":"https:\/\/etecnic.bisiestodeveloper.es\/ca\/esdeveniments\/etecnic-premiada-a-millor-pime-de-la-5a-edicio-dels-premis-internacionals-de-mobilitat\/"},"wordCount":575,"publisher":{"@id":"https:\/\/etecnic.bisiestodeveloper.es\/ca\/#organization"},"image":{"@id":"https:\/\/etecnic.bisiestodeveloper.es\/ca\/esdeveniments\/etecnic-premiada-a-millor-pime-de-la-5a-edicio-dels-premis-internacionals-de-mobilitat\/#primaryimage"},"thumbnailUrl":"https:\/\/etecnic.bisiestodeveloper.es\/wp-content\/uploads\/2025\/05\/Blog-Premios-internacionales-EMS-1.png","keywords":["ETECNIC","mobilitat el\u00e8ctrica","Premis EMS","rec\u00e0rrega p\u00fablica"],"articleSection":["Actualitat","Esdeveniments","EVcharge","Premis","Projectes","Sector"],"inLanguage":"ca"},{"@type":"WebPage","@id":"https:\/\/etecnic.bisiestodeveloper.es\/ca\/esdeveniments\/etecnic-premiada-a-millor-pime-de-la-5a-edicio-dels-premis-internacionals-de-mobilitat\/","url":"https:\/\/etecnic.bisiestodeveloper.es\/ca\/esdeveniments\/etecnic-premiada-a-millor-pime-de-la-5a-edicio-dels-premis-internacionals-de-mobilitat\/","name":"Etecnic, premiada a la millor PIME de la 5\u00aa edici\u00f3 dels Premis Internacionals de Mobilitat","isPartOf":{"@id":"https:\/\/etecnic.bisiestodeveloper.es\/ca\/#website"},"primaryImageOfPage":{"@id":"https:\/\/etecnic.bisiestodeveloper.es\/ca\/esdeveniments\/etecnic-premiada-a-millor-pime-de-la-5a-edicio-dels-premis-internacionals-de-mobilitat\/#primaryimage"},"image":{"@id":"https:\/\/etecnic.bisiestodeveloper.es\/ca\/esdeveniments\/etecnic-premiada-a-millor-pime-de-la-5a-edicio-dels-premis-internacionals-de-mobilitat\/#primaryimage"},"thumbnailUrl":"https:\/\/etecnic.bisiestodeveloper.es\/wp-content\/uploads\/2025\/05\/Blog-Premios-internacionales-EMS-1.png","datePublished":"2025-05-09T13:02:41+00:00","dateModified":"2026-07-24T09:11:38+00:00","description":"Etecnic, reconeguda com a millor PIME en els Premis Internacionals de Mobilitat 2025 pel seu projecte Smart Pricing en el HUB de rec\u00e0rrega ultrar\u00e0pida","breadcrumb":{"@id":"https:\/\/etecnic.bisiestodeveloper.es\/ca\/esdeveniments\/etecnic-premiada-a-millor-pime-de-la-5a-edicio-dels-premis-internacionals-de-mobilitat\/#breadcrumb"},"inLanguage":"ca","potentialAction":[{"@type":"ReadAction","target":["https:\/\/etecnic.bisiestodeveloper.es\/ca\/esdeveniments\/etecnic-premiada-a-millor-pime-de-la-5a-edicio-dels-premis-internacionals-de-mobilitat\/"]}]},{"@type":"ImageObject","inLanguage":"ca","@id":"https:\/\/etecnic.bisiestodeveloper.es\/ca\/esdeveniments\/etecnic-premiada-a-millor-pime-de-la-5a-edicio-dels-premis-internacionals-de-mobilitat\/#primaryimage","url":"https:\/\/etecnic.bisiestodeveloper.es\/wp-content\/uploads\/2025\/05\/Blog-Premios-internacionales-EMS-1.png","contentUrl":"https:\/\/etecnic.bisiestodeveloper.es\/wp-content\/uploads\/2025\/05\/Blog-Premios-internacionales-EMS-1.png","width":1110,"height":720},{"@type":"BreadcrumbList","@id":"https:\/\/etecnic.bisiestodeveloper.es\/ca\/esdeveniments\/etecnic-premiada-a-millor-pime-de-la-5a-edicio-dels-premis-internacionals-de-mobilitat\/#breadcrumb","itemListElement":[{"@type":"ListItem","position":1,"name":"Portada","item":"https:\/\/etecnic.bisiestodeveloper.es\/ca\/"},{"@type":"ListItem","position":2,"name":"Etecnic, premiada a millor PIME de la 5a edici\u00f3 dels Premis Internacionals de Mobilitat"}]},{"@type":"WebSite","@id":"https:\/\/etecnic.bisiestodeveloper.es\/ca\/#website","url":"https:\/\/etecnic.bisiestodeveloper.es\/ca\/","name":"Etecnic","description":"","publisher":{"@id":"https:\/\/etecnic.bisiestodeveloper.es\/ca\/#organization"},"potentialAction":[{"@type":"SearchAction","target":{"@type":"EntryPoint","urlTemplate":"https:\/\/etecnic.bisiestodeveloper.es\/ca\/?s={search_term_string}"},"query-input":{"@type":"PropertyValueSpecification","valueRequired":true,"valueName":"search_term_string"}}],"inLanguage":"ca"},{"@type":"Organization","@id":"https:\/\/etecnic.bisiestodeveloper.es\/ca\/#organization","name":"Etecnic","url":"https:\/\/etecnic.bisiestodeveloper.es\/ca\/","logo":{"@type":"ImageObject","inLanguage":"ca","@id":"https:\/\/etecnic.bisiestodeveloper.es\/ca\/#\/schema\/logo\/image\/","url":"https:\/\/etecnic.bisiestodeveloper.es\/wp-content\/uploads\/2025\/06\/logo-etecnic-blanco.png","contentUrl":"https:\/\/etecnic.bisiestodeveloper.es\/wp-content\/uploads\/2025\/06\/logo-etecnic-blanco.png","width":1000,"height":500,"caption":"Etecnic"},"image":{"@id":"https:\/\/etecnic.bisiestodeveloper.es\/ca\/#\/schema\/logo\/image\/"}},{"@type":"Person","@id":"https:\/\/etecnic.bisiestodeveloper.es\/ca\/#\/schema\/person\/dd1bd24ce2934073e648829317e35ba7","name":"etecnic","url":"https:\/\/etecnic.bisiestodeveloper.es\/ca\/author\/etecnic\/"}]}},"_links":{"self":[{"href":"https:\/\/etecnic.bisiestodeveloper.es\/ca\/wp-json\/wp\/v2\/posts\/27420","targetHints":{"allow":["GET"]}}],"collection":[{"href":"https:\/\/etecnic.bisiestodeveloper.es\/ca\/wp-json\/wp\/v2\/posts"}],"about":[{"href":"https:\/\/etecnic.bisiestodeveloper.es\/ca\/wp-json\/wp\/v2\/types\/post"}],"author":[{"embeddable":true,"href":"https:\/\/etecnic.bisiestodeveloper.es\/ca\/wp-json\/wp\/v2\/users\/3"}],"replies":[{"embeddable":true,"href":"https:\/\/etecnic.bisiestodeveloper.es\/ca\/wp-json\/wp\/v2\/comments?post=27420"}],"version-history":[{"count":4,"href":"https:\/\/etecnic.bisiestodeveloper.es\/ca\/wp-json\/wp\/v2\/posts\/27420\/revisions"}],"predecessor-version":[{"id":37233,"href":"https:\/\/etecnic.bisiestodeveloper.es\/ca\/wp-json\/wp\/v2\/posts\/27420\/revisions\/37233"}],"wp:featuredmedia":[{"embeddable":true,"href":"https:\/\/etecnic.bisiestodeveloper.es\/ca\/wp-json\/wp\/v2\/media\/35588"}],"wp:attachment":[{"href":"https:\/\/etecnic.bisiestodeveloper.es\/ca\/wp-json\/wp\/v2\/media?parent=27420"}],"wp:term":[{"taxonomy":"category","embeddable":true,"href":"https:\/\/etecnic.bisiestodeveloper.es\/ca\/wp-json\/wp\/v2\/categories?post=27420"},{"taxonomy":"post_tag","embeddable":true,"href":"https:\/\/etecnic.bisiestodeveloper.es\/ca\/wp-json\/wp\/v2\/tags?post=27420"}],"curies":[{"name":"wp","href":"https:\/\/api.w.org\/{rel}","templated":true}]}}