{"id":21296,"date":"2023-10-11T07:05:56","date_gmt":"2023-10-11T07:05:56","guid":{"rendered":"https:\/\/etecnic.es\/?p=21296"},"modified":"2025-11-05T12:32:47","modified_gmt":"2025-11-05T12:32:47","slug":"quasi-tots-els-pobles-dosona-han-optat-per-etecnic","status":"publish","type":"post","link":"https:\/\/etecnic.bisiestodeveloper.es\/ca\/etecnic_cat\/quasi-tots-els-pobles-dosona-han-optat-per-etecnic\/","title":{"rendered":"Els pobles de la comarca d&#8217;Osona aposten per la mobilitat el\u00e8ctrica amb Etecnic"},"content":{"rendered":"<h1 style=\"text-align: center;\"><span style=\"color: #000000;\"><b>Quasi tots els pobles de la comarca d&#8217;Osona han optat per la mobilitat el\u00e8ctrica amb Etecnic!<\/b><\/span><\/h1>\n<p><img decoding=\"async\" src=\"https:\/\/etecnic.es\/wp-content\/uploads\/2023\/10\/banners-newsletter-4.png\" alt=\"\" loading=\"lazy\" \/><\/p>\n<p><span style=\"color: #333399;\"><b>Quin \u00e9s l\u2019origen d\u2019aquesta necessitat?\u00a0<\/b><\/span><\/p>\n<p><span style=\"font-weight: 400;\">N<span style=\"color: #000000;\">osaltres a l\u2019<a href=\"https:\/\/www.ccosona.cat\/serveis\/serveis-ccosona\/agencia-local-de-l-energia\">Ag\u00e8ncia de l\u2019Energia<\/a> fa 20 anys que treballem amb transici\u00f3 energ\u00e8tica i partim que a Osona sobren cotxes. Per\u00f2 com que es tracta d\u2019una comarca formada per poblets, \u00e9s f\u00e0cil que el cotxe sigui quelcom indispensable i fa que cada fam\u00edlia tingui dos cotxes.<\/span><\/span><\/p>\n<p><span style=\"font-weight: 400; color: #000000;\">I sortia el tema: \u2018\u2019la gent no opta pel vehicle el\u00e8ctric perqu\u00e8 no hi ha punts de rec\u00e0rrega\u2019\u2019 o \u2018\u2019no hi ha punts de rec\u00e0rrega perqu\u00e8 la gent no t\u00e9 cotxes el\u00e8ctrics\u2019\u2019 i era un peix que es mossega la cua. Aqu\u00ed \u00e9s on l\u2019Ajuntament de Viladrau es va animar i va ser el primer a fer de la mobilitat el\u00e8ctrica una realitat instal\u00b7lant el primer carregador, seguit de Torell\u00f3, Olost, Sant Juli\u00e0\u2026\u00a0<\/span><\/p>\n<p><span style=\"color: #000000;\"><span style=\"font-weight: 400;\">Avui dia jo diria que <\/span><b>molta gent s\u2019ha comprat un vehicle el\u00e8ctric gr\u00e0cies al fet que hem posat punts de rec\u00e0rrega<\/b><span style=\"font-weight: 400;\">, al boca-orella i al veure que hi ha cotxes carregant i que \u00e9s una realitat que funciona i que es fa servir, tot aix\u00f2 anima a molta gent a sumar-s\u2019hi.<\/span><\/span><\/p>\n<p><span style=\"color: #333399;\"><b>Tots els pobles de la comarca d&#8217;Osona han rebut l&#8217;ajuda MOVES?<\/b><\/span><\/p>\n<p><span style=\"font-weight: 400; color: #000000;\">Tots no, per\u00f2 una gran majoria s\u00ed. Del MOVES I i MOVES II en tenim alguns, per\u00f2 la gran majoria s\u00f3n del MOVES III. Altres carregadors els tenim amb subvencions de la diputaci\u00f3 i altres amb recursos propis.<\/span><\/p>\n<p><span style=\"font-weight: 400; color: #000000;\">Del MOVES lll, el total de subvencions que ten\u00edem a Osona representaven un 80% des del nostre punt optimista, per\u00f2 l\u2019ICAEN nom\u00e9s ens va donar el 40% i aix\u00f2 ha fet que molts punts de rec\u00e0rrega plantejats (uns 6 o 7) es quedessin parats.<\/span><\/p>\n<p><span style=\"color: #333399;\"><b>Els municipis poden cedir de l\u2019espai a tercers o tenir-ho com un actiu en propietat per incentivar i dinamitzar el municipi. Per qu\u00e8 vau decidir tenir l\u2019actiu en propietat per ACM?\u00a0<\/b><\/span><\/p>\n<p><span style=\"font-weight: 400; color: #000000;\">Nosaltres la triem perqu\u00e8 no t\u00e9 sentit que la gesti\u00f3 de la transici\u00f3 energ\u00e8tica la deixem en mans de marques reconegudes que hi porten treballant molt temps i no han aconseguit els objectius marcats.<\/span><\/p>\n<p><span style=\"font-weight: 400; color: #000000;\">La transici\u00f3 energ\u00e8tica i la c\u00e0rrega de vehicles el\u00e8ctrics de la gent dels nostres pobles ha de quedar en mans d\u2019una empresa en la qual hi confiem (per exemple ara cedim espais dels pobles a comunitats energ\u00e8tiques i que les gestionin ells). Evidentment, no hauria sigut possible sense les subvencions que ens ho fan molt f\u00e0cil per poder posar punts de rec\u00e0rrega, per\u00f2 el fet que Etecnic sigui una empresa local ens ha fet decantar molt.<\/span><\/p>\n<p><span style=\"color: #333399;\"><b>Quines preocupacions ten\u00edeu abans d\u2019implementar la nostra soluci\u00f3?<\/b><\/span><\/p>\n<p><span style=\"font-weight: 400; color: #000000;\">Els punts de rec\u00e0rrega \u00e9s quelcom curi\u00f3s perqu\u00e8 t\u00e9 un p\u00fablic concret de persones connectades que tenen molta facilitat per arribar a les xarxes i per difondre, i aix\u00f2 porta coses bones i tamb\u00e9 dolentes.\u00a0<\/span><\/p>\n<p><span style=\"font-weight: 400; color: #000000;\">Ten\u00edem la preocupaci\u00f3 que ning\u00fa carregu\u00e9s, per\u00f2 vam transformar la preocupaci\u00f3 en una oportunitat d\u2019incentivar als habitants d\u2019Osona a fer-ho. Tamb\u00e9 ens preocup\u00e0vem que arrib\u00e8s l\u2019electricitat als llocs, perqu\u00e8 si no arribava hav\u00edem de fer un nou punt de rec\u00e0rrega = un nou subministrament = una nova despesa fix.\u00a0<\/span><\/p>\n<p><span style=\"font-weight: 400; color: #000000;\">El que realment preocupa s\u00f3n els diners, no tant els de la inversi\u00f3 perqu\u00e8 al final s\u2019aprova un pressupost municipal, sin\u00f3 els diners posteriors, de pagar la pot\u00e8ncia encara que no hi hagi c\u00e0rregues, de manteniment, etc.. el recurrent de cada any \u00e9s m\u00e9s preocupant que la inversi\u00f3 inicial.<\/span><\/p>\n<p><span style=\"font-weight: 400; color: #000000;\">Aqu\u00ed \u00e9s on ara que en comencem a tenir uns quants volem una ordenan\u00e7a d\u2019un preu p\u00fablic i poder cobrar part de la rec\u00e0rrega i cobrir d\u2019aquesta manera una part de les despeses.\u00a0<\/span><\/p>\n<p><span style=\"font-weight: 400; color: #000000;\">Menys Calldetenes, tots han sigut gratu\u00efts des de la seva instal\u00b7laci\u00f3. A m\u00e9s, si fas un preu correcte i el servei \u00e9s bo, incl\u00fas els usuaris agraeixen que sigui de pagament per tal de protegir la c\u00e0rrega i que no hi hagi tant ab\u00fas d\u2019\u00fas. <\/span><\/p>\n<p><span style=\"color: #333399;\"><strong>Per qu\u00e8 <a href=\"https:\/\/etecnic.es\/ca\/\">Etecnic<\/a>?<\/strong><\/span><\/p>\n<p><span style=\"color: #000000;\"><span style=\"font-weight: 400;\">Nosaltres ja coneix\u00edem Etecnic abans de treballar amb l\u2019ACM, potser ja fa m\u00e9s de 8 anys, i els 2-3 primers punts de rec\u00e0rrega no els vam fer a trav\u00e9s de l\u2019ACM. Vam con\u00e8ixer Etecnic buscant per internet i vam tenir contacte molt r\u00e0pid, <\/span><span style=\"font-weight: 400;\">al final quan alg\u00fa et dona seguretat, tranquil\u00b7litat i veus que t\u00e9 experi\u00e8ncia i veus que t\u2019ho posa f\u00e0cil\u2026 t\u2019acabes decantant i vam continuar amb Etecnic.<\/span><\/span><\/p>\n<p><span style=\"color: #333399;\"><strong>Experi\u00e8ncia com consell comarcal<\/strong><\/span><\/p>\n<p><span style=\"color: #333399;\"><b>Com valoraries la teva experi\u00e8ncia amb l\u2019ACM?<\/b><\/span><\/p>\n<p><span style=\"font-weight: 400; color: #000000;\">Molt molt f\u00e0cil. No deixa de ser una obra, per\u00f2 pots fer-ho m\u00e9s o menys a dit perqu\u00e8 moltes vegades \u00e9s de menys de 15.000 i a m\u00e9s l\u2019ACM t\u00e9 secretaris i interventors que ho fan molt m\u00e9s f\u00e0cil.<\/span><\/p>\n<p><span style=\"font-weight: 400; color: #000000;\">A m\u00e9s, l\u2019Ag\u00e8ncia d\u2019Energia est\u00e0 com a assessor a la central de compra de l\u2019ACM, vull dir que m\u00e9s f\u00e0cil impossible si estem treballem en les dues parts.<\/span><\/p>\n<p><span style=\"color: #333399;\"><strong>I la teva experi\u00e8ncia amb Etecnic\/EVcharge?<\/strong><\/span><\/p>\n<p><span style=\"font-weight: 400; color: #000000;\">Ja fa uns quants anys que treballem amb Etecnic i b\u00e9, jo crec que ofereix un bon servei i estem contents perqu\u00e8 ens posa les coses f\u00e0cils. Hi ha ajuntaments que ja han repetit amb Etecnic i n\u2019hi ha que repetiran, com Sant Quirze de Besora, Oris, Olost,&#8230;<\/span><\/p>\n<p><span style=\"font-weight: 400; color: #000000;\">Tamb\u00e9 ens hem trobat amb problemes que no s\u00f3n culpa d\u2019Etecnic ni nostra sin\u00f3 de la xarxa, per\u00f2 els primers anys no ho sab\u00edem, i \u00e9s que la xarxa el\u00e8ctrica en \u00e0mbits rurals a vegades no est\u00e0 preparada per tenir 400 volts. Tenim trif\u00e0sics de 230 i llavors el punt de rec\u00e0rrega no va o va una tercera part.\u00a0<\/span><\/p>\n<p><span style=\"font-weight: 400; color: #000000;\">Realment estem contents, tenim 12 municipis amb punts de rec\u00e0rrega d\u2019Etecnic i jo crec que amb un parell d\u2019anys f\u00e0cilment duplicarem els carregadors que hi ha ara.<\/span><\/p>\n<p><span style=\"color: #333399;\"><strong>Parlem de plans de futur, a<\/strong><b>quest projecte est\u00e0 dins d\u2019algun projecte m\u00e9s ambici\u00f3s?\u00a0<\/b><\/span><\/p>\n<p><span style=\"font-weight: 400; color: #000000;\">Des del consell comarcal treballem amb el pla NEO (nova energia osona) signat per tots els ajuntaments de la comarca d\u2019Osona que t\u00e9 com a objectiu reduir en un 40% les emissions de CO2 per al 2027-2028.\u00a0<\/span><\/p>\n<p><span style=\"font-weight: 400; color: #000000;\">Hi ha m\u00e9s de 300 actuacions amb biomasa, fotovoltaiques, mobilitat el\u00e8ctrica a partir de l\u2019adquisici\u00f3 de vehicles el\u00e8ctrics, vehicle compartit, punts de rec\u00e0rrega, etc. Dibuixem un escenari on l\u2019any 2027 la comarca d\u2019Osona disposi de 300 punts de rec\u00e0rrega (entre p\u00fablics i privats, actualment estem sobre els 60). Volem construir una comarca ben mallada on la majoria dels ajuntaments tinguessin punts de rec\u00e0rrega (ara mateix de 50 municipis, hi ha carregadors a una vintena i l\u2019objectiu \u00e9s que n\u2019hi hagi en 40-45 pobles).<\/span><\/p>\n<p><span style=\"font-weight: 400; color: #000000;\">I si no hi arribem per\u00f2 ens quedem a prop tamb\u00e9 ser\u00e0 un gran \u00e8xit. \u00c9s un treball conjunt de tota la Comarca.\u00a0<\/span><\/p>\n<p><span style=\"font-weight: 400; color: #000000;\">En espec\u00edfic amb Etecnic, els plans de futurs m\u00e9s propers s\u00f3n els nous carregadors que instal\u00b7larem a, Vic, Sant Boi de Llu\u00e7an\u00e8s i Malla, seguits de molts altres. A m\u00e9s, aprofitant l\u2019acord Marc de l\u2019ACM, l\u2019objectiu a partir d\u2019ara \u00e9s fer que tots els carregadors tinguin el pack complet d\u2019etecnic (SoftWare de gesti\u00f3 + MANTeniment preventiu + Teleassist\u00e8ncia + SIM (tarjeta sim).<\/span><\/p>\n<p>PGRpdiBpZD0iemZfZGl2X0hDanFKRmhtRTIxNERka3FoMlNCZzkwampkbnZFRkNvRENaYmdwTVh0VjgiPjwvZGl2PjxzY3JpcHQgdHlwZT0idGV4dC9qYXZhc2NyaXB0Ij4oZnVuY3Rpb24oKSB7CnRyeXsKdmFyIGYgPSBkb2N1bWVudC5jcmVhdGVFbGVtZW50KCJpZnJhbWUiKTsgICAKZi5zcmMgPSAnaHR0cHM6Ly9mb3Jtcy56b2hvcHVibGljLmNvbS9tYXJrZXRpbmczNTEvZm9ybS9FVEVDTklDTU9WRVMvZm9ybXBlcm1hL0hDanFKRmhtRTIxNERka3FoMlNCZzkwampkbnZFRkNvRENaYmdwTVh0Vjg\/emZfcnN6Zm09MSc7CmYuc3R5bGUuYm9yZGVyPSJub25lIjsgICAgICAgICAgICAgICAgICAgICAgICAgICAgICAgICAgICAgICAgICAgCmYuc3R5bGUuaGVpZ2h0PSI3MDBweCI7CmYuc3R5bGUud2lkdGg9IjEwMCUiOwpmLnN0eWxlLnRyYW5zaXRpb249ImFsbCAwLjVzIGVhc2UiOy8vIE5vIEkxOE4KdmFyIGQgPSBkb2N1bWVudC5nZXRFbGVtZW50QnlJZCgiemZfZGl2X0hDanFKRmhtRTIxNERka3FoMlNCZzkwampkbnZFRkNvRENaYmdwTVh0VjgiKTsKZC5hcHBlbmRDaGlsZChmKTsKd2luZG93LmFkZEV2ZW50TGlzdGVuZXIoJ21lc3NhZ2UnLCBmdW5jdGlvbiAoKXsKdmFyIHpmX2lmcm1fZGF0YSA9IGV2ZW50LmRhdGEuc3BsaXQoInwiKTsKdmFyIHpmX3Blcm1hID0gemZfaWZybV9kYXRhWzBdOwp2YXIgemZfaWZybV9odF9udyA9ICggcGFyc2VJbnQoemZfaWZybV9kYXRhWzFdLCAxMCkgKyAxNSApICsgInB4IjsKdmFyIGlmcmFtZSA9IGRvY3VtZW50LmdldEVsZW1lbnRCeUlkKCJ6Zl9kaXZfSENqcUpGaG1FMjE0RGRrcWgyU0JnOTBqamRudkVGQ29EQ1piZ3BNWHRWOCIpLmdldEVsZW1lbnRzQnlUYWdOYW1lKCJpZnJhbWUiKVswXTsKaWYgKCAoaWZyYW1lLnNyYykuaW5kZXhPZignZm9ybXBlcm1hJykgPiAwICYmIChpZnJhbWUuc3JjKS5pbmRleE9mKHpmX3Blcm1hKSA+IDAgKSB7CnZhciBwcmV2SWZyYW1lSGVpZ2h0ID0gaWZyYW1lLnN0eWxlLmhlaWdodDsKaWYgKCBwcmV2SWZyYW1lSGVpZ2h0ICE9IHpmX2lmcm1faHRfbncgKSB7CmlmcmFtZS5zdHlsZS5oZWlnaHQgPSB6Zl9pZnJtX2h0X253Owp9ICAgCn0KfSwgZmFsc2UpOwp9Y2F0Y2goZSl7fQp9KSgpOzwvc2NyaXB0Pg==<\/p>\n","protected":false},"excerpt":{"rendered":"<p>Quasi tots els pobles de la comarca d&#8217;Osona han optat per la mobilitat el\u00e8ctrica amb Etecnic! Quin \u00e9s l\u2019origen d\u2019aquesta necessitat?\u00a0 Nosaltres a l\u2019Ag\u00e8ncia de l\u2019Energia fa 20 anys que treballem amb transici\u00f3 energ\u00e8tica i partim que a Osona sobren cotxes. Per\u00f2 com que es tracta d\u2019una comarca formada per poblets, \u00e9s f\u00e0cil que el [&hellip;]<\/p>\n","protected":false},"author":3,"featured_media":21288,"comment_status":"closed","ping_status":"closed","sticky":false,"template":"","format":"standard","meta":{"footnotes":""},"categories":[1],"tags":[],"class_list":["post-21296","post","type-post","status-publish","format-standard","has-post-thumbnail","hentry","category-etecnic"],"yoast_head":"<!-- This site is optimized with the Yoast SEO plugin v26.5 - https:\/\/yoast.com\/wordpress\/plugins\/seo\/ -->\n<title>Quasi tots els pobles d&#039;Osona han optat per Etecnic!<\/title>\n<meta name=\"description\" content=\"La comarca d&#039;Osona ha triat a Etecnic per dur a terme la transformaci\u00f3 cap a una mobilitat el\u00e8ctrica en tots els seus pobles.\" \/>\n<meta name=\"robots\" content=\"noindex, follow, max-snippet:-1, max-image-preview:large, max-video-preview:-1\" \/>\n<meta property=\"og:locale\" content=\"ca_ES\" \/>\n<meta property=\"og:type\" content=\"article\" \/>\n<meta property=\"og:title\" content=\"Quasi tots els pobles d&#039;Osona han optat per Etecnic!\" \/>\n<meta property=\"og:description\" content=\"La comarca d&#039;Osona ha triat a Etecnic per dur a terme la transformaci\u00f3 cap a una mobilitat el\u00e8ctrica en tots els seus pobles.\" \/>\n<meta property=\"og:url\" content=\"https:\/\/etecnic.bisiestodeveloper.es\/ca\/etecnic_cat\/quasi-tots-els-pobles-dosona-han-optat-per-etecnic\/\" \/>\n<meta property=\"og:site_name\" content=\"Etecnic\" \/>\n<meta property=\"article:published_time\" content=\"2023-10-11T07:05:56+00:00\" \/>\n<meta property=\"article:modified_time\" content=\"2025-11-05T12:32:47+00:00\" \/>\n<meta property=\"og:image\" content=\"https:\/\/etecnic.bisiestodeveloper.es\/wp-content\/uploads\/2023\/10\/Caratula-BLOG-etecnic-31.png\" \/>\n\t<meta property=\"og:image:width\" content=\"1110\" \/>\n\t<meta property=\"og:image:height\" content=\"720\" \/>\n\t<meta property=\"og:image:type\" content=\"image\/png\" \/>\n<meta name=\"author\" content=\"etecnic\" \/>\n<meta name=\"twitter:card\" content=\"summary_large_image\" \/>\n<meta name=\"twitter:label1\" content=\"Escrit per\" \/>\n\t<meta name=\"twitter:data1\" content=\"etecnic\" \/>\n\t<meta name=\"twitter:label2\" content=\"Temps estimat de lectura\" \/>\n\t<meta name=\"twitter:data2\" content=\"17 minuts\" \/>\n<script type=\"application\/ld+json\" class=\"yoast-schema-graph\">{\"@context\":\"https:\/\/schema.org\",\"@graph\":[{\"@type\":\"Article\",\"@id\":\"https:\/\/etecnic.bisiestodeveloper.es\/ca\/etecnic_cat\/quasi-tots-els-pobles-dosona-han-optat-per-etecnic\/#article\",\"isPartOf\":{\"@id\":\"https:\/\/etecnic.bisiestodeveloper.es\/ca\/etecnic_cat\/quasi-tots-els-pobles-dosona-han-optat-per-etecnic\/\"},\"author\":{\"name\":\"etecnic\",\"@id\":\"https:\/\/etecnic.bisiestodeveloper.es\/ca\/#\/schema\/person\/dd1bd24ce2934073e648829317e35ba7\"},\"headline\":\"Els pobles de la comarca d&#8217;Osona aposten per la mobilitat el\u00e8ctrica amb Etecnic\",\"datePublished\":\"2023-10-11T07:05:56+00:00\",\"dateModified\":\"2025-11-05T12:32:47+00:00\",\"mainEntityOfPage\":{\"@id\":\"https:\/\/etecnic.bisiestodeveloper.es\/ca\/etecnic_cat\/quasi-tots-els-pobles-dosona-han-optat-per-etecnic\/\"},\"wordCount\":1445,\"publisher\":{\"@id\":\"https:\/\/etecnic.bisiestodeveloper.es\/ca\/#organization\"},\"image\":{\"@id\":\"https:\/\/etecnic.bisiestodeveloper.es\/ca\/etecnic_cat\/quasi-tots-els-pobles-dosona-han-optat-per-etecnic\/#primaryimage\"},\"thumbnailUrl\":\"https:\/\/etecnic.bisiestodeveloper.es\/wp-content\/uploads\/2023\/10\/Caratula-BLOG-etecnic-31.png\",\"articleSection\":[\"Etecnic\"],\"inLanguage\":\"ca\"},{\"@type\":\"WebPage\",\"@id\":\"https:\/\/etecnic.bisiestodeveloper.es\/ca\/etecnic_cat\/quasi-tots-els-pobles-dosona-han-optat-per-etecnic\/\",\"url\":\"https:\/\/etecnic.bisiestodeveloper.es\/ca\/etecnic_cat\/quasi-tots-els-pobles-dosona-han-optat-per-etecnic\/\",\"name\":\"Quasi tots els pobles d'Osona han optat per Etecnic!\",\"isPartOf\":{\"@id\":\"https:\/\/etecnic.bisiestodeveloper.es\/ca\/#website\"},\"primaryImageOfPage\":{\"@id\":\"https:\/\/etecnic.bisiestodeveloper.es\/ca\/etecnic_cat\/quasi-tots-els-pobles-dosona-han-optat-per-etecnic\/#primaryimage\"},\"image\":{\"@id\":\"https:\/\/etecnic.bisiestodeveloper.es\/ca\/etecnic_cat\/quasi-tots-els-pobles-dosona-han-optat-per-etecnic\/#primaryimage\"},\"thumbnailUrl\":\"https:\/\/etecnic.bisiestodeveloper.es\/wp-content\/uploads\/2023\/10\/Caratula-BLOG-etecnic-31.png\",\"datePublished\":\"2023-10-11T07:05:56+00:00\",\"dateModified\":\"2025-11-05T12:32:47+00:00\",\"description\":\"La comarca d'Osona ha triat a Etecnic per dur a terme la transformaci\u00f3 cap a una mobilitat el\u00e8ctrica en tots els seus pobles.\",\"breadcrumb\":{\"@id\":\"https:\/\/etecnic.bisiestodeveloper.es\/ca\/etecnic_cat\/quasi-tots-els-pobles-dosona-han-optat-per-etecnic\/#breadcrumb\"},\"inLanguage\":\"ca\",\"potentialAction\":[{\"@type\":\"ReadAction\",\"target\":[\"https:\/\/etecnic.bisiestodeveloper.es\/ca\/etecnic_cat\/quasi-tots-els-pobles-dosona-han-optat-per-etecnic\/\"]}]},{\"@type\":\"ImageObject\",\"inLanguage\":\"ca\",\"@id\":\"https:\/\/etecnic.bisiestodeveloper.es\/ca\/etecnic_cat\/quasi-tots-els-pobles-dosona-han-optat-per-etecnic\/#primaryimage\",\"url\":\"https:\/\/etecnic.bisiestodeveloper.es\/wp-content\/uploads\/2023\/10\/Caratula-BLOG-etecnic-31.png\",\"contentUrl\":\"https:\/\/etecnic.bisiestodeveloper.es\/wp-content\/uploads\/2023\/10\/Caratula-BLOG-etecnic-31.png\",\"width\":1110,\"height\":720},{\"@type\":\"BreadcrumbList\",\"@id\":\"https:\/\/etecnic.bisiestodeveloper.es\/ca\/etecnic_cat\/quasi-tots-els-pobles-dosona-han-optat-per-etecnic\/#breadcrumb\",\"itemListElement\":[{\"@type\":\"ListItem\",\"position\":1,\"name\":\"Portada\",\"item\":\"https:\/\/etecnic.bisiestodeveloper.es\/ca\/\"},{\"@type\":\"ListItem\",\"position\":2,\"name\":\"Els pobles de la comarca d&#8217;Osona aposten per la mobilitat el\u00e8ctrica amb Etecnic\"}]},{\"@type\":\"WebSite\",\"@id\":\"https:\/\/etecnic.bisiestodeveloper.es\/ca\/#website\",\"url\":\"https:\/\/etecnic.bisiestodeveloper.es\/ca\/\",\"name\":\"Etecnic\",\"description\":\"\",\"publisher\":{\"@id\":\"https:\/\/etecnic.bisiestodeveloper.es\/ca\/#organization\"},\"potentialAction\":[{\"@type\":\"SearchAction\",\"target\":{\"@type\":\"EntryPoint\",\"urlTemplate\":\"https:\/\/etecnic.bisiestodeveloper.es\/ca\/?s={search_term_string}\"},\"query-input\":{\"@type\":\"PropertyValueSpecification\",\"valueRequired\":true,\"valueName\":\"search_term_string\"}}],\"inLanguage\":\"ca\"},{\"@type\":\"Organization\",\"@id\":\"https:\/\/etecnic.bisiestodeveloper.es\/ca\/#organization\",\"name\":\"Etecnic\",\"url\":\"https:\/\/etecnic.bisiestodeveloper.es\/ca\/\",\"logo\":{\"@type\":\"ImageObject\",\"inLanguage\":\"ca\",\"@id\":\"https:\/\/etecnic.bisiestodeveloper.es\/ca\/#\/schema\/logo\/image\/\",\"url\":\"https:\/\/etecnic.bisiestodeveloper.es\/wp-content\/uploads\/2025\/06\/logo-etecnic-blanco.png\",\"contentUrl\":\"https:\/\/etecnic.bisiestodeveloper.es\/wp-content\/uploads\/2025\/06\/logo-etecnic-blanco.png\",\"width\":1000,\"height\":500,\"caption\":\"Etecnic\"},\"image\":{\"@id\":\"https:\/\/etecnic.bisiestodeveloper.es\/ca\/#\/schema\/logo\/image\/\"}},{\"@type\":\"Person\",\"@id\":\"https:\/\/etecnic.bisiestodeveloper.es\/ca\/#\/schema\/person\/dd1bd24ce2934073e648829317e35ba7\",\"name\":\"etecnic\",\"url\":\"https:\/\/etecnic.bisiestodeveloper.es\/ca\/author\/etecnic\/\"}]}<\/script>\n<!-- \/ Yoast SEO plugin. -->","yoast_head_json":{"title":"Quasi tots els pobles d'Osona han optat per Etecnic!","description":"La comarca d'Osona ha triat a Etecnic per dur a terme la transformaci\u00f3 cap a una mobilitat el\u00e8ctrica en tots els seus pobles.","robots":{"index":"noindex","follow":"follow","max-snippet":"max-snippet:-1","max-image-preview":"max-image-preview:large","max-video-preview":"max-video-preview:-1"},"og_locale":"ca_ES","og_type":"article","og_title":"Quasi tots els pobles d'Osona han optat per Etecnic!","og_description":"La comarca d'Osona ha triat a Etecnic per dur a terme la transformaci\u00f3 cap a una mobilitat el\u00e8ctrica en tots els seus pobles.","og_url":"https:\/\/etecnic.bisiestodeveloper.es\/ca\/etecnic_cat\/quasi-tots-els-pobles-dosona-han-optat-per-etecnic\/","og_site_name":"Etecnic","article_published_time":"2023-10-11T07:05:56+00:00","article_modified_time":"2025-11-05T12:32:47+00:00","og_image":[{"width":1110,"height":720,"url":"https:\/\/etecnic.bisiestodeveloper.es\/wp-content\/uploads\/2023\/10\/Caratula-BLOG-etecnic-31.png","type":"image\/png"}],"author":"etecnic","twitter_card":"summary_large_image","twitter_misc":{"Escrit per":"etecnic","Temps estimat de lectura":"17 minuts"},"schema":{"@context":"https:\/\/schema.org","@graph":[{"@type":"Article","@id":"https:\/\/etecnic.bisiestodeveloper.es\/ca\/etecnic_cat\/quasi-tots-els-pobles-dosona-han-optat-per-etecnic\/#article","isPartOf":{"@id":"https:\/\/etecnic.bisiestodeveloper.es\/ca\/etecnic_cat\/quasi-tots-els-pobles-dosona-han-optat-per-etecnic\/"},"author":{"name":"etecnic","@id":"https:\/\/etecnic.bisiestodeveloper.es\/ca\/#\/schema\/person\/dd1bd24ce2934073e648829317e35ba7"},"headline":"Els pobles de la comarca d&#8217;Osona aposten per la mobilitat el\u00e8ctrica amb Etecnic","datePublished":"2023-10-11T07:05:56+00:00","dateModified":"2025-11-05T12:32:47+00:00","mainEntityOfPage":{"@id":"https:\/\/etecnic.bisiestodeveloper.es\/ca\/etecnic_cat\/quasi-tots-els-pobles-dosona-han-optat-per-etecnic\/"},"wordCount":1445,"publisher":{"@id":"https:\/\/etecnic.bisiestodeveloper.es\/ca\/#organization"},"image":{"@id":"https:\/\/etecnic.bisiestodeveloper.es\/ca\/etecnic_cat\/quasi-tots-els-pobles-dosona-han-optat-per-etecnic\/#primaryimage"},"thumbnailUrl":"https:\/\/etecnic.bisiestodeveloper.es\/wp-content\/uploads\/2023\/10\/Caratula-BLOG-etecnic-31.png","articleSection":["Etecnic"],"inLanguage":"ca"},{"@type":"WebPage","@id":"https:\/\/etecnic.bisiestodeveloper.es\/ca\/etecnic_cat\/quasi-tots-els-pobles-dosona-han-optat-per-etecnic\/","url":"https:\/\/etecnic.bisiestodeveloper.es\/ca\/etecnic_cat\/quasi-tots-els-pobles-dosona-han-optat-per-etecnic\/","name":"Quasi tots els pobles d'Osona han optat per Etecnic!","isPartOf":{"@id":"https:\/\/etecnic.bisiestodeveloper.es\/ca\/#website"},"primaryImageOfPage":{"@id":"https:\/\/etecnic.bisiestodeveloper.es\/ca\/etecnic_cat\/quasi-tots-els-pobles-dosona-han-optat-per-etecnic\/#primaryimage"},"image":{"@id":"https:\/\/etecnic.bisiestodeveloper.es\/ca\/etecnic_cat\/quasi-tots-els-pobles-dosona-han-optat-per-etecnic\/#primaryimage"},"thumbnailUrl":"https:\/\/etecnic.bisiestodeveloper.es\/wp-content\/uploads\/2023\/10\/Caratula-BLOG-etecnic-31.png","datePublished":"2023-10-11T07:05:56+00:00","dateModified":"2025-11-05T12:32:47+00:00","description":"La comarca d'Osona ha triat a Etecnic per dur a terme la transformaci\u00f3 cap a una mobilitat el\u00e8ctrica en tots els seus pobles.","breadcrumb":{"@id":"https:\/\/etecnic.bisiestodeveloper.es\/ca\/etecnic_cat\/quasi-tots-els-pobles-dosona-han-optat-per-etecnic\/#breadcrumb"},"inLanguage":"ca","potentialAction":[{"@type":"ReadAction","target":["https:\/\/etecnic.bisiestodeveloper.es\/ca\/etecnic_cat\/quasi-tots-els-pobles-dosona-han-optat-per-etecnic\/"]}]},{"@type":"ImageObject","inLanguage":"ca","@id":"https:\/\/etecnic.bisiestodeveloper.es\/ca\/etecnic_cat\/quasi-tots-els-pobles-dosona-han-optat-per-etecnic\/#primaryimage","url":"https:\/\/etecnic.bisiestodeveloper.es\/wp-content\/uploads\/2023\/10\/Caratula-BLOG-etecnic-31.png","contentUrl":"https:\/\/etecnic.bisiestodeveloper.es\/wp-content\/uploads\/2023\/10\/Caratula-BLOG-etecnic-31.png","width":1110,"height":720},{"@type":"BreadcrumbList","@id":"https:\/\/etecnic.bisiestodeveloper.es\/ca\/etecnic_cat\/quasi-tots-els-pobles-dosona-han-optat-per-etecnic\/#breadcrumb","itemListElement":[{"@type":"ListItem","position":1,"name":"Portada","item":"https:\/\/etecnic.bisiestodeveloper.es\/ca\/"},{"@type":"ListItem","position":2,"name":"Els pobles de la comarca d&#8217;Osona aposten per la mobilitat el\u00e8ctrica amb Etecnic"}]},{"@type":"WebSite","@id":"https:\/\/etecnic.bisiestodeveloper.es\/ca\/#website","url":"https:\/\/etecnic.bisiestodeveloper.es\/ca\/","name":"Etecnic","description":"","publisher":{"@id":"https:\/\/etecnic.bisiestodeveloper.es\/ca\/#organization"},"potentialAction":[{"@type":"SearchAction","target":{"@type":"EntryPoint","urlTemplate":"https:\/\/etecnic.bisiestodeveloper.es\/ca\/?s={search_term_string}"},"query-input":{"@type":"PropertyValueSpecification","valueRequired":true,"valueName":"search_term_string"}}],"inLanguage":"ca"},{"@type":"Organization","@id":"https:\/\/etecnic.bisiestodeveloper.es\/ca\/#organization","name":"Etecnic","url":"https:\/\/etecnic.bisiestodeveloper.es\/ca\/","logo":{"@type":"ImageObject","inLanguage":"ca","@id":"https:\/\/etecnic.bisiestodeveloper.es\/ca\/#\/schema\/logo\/image\/","url":"https:\/\/etecnic.bisiestodeveloper.es\/wp-content\/uploads\/2025\/06\/logo-etecnic-blanco.png","contentUrl":"https:\/\/etecnic.bisiestodeveloper.es\/wp-content\/uploads\/2025\/06\/logo-etecnic-blanco.png","width":1000,"height":500,"caption":"Etecnic"},"image":{"@id":"https:\/\/etecnic.bisiestodeveloper.es\/ca\/#\/schema\/logo\/image\/"}},{"@type":"Person","@id":"https:\/\/etecnic.bisiestodeveloper.es\/ca\/#\/schema\/person\/dd1bd24ce2934073e648829317e35ba7","name":"etecnic","url":"https:\/\/etecnic.bisiestodeveloper.es\/ca\/author\/etecnic\/"}]}},"_links":{"self":[{"href":"https:\/\/etecnic.bisiestodeveloper.es\/ca\/wp-json\/wp\/v2\/posts\/21296","targetHints":{"allow":["GET"]}}],"collection":[{"href":"https:\/\/etecnic.bisiestodeveloper.es\/ca\/wp-json\/wp\/v2\/posts"}],"about":[{"href":"https:\/\/etecnic.bisiestodeveloper.es\/ca\/wp-json\/wp\/v2\/types\/post"}],"author":[{"embeddable":true,"href":"https:\/\/etecnic.bisiestodeveloper.es\/ca\/wp-json\/wp\/v2\/users\/3"}],"replies":[{"embeddable":true,"href":"https:\/\/etecnic.bisiestodeveloper.es\/ca\/wp-json\/wp\/v2\/comments?post=21296"}],"version-history":[{"count":1,"href":"https:\/\/etecnic.bisiestodeveloper.es\/ca\/wp-json\/wp\/v2\/posts\/21296\/revisions"}],"predecessor-version":[{"id":30458,"href":"https:\/\/etecnic.bisiestodeveloper.es\/ca\/wp-json\/wp\/v2\/posts\/21296\/revisions\/30458"}],"wp:featuredmedia":[{"embeddable":true,"href":"https:\/\/etecnic.bisiestodeveloper.es\/ca\/wp-json\/wp\/v2\/media\/21288"}],"wp:attachment":[{"href":"https:\/\/etecnic.bisiestodeveloper.es\/ca\/wp-json\/wp\/v2\/media?parent=21296"}],"wp:term":[{"taxonomy":"category","embeddable":true,"href":"https:\/\/etecnic.bisiestodeveloper.es\/ca\/wp-json\/wp\/v2\/categories?post=21296"},{"taxonomy":"post_tag","embeddable":true,"href":"https:\/\/etecnic.bisiestodeveloper.es\/ca\/wp-json\/wp\/v2\/tags?post=21296"}],"curies":[{"name":"wp","href":"https:\/\/api.w.org\/{rel}","templated":true}]}}