{"id":21251,"date":"2023-10-06T09:43:05","date_gmt":"2023-10-06T09:43:05","guid":{"rendered":"https:\/\/etecnic.es\/?p=21251"},"modified":"2025-11-05T12:32:47","modified_gmt":"2025-11-05T12:32:47","slug":"aprofita-subvencions-moves-lll-recarrega","status":"publish","type":"post","link":"https:\/\/etecnic.bisiestodeveloper.es\/ca\/etecnic_cat\/aprofita-subvencions-moves-lll-recarrega\/","title":{"rendered":"Aprofita les subvencions de rec\u00e0rrega del MOVES III, el temps s\u2019acaba!"},"content":{"rendered":"<h1 style=\"text-align: center;\"><span style=\"color: #000000;\"><b>Aprofita les subvencions de rec\u00e0rrega del MOVES III, el temps s\u2019esgota!<\/b><\/span><\/h1>\n<h5><strong>Amb l&#8217;auge de la mobilitat el\u00e8ctrica, la recerca de finan\u00e7ament i subvencions es torna essencial per a moltes empreses i ajuntaments que volen liderar el canvi cap a una mobilitat m\u00e9s sostenible.\u00a0<\/strong><\/h5>\n<h5><strong><span style=\"color: #000000;\">La subvenci\u00f3 Next Generation &#8211;<a href=\"\/?p=13975\"> MOVES III<\/a>, administrada per <a href=\"https:\/\/icaen.gencat.cat\/ca\/inici\/\">l&#8217;ICAEN<\/a>, ofereix una oportunitat \u00fanica per a aquells que busquen adaptar-se a aquesta nova era.\u00a0<\/span><\/strong><\/h5>\n<p>https:\/\/etecnic.es\/wp-content\/uploads\/2023\/10\/Tabla-Plan-Moves-III-1-1024&#215;634-1.webp<\/p>\n<p><span style=\"color: #333399;\"><b>Actualitzaci\u00f3 sobre el pressupost sol\u00b7licitat pel MOVES lll<\/b><\/span><\/p>\n<p><span style=\"color: #000000;\"><span style=\"font-weight: 400;\">El passat dijous 20\/09, es va confirmar que l&#8217;ICAEN havia actualitzat la informaci\u00f3 sobre el pressupost sol\u00b7licitat per a la subvenci\u00f3 MOVES III.<\/span><\/span><\/p>\n<p><span style=\"font-weight: 400; color: #000000;\">De l&#8217;apartat d&#8217;infraestructura de rec\u00e0rrega, ja s&#8217;ha sobrepassat un impressionant 82% del pressupost. Aquesta r\u00e0pida absorci\u00f3 del pressupost indica l&#8217;alta demanda d&#8217;infraestructures de rec\u00e0rrega el\u00e8ctrica i la necessitat d&#8217;actuar r\u00e0pidament. <\/span><\/p>\n<p><img decoding=\"async\" src=\"https:\/\/etecnic.es\/wp-content\/uploads\/2023\/10\/unnamed.png\" alt=\"\" loading=\"lazy\" \/><\/p>\n<p><span style=\"font-weight: 400; color: #000000;\">Ara b\u00e9, hi ha bones not\u00edcies per a les petites empreses i els ajuntaments. Poden estalviar fins a un 60% del cost amb aquesta subvenci\u00f3, i fins i tot un 80% en el cas dels ajuntaments que decideixin establir punts de rec\u00e0rrega de pagament.\u00a0<\/span><\/p>\n<p><span style=\"color: #000000;\"><span style=\"font-weight: 400;\">Aquesta \u00e9s una oportunitat \u00fanica i, per ajudar-te a aprofitar-la, <\/span><a style=\"color: #000000;\" href=\"https:\/\/etecnic.es\/\"><b>Etecnic360<\/b><\/a><span style=\"font-weight: 400;\">, una marca l\u00edder en el camp de la mobilitat el\u00e8ctrica, ha activat un <\/span><b>servei personalitzat<\/b><span style=\"font-weight: 400;\"> destinat tant a empreses privades com p\u00fabliques que desitgin sol\u00b7licitar la subvenci\u00f3 MOVES III. <\/span><\/span><\/p>\n<p><img decoding=\"async\" src=\"https:\/\/etecnic.es\/wp-content\/uploads\/2023\/10\/1681998261884-4-scaled.jpg\" alt=\"\" loading=\"lazy\" \/><\/p>\n<p><span style=\"color: #333399;\"><b>Rep el suport d\u2019Etecnic durant els tr\u00e0mits<\/b><\/span><\/p>\n<p><span style=\"color: #000000;\"><span style=\"font-weight: 400;\">Amb Etecnic360 al teu costat, no nom\u00e9s rebr\u00e0s ajuda en la creaci\u00f3 de la<\/span><b> mem\u00f2ria t\u00e8cnica per obtenir la subvenci\u00f3<\/b><span style=\"font-weight: 400;\">, sin\u00f3 que tamb\u00e9 t&#8217;oferiran <\/span><b>plantilles <\/b><span style=\"font-weight: 400;\">i <\/span><b>suport durant els tr\u00e0mits<\/b><span style=\"font-weight: 400;\">.\u00a0<\/span><\/span><\/p>\n<p><span style=\"color: #000000;\"><span style=\"font-weight: 400;\">A m\u00e9s, un cop se t&#8217;hagi atorgat la subvenci\u00f3, tindr\u00e0s 12 mesos per completar i legalitzar la infraestructura de rec\u00e0rrega.\u00a0<\/span><\/span><\/p>\n<p><span style=\"font-weight: 400; color: #000000;\">Ja hem vist que el temps \u00e9s essencial, amb nom\u00e9s un 18% del pressupost disponible, les oportunitats s&#8217;estan esgotant r\u00e0pidament. \u00c9s per aix\u00f2 que si est\u00e0s considerant fer el pas cap a la mobilitat el\u00e8ctrica, no et quedis sense temps!<\/span><\/p>\n<p><strong><span style=\"color: #000000;\"><b>Demana cita gratu\u00efta amb un assessor d&#8217;Etecnic avui mateix i fes el canvi cap a un futur m\u00e9s verd!<\/b><\/span><\/strong><\/p>\n<p>PGRpdiBpZD0iemZfZGl2X0hDanFKRmhtRTIxNERka3FoMlNCZzkwampkbnZFRkNvRENaYmdwTVh0VjgiPjwvZGl2PjxzY3JpcHQgdHlwZT0idGV4dC9qYXZhc2NyaXB0Ij4oZnVuY3Rpb24oKSB7CnRyeXsKdmFyIGYgPSBkb2N1bWVudC5jcmVhdGVFbGVtZW50KCJpZnJhbWUiKTsgICAKZi5zcmMgPSAnaHR0cHM6Ly9mb3Jtcy56b2hvcHVibGljLmNvbS9tYXJrZXRpbmczNTEvZm9ybS9FVEVDTklDTU9WRVMvZm9ybXBlcm1hL0hDanFKRmhtRTIxNERka3FoMlNCZzkwampkbnZFRkNvRENaYmdwTVh0Vjg\/emZfcnN6Zm09MSc7CmYuc3R5bGUuYm9yZGVyPSJub25lIjsgICAgICAgICAgICAgICAgICAgICAgICAgICAgICAgICAgICAgICAgICAgCmYuc3R5bGUuaGVpZ2h0PSI3MDBweCI7CmYuc3R5bGUud2lkdGg9IjEwMCUiOwpmLnN0eWxlLnRyYW5zaXRpb249ImFsbCAwLjVzIGVhc2UiOy8vIE5vIEkxOE4KdmFyIGQgPSBkb2N1bWVudC5nZXRFbGVtZW50QnlJZCgiemZfZGl2X0hDanFKRmhtRTIxNERka3FoMlNCZzkwampkbnZFRkNvRENaYmdwTVh0VjgiKTsKZC5hcHBlbmRDaGlsZChmKTsKd2luZG93LmFkZEV2ZW50TGlzdGVuZXIoJ21lc3NhZ2UnLCBmdW5jdGlvbiAoKXsKdmFyIHpmX2lmcm1fZGF0YSA9IGV2ZW50LmRhdGEuc3BsaXQoInwiKTsKdmFyIHpmX3Blcm1hID0gemZfaWZybV9kYXRhWzBdOwp2YXIgemZfaWZybV9odF9udyA9ICggcGFyc2VJbnQoemZfaWZybV9kYXRhWzFdLCAxMCkgKyAxNSApICsgInB4IjsKdmFyIGlmcmFtZSA9IGRvY3VtZW50LmdldEVsZW1lbnRCeUlkKCJ6Zl9kaXZfSENqcUpGaG1FMjE0RGRrcWgyU0JnOTBqamRudkVGQ29EQ1piZ3BNWHRWOCIpLmdldEVsZW1lbnRzQnlUYWdOYW1lKCJpZnJhbWUiKVswXTsKaWYgKCAoaWZyYW1lLnNyYykuaW5kZXhPZignZm9ybXBlcm1hJykgPiAwICYmIChpZnJhbWUuc3JjKS5pbmRleE9mKHpmX3Blcm1hKSA+IDAgKSB7CnZhciBwcmV2SWZyYW1lSGVpZ2h0ID0gaWZyYW1lLnN0eWxlLmhlaWdodDsKaWYgKCBwcmV2SWZyYW1lSGVpZ2h0ICE9IHpmX2lmcm1faHRfbncgKSB7CmlmcmFtZS5zdHlsZS5oZWlnaHQgPSB6Zl9pZnJtX2h0X253Owp9ICAgCn0KfSwgZmFsc2UpOwp9Y2F0Y2goZSl7fQp9KSgpOzwvc2NyaXB0Pg==<\/p>\n","protected":false},"excerpt":{"rendered":"<p>Aprofita les subvencions de rec\u00e0rrega del MOVES III, el temps s\u2019esgota! Amb l&#8217;auge de la mobilitat el\u00e8ctrica, la recerca de finan\u00e7ament i subvencions es torna essencial per a moltes empreses i ajuntaments que volen liderar el canvi cap a una mobilitat m\u00e9s sostenible.\u00a0 La subvenci\u00f3 Next Generation &#8211; MOVES III, administrada per l&#8217;ICAEN, ofereix una [&hellip;]<\/p>\n","protected":false},"author":3,"featured_media":21252,"comment_status":"closed","ping_status":"closed","sticky":false,"template":"","format":"standard","meta":{"footnotes":""},"categories":[1],"tags":[],"class_list":["post-21251","post","type-post","status-publish","format-standard","has-post-thumbnail","hentry","category-etecnic"],"yoast_head":"<!-- This site is optimized with the Yoast SEO plugin v26.5 - https:\/\/yoast.com\/wordpress\/plugins\/seo\/ -->\n<title>Aprofita les subvencions de rec\u00e0rrega del MOVES lll<\/title>\n<meta name=\"description\" content=\"L&#039;ajuda Next Generation administrada per l&#039;ICAEN, ofereix una oportunitat \u00fanica, aprofita avui les subvencions de rec\u00e0rrega del MOVES lll\" \/>\n<meta name=\"robots\" content=\"noindex, follow, max-snippet:-1, max-image-preview:large, max-video-preview:-1\" \/>\n<meta property=\"og:locale\" content=\"ca_ES\" \/>\n<meta property=\"og:type\" content=\"article\" \/>\n<meta property=\"og:title\" content=\"Aprofita les subvencions de rec\u00e0rrega del MOVES lll\" \/>\n<meta property=\"og:description\" content=\"L&#039;ajuda Next Generation administrada per l&#039;ICAEN, ofereix una oportunitat \u00fanica, aprofita avui les subvencions de rec\u00e0rrega del MOVES lll\" \/>\n<meta property=\"og:url\" content=\"https:\/\/etecnic.bisiestodeveloper.es\/ca\/etecnic_cat\/aprofita-subvencions-moves-lll-recarrega\/\" \/>\n<meta property=\"og:site_name\" content=\"Etecnic\" \/>\n<meta property=\"article:published_time\" content=\"2023-10-06T09:43:05+00:00\" \/>\n<meta property=\"article:modified_time\" content=\"2025-11-05T12:32:47+00:00\" \/>\n<meta property=\"og:image\" content=\"https:\/\/etecnic.bisiestodeveloper.es\/wp-content\/uploads\/2023\/10\/Caratula-BLOG-etecnic-30.png\" \/>\n\t<meta property=\"og:image:width\" content=\"1110\" \/>\n\t<meta property=\"og:image:height\" content=\"720\" \/>\n\t<meta property=\"og:image:type\" content=\"image\/png\" \/>\n<meta name=\"author\" content=\"etecnic\" \/>\n<meta name=\"twitter:card\" content=\"summary_large_image\" \/>\n<meta name=\"twitter:label1\" content=\"Escrit per\" \/>\n\t<meta name=\"twitter:data1\" content=\"etecnic\" \/>\n\t<meta name=\"twitter:label2\" content=\"Temps estimat de lectura\" \/>\n\t<meta name=\"twitter:data2\" content=\"9 minuts\" \/>\n<script type=\"application\/ld+json\" class=\"yoast-schema-graph\">{\"@context\":\"https:\/\/schema.org\",\"@graph\":[{\"@type\":\"Article\",\"@id\":\"https:\/\/etecnic.bisiestodeveloper.es\/ca\/etecnic_cat\/aprofita-subvencions-moves-lll-recarrega\/#article\",\"isPartOf\":{\"@id\":\"https:\/\/etecnic.bisiestodeveloper.es\/ca\/etecnic_cat\/aprofita-subvencions-moves-lll-recarrega\/\"},\"author\":{\"name\":\"etecnic\",\"@id\":\"https:\/\/etecnic.bisiestodeveloper.es\/ca\/#\/schema\/person\/dd1bd24ce2934073e648829317e35ba7\"},\"headline\":\"Aprofita les subvencions de rec\u00e0rrega del MOVES III, el temps s\u2019acaba!\",\"datePublished\":\"2023-10-06T09:43:05+00:00\",\"dateModified\":\"2025-11-05T12:32:47+00:00\",\"mainEntityOfPage\":{\"@id\":\"https:\/\/etecnic.bisiestodeveloper.es\/ca\/etecnic_cat\/aprofita-subvencions-moves-lll-recarrega\/\"},\"wordCount\":547,\"publisher\":{\"@id\":\"https:\/\/etecnic.bisiestodeveloper.es\/ca\/#organization\"},\"image\":{\"@id\":\"https:\/\/etecnic.bisiestodeveloper.es\/ca\/etecnic_cat\/aprofita-subvencions-moves-lll-recarrega\/#primaryimage\"},\"thumbnailUrl\":\"https:\/\/etecnic.bisiestodeveloper.es\/wp-content\/uploads\/2023\/10\/Caratula-BLOG-etecnic-30.png\",\"articleSection\":[\"Etecnic\"],\"inLanguage\":\"ca\"},{\"@type\":\"WebPage\",\"@id\":\"https:\/\/etecnic.bisiestodeveloper.es\/ca\/etecnic_cat\/aprofita-subvencions-moves-lll-recarrega\/\",\"url\":\"https:\/\/etecnic.bisiestodeveloper.es\/ca\/etecnic_cat\/aprofita-subvencions-moves-lll-recarrega\/\",\"name\":\"Aprofita les subvencions de rec\u00e0rrega del MOVES lll\",\"isPartOf\":{\"@id\":\"https:\/\/etecnic.bisiestodeveloper.es\/ca\/#website\"},\"primaryImageOfPage\":{\"@id\":\"https:\/\/etecnic.bisiestodeveloper.es\/ca\/etecnic_cat\/aprofita-subvencions-moves-lll-recarrega\/#primaryimage\"},\"image\":{\"@id\":\"https:\/\/etecnic.bisiestodeveloper.es\/ca\/etecnic_cat\/aprofita-subvencions-moves-lll-recarrega\/#primaryimage\"},\"thumbnailUrl\":\"https:\/\/etecnic.bisiestodeveloper.es\/wp-content\/uploads\/2023\/10\/Caratula-BLOG-etecnic-30.png\",\"datePublished\":\"2023-10-06T09:43:05+00:00\",\"dateModified\":\"2025-11-05T12:32:47+00:00\",\"description\":\"L'ajuda Next Generation administrada per l'ICAEN, ofereix una oportunitat \u00fanica, aprofita avui les subvencions de rec\u00e0rrega del MOVES lll\",\"breadcrumb\":{\"@id\":\"https:\/\/etecnic.bisiestodeveloper.es\/ca\/etecnic_cat\/aprofita-subvencions-moves-lll-recarrega\/#breadcrumb\"},\"inLanguage\":\"ca\",\"potentialAction\":[{\"@type\":\"ReadAction\",\"target\":[\"https:\/\/etecnic.bisiestodeveloper.es\/ca\/etecnic_cat\/aprofita-subvencions-moves-lll-recarrega\/\"]}]},{\"@type\":\"ImageObject\",\"inLanguage\":\"ca\",\"@id\":\"https:\/\/etecnic.bisiestodeveloper.es\/ca\/etecnic_cat\/aprofita-subvencions-moves-lll-recarrega\/#primaryimage\",\"url\":\"https:\/\/etecnic.bisiestodeveloper.es\/wp-content\/uploads\/2023\/10\/Caratula-BLOG-etecnic-30.png\",\"contentUrl\":\"https:\/\/etecnic.bisiestodeveloper.es\/wp-content\/uploads\/2023\/10\/Caratula-BLOG-etecnic-30.png\",\"width\":1110,\"height\":720},{\"@type\":\"BreadcrumbList\",\"@id\":\"https:\/\/etecnic.bisiestodeveloper.es\/ca\/etecnic_cat\/aprofita-subvencions-moves-lll-recarrega\/#breadcrumb\",\"itemListElement\":[{\"@type\":\"ListItem\",\"position\":1,\"name\":\"Portada\",\"item\":\"https:\/\/etecnic.bisiestodeveloper.es\/ca\/\"},{\"@type\":\"ListItem\",\"position\":2,\"name\":\"Aprofita les subvencions de rec\u00e0rrega del MOVES III, el temps s\u2019acaba!\"}]},{\"@type\":\"WebSite\",\"@id\":\"https:\/\/etecnic.bisiestodeveloper.es\/ca\/#website\",\"url\":\"https:\/\/etecnic.bisiestodeveloper.es\/ca\/\",\"name\":\"Etecnic\",\"description\":\"\",\"publisher\":{\"@id\":\"https:\/\/etecnic.bisiestodeveloper.es\/ca\/#organization\"},\"potentialAction\":[{\"@type\":\"SearchAction\",\"target\":{\"@type\":\"EntryPoint\",\"urlTemplate\":\"https:\/\/etecnic.bisiestodeveloper.es\/ca\/?s={search_term_string}\"},\"query-input\":{\"@type\":\"PropertyValueSpecification\",\"valueRequired\":true,\"valueName\":\"search_term_string\"}}],\"inLanguage\":\"ca\"},{\"@type\":\"Organization\",\"@id\":\"https:\/\/etecnic.bisiestodeveloper.es\/ca\/#organization\",\"name\":\"Etecnic\",\"url\":\"https:\/\/etecnic.bisiestodeveloper.es\/ca\/\",\"logo\":{\"@type\":\"ImageObject\",\"inLanguage\":\"ca\",\"@id\":\"https:\/\/etecnic.bisiestodeveloper.es\/ca\/#\/schema\/logo\/image\/\",\"url\":\"https:\/\/etecnic.bisiestodeveloper.es\/wp-content\/uploads\/2025\/06\/logo-etecnic-blanco.png\",\"contentUrl\":\"https:\/\/etecnic.bisiestodeveloper.es\/wp-content\/uploads\/2025\/06\/logo-etecnic-blanco.png\",\"width\":1000,\"height\":500,\"caption\":\"Etecnic\"},\"image\":{\"@id\":\"https:\/\/etecnic.bisiestodeveloper.es\/ca\/#\/schema\/logo\/image\/\"}},{\"@type\":\"Person\",\"@id\":\"https:\/\/etecnic.bisiestodeveloper.es\/ca\/#\/schema\/person\/dd1bd24ce2934073e648829317e35ba7\",\"name\":\"etecnic\",\"url\":\"https:\/\/etecnic.bisiestodeveloper.es\/ca\/author\/etecnic\/\"}]}<\/script>\n<!-- \/ Yoast SEO plugin. -->","yoast_head_json":{"title":"Aprofita les subvencions de rec\u00e0rrega del MOVES lll","description":"L'ajuda Next Generation administrada per l'ICAEN, ofereix una oportunitat \u00fanica, aprofita avui les subvencions de rec\u00e0rrega del MOVES lll","robots":{"index":"noindex","follow":"follow","max-snippet":"max-snippet:-1","max-image-preview":"max-image-preview:large","max-video-preview":"max-video-preview:-1"},"og_locale":"ca_ES","og_type":"article","og_title":"Aprofita les subvencions de rec\u00e0rrega del MOVES lll","og_description":"L'ajuda Next Generation administrada per l'ICAEN, ofereix una oportunitat \u00fanica, aprofita avui les subvencions de rec\u00e0rrega del MOVES lll","og_url":"https:\/\/etecnic.bisiestodeveloper.es\/ca\/etecnic_cat\/aprofita-subvencions-moves-lll-recarrega\/","og_site_name":"Etecnic","article_published_time":"2023-10-06T09:43:05+00:00","article_modified_time":"2025-11-05T12:32:47+00:00","og_image":[{"width":1110,"height":720,"url":"https:\/\/etecnic.bisiestodeveloper.es\/wp-content\/uploads\/2023\/10\/Caratula-BLOG-etecnic-30.png","type":"image\/png"}],"author":"etecnic","twitter_card":"summary_large_image","twitter_misc":{"Escrit per":"etecnic","Temps estimat de lectura":"9 minuts"},"schema":{"@context":"https:\/\/schema.org","@graph":[{"@type":"Article","@id":"https:\/\/etecnic.bisiestodeveloper.es\/ca\/etecnic_cat\/aprofita-subvencions-moves-lll-recarrega\/#article","isPartOf":{"@id":"https:\/\/etecnic.bisiestodeveloper.es\/ca\/etecnic_cat\/aprofita-subvencions-moves-lll-recarrega\/"},"author":{"name":"etecnic","@id":"https:\/\/etecnic.bisiestodeveloper.es\/ca\/#\/schema\/person\/dd1bd24ce2934073e648829317e35ba7"},"headline":"Aprofita les subvencions de rec\u00e0rrega del MOVES III, el temps s\u2019acaba!","datePublished":"2023-10-06T09:43:05+00:00","dateModified":"2025-11-05T12:32:47+00:00","mainEntityOfPage":{"@id":"https:\/\/etecnic.bisiestodeveloper.es\/ca\/etecnic_cat\/aprofita-subvencions-moves-lll-recarrega\/"},"wordCount":547,"publisher":{"@id":"https:\/\/etecnic.bisiestodeveloper.es\/ca\/#organization"},"image":{"@id":"https:\/\/etecnic.bisiestodeveloper.es\/ca\/etecnic_cat\/aprofita-subvencions-moves-lll-recarrega\/#primaryimage"},"thumbnailUrl":"https:\/\/etecnic.bisiestodeveloper.es\/wp-content\/uploads\/2023\/10\/Caratula-BLOG-etecnic-30.png","articleSection":["Etecnic"],"inLanguage":"ca"},{"@type":"WebPage","@id":"https:\/\/etecnic.bisiestodeveloper.es\/ca\/etecnic_cat\/aprofita-subvencions-moves-lll-recarrega\/","url":"https:\/\/etecnic.bisiestodeveloper.es\/ca\/etecnic_cat\/aprofita-subvencions-moves-lll-recarrega\/","name":"Aprofita les subvencions de rec\u00e0rrega del MOVES lll","isPartOf":{"@id":"https:\/\/etecnic.bisiestodeveloper.es\/ca\/#website"},"primaryImageOfPage":{"@id":"https:\/\/etecnic.bisiestodeveloper.es\/ca\/etecnic_cat\/aprofita-subvencions-moves-lll-recarrega\/#primaryimage"},"image":{"@id":"https:\/\/etecnic.bisiestodeveloper.es\/ca\/etecnic_cat\/aprofita-subvencions-moves-lll-recarrega\/#primaryimage"},"thumbnailUrl":"https:\/\/etecnic.bisiestodeveloper.es\/wp-content\/uploads\/2023\/10\/Caratula-BLOG-etecnic-30.png","datePublished":"2023-10-06T09:43:05+00:00","dateModified":"2025-11-05T12:32:47+00:00","description":"L'ajuda Next Generation administrada per l'ICAEN, ofereix una oportunitat \u00fanica, aprofita avui les subvencions de rec\u00e0rrega del MOVES lll","breadcrumb":{"@id":"https:\/\/etecnic.bisiestodeveloper.es\/ca\/etecnic_cat\/aprofita-subvencions-moves-lll-recarrega\/#breadcrumb"},"inLanguage":"ca","potentialAction":[{"@type":"ReadAction","target":["https:\/\/etecnic.bisiestodeveloper.es\/ca\/etecnic_cat\/aprofita-subvencions-moves-lll-recarrega\/"]}]},{"@type":"ImageObject","inLanguage":"ca","@id":"https:\/\/etecnic.bisiestodeveloper.es\/ca\/etecnic_cat\/aprofita-subvencions-moves-lll-recarrega\/#primaryimage","url":"https:\/\/etecnic.bisiestodeveloper.es\/wp-content\/uploads\/2023\/10\/Caratula-BLOG-etecnic-30.png","contentUrl":"https:\/\/etecnic.bisiestodeveloper.es\/wp-content\/uploads\/2023\/10\/Caratula-BLOG-etecnic-30.png","width":1110,"height":720},{"@type":"BreadcrumbList","@id":"https:\/\/etecnic.bisiestodeveloper.es\/ca\/etecnic_cat\/aprofita-subvencions-moves-lll-recarrega\/#breadcrumb","itemListElement":[{"@type":"ListItem","position":1,"name":"Portada","item":"https:\/\/etecnic.bisiestodeveloper.es\/ca\/"},{"@type":"ListItem","position":2,"name":"Aprofita les subvencions de rec\u00e0rrega del MOVES III, el temps s\u2019acaba!"}]},{"@type":"WebSite","@id":"https:\/\/etecnic.bisiestodeveloper.es\/ca\/#website","url":"https:\/\/etecnic.bisiestodeveloper.es\/ca\/","name":"Etecnic","description":"","publisher":{"@id":"https:\/\/etecnic.bisiestodeveloper.es\/ca\/#organization"},"potentialAction":[{"@type":"SearchAction","target":{"@type":"EntryPoint","urlTemplate":"https:\/\/etecnic.bisiestodeveloper.es\/ca\/?s={search_term_string}"},"query-input":{"@type":"PropertyValueSpecification","valueRequired":true,"valueName":"search_term_string"}}],"inLanguage":"ca"},{"@type":"Organization","@id":"https:\/\/etecnic.bisiestodeveloper.es\/ca\/#organization","name":"Etecnic","url":"https:\/\/etecnic.bisiestodeveloper.es\/ca\/","logo":{"@type":"ImageObject","inLanguage":"ca","@id":"https:\/\/etecnic.bisiestodeveloper.es\/ca\/#\/schema\/logo\/image\/","url":"https:\/\/etecnic.bisiestodeveloper.es\/wp-content\/uploads\/2025\/06\/logo-etecnic-blanco.png","contentUrl":"https:\/\/etecnic.bisiestodeveloper.es\/wp-content\/uploads\/2025\/06\/logo-etecnic-blanco.png","width":1000,"height":500,"caption":"Etecnic"},"image":{"@id":"https:\/\/etecnic.bisiestodeveloper.es\/ca\/#\/schema\/logo\/image\/"}},{"@type":"Person","@id":"https:\/\/etecnic.bisiestodeveloper.es\/ca\/#\/schema\/person\/dd1bd24ce2934073e648829317e35ba7","name":"etecnic","url":"https:\/\/etecnic.bisiestodeveloper.es\/ca\/author\/etecnic\/"}]}},"_links":{"self":[{"href":"https:\/\/etecnic.bisiestodeveloper.es\/ca\/wp-json\/wp\/v2\/posts\/21251","targetHints":{"allow":["GET"]}}],"collection":[{"href":"https:\/\/etecnic.bisiestodeveloper.es\/ca\/wp-json\/wp\/v2\/posts"}],"about":[{"href":"https:\/\/etecnic.bisiestodeveloper.es\/ca\/wp-json\/wp\/v2\/types\/post"}],"author":[{"embeddable":true,"href":"https:\/\/etecnic.bisiestodeveloper.es\/ca\/wp-json\/wp\/v2\/users\/3"}],"replies":[{"embeddable":true,"href":"https:\/\/etecnic.bisiestodeveloper.es\/ca\/wp-json\/wp\/v2\/comments?post=21251"}],"version-history":[{"count":1,"href":"https:\/\/etecnic.bisiestodeveloper.es\/ca\/wp-json\/wp\/v2\/posts\/21251\/revisions"}],"predecessor-version":[{"id":30461,"href":"https:\/\/etecnic.bisiestodeveloper.es\/ca\/wp-json\/wp\/v2\/posts\/21251\/revisions\/30461"}],"wp:attachment":[{"href":"https:\/\/etecnic.bisiestodeveloper.es\/ca\/wp-json\/wp\/v2\/media?parent=21251"}],"wp:term":[{"taxonomy":"category","embeddable":true,"href":"https:\/\/etecnic.bisiestodeveloper.es\/ca\/wp-json\/wp\/v2\/categories?post=21251"},{"taxonomy":"post_tag","embeddable":true,"href":"https:\/\/etecnic.bisiestodeveloper.es\/ca\/wp-json\/wp\/v2\/tags?post=21251"}],"curies":[{"name":"wp","href":"https:\/\/api.w.org\/{rel}","templated":true}]}}