{"id":17723,"date":"2023-02-21T12:18:52","date_gmt":"2023-02-21T12:18:52","guid":{"rendered":"https:\/\/etecnic.es\/?p=17723"},"modified":"2025-11-05T12:11:36","modified_gmt":"2025-11-05T12:11:36","slug":"panells-solars-coches-electrics","status":"publish","type":"post","link":"https:\/\/etecnic.bisiestodeveloper.es\/ca\/etecnic_cat\/panells-solars-coches-electrics\/","title":{"rendered":"Panells solars per a carregar cotxes el\u00e8ctrics: una soluci\u00f3 perfecta"},"content":{"rendered":"<h1 style=\"text-align: center;\"><span style=\"color: #000000;\">Panells solars per a carregar cotxes el\u00e8ctrics: una soluci\u00f3 perfecta<\/span><\/h1>\n<h5><span style=\"color: #000000;\">Instal\u00b7lar panells solars en la teva empresa o ajuntament per a carregar el teu vehicle el\u00e8ctric (VE) \u00e9s la combinaci\u00f3 perfecta d&#8217;estalvi i independ\u00e8ncia energ\u00e8tica.<\/span><\/h5>\n<p><span style=\"color: #000000;\">Est\u00e0 clar que la mobilitat \u00e9s un element essencial en el proc\u00e9s de descarbonitzaci\u00f3 i transici\u00f3 energ\u00e8tica. Aix\u00f2 s&#8217;evidencia, per exemple, amb el <a href=\"https:\/\/etecnic.bisiestodeveloper.es\/ca\/noticies\/moves-3-catalunya-ajudes-punts-de-recarrega\/\">programa d&#8217;incentius MOVES III<\/a> que est\u00e0 disponible fins al 31 de desembre del 2023.<\/span><\/p>\n<p><span style=\"color: #000000;\">At\u00e8s que els preus de l&#8217;electricitat no s\u00f3n estables, pensar en el cost de carregar un vehicle el\u00e8ctric sense confiar en un especialista que t&#8217;ajudi a resoldre el teu cost energ\u00e8tic, pot ser descoratjador. La<a href=\"https:\/\/selectra.es\/autoconsumo\/info\/instalacion\"> instal\u00b7laci\u00f3 de plaques solars<\/a> en el teu negoci pot ser una de les teves solucions.<\/span><\/p>\n<p><span style=\"color: #333399;\"><strong>Puc utilitzar panells solars per a recarregar el meu cotxe el\u00e8ctric?<\/strong><\/span><\/p>\n<p><span style=\"color: #000000;\">La resposta \u00e9s <strong>s\u00ed<\/strong>. La combinaci\u00f3 de tecnologia solar i electromovilidad no sols \u00e9s possible, sin\u00f3 tamb\u00e9 productiva i ecol\u00f2gica.<\/span><\/p>\n<p><span style=\"color: #000000;\">Els factors perqu\u00e8 els panells solars puguin proporcionar suficient energia per al teu negoci i cotxe el\u00e8ctric s\u00f3n:<\/span><\/p>\n<p><strong>Efici\u00e8ncia<\/strong>: VEs, panells solars, inversors i bateries opcionals.<\/p>\n<p><strong>El potencial solar de la ubicaci\u00f3 i l&#8217;orientaci\u00f3 del sostre<\/strong><\/p>\n<p><strong>Consum energ\u00e8tic<\/strong>: pots analitzar el teu rebut per a veure el teu consum (kWh).<\/p>\n<p><strong>Freq\u00fc\u00e8ncia d&#8217;\u00fas<\/strong>: dep\u00e8n si el teu trajecte \u00e9s urb\u00e0, interurb\u00e0 o autopista<\/p>\n<p><strong>On recarregar<\/strong>: si rec\u00e0rregues nom\u00e9s a casa o si tens un punt de rec\u00e0rrega en el treball o en una estaci\u00f3 de servei.<\/p>\n<p><span style=\"color: #333399;\"><strong>Panells solars i vehicles el\u00e8ctrics. Per qu\u00e8 aquesta combinaci\u00f3 \u00e9s una bona idea?<\/strong><\/span><\/p>\n<p><span style=\"color: #000000;\">Combinar panells solars amb un vehicle el\u00e8ctric ofereix una s\u00e8rie d&#8217;avantatges, entre les quals es troben un major estalvi, la m\u00e0xima independ\u00e8ncia de la xarxa, la capacitat d&#8217;actualitzar el sistema segons les necessitats emergents o la possibilitat de gestionar tots els dispositius des d&#8217;una \u00fanica aplicaci\u00f3.<\/span><\/p>\n<p><span style=\"color: #000000;\">Des d&#8217;ETECNIC i gr\u00e0cies a la nostra experi\u00e8ncia en claus en m\u00e0 et nomenem els 3 beneficis:<\/span><\/p>\n<p><img decoding=\"async\" src=\"https:\/\/etecnic.es\/wp-content\/uploads\/2023\/02\/5496604-e1677239049204.png\" alt=\"\" loading=\"lazy\" \/><\/p>\n<p><strong>Instal\u00b7la panells solars i maximitza l&#8217;estalvi<\/strong><\/p>\n<p><span style=\"color: #000000;\">Els panells solars funcionen durant el dia, que coincideix amb el moment de major cost el\u00e8ctric. I a la nit, quan els panells solars deixen de produir, pots usar la xarxa.<\/span><\/p>\n<p><img decoding=\"async\" src=\"https:\/\/etecnic.es\/wp-content\/uploads\/2023\/02\/4514985-e1677239083169.png\" alt=\"\" loading=\"lazy\" \/><\/p>\n<p><strong>Major independ\u00e8ncia energ\u00e8tica<\/strong><\/p>\n<p><span style=\"color: #000000;\">L&#8217;autoconsum tamb\u00e9 disminueix la depend\u00e8ncia de la xarxa, especialment si disposes d&#8217;un sistema de bateries solars. M\u00e9s independ\u00e8ncia significa no sols m\u00e9s estalvis, sin\u00f3 tamb\u00e9 menys exposici\u00f3 a l&#8217;augment dels costos de l&#8217;electricitat.<\/span><\/p>\n<p><img decoding=\"async\" src=\"https:\/\/etecnic.es\/wp-content\/uploads\/2023\/02\/6188049-e1677239111846.png\" alt=\"\" loading=\"lazy\" \/><\/p>\n<p><strong>Digitalitzaci\u00f3 i automatitzaci\u00f3<\/strong><\/p>\n<p><span style=\"color: #000000;\">Els fabricants han desenvolupat aplicacions des de les quals podr\u00e0s monitorar i gestionar l&#8217;energia dels teus punts de rec\u00e0rrega en la <a href=\"https:\/\/etecnic.bisiestodeveloper.es\/ca\/noticies\/l1-de-gener-de-2023-els-aparcaments-dedificis-dus-diferent-al-residencial-privat-hauran-de-comptar-obligatoriament-amb-un-minim-de-punts-de-recarrega\/\">comunitat de propietaris<\/a>, empresa o ens municipal.<\/span><\/p>\n<p><span style=\"color: #333399;\"><strong>Coneixes les ajudes per a instal\u00b7lar plaques solars i punts de rec\u00e0rrega?<\/strong><\/span><\/p>\n<p><span style=\"color: #000000;\">Actualment al nostre pa\u00eds s&#8217;estan facilitant<a style=\"color: #000000;\" href=\"https:\/\/tarifasgasluz.com\/autoconsumo\/normativa\/subvenciones\"> ajudes per a la instal\u00b7laci\u00f3 de plaques solars<\/a> i altres subvencions per a la transici\u00f3 energ\u00e8tica. Totes es recullen en els Fons europeus Next Generation.<\/span><\/p>\n<p><span style=\"color: #000000;\">Per al cas de <strong>les empreses<\/strong>, existeixen tres paquets d&#8217;ajudes diferents que es desglossen de la seg\u00fcent manera:<\/span><\/p>\n<ul>\n<li><span style=\"color: #000000;\"><strong>Programa n\u00famero 1<\/strong> estan destinades a empreses que treballen en el sector serveis amb subvencions que aconsegueixen fins al 45% del total de la instal\u00b7laci\u00f3.<\/span><\/li>\n<li><span style=\"color: #000000;\"><strong>Programa n\u00famero 2<\/strong> estan destinades a empreses que treballen en altres sectors amb subvencions que aconsegueixen fins al 45% del total de la instal\u00b7laci\u00f3.<\/span><\/li>\n<li><span style=\"color: #000000;\"><strong>Programa n\u00famero 3<\/strong> estan enfocades a empreses que ja compten amb les plaques solars instal\u00b7lades i s&#8217;incentiva incloure bateries, amb subvencions de fins al 65% del total invertit.<\/span><\/li>\n<\/ul>\n<p><span style=\"color: #333399;\"><strong>Qu\u00e8 pot fer <a href=\"https:\/\/etecnic.es\/ca\/\">ETECNIC<\/a> per la teva empresa?<\/strong><\/span><\/p>\n<p><span style=\"color: #000000;\">Estem conven\u00e7uts del gran repte energ\u00e8tic que suposar\u00e0 l&#8217;adopci\u00f3 massiva del vehicle el\u00e8ctric. Com a empresa tecnol\u00f2gica especialitzada en mobilitat el\u00e8ctrica, infraestructura de rec\u00e0rrega i gesti\u00f3 energ\u00e8tica, apostem per un futur en el qual l&#8217;energia es gestionar\u00e0 com avui es gestionen les dades.<\/span><\/p>\n<p><span style=\"color: #000000;\">A Etecnic centrem els nostres esfor\u00e7os en la innovaci\u00f3 i digitalitzaci\u00f3 de solucions operatives i energ\u00e8tiques entorn de la mobilitat sostenible. Si tens un projecte en curs que necessiti complementar-se amb un <em>partner<\/em> amb experi\u00e8ncia en noves tecnologies de rec\u00e0rrega, fotovoltaica, bateries o V2G, &#8230;<\/span><\/p>\n<p><strong>Contacta amb nosaltres!<\/strong><\/p>\n<p>PGRpdiBpZD0iemZfZGl2X0hDanFKRmhtRTIxNERka3FoMlNCZzkwampkbnZFRkNvRENaYmdwTVh0VjgiPjwvZGl2PjxzY3JpcHQgdHlwZT0idGV4dC9qYXZhc2NyaXB0Ij4oZnVuY3Rpb24oKSB7CnRyeXsKdmFyIGYgPSBkb2N1bWVudC5jcmVhdGVFbGVtZW50KCJpZnJhbWUiKTsgICAKZi5zcmMgPSAnaHR0cHM6Ly9mb3Jtcy56b2hvcHVibGljLmNvbS9tYXJrZXRpbmczNTEvZm9ybS9FVEVDTklDTU9WRVMvZm9ybXBlcm1hL0hDanFKRmhtRTIxNERka3FoMlNCZzkwampkbnZFRkNvRENaYmdwTVh0Vjg\/emZfcnN6Zm09MSc7CmYuc3R5bGUuYm9yZGVyPSJub25lIjsgICAgICAgICAgICAgICAgICAgICAgICAgICAgICAgICAgICAgICAgICAgCmYuc3R5bGUuaGVpZ2h0PSI3MDBweCI7CmYuc3R5bGUud2lkdGg9IjEwMCUiOwpmLnN0eWxlLnRyYW5zaXRpb249ImFsbCAwLjVzIGVhc2UiOy8vIE5vIEkxOE4KdmFyIGQgPSBkb2N1bWVudC5nZXRFbGVtZW50QnlJZCgiemZfZGl2X0hDanFKRmhtRTIxNERka3FoMlNCZzkwampkbnZFRkNvRENaYmdwTVh0VjgiKTsKZC5hcHBlbmRDaGlsZChmKTsKd2luZG93LmFkZEV2ZW50TGlzdGVuZXIoJ21lc3NhZ2UnLCBmdW5jdGlvbiAoKXsKdmFyIHpmX2lmcm1fZGF0YSA9IGV2ZW50LmRhdGEuc3BsaXQoInwiKTsKdmFyIHpmX3Blcm1hID0gemZfaWZybV9kYXRhWzBdOwp2YXIgemZfaWZybV9odF9udyA9ICggcGFyc2VJbnQoemZfaWZybV9kYXRhWzFdLCAxMCkgKyAxNSApICsgInB4IjsKdmFyIGlmcmFtZSA9IGRvY3VtZW50LmdldEVsZW1lbnRCeUlkKCJ6Zl9kaXZfSENqcUpGaG1FMjE0RGRrcWgyU0JnOTBqamRudkVGQ29EQ1piZ3BNWHRWOCIpLmdldEVsZW1lbnRzQnlUYWdOYW1lKCJpZnJhbWUiKVswXTsKaWYgKCAoaWZyYW1lLnNyYykuaW5kZXhPZignZm9ybXBlcm1hJykgPiAwICYmIChpZnJhbWUuc3JjKS5pbmRleE9mKHpmX3Blcm1hKSA+IDAgKSB7CnZhciBwcmV2SWZyYW1lSGVpZ2h0ID0gaWZyYW1lLnN0eWxlLmhlaWdodDsKaWYgKCBwcmV2SWZyYW1lSGVpZ2h0ICE9IHpmX2lmcm1faHRfbncgKSB7CmlmcmFtZS5zdHlsZS5oZWlnaHQgPSB6Zl9pZnJtX2h0X253Owp9ICAgCn0KfSwgZmFsc2UpOwp9Y2F0Y2goZSl7fQp9KSgpOzwvc2NyaXB0Pg==<\/p>\n","protected":false},"excerpt":{"rendered":"<p>Panells solars per a carregar cotxes el\u00e8ctrics: una soluci\u00f3 perfecta Instal\u00b7lar panells solars en la teva empresa o ajuntament per a carregar el teu vehicle el\u00e8ctric (VE) \u00e9s la combinaci\u00f3 perfecta d&#8217;estalvi i independ\u00e8ncia energ\u00e8tica. Est\u00e0 clar que la mobilitat \u00e9s un element essencial en el proc\u00e9s de descarbonitzaci\u00f3 i transici\u00f3 energ\u00e8tica. Aix\u00f2 s&#8217;evidencia, per [&hellip;]<\/p>\n","protected":false},"author":3,"featured_media":18324,"comment_status":"closed","ping_status":"closed","sticky":false,"template":"","format":"standard","meta":{"footnotes":""},"categories":[1],"tags":[],"class_list":["post-17723","post","type-post","status-publish","format-standard","has-post-thumbnail","hentry","category-etecnic"],"yoast_head":"<!-- This site is optimized with the Yoast SEO plugin v26.5 - https:\/\/yoast.com\/wordpress\/plugins\/seo\/ -->\n<title>Panells solars per a carregar cotxes el\u00e8ctrics<\/title>\n<meta name=\"description\" content=\"Instal\u00b7lar panells solars per a carregar vehicles el\u00e8ctrics \u00e9s la combinaci\u00f3 perfecta d&#039;estalvi i independ\u00e8ncia energ\u00e8tica.\" \/>\n<meta name=\"robots\" content=\"noindex, follow, max-snippet:-1, max-image-preview:large, max-video-preview:-1\" \/>\n<meta property=\"og:locale\" content=\"ca_ES\" \/>\n<meta property=\"og:type\" content=\"article\" \/>\n<meta property=\"og:title\" content=\"Panells solars per a carregar cotxes el\u00e8ctrics\" \/>\n<meta property=\"og:description\" content=\"Instal\u00b7lar panells solars per a carregar vehicles el\u00e8ctrics \u00e9s la combinaci\u00f3 perfecta d&#039;estalvi i independ\u00e8ncia energ\u00e8tica.\" \/>\n<meta property=\"og:url\" content=\"https:\/\/etecnic.bisiestodeveloper.es\/ca\/etecnic_cat\/panells-solars-coches-electrics\/\" \/>\n<meta property=\"og:site_name\" content=\"Etecnic\" \/>\n<meta property=\"article:published_time\" content=\"2023-02-21T12:18:52+00:00\" \/>\n<meta property=\"article:modified_time\" content=\"2025-11-05T12:11:36+00:00\" \/>\n<meta property=\"og:image\" content=\"https:\/\/etecnic.bisiestodeveloper.es\/wp-content\/uploads\/2023\/02\/10.png\" \/>\n\t<meta property=\"og:image:width\" content=\"1110\" \/>\n\t<meta property=\"og:image:height\" content=\"720\" \/>\n\t<meta property=\"og:image:type\" content=\"image\/png\" \/>\n<meta name=\"author\" content=\"etecnic\" \/>\n<meta name=\"twitter:card\" content=\"summary_large_image\" \/>\n<meta name=\"twitter:label1\" content=\"Escrit per\" \/>\n\t<meta name=\"twitter:data1\" content=\"etecnic\" \/>\n\t<meta name=\"twitter:label2\" content=\"Temps estimat de lectura\" \/>\n\t<meta name=\"twitter:data2\" content=\"16 minuts\" \/>\n<script type=\"application\/ld+json\" class=\"yoast-schema-graph\">{\"@context\":\"https:\/\/schema.org\",\"@graph\":[{\"@type\":\"Article\",\"@id\":\"https:\/\/etecnic.bisiestodeveloper.es\/ca\/etecnic_cat\/panells-solars-coches-electrics\/#article\",\"isPartOf\":{\"@id\":\"https:\/\/etecnic.bisiestodeveloper.es\/ca\/etecnic_cat\/panells-solars-coches-electrics\/\"},\"author\":{\"name\":\"etecnic\",\"@id\":\"https:\/\/etecnic.bisiestodeveloper.es\/ca\/#\/schema\/person\/dd1bd24ce2934073e648829317e35ba7\"},\"headline\":\"Panells solars per a carregar cotxes el\u00e8ctrics: una soluci\u00f3 perfecta\",\"datePublished\":\"2023-02-21T12:18:52+00:00\",\"dateModified\":\"2025-11-05T12:11:36+00:00\",\"mainEntityOfPage\":{\"@id\":\"https:\/\/etecnic.bisiestodeveloper.es\/ca\/etecnic_cat\/panells-solars-coches-electrics\/\"},\"wordCount\":897,\"publisher\":{\"@id\":\"https:\/\/etecnic.bisiestodeveloper.es\/ca\/#organization\"},\"image\":{\"@id\":\"https:\/\/etecnic.bisiestodeveloper.es\/ca\/etecnic_cat\/panells-solars-coches-electrics\/#primaryimage\"},\"thumbnailUrl\":\"https:\/\/etecnic.bisiestodeveloper.es\/wp-content\/uploads\/2023\/02\/10.png\",\"articleSection\":[\"Etecnic\"],\"inLanguage\":\"ca\"},{\"@type\":\"WebPage\",\"@id\":\"https:\/\/etecnic.bisiestodeveloper.es\/ca\/etecnic_cat\/panells-solars-coches-electrics\/\",\"url\":\"https:\/\/etecnic.bisiestodeveloper.es\/ca\/etecnic_cat\/panells-solars-coches-electrics\/\",\"name\":\"Panells solars per a carregar cotxes el\u00e8ctrics\",\"isPartOf\":{\"@id\":\"https:\/\/etecnic.bisiestodeveloper.es\/ca\/#website\"},\"primaryImageOfPage\":{\"@id\":\"https:\/\/etecnic.bisiestodeveloper.es\/ca\/etecnic_cat\/panells-solars-coches-electrics\/#primaryimage\"},\"image\":{\"@id\":\"https:\/\/etecnic.bisiestodeveloper.es\/ca\/etecnic_cat\/panells-solars-coches-electrics\/#primaryimage\"},\"thumbnailUrl\":\"https:\/\/etecnic.bisiestodeveloper.es\/wp-content\/uploads\/2023\/02\/10.png\",\"datePublished\":\"2023-02-21T12:18:52+00:00\",\"dateModified\":\"2025-11-05T12:11:36+00:00\",\"description\":\"Instal\u00b7lar panells solars per a carregar vehicles el\u00e8ctrics \u00e9s la combinaci\u00f3 perfecta d'estalvi i independ\u00e8ncia energ\u00e8tica.\",\"breadcrumb\":{\"@id\":\"https:\/\/etecnic.bisiestodeveloper.es\/ca\/etecnic_cat\/panells-solars-coches-electrics\/#breadcrumb\"},\"inLanguage\":\"ca\",\"potentialAction\":[{\"@type\":\"ReadAction\",\"target\":[\"https:\/\/etecnic.bisiestodeveloper.es\/ca\/etecnic_cat\/panells-solars-coches-electrics\/\"]}]},{\"@type\":\"ImageObject\",\"inLanguage\":\"ca\",\"@id\":\"https:\/\/etecnic.bisiestodeveloper.es\/ca\/etecnic_cat\/panells-solars-coches-electrics\/#primaryimage\",\"url\":\"https:\/\/etecnic.bisiestodeveloper.es\/wp-content\/uploads\/2023\/02\/10.png\",\"contentUrl\":\"https:\/\/etecnic.bisiestodeveloper.es\/wp-content\/uploads\/2023\/02\/10.png\",\"width\":1110,\"height\":720},{\"@type\":\"BreadcrumbList\",\"@id\":\"https:\/\/etecnic.bisiestodeveloper.es\/ca\/etecnic_cat\/panells-solars-coches-electrics\/#breadcrumb\",\"itemListElement\":[{\"@type\":\"ListItem\",\"position\":1,\"name\":\"Portada\",\"item\":\"https:\/\/etecnic.bisiestodeveloper.es\/ca\/\"},{\"@type\":\"ListItem\",\"position\":2,\"name\":\"Panells solars per a carregar cotxes el\u00e8ctrics: una soluci\u00f3 perfecta\"}]},{\"@type\":\"WebSite\",\"@id\":\"https:\/\/etecnic.bisiestodeveloper.es\/ca\/#website\",\"url\":\"https:\/\/etecnic.bisiestodeveloper.es\/ca\/\",\"name\":\"Etecnic\",\"description\":\"\",\"publisher\":{\"@id\":\"https:\/\/etecnic.bisiestodeveloper.es\/ca\/#organization\"},\"potentialAction\":[{\"@type\":\"SearchAction\",\"target\":{\"@type\":\"EntryPoint\",\"urlTemplate\":\"https:\/\/etecnic.bisiestodeveloper.es\/ca\/?s={search_term_string}\"},\"query-input\":{\"@type\":\"PropertyValueSpecification\",\"valueRequired\":true,\"valueName\":\"search_term_string\"}}],\"inLanguage\":\"ca\"},{\"@type\":\"Organization\",\"@id\":\"https:\/\/etecnic.bisiestodeveloper.es\/ca\/#organization\",\"name\":\"Etecnic\",\"url\":\"https:\/\/etecnic.bisiestodeveloper.es\/ca\/\",\"logo\":{\"@type\":\"ImageObject\",\"inLanguage\":\"ca\",\"@id\":\"https:\/\/etecnic.bisiestodeveloper.es\/ca\/#\/schema\/logo\/image\/\",\"url\":\"https:\/\/etecnic.bisiestodeveloper.es\/wp-content\/uploads\/2025\/06\/logo-etecnic-blanco.png\",\"contentUrl\":\"https:\/\/etecnic.bisiestodeveloper.es\/wp-content\/uploads\/2025\/06\/logo-etecnic-blanco.png\",\"width\":1000,\"height\":500,\"caption\":\"Etecnic\"},\"image\":{\"@id\":\"https:\/\/etecnic.bisiestodeveloper.es\/ca\/#\/schema\/logo\/image\/\"}},{\"@type\":\"Person\",\"@id\":\"https:\/\/etecnic.bisiestodeveloper.es\/ca\/#\/schema\/person\/dd1bd24ce2934073e648829317e35ba7\",\"name\":\"etecnic\",\"url\":\"https:\/\/etecnic.bisiestodeveloper.es\/ca\/author\/etecnic\/\"}]}<\/script>\n<!-- \/ Yoast SEO plugin. -->","yoast_head_json":{"title":"Panells solars per a carregar cotxes el\u00e8ctrics","description":"Instal\u00b7lar panells solars per a carregar vehicles el\u00e8ctrics \u00e9s la combinaci\u00f3 perfecta d'estalvi i independ\u00e8ncia energ\u00e8tica.","robots":{"index":"noindex","follow":"follow","max-snippet":"max-snippet:-1","max-image-preview":"max-image-preview:large","max-video-preview":"max-video-preview:-1"},"og_locale":"ca_ES","og_type":"article","og_title":"Panells solars per a carregar cotxes el\u00e8ctrics","og_description":"Instal\u00b7lar panells solars per a carregar vehicles el\u00e8ctrics \u00e9s la combinaci\u00f3 perfecta d'estalvi i independ\u00e8ncia energ\u00e8tica.","og_url":"https:\/\/etecnic.bisiestodeveloper.es\/ca\/etecnic_cat\/panells-solars-coches-electrics\/","og_site_name":"Etecnic","article_published_time":"2023-02-21T12:18:52+00:00","article_modified_time":"2025-11-05T12:11:36+00:00","og_image":[{"width":1110,"height":720,"url":"https:\/\/etecnic.bisiestodeveloper.es\/wp-content\/uploads\/2023\/02\/10.png","type":"image\/png"}],"author":"etecnic","twitter_card":"summary_large_image","twitter_misc":{"Escrit per":"etecnic","Temps estimat de lectura":"16 minuts"},"schema":{"@context":"https:\/\/schema.org","@graph":[{"@type":"Article","@id":"https:\/\/etecnic.bisiestodeveloper.es\/ca\/etecnic_cat\/panells-solars-coches-electrics\/#article","isPartOf":{"@id":"https:\/\/etecnic.bisiestodeveloper.es\/ca\/etecnic_cat\/panells-solars-coches-electrics\/"},"author":{"name":"etecnic","@id":"https:\/\/etecnic.bisiestodeveloper.es\/ca\/#\/schema\/person\/dd1bd24ce2934073e648829317e35ba7"},"headline":"Panells solars per a carregar cotxes el\u00e8ctrics: una soluci\u00f3 perfecta","datePublished":"2023-02-21T12:18:52+00:00","dateModified":"2025-11-05T12:11:36+00:00","mainEntityOfPage":{"@id":"https:\/\/etecnic.bisiestodeveloper.es\/ca\/etecnic_cat\/panells-solars-coches-electrics\/"},"wordCount":897,"publisher":{"@id":"https:\/\/etecnic.bisiestodeveloper.es\/ca\/#organization"},"image":{"@id":"https:\/\/etecnic.bisiestodeveloper.es\/ca\/etecnic_cat\/panells-solars-coches-electrics\/#primaryimage"},"thumbnailUrl":"https:\/\/etecnic.bisiestodeveloper.es\/wp-content\/uploads\/2023\/02\/10.png","articleSection":["Etecnic"],"inLanguage":"ca"},{"@type":"WebPage","@id":"https:\/\/etecnic.bisiestodeveloper.es\/ca\/etecnic_cat\/panells-solars-coches-electrics\/","url":"https:\/\/etecnic.bisiestodeveloper.es\/ca\/etecnic_cat\/panells-solars-coches-electrics\/","name":"Panells solars per a carregar cotxes el\u00e8ctrics","isPartOf":{"@id":"https:\/\/etecnic.bisiestodeveloper.es\/ca\/#website"},"primaryImageOfPage":{"@id":"https:\/\/etecnic.bisiestodeveloper.es\/ca\/etecnic_cat\/panells-solars-coches-electrics\/#primaryimage"},"image":{"@id":"https:\/\/etecnic.bisiestodeveloper.es\/ca\/etecnic_cat\/panells-solars-coches-electrics\/#primaryimage"},"thumbnailUrl":"https:\/\/etecnic.bisiestodeveloper.es\/wp-content\/uploads\/2023\/02\/10.png","datePublished":"2023-02-21T12:18:52+00:00","dateModified":"2025-11-05T12:11:36+00:00","description":"Instal\u00b7lar panells solars per a carregar vehicles el\u00e8ctrics \u00e9s la combinaci\u00f3 perfecta d'estalvi i independ\u00e8ncia energ\u00e8tica.","breadcrumb":{"@id":"https:\/\/etecnic.bisiestodeveloper.es\/ca\/etecnic_cat\/panells-solars-coches-electrics\/#breadcrumb"},"inLanguage":"ca","potentialAction":[{"@type":"ReadAction","target":["https:\/\/etecnic.bisiestodeveloper.es\/ca\/etecnic_cat\/panells-solars-coches-electrics\/"]}]},{"@type":"ImageObject","inLanguage":"ca","@id":"https:\/\/etecnic.bisiestodeveloper.es\/ca\/etecnic_cat\/panells-solars-coches-electrics\/#primaryimage","url":"https:\/\/etecnic.bisiestodeveloper.es\/wp-content\/uploads\/2023\/02\/10.png","contentUrl":"https:\/\/etecnic.bisiestodeveloper.es\/wp-content\/uploads\/2023\/02\/10.png","width":1110,"height":720},{"@type":"BreadcrumbList","@id":"https:\/\/etecnic.bisiestodeveloper.es\/ca\/etecnic_cat\/panells-solars-coches-electrics\/#breadcrumb","itemListElement":[{"@type":"ListItem","position":1,"name":"Portada","item":"https:\/\/etecnic.bisiestodeveloper.es\/ca\/"},{"@type":"ListItem","position":2,"name":"Panells solars per a carregar cotxes el\u00e8ctrics: una soluci\u00f3 perfecta"}]},{"@type":"WebSite","@id":"https:\/\/etecnic.bisiestodeveloper.es\/ca\/#website","url":"https:\/\/etecnic.bisiestodeveloper.es\/ca\/","name":"Etecnic","description":"","publisher":{"@id":"https:\/\/etecnic.bisiestodeveloper.es\/ca\/#organization"},"potentialAction":[{"@type":"SearchAction","target":{"@type":"EntryPoint","urlTemplate":"https:\/\/etecnic.bisiestodeveloper.es\/ca\/?s={search_term_string}"},"query-input":{"@type":"PropertyValueSpecification","valueRequired":true,"valueName":"search_term_string"}}],"inLanguage":"ca"},{"@type":"Organization","@id":"https:\/\/etecnic.bisiestodeveloper.es\/ca\/#organization","name":"Etecnic","url":"https:\/\/etecnic.bisiestodeveloper.es\/ca\/","logo":{"@type":"ImageObject","inLanguage":"ca","@id":"https:\/\/etecnic.bisiestodeveloper.es\/ca\/#\/schema\/logo\/image\/","url":"https:\/\/etecnic.bisiestodeveloper.es\/wp-content\/uploads\/2025\/06\/logo-etecnic-blanco.png","contentUrl":"https:\/\/etecnic.bisiestodeveloper.es\/wp-content\/uploads\/2025\/06\/logo-etecnic-blanco.png","width":1000,"height":500,"caption":"Etecnic"},"image":{"@id":"https:\/\/etecnic.bisiestodeveloper.es\/ca\/#\/schema\/logo\/image\/"}},{"@type":"Person","@id":"https:\/\/etecnic.bisiestodeveloper.es\/ca\/#\/schema\/person\/dd1bd24ce2934073e648829317e35ba7","name":"etecnic","url":"https:\/\/etecnic.bisiestodeveloper.es\/ca\/author\/etecnic\/"}]}},"_links":{"self":[{"href":"https:\/\/etecnic.bisiestodeveloper.es\/ca\/wp-json\/wp\/v2\/posts\/17723","targetHints":{"allow":["GET"]}}],"collection":[{"href":"https:\/\/etecnic.bisiestodeveloper.es\/ca\/wp-json\/wp\/v2\/posts"}],"about":[{"href":"https:\/\/etecnic.bisiestodeveloper.es\/ca\/wp-json\/wp\/v2\/types\/post"}],"author":[{"embeddable":true,"href":"https:\/\/etecnic.bisiestodeveloper.es\/ca\/wp-json\/wp\/v2\/users\/3"}],"replies":[{"embeddable":true,"href":"https:\/\/etecnic.bisiestodeveloper.es\/ca\/wp-json\/wp\/v2\/comments?post=17723"}],"version-history":[{"count":1,"href":"https:\/\/etecnic.bisiestodeveloper.es\/ca\/wp-json\/wp\/v2\/posts\/17723\/revisions"}],"predecessor-version":[{"id":30400,"href":"https:\/\/etecnic.bisiestodeveloper.es\/ca\/wp-json\/wp\/v2\/posts\/17723\/revisions\/30400"}],"wp:attachment":[{"href":"https:\/\/etecnic.bisiestodeveloper.es\/ca\/wp-json\/wp\/v2\/media?parent=17723"}],"wp:term":[{"taxonomy":"category","embeddable":true,"href":"https:\/\/etecnic.bisiestodeveloper.es\/ca\/wp-json\/wp\/v2\/categories?post=17723"},{"taxonomy":"post_tag","embeddable":true,"href":"https:\/\/etecnic.bisiestodeveloper.es\/ca\/wp-json\/wp\/v2\/tags?post=17723"}],"curies":[{"name":"wp","href":"https:\/\/api.w.org\/{rel}","templated":true}]}}