{"id":17471,"date":"2023-01-17T08:39:06","date_gmt":"2023-01-17T08:39:06","guid":{"rendered":"https:\/\/etecnic.es\/?p=17471"},"modified":"2025-11-05T12:11:13","modified_gmt":"2025-11-05T12:11:13","slug":"model-de-negoci-transicio-energetica-subvencio-ajut","status":"publish","type":"post","link":"https:\/\/etecnic.bisiestodeveloper.es\/ca\/etecnic_cat\/model-de-negoci-transicio-energetica-subvencio-ajut\/","title":{"rendered":"Si el teu model de negoci treballa la transici\u00f3 energ\u00e8tica, aquesta subvenci\u00f3 t\u2019interessa!"},"content":{"rendered":"<h1 style=\"text-align: center;\">Han estat aprovades les bases reguladores per a ajuts dirigits a projectes de transici\u00f3 energ\u00e8tica<\/h1>\n<h5><span style=\"color: #000000;\">Des d&#8217;aquest divendres 6 de gener de 2023 i amb la publicaci\u00f3 al BOE de l\u2019Ordre TED\/1359\/2022, del 28 de desembre, queden aprovades les bases reguladores que obren les portes a la concessi\u00f3 d\u2019ajuts econ\u00f2mics per a projectes dedicats a la transici\u00f3 energ\u00e8tica en el marc del Pla de Recuperaci\u00f3, Transformaci\u00f3 i Resili\u00e8ncia.<\/span><\/h5>\n<p><span style=\"color: #000000;\">Els reptes de transici\u00f3 energ\u00e8tica han adoptat un pes considerable en els \u00faltims anys, cada vegada som m\u00e9s els que ajuntem forces per aconseguir un model energ\u00e8tic m\u00e9s distribu\u00eft, flexible i multidireccional.<\/span><\/p>\n<p><span style=\"color: #000000;\">A aix\u00f2 s&#8217;hi afegeix el suport del Ministeri per a la Transici\u00f3 Ecol\u00f2gica i el Repte Demogr\u00e0fic (MITECO) i el seu objectiu d&#8217;incentivar, promoure i afavorir el desenvolupament d&#8217;empreses innovadores i nous projectes empresarials (startups).<\/span><\/p>\n<p><span style=\"color: #333399;\"><strong>Qui s\u00f3n els beneficiaris d\u2019aquest ajut?<\/strong><\/span><\/p>\n<p><span style=\"color: #000000;\">A banda dels principals ja comentats: empreses innovadores i nous projectes empresarials (startups), tamb\u00e9 hi trobem administracions i organismes p\u00fablics, universitats, entitats, comunitats energ\u00e8tiques i altres organitzacions enfocades en R+D+I.<\/span><\/p>\n<p><span style=\"color: #000000;\">Les subvencions s&#8217;atorgaran en r\u00e8gim de concurr\u00e8ncia competitiva, \u00e9s a dir, sobre la base de comparaci\u00f3 entre els projectes presentats, els quals es podran trobar repartits en tres l\u00ednies d&#8217;ajuts diferents:<\/span><\/p>\n<p><span style=\"color: #333399;\"><strong>Transformaci\u00f3 energ\u00e8tica en 3 l\u00ednies d\u2019ajuts<\/strong><\/span><\/p>\n<p><img decoding=\"async\" src=\"https:\/\/etecnic.es\/wp-content\/uploads\/2023\/01\/startup-e1673947105998.png\" alt=\"\" loading=\"lazy\" \/><\/p>\n<p><strong>1. Startups per a la transformaci\u00f3 energ\u00e8tica<\/strong><\/p>\n<p><span style=\"color: #000000;\">Els beneficiaris d\u2019aquest ajut han d\u2019actuar en conson\u00e0ncia amb la posada en marxa o impuls de <strong>nous projectes empresarials<\/strong> que contribueixin als prop\u00f2sits de la transici\u00f3 energ\u00e8tica.<\/span><\/p>\n<p><img decoding=\"async\" src=\"https:\/\/etecnic.es\/wp-content\/uploads\/2023\/01\/innovacion-e1673947127475.png\" alt=\"\" loading=\"lazy\" \/><\/p>\n<p><strong>2. Innovaci\u00f3 en la transici\u00f3 energ\u00e8tica<\/strong><\/p>\n<p><span style=\"color: #000000;\">Subvenci\u00f3 adre\u00e7ada a actuacions relacionades amb productes, processos o serveis nous o millorats que promoguin <strong>solucions innovadores<\/strong> per a la transformaci\u00f3 energ\u00e8tica.<\/span><\/p>\n<p><img decoding=\"async\" src=\"https:\/\/etecnic.es\/wp-content\/uploads\/2023\/01\/energia-verde-e1673947144143.png\" alt=\"\" loading=\"lazy\" \/><\/p>\n<p><strong>3. Descarbonitzaci\u00f3 del sector energ\u00e8tic i millora de la integraci\u00f3 d&#8217;energies verdes<\/strong><\/p>\n<p><span style=\"color: #000000;\">Es podran finan\u00e7ar en aquesta l\u00ednia d\u2019ajuts les solucions que augmentin el nivell de <strong>protecci\u00f3 del medi ambient<\/strong> i que afavoreixin la <strong>integraci\u00f3 d\u2019energies alternatives.<\/strong><\/span><\/p>\n<p><span style=\"color: #333399;\"><strong>Ent\u00e8s aix\u00f2, quins s\u00f3n els requisits principals per a la concessi\u00f3 d&#8217;aquests ajuts?<\/strong><\/span><\/p>\n<p>Ser un projecte que treballi un nou model de negoci de transici\u00f3 energ\u00e8tica.<\/p>\n<p>Tenir un volum d\u2019inversi\u00f3 significatiu i viabilitat econ\u00f2mica.<\/p>\n<p>Oferir solucions a reptes relacionats amb la innovaci\u00f3.<\/p>\n<p>Presentar solucions que permetin una major integraci\u00f3 de les energies renovables.<\/p>\n<p>Dotar de flexibilitat el sistema energ\u00e8tic i crear aven\u00e7os en economia circular en l&#8217;\u00e0mbit de l&#8217;emmagatzematge energ\u00e8tic i la reducci\u00f3 d&#8217;emissions.<\/p>\n<p><span style=\"color: #000000;\">La convocat\u00f2ria (actualment pendent de publicaci\u00f3), la recepci\u00f3 de sol\u00b7licituds, la selecci\u00f3 i la resoluci\u00f3 d&#8217;aquests ajuts ser\u00e0 duta a terme per l&#8217;Institut per a la Diversificaci\u00f3 i Estalvi de l&#8217;Energia (IDAE), entitat adscrita al MITECO.<\/span><\/p>\n<p><span style=\"color: #333399;\"><strong>Qu\u00e8 pot fer <a href=\"https:\/\/etecnic.es\/\">ETECNIC<\/a> per la teva empresa?<\/strong><\/span><\/p>\n<p><span style=\"color: #000000;\">Estem conven\u00e7uts del gran repte energ\u00e8tic que suposar\u00e0 l\u2019adopci\u00f3 massiva del vehicle el\u00e8ctric. Com a empresa tecnol\u00f2gica especialitzada en mobilitat el\u00e8ctrica, infraestructura de rec\u00e0rrega i gesti\u00f3 energ\u00e8tica, apostem per un futur on l&#8217;energia es gestionar\u00e0 com avui es gestionen les dades.<\/span><\/p>\n<p><span style=\"color: #000000;\">A Etecnic centrem els nostres esfor\u00e7os en la innovaci\u00f3 i digitalitzaci\u00f3 de solucions operatives i energ\u00e8tiques al voltant de la mobilitat sostenible. Si tens un projecte en curs que necessiti complementar-se amb un <em>partner<\/em> amb experi\u00e8ncia en noves tecnologies de rec\u00e0rrega, fotovoltaica, bateries o V2G,&#8230;<\/span><\/p>\n<p><strong>Contacta amb nosaltres!<\/strong><\/p>\n<p>BOE <a href=\"https:\/\/www.boe.es\/boe\/dias\/2023\/01\/06\/pdfs\/BOE-A-2023-452.pdf\">n\u00fam. 5<\/a>, de 6 de gener de 2023<\/p>\n<p>PGRpdiBpZD0iemZfZGl2X0hDanFKRmhtRTIxNERka3FoMlNCZzkwampkbnZFRkNvRENaYmdwTVh0VjgiPjwvZGl2PjxzY3JpcHQgdHlwZT0idGV4dC9qYXZhc2NyaXB0Ij4oZnVuY3Rpb24oKSB7CnRyeXsKdmFyIGYgPSBkb2N1bWVudC5jcmVhdGVFbGVtZW50KCJpZnJhbWUiKTsgICAKZi5zcmMgPSAnaHR0cHM6Ly9mb3Jtcy56b2hvcHVibGljLmNvbS9tYXJrZXRpbmczNTEvZm9ybS9FVEVDTklDTU9WRVMvZm9ybXBlcm1hL0hDanFKRmhtRTIxNERka3FoMlNCZzkwampkbnZFRkNvRENaYmdwTVh0Vjg\/emZfcnN6Zm09MSc7CmYuc3R5bGUuYm9yZGVyPSJub25lIjsgICAgICAgICAgICAgICAgICAgICAgICAgICAgICAgICAgICAgICAgICAgCmYuc3R5bGUuaGVpZ2h0PSI3MDBweCI7CmYuc3R5bGUud2lkdGg9IjEwMCUiOwpmLnN0eWxlLnRyYW5zaXRpb249ImFsbCAwLjVzIGVhc2UiOy8vIE5vIEkxOE4KdmFyIGQgPSBkb2N1bWVudC5nZXRFbGVtZW50QnlJZCgiemZfZGl2X0hDanFKRmhtRTIxNERka3FoMlNCZzkwampkbnZFRkNvRENaYmdwTVh0VjgiKTsKZC5hcHBlbmRDaGlsZChmKTsKd2luZG93LmFkZEV2ZW50TGlzdGVuZXIoJ21lc3NhZ2UnLCBmdW5jdGlvbiAoKXsKdmFyIHpmX2lmcm1fZGF0YSA9IGV2ZW50LmRhdGEuc3BsaXQoInwiKTsKdmFyIHpmX3Blcm1hID0gemZfaWZybV9kYXRhWzBdOwp2YXIgemZfaWZybV9odF9udyA9ICggcGFyc2VJbnQoemZfaWZybV9kYXRhWzFdLCAxMCkgKyAxNSApICsgInB4IjsKdmFyIGlmcmFtZSA9IGRvY3VtZW50LmdldEVsZW1lbnRCeUlkKCJ6Zl9kaXZfSENqcUpGaG1FMjE0RGRrcWgyU0JnOTBqamRudkVGQ29EQ1piZ3BNWHRWOCIpLmdldEVsZW1lbnRzQnlUYWdOYW1lKCJpZnJhbWUiKVswXTsKaWYgKCAoaWZyYW1lLnNyYykuaW5kZXhPZignZm9ybXBlcm1hJykgPiAwICYmIChpZnJhbWUuc3JjKS5pbmRleE9mKHpmX3Blcm1hKSA+IDAgKSB7CnZhciBwcmV2SWZyYW1lSGVpZ2h0ID0gaWZyYW1lLnN0eWxlLmhlaWdodDsKaWYgKCBwcmV2SWZyYW1lSGVpZ2h0ICE9IHpmX2lmcm1faHRfbncgKSB7CmlmcmFtZS5zdHlsZS5oZWlnaHQgPSB6Zl9pZnJtX2h0X253Owp9ICAgCn0KfSwgZmFsc2UpOwp9Y2F0Y2goZSl7fQp9KSgpOzwvc2NyaXB0Pg==<\/p>\n","protected":false},"excerpt":{"rendered":"<p>Han estat aprovades les bases reguladores per a ajuts dirigits a projectes de transici\u00f3 energ\u00e8tica Des d&#8217;aquest divendres 6 de gener de 2023 i amb la publicaci\u00f3 al BOE de l\u2019Ordre TED\/1359\/2022, del 28 de desembre, queden aprovades les bases reguladores que obren les portes a la concessi\u00f3 d\u2019ajuts econ\u00f2mics per a projectes dedicats a [&hellip;]<\/p>\n","protected":false},"author":3,"featured_media":18333,"comment_status":"closed","ping_status":"closed","sticky":false,"template":"","format":"standard","meta":{"footnotes":""},"categories":[1],"tags":[],"class_list":["post-17471","post","type-post","status-publish","format-standard","has-post-thumbnail","hentry","category-etecnic"],"yoast_head":"<!-- This site is optimized with the Yoast SEO plugin v26.5 - https:\/\/yoast.com\/wordpress\/plugins\/seo\/ -->\n<title>Aprovada la subvenci\u00f3 per a projectes de transici\u00f3 energ\u00e8tica<\/title>\n<meta name=\"description\" content=\"Les bases reguladores per a la concessi\u00f3 d&#039;ajuts dirigits a projectes de transici\u00f3 energ\u00e8tica han estat aprovades.\" \/>\n<meta name=\"robots\" content=\"noindex, follow, max-snippet:-1, max-image-preview:large, max-video-preview:-1\" \/>\n<meta property=\"og:locale\" content=\"ca_ES\" \/>\n<meta property=\"og:type\" content=\"article\" \/>\n<meta property=\"og:title\" content=\"Aprovada la subvenci\u00f3 per a projectes de transici\u00f3 energ\u00e8tica\" \/>\n<meta property=\"og:description\" content=\"Les bases reguladores per a la concessi\u00f3 d&#039;ajuts dirigits a projectes de transici\u00f3 energ\u00e8tica han estat aprovades.\" \/>\n<meta property=\"og:url\" content=\"https:\/\/etecnic.bisiestodeveloper.es\/ca\/etecnic_cat\/model-de-negoci-transicio-energetica-subvencio-ajut\/\" \/>\n<meta property=\"og:site_name\" content=\"Etecnic\" \/>\n<meta property=\"article:published_time\" content=\"2023-01-17T08:39:06+00:00\" \/>\n<meta property=\"article:modified_time\" content=\"2025-11-05T12:11:13+00:00\" \/>\n<meta property=\"og:image\" content=\"https:\/\/etecnic.bisiestodeveloper.es\/wp-content\/uploads\/2023\/01\/9.png\" \/>\n\t<meta property=\"og:image:width\" content=\"1110\" \/>\n\t<meta property=\"og:image:height\" content=\"720\" \/>\n\t<meta property=\"og:image:type\" content=\"image\/png\" \/>\n<meta name=\"author\" content=\"etecnic\" \/>\n<meta name=\"twitter:card\" content=\"summary_large_image\" \/>\n<meta name=\"twitter:label1\" content=\"Escrit per\" \/>\n\t<meta name=\"twitter:data1\" content=\"etecnic\" \/>\n\t<meta name=\"twitter:label2\" content=\"Temps estimat de lectura\" \/>\n\t<meta name=\"twitter:data2\" content=\"15 minuts\" \/>\n<script type=\"application\/ld+json\" class=\"yoast-schema-graph\">{\"@context\":\"https:\/\/schema.org\",\"@graph\":[{\"@type\":\"Article\",\"@id\":\"https:\/\/etecnic.bisiestodeveloper.es\/ca\/etecnic_cat\/model-de-negoci-transicio-energetica-subvencio-ajut\/#article\",\"isPartOf\":{\"@id\":\"https:\/\/etecnic.bisiestodeveloper.es\/ca\/etecnic_cat\/model-de-negoci-transicio-energetica-subvencio-ajut\/\"},\"author\":{\"name\":\"etecnic\",\"@id\":\"https:\/\/etecnic.bisiestodeveloper.es\/ca\/#\/schema\/person\/dd1bd24ce2934073e648829317e35ba7\"},\"headline\":\"Si el teu model de negoci treballa la transici\u00f3 energ\u00e8tica, aquesta subvenci\u00f3 t\u2019interessa!\",\"datePublished\":\"2023-01-17T08:39:06+00:00\",\"dateModified\":\"2025-11-05T12:11:13+00:00\",\"mainEntityOfPage\":{\"@id\":\"https:\/\/etecnic.bisiestodeveloper.es\/ca\/etecnic_cat\/model-de-negoci-transicio-energetica-subvencio-ajut\/\"},\"wordCount\":761,\"publisher\":{\"@id\":\"https:\/\/etecnic.bisiestodeveloper.es\/ca\/#organization\"},\"image\":{\"@id\":\"https:\/\/etecnic.bisiestodeveloper.es\/ca\/etecnic_cat\/model-de-negoci-transicio-energetica-subvencio-ajut\/#primaryimage\"},\"thumbnailUrl\":\"https:\/\/etecnic.bisiestodeveloper.es\/wp-content\/uploads\/2023\/01\/9.png\",\"articleSection\":[\"Etecnic\"],\"inLanguage\":\"ca\"},{\"@type\":\"WebPage\",\"@id\":\"https:\/\/etecnic.bisiestodeveloper.es\/ca\/etecnic_cat\/model-de-negoci-transicio-energetica-subvencio-ajut\/\",\"url\":\"https:\/\/etecnic.bisiestodeveloper.es\/ca\/etecnic_cat\/model-de-negoci-transicio-energetica-subvencio-ajut\/\",\"name\":\"Aprovada la subvenci\u00f3 per a projectes de transici\u00f3 energ\u00e8tica\",\"isPartOf\":{\"@id\":\"https:\/\/etecnic.bisiestodeveloper.es\/ca\/#website\"},\"primaryImageOfPage\":{\"@id\":\"https:\/\/etecnic.bisiestodeveloper.es\/ca\/etecnic_cat\/model-de-negoci-transicio-energetica-subvencio-ajut\/#primaryimage\"},\"image\":{\"@id\":\"https:\/\/etecnic.bisiestodeveloper.es\/ca\/etecnic_cat\/model-de-negoci-transicio-energetica-subvencio-ajut\/#primaryimage\"},\"thumbnailUrl\":\"https:\/\/etecnic.bisiestodeveloper.es\/wp-content\/uploads\/2023\/01\/9.png\",\"datePublished\":\"2023-01-17T08:39:06+00:00\",\"dateModified\":\"2025-11-05T12:11:13+00:00\",\"description\":\"Les bases reguladores per a la concessi\u00f3 d'ajuts dirigits a projectes de transici\u00f3 energ\u00e8tica han estat aprovades.\",\"breadcrumb\":{\"@id\":\"https:\/\/etecnic.bisiestodeveloper.es\/ca\/etecnic_cat\/model-de-negoci-transicio-energetica-subvencio-ajut\/#breadcrumb\"},\"inLanguage\":\"ca\",\"potentialAction\":[{\"@type\":\"ReadAction\",\"target\":[\"https:\/\/etecnic.bisiestodeveloper.es\/ca\/etecnic_cat\/model-de-negoci-transicio-energetica-subvencio-ajut\/\"]}]},{\"@type\":\"ImageObject\",\"inLanguage\":\"ca\",\"@id\":\"https:\/\/etecnic.bisiestodeveloper.es\/ca\/etecnic_cat\/model-de-negoci-transicio-energetica-subvencio-ajut\/#primaryimage\",\"url\":\"https:\/\/etecnic.bisiestodeveloper.es\/wp-content\/uploads\/2023\/01\/9.png\",\"contentUrl\":\"https:\/\/etecnic.bisiestodeveloper.es\/wp-content\/uploads\/2023\/01\/9.png\",\"width\":1110,\"height\":720},{\"@type\":\"BreadcrumbList\",\"@id\":\"https:\/\/etecnic.bisiestodeveloper.es\/ca\/etecnic_cat\/model-de-negoci-transicio-energetica-subvencio-ajut\/#breadcrumb\",\"itemListElement\":[{\"@type\":\"ListItem\",\"position\":1,\"name\":\"Portada\",\"item\":\"https:\/\/etecnic.bisiestodeveloper.es\/ca\/\"},{\"@type\":\"ListItem\",\"position\":2,\"name\":\"Si el teu model de negoci treballa la transici\u00f3 energ\u00e8tica, aquesta subvenci\u00f3 t\u2019interessa!\"}]},{\"@type\":\"WebSite\",\"@id\":\"https:\/\/etecnic.bisiestodeveloper.es\/ca\/#website\",\"url\":\"https:\/\/etecnic.bisiestodeveloper.es\/ca\/\",\"name\":\"Etecnic\",\"description\":\"\",\"publisher\":{\"@id\":\"https:\/\/etecnic.bisiestodeveloper.es\/ca\/#organization\"},\"potentialAction\":[{\"@type\":\"SearchAction\",\"target\":{\"@type\":\"EntryPoint\",\"urlTemplate\":\"https:\/\/etecnic.bisiestodeveloper.es\/ca\/?s={search_term_string}\"},\"query-input\":{\"@type\":\"PropertyValueSpecification\",\"valueRequired\":true,\"valueName\":\"search_term_string\"}}],\"inLanguage\":\"ca\"},{\"@type\":\"Organization\",\"@id\":\"https:\/\/etecnic.bisiestodeveloper.es\/ca\/#organization\",\"name\":\"Etecnic\",\"url\":\"https:\/\/etecnic.bisiestodeveloper.es\/ca\/\",\"logo\":{\"@type\":\"ImageObject\",\"inLanguage\":\"ca\",\"@id\":\"https:\/\/etecnic.bisiestodeveloper.es\/ca\/#\/schema\/logo\/image\/\",\"url\":\"https:\/\/etecnic.bisiestodeveloper.es\/wp-content\/uploads\/2025\/06\/logo-etecnic-blanco.png\",\"contentUrl\":\"https:\/\/etecnic.bisiestodeveloper.es\/wp-content\/uploads\/2025\/06\/logo-etecnic-blanco.png\",\"width\":1000,\"height\":500,\"caption\":\"Etecnic\"},\"image\":{\"@id\":\"https:\/\/etecnic.bisiestodeveloper.es\/ca\/#\/schema\/logo\/image\/\"}},{\"@type\":\"Person\",\"@id\":\"https:\/\/etecnic.bisiestodeveloper.es\/ca\/#\/schema\/person\/dd1bd24ce2934073e648829317e35ba7\",\"name\":\"etecnic\",\"url\":\"https:\/\/etecnic.bisiestodeveloper.es\/ca\/author\/etecnic\/\"}]}<\/script>\n<!-- \/ Yoast SEO plugin. -->","yoast_head_json":{"title":"Aprovada la subvenci\u00f3 per a projectes de transici\u00f3 energ\u00e8tica","description":"Les bases reguladores per a la concessi\u00f3 d'ajuts dirigits a projectes de transici\u00f3 energ\u00e8tica han estat aprovades.","robots":{"index":"noindex","follow":"follow","max-snippet":"max-snippet:-1","max-image-preview":"max-image-preview:large","max-video-preview":"max-video-preview:-1"},"og_locale":"ca_ES","og_type":"article","og_title":"Aprovada la subvenci\u00f3 per a projectes de transici\u00f3 energ\u00e8tica","og_description":"Les bases reguladores per a la concessi\u00f3 d'ajuts dirigits a projectes de transici\u00f3 energ\u00e8tica han estat aprovades.","og_url":"https:\/\/etecnic.bisiestodeveloper.es\/ca\/etecnic_cat\/model-de-negoci-transicio-energetica-subvencio-ajut\/","og_site_name":"Etecnic","article_published_time":"2023-01-17T08:39:06+00:00","article_modified_time":"2025-11-05T12:11:13+00:00","og_image":[{"width":1110,"height":720,"url":"https:\/\/etecnic.bisiestodeveloper.es\/wp-content\/uploads\/2023\/01\/9.png","type":"image\/png"}],"author":"etecnic","twitter_card":"summary_large_image","twitter_misc":{"Escrit per":"etecnic","Temps estimat de lectura":"15 minuts"},"schema":{"@context":"https:\/\/schema.org","@graph":[{"@type":"Article","@id":"https:\/\/etecnic.bisiestodeveloper.es\/ca\/etecnic_cat\/model-de-negoci-transicio-energetica-subvencio-ajut\/#article","isPartOf":{"@id":"https:\/\/etecnic.bisiestodeveloper.es\/ca\/etecnic_cat\/model-de-negoci-transicio-energetica-subvencio-ajut\/"},"author":{"name":"etecnic","@id":"https:\/\/etecnic.bisiestodeveloper.es\/ca\/#\/schema\/person\/dd1bd24ce2934073e648829317e35ba7"},"headline":"Si el teu model de negoci treballa la transici\u00f3 energ\u00e8tica, aquesta subvenci\u00f3 t\u2019interessa!","datePublished":"2023-01-17T08:39:06+00:00","dateModified":"2025-11-05T12:11:13+00:00","mainEntityOfPage":{"@id":"https:\/\/etecnic.bisiestodeveloper.es\/ca\/etecnic_cat\/model-de-negoci-transicio-energetica-subvencio-ajut\/"},"wordCount":761,"publisher":{"@id":"https:\/\/etecnic.bisiestodeveloper.es\/ca\/#organization"},"image":{"@id":"https:\/\/etecnic.bisiestodeveloper.es\/ca\/etecnic_cat\/model-de-negoci-transicio-energetica-subvencio-ajut\/#primaryimage"},"thumbnailUrl":"https:\/\/etecnic.bisiestodeveloper.es\/wp-content\/uploads\/2023\/01\/9.png","articleSection":["Etecnic"],"inLanguage":"ca"},{"@type":"WebPage","@id":"https:\/\/etecnic.bisiestodeveloper.es\/ca\/etecnic_cat\/model-de-negoci-transicio-energetica-subvencio-ajut\/","url":"https:\/\/etecnic.bisiestodeveloper.es\/ca\/etecnic_cat\/model-de-negoci-transicio-energetica-subvencio-ajut\/","name":"Aprovada la subvenci\u00f3 per a projectes de transici\u00f3 energ\u00e8tica","isPartOf":{"@id":"https:\/\/etecnic.bisiestodeveloper.es\/ca\/#website"},"primaryImageOfPage":{"@id":"https:\/\/etecnic.bisiestodeveloper.es\/ca\/etecnic_cat\/model-de-negoci-transicio-energetica-subvencio-ajut\/#primaryimage"},"image":{"@id":"https:\/\/etecnic.bisiestodeveloper.es\/ca\/etecnic_cat\/model-de-negoci-transicio-energetica-subvencio-ajut\/#primaryimage"},"thumbnailUrl":"https:\/\/etecnic.bisiestodeveloper.es\/wp-content\/uploads\/2023\/01\/9.png","datePublished":"2023-01-17T08:39:06+00:00","dateModified":"2025-11-05T12:11:13+00:00","description":"Les bases reguladores per a la concessi\u00f3 d'ajuts dirigits a projectes de transici\u00f3 energ\u00e8tica han estat aprovades.","breadcrumb":{"@id":"https:\/\/etecnic.bisiestodeveloper.es\/ca\/etecnic_cat\/model-de-negoci-transicio-energetica-subvencio-ajut\/#breadcrumb"},"inLanguage":"ca","potentialAction":[{"@type":"ReadAction","target":["https:\/\/etecnic.bisiestodeveloper.es\/ca\/etecnic_cat\/model-de-negoci-transicio-energetica-subvencio-ajut\/"]}]},{"@type":"ImageObject","inLanguage":"ca","@id":"https:\/\/etecnic.bisiestodeveloper.es\/ca\/etecnic_cat\/model-de-negoci-transicio-energetica-subvencio-ajut\/#primaryimage","url":"https:\/\/etecnic.bisiestodeveloper.es\/wp-content\/uploads\/2023\/01\/9.png","contentUrl":"https:\/\/etecnic.bisiestodeveloper.es\/wp-content\/uploads\/2023\/01\/9.png","width":1110,"height":720},{"@type":"BreadcrumbList","@id":"https:\/\/etecnic.bisiestodeveloper.es\/ca\/etecnic_cat\/model-de-negoci-transicio-energetica-subvencio-ajut\/#breadcrumb","itemListElement":[{"@type":"ListItem","position":1,"name":"Portada","item":"https:\/\/etecnic.bisiestodeveloper.es\/ca\/"},{"@type":"ListItem","position":2,"name":"Si el teu model de negoci treballa la transici\u00f3 energ\u00e8tica, aquesta subvenci\u00f3 t\u2019interessa!"}]},{"@type":"WebSite","@id":"https:\/\/etecnic.bisiestodeveloper.es\/ca\/#website","url":"https:\/\/etecnic.bisiestodeveloper.es\/ca\/","name":"Etecnic","description":"","publisher":{"@id":"https:\/\/etecnic.bisiestodeveloper.es\/ca\/#organization"},"potentialAction":[{"@type":"SearchAction","target":{"@type":"EntryPoint","urlTemplate":"https:\/\/etecnic.bisiestodeveloper.es\/ca\/?s={search_term_string}"},"query-input":{"@type":"PropertyValueSpecification","valueRequired":true,"valueName":"search_term_string"}}],"inLanguage":"ca"},{"@type":"Organization","@id":"https:\/\/etecnic.bisiestodeveloper.es\/ca\/#organization","name":"Etecnic","url":"https:\/\/etecnic.bisiestodeveloper.es\/ca\/","logo":{"@type":"ImageObject","inLanguage":"ca","@id":"https:\/\/etecnic.bisiestodeveloper.es\/ca\/#\/schema\/logo\/image\/","url":"https:\/\/etecnic.bisiestodeveloper.es\/wp-content\/uploads\/2025\/06\/logo-etecnic-blanco.png","contentUrl":"https:\/\/etecnic.bisiestodeveloper.es\/wp-content\/uploads\/2025\/06\/logo-etecnic-blanco.png","width":1000,"height":500,"caption":"Etecnic"},"image":{"@id":"https:\/\/etecnic.bisiestodeveloper.es\/ca\/#\/schema\/logo\/image\/"}},{"@type":"Person","@id":"https:\/\/etecnic.bisiestodeveloper.es\/ca\/#\/schema\/person\/dd1bd24ce2934073e648829317e35ba7","name":"etecnic","url":"https:\/\/etecnic.bisiestodeveloper.es\/ca\/author\/etecnic\/"}]}},"_links":{"self":[{"href":"https:\/\/etecnic.bisiestodeveloper.es\/ca\/wp-json\/wp\/v2\/posts\/17471","targetHints":{"allow":["GET"]}}],"collection":[{"href":"https:\/\/etecnic.bisiestodeveloper.es\/ca\/wp-json\/wp\/v2\/posts"}],"about":[{"href":"https:\/\/etecnic.bisiestodeveloper.es\/ca\/wp-json\/wp\/v2\/types\/post"}],"author":[{"embeddable":true,"href":"https:\/\/etecnic.bisiestodeveloper.es\/ca\/wp-json\/wp\/v2\/users\/3"}],"replies":[{"embeddable":true,"href":"https:\/\/etecnic.bisiestodeveloper.es\/ca\/wp-json\/wp\/v2\/comments?post=17471"}],"version-history":[{"count":1,"href":"https:\/\/etecnic.bisiestodeveloper.es\/ca\/wp-json\/wp\/v2\/posts\/17471\/revisions"}],"predecessor-version":[{"id":30359,"href":"https:\/\/etecnic.bisiestodeveloper.es\/ca\/wp-json\/wp\/v2\/posts\/17471\/revisions\/30359"}],"wp:attachment":[{"href":"https:\/\/etecnic.bisiestodeveloper.es\/ca\/wp-json\/wp\/v2\/media?parent=17471"}],"wp:term":[{"taxonomy":"category","embeddable":true,"href":"https:\/\/etecnic.bisiestodeveloper.es\/ca\/wp-json\/wp\/v2\/categories?post=17471"},{"taxonomy":"post_tag","embeddable":true,"href":"https:\/\/etecnic.bisiestodeveloper.es\/ca\/wp-json\/wp\/v2\/tags?post=17471"}],"curies":[{"name":"wp","href":"https:\/\/api.w.org\/{rel}","templated":true}]}}