{"id":16820,"date":"2022-05-06T10:03:14","date_gmt":"2022-05-06T10:03:14","guid":{"rendered":"https:\/\/etecnic.es\/?p=16820"},"modified":"2025-11-05T12:11:26","modified_gmt":"2025-11-05T12:11:26","slug":"l1-de-gener-de-2023-els-aparcaments-dedificis-dus-diferent-al-residencial-privat-hauran-de-comptar-obligatoriament-amb-un-minim-de-punts-de-recarrega","status":"publish","type":"post","link":"https:\/\/etecnic.bisiestodeveloper.es\/ca\/etecnic_cat\/l1-de-gener-de-2023-els-aparcaments-dedificis-dus-diferent-al-residencial-privat-hauran-de-comptar-obligatoriament-amb-un-minim-de-punts-de-recarrega\/","title":{"rendered":"L&#8217;1 de gener de 2023 els aparcaments d&#8217;edificis d&#8217;\u00fas diferent al residencial privat hauran de comptar obligatoriament amb un m\u00ednim de punts de rec\u00e0rrega"},"content":{"rendered":"<h2><em><strong>Abans de l&#8217;1 de Gener de 2023 els edificis existents d&#8217;\u00fas diferent al residencial privat i que comptin amb m\u00e9s de vint places d&#8217;aparcament haur\u00e1n d&#8217;instal\u00b7lar un m\u00ednim de punts de rec\u00e0rrega.<\/strong><\/em><\/h2>\n<p>Les directrius del Real Decret llei 29\/2021 del que ja vam parlar el mes passat en <a href=\"https:\/\/etecnic.bisiestodeveloper.es\/ca\/sin-categoria-ca\/llei-29-2021-que-accelera-la-mobilitat-electrica-aquest-2022\/\">aquesta entrada del blog <\/a>s\u00f3n clares. La acceleraci\u00f3 fins la transici\u00f3 energ\u00e8tica i la mobilitat sostenible \u00e9s una prioritat marcada per la agenda europa i mitjan\u00e7ant aquest Real Decret llei \u00abmitjan\u00e7ant aquest Real Decret- Llei s&#8217;adopten mesures urgents en l&#8217;\u00e0mbit energ\u00e8tic tendents a eliminar les barreres normatives que impideixen o dificulten un desplegament accelerat de la mobilitat el\u00e8ctrica\u00bb.<\/p>\n<h2><strong>Quins s\u00f3n els requisits per la instal\u00b7laci\u00f3 d&#8217;infraestructura de rec\u00e0rrega en aparcaments d&#8217;edificis?<\/strong><\/h2>\n<h5>La llei \u00e9s clara en aquest sentit, i respecte a les dotacions m\u00ednimes de rec\u00e0rrega de vehicles el\u00e8ctrics en aparcaments adscrits a edificis d&#8217;\u00fas diferent al residencial o estacionaments existents no adscrits a edificis, diu el seg\u00fcent en el seu article 4:<\/h5>\n<p><strong>\u201cAbans de l&#8217;1 de Gener de 2023, tots els edificis d&#8217;\u00fas diferent al residencial privat que comptin amb una zona d&#8217;\u00fas aparcament amb m\u00e9s de 20 places , ja sigui en l&#8217;interior o un espai exterior adscrit, aix\u00ed com en els estacionaments existents no adscrits a edificis amb m\u00e9s de vint places, hauran de disposar de les seg\u00fcents dotacions m\u00ednimes d&#8217;infraestructura de rec\u00e0rrega de vehicles el\u00e8ctrics: Residencial privat que comptin amb una zona d&#8217;\u00fas aparcament amb m\u00e9s de vint places, ja sigui en l&#8217;interior o en un espai exterior adscrit, aix\u00ed com en els estacionaments existents no adscrits a edificis amb m\u00e9s de vint places, hauran de disposar de les seg\u00fcents dotaciones m\u00ednimies d&#8217;infraestructura de rec\u00e0rrega de vehicles el\u00e8ctrics:\u00a0<\/strong><\/p>\n<p>Amb car\u00e0cter general, s&#8217;instalar\u00e0 una estaci\u00f3 de rec\u00e0rrega per cada 40 places d&#8217;aparcament o fracci\u00f3, fins 1.000 places, i una estaci\u00f3 de rec\u00e0rrega m\u00e9s per cada 100 places addicionals o fracci\u00f3.<\/p>\n<p>En els edificis que siguin titularitat de l&#8217;Administraci\u00f3 General de l&#8217;Estat o dels organismes p\u00fablics vinculats a ella o dependents de la mateixa, s&#8217;instalar\u00e1 una estaci\u00f3 de rec\u00e0rrega per cada 20 places d&#8217;aparcament o fracci\u00f3, fins 500 places, i una estaci\u00f3 e rec\u00e0rrega m\u00e9s per cada 100 places addicionals o fracci\u00f3.\u00bb<\/p>\n<p>De l&#8217;anterior par\u00e0graf, destaquem que aquests requisits s\u00f3n m\u00e9s exisgents per al cas d&#8217;edifics de titularitat de l&#8217;Administraci\u00f3 General de l&#8217;Estat o dels organismes p\u00fablics vinculats a ella o dependents de la mateixa que per al sector privat, en linea amb el necessari paper exemplaritzant del sector p\u00fablic.<\/p>\n<p>S&#8217;exclou d&#8217;aquestes obligacions als edficis protegits oficialment per ser part d&#8217;un entorn declarat o degut al seu particular valor arquitect\u00f2nic o hist\u00f2ric.<\/p>\n<h2><strong>Bonificacions fiscals<\/strong><\/h2>\n<p>Per eliminar traves burocr\u00e0tiques i incentivar la instal\u00b7laci\u00f3 de punts de rec\u00e0rrega es preveuen bonificacions en l&#8217;\u00e0mbit fiscal dels tributs locals, amb la possibilitat de que les ordenances fiscals puguin regular fins un 50% de la quota integra del impost\u00a0 a favor dels b\u00e9ns inmobles. Es preveu aquest mateix percentatge en la quota corresponent sobre activitats econ\u00f2miques per subjectes passius que tributin per quota municipal i que hagin instal\u00b7lat punts de rec\u00e0rrega per vehicles el\u00e8ctrics en els locals afectats a l&#8217;activitat econ\u00f2mica, i una bonificaci\u00f3 de fins al 90% en les construccions, instal\u00b7lacions o obres necessaries per la instal\u00b7laci\u00f3 de punts de rec\u00e0rrega per vehicles el\u00e8ctrics.<\/p>\n<h2><strong>MOVES 3: Ajudes i subvencions<\/strong><\/h2>\n<p>El <a href=\"https:\/\/etecnic.bisiestodeveloper.es\/ca\/noticies\/pla-moves-2021\/\">Plan MOVES 3<\/a> o MOVES 2021 \u00e9s un programa d&#8217;ajudes p\u00fabliques vigent en el que es pot recolzar qualsevol empresa o administraci\u00f3 que tingui pensat invertir en la instal\u00b7laci\u00f3 de punts de rec\u00e0rrega per vehicles el\u00e8ctrics i d&#8217;aquesta forma complir amb els requisits que marca la llei.<\/p>\n<p>En aquest article sobre el MOVES III comptem m\u00e9s detalls sobre els fons i les partides subvencionals que van des d&#8217;un 30% fins a un 60% depenent de diferents variables.<\/p>\n<h2><strong>Etecnic ofereix solucions de mobilitat el\u00e8ctrica 360<\/strong><\/h2>\n<p>Etecnic compta amb una llarga experi\u00e8ncia en el sector de la mobilitat el\u00e8ctrica. Hem assessorat, treballat i desenvolupat m\u00faltiples projectes 360\u00ba que ofereixen models de negoci escalables i soluciones claus en m\u00e0; ja sigui per empreses privades com p\u00fabliques que compten amb aparcaments col\u00b7lectius. Complim estrictament amb les normes i la legalitat vigent i facilitem tots els tr\u00e0mits per la sol\u00b7licitud d&#8217;ajudes i l&#8217;agilitat en la execuci\u00f3 dels projectes.<\/p>\n<p>A m\u00e9s, comptem amb un software especialitzat, EVcharge \u00e9s una plataforma dissenyada espec\u00edficament per la gesti\u00f3 tant dels punts de rec\u00e0rrega com del control de la efici\u00e8ncia energ\u00e8tica, incorporant una app per als seus usuaris.<\/p>\n<p>Recorda, 1 de Gener de 2023 \u00e9s la data l\u00edmit d&#8217;obligat compliment de la norma. \u00bfT&#8217;ajudem?<\/p>\n","protected":false},"excerpt":{"rendered":"<p>Abans de l&#8217;1 de Gener de 2023 els edificis existents d&#8217;\u00fas diferent al residencial privat i que comptin amb m\u00e9s de vint places d&#8217;aparcament haur\u00e1n d&#8217;instal\u00b7lar un m\u00ednim de punts de rec\u00e0rrega. Les directrius del Real Decret llei 29\/2021 del que ja vam parlar el mes passat en aquesta entrada del blog s\u00f3n clares. La [&hellip;]<\/p>\n","protected":false},"author":3,"featured_media":14197,"comment_status":"closed","ping_status":"closed","sticky":false,"template":"","format":"standard","meta":{"footnotes":""},"categories":[1],"tags":[155,162,442],"class_list":["post-16820","post","type-post","status-publish","format-standard","has-post-thumbnail","hentry","category-etecnic","tag-ayudas-ca","tag-descarbonizacion-de-flotas-ca","tag-movilidad-electrica-ca"],"yoast_head":"<!-- This site is optimized with the Yoast SEO plugin v26.5 - https:\/\/yoast.com\/wordpress\/plugins\/seo\/ -->\n<title>Punts de rec\u00e0rrega per edificis d&#039;\u00fas diferent al residencial privat.<\/title>\n<meta name=\"description\" content=\"Abans de l&#039;1 de gener de 2023 els edificis d&#039;\u00fas diferent al residencial privat i que comptin amb m\u00e9s de vint places d&#039;aparcament hauran d&#039;instal\u00b7lar un m\u00ednim de punts de rec\u00e0rrega.\" \/>\n<meta name=\"robots\" content=\"noindex, follow, max-snippet:-1, max-image-preview:large, max-video-preview:-1\" \/>\n<meta property=\"og:locale\" content=\"ca_ES\" \/>\n<meta property=\"og:type\" content=\"article\" \/>\n<meta property=\"og:title\" content=\"Punts de rec\u00e0rrega per edificis d&#039;\u00fas diferent al residencial privat.\" \/>\n<meta property=\"og:description\" content=\"Abans de l&#039;1 de gener de 2023 els edificis d&#039;\u00fas diferent al residencial privat i que comptin amb m\u00e9s de vint places d&#039;aparcament hauran d&#039;instal\u00b7lar un m\u00ednim de punts de rec\u00e0rrega.\" \/>\n<meta property=\"og:url\" content=\"https:\/\/etecnic.bisiestodeveloper.es\/ca\/etecnic_cat\/l1-de-gener-de-2023-els-aparcaments-dedificis-dus-diferent-al-residencial-privat-hauran-de-comptar-obligatoriament-amb-un-minim-de-punts-de-recarrega\/\" \/>\n<meta property=\"og:site_name\" content=\"Etecnic\" \/>\n<meta property=\"article:published_time\" content=\"2022-05-06T10:03:14+00:00\" \/>\n<meta property=\"article:modified_time\" content=\"2025-11-05T12:11:26+00:00\" \/>\n<meta property=\"og:image\" content=\"https:\/\/etecnic.bisiestodeveloper.es\/wp-content\/uploads\/2021\/11\/FORUMSA-1.jpg\" \/>\n\t<meta property=\"og:image:width\" content=\"2048\" \/>\n\t<meta property=\"og:image:height\" content=\"1366\" \/>\n\t<meta property=\"og:image:type\" content=\"image\/jpeg\" \/>\n<meta name=\"author\" content=\"etecnic\" \/>\n<meta name=\"twitter:card\" content=\"summary_large_image\" \/>\n<meta name=\"twitter:label1\" content=\"Escrit per\" \/>\n\t<meta name=\"twitter:data1\" content=\"etecnic\" \/>\n\t<meta name=\"twitter:label2\" content=\"Temps estimat de lectura\" \/>\n\t<meta name=\"twitter:data2\" content=\"13 minuts\" \/>\n<script type=\"application\/ld+json\" class=\"yoast-schema-graph\">{\"@context\":\"https:\/\/schema.org\",\"@graph\":[{\"@type\":\"Article\",\"@id\":\"https:\/\/etecnic.bisiestodeveloper.es\/ca\/etecnic_cat\/l1-de-gener-de-2023-els-aparcaments-dedificis-dus-diferent-al-residencial-privat-hauran-de-comptar-obligatoriament-amb-un-minim-de-punts-de-recarrega\/#article\",\"isPartOf\":{\"@id\":\"https:\/\/etecnic.bisiestodeveloper.es\/ca\/etecnic_cat\/l1-de-gener-de-2023-els-aparcaments-dedificis-dus-diferent-al-residencial-privat-hauran-de-comptar-obligatoriament-amb-un-minim-de-punts-de-recarrega\/\"},\"author\":{\"name\":\"etecnic\",\"@id\":\"https:\/\/etecnic.bisiestodeveloper.es\/ca\/#\/schema\/person\/dd1bd24ce2934073e648829317e35ba7\"},\"headline\":\"L&#8217;1 de gener de 2023 els aparcaments d&#8217;edificis d&#8217;\u00fas diferent al residencial privat hauran de comptar obligatoriament amb un m\u00ednim de punts de rec\u00e0rrega\",\"datePublished\":\"2022-05-06T10:03:14+00:00\",\"dateModified\":\"2025-11-05T12:11:26+00:00\",\"mainEntityOfPage\":{\"@id\":\"https:\/\/etecnic.bisiestodeveloper.es\/ca\/etecnic_cat\/l1-de-gener-de-2023-els-aparcaments-dedificis-dus-diferent-al-residencial-privat-hauran-de-comptar-obligatoriament-amb-un-minim-de-punts-de-recarrega\/\"},\"wordCount\":868,\"publisher\":{\"@id\":\"https:\/\/etecnic.bisiestodeveloper.es\/ca\/#organization\"},\"image\":{\"@id\":\"https:\/\/etecnic.bisiestodeveloper.es\/ca\/etecnic_cat\/l1-de-gener-de-2023-els-aparcaments-dedificis-dus-diferent-al-residencial-privat-hauran-de-comptar-obligatoriament-amb-un-minim-de-punts-de-recarrega\/#primaryimage\"},\"thumbnailUrl\":\"https:\/\/etecnic.bisiestodeveloper.es\/wp-content\/uploads\/2021\/11\/FORUMSA-1.jpg\",\"keywords\":[\"ayudas\",\"Descarbonizaci\u00f3n de flotas\",\"Movilidad el\u00e9ctrica\"],\"articleSection\":[\"Etecnic\"],\"inLanguage\":\"ca\"},{\"@type\":\"WebPage\",\"@id\":\"https:\/\/etecnic.bisiestodeveloper.es\/ca\/etecnic_cat\/l1-de-gener-de-2023-els-aparcaments-dedificis-dus-diferent-al-residencial-privat-hauran-de-comptar-obligatoriament-amb-un-minim-de-punts-de-recarrega\/\",\"url\":\"https:\/\/etecnic.bisiestodeveloper.es\/ca\/etecnic_cat\/l1-de-gener-de-2023-els-aparcaments-dedificis-dus-diferent-al-residencial-privat-hauran-de-comptar-obligatoriament-amb-un-minim-de-punts-de-recarrega\/\",\"name\":\"Punts de rec\u00e0rrega per edificis d'\u00fas diferent al residencial privat.\",\"isPartOf\":{\"@id\":\"https:\/\/etecnic.bisiestodeveloper.es\/ca\/#website\"},\"primaryImageOfPage\":{\"@id\":\"https:\/\/etecnic.bisiestodeveloper.es\/ca\/etecnic_cat\/l1-de-gener-de-2023-els-aparcaments-dedificis-dus-diferent-al-residencial-privat-hauran-de-comptar-obligatoriament-amb-un-minim-de-punts-de-recarrega\/#primaryimage\"},\"image\":{\"@id\":\"https:\/\/etecnic.bisiestodeveloper.es\/ca\/etecnic_cat\/l1-de-gener-de-2023-els-aparcaments-dedificis-dus-diferent-al-residencial-privat-hauran-de-comptar-obligatoriament-amb-un-minim-de-punts-de-recarrega\/#primaryimage\"},\"thumbnailUrl\":\"https:\/\/etecnic.bisiestodeveloper.es\/wp-content\/uploads\/2021\/11\/FORUMSA-1.jpg\",\"datePublished\":\"2022-05-06T10:03:14+00:00\",\"dateModified\":\"2025-11-05T12:11:26+00:00\",\"description\":\"Abans de l'1 de gener de 2023 els edificis d'\u00fas diferent al residencial privat i que comptin amb m\u00e9s de vint places d'aparcament hauran d'instal\u00b7lar un m\u00ednim de punts de rec\u00e0rrega.\",\"breadcrumb\":{\"@id\":\"https:\/\/etecnic.bisiestodeveloper.es\/ca\/etecnic_cat\/l1-de-gener-de-2023-els-aparcaments-dedificis-dus-diferent-al-residencial-privat-hauran-de-comptar-obligatoriament-amb-un-minim-de-punts-de-recarrega\/#breadcrumb\"},\"inLanguage\":\"ca\",\"potentialAction\":[{\"@type\":\"ReadAction\",\"target\":[\"https:\/\/etecnic.bisiestodeveloper.es\/ca\/etecnic_cat\/l1-de-gener-de-2023-els-aparcaments-dedificis-dus-diferent-al-residencial-privat-hauran-de-comptar-obligatoriament-amb-un-minim-de-punts-de-recarrega\/\"]}]},{\"@type\":\"ImageObject\",\"inLanguage\":\"ca\",\"@id\":\"https:\/\/etecnic.bisiestodeveloper.es\/ca\/etecnic_cat\/l1-de-gener-de-2023-els-aparcaments-dedificis-dus-diferent-al-residencial-privat-hauran-de-comptar-obligatoriament-amb-un-minim-de-punts-de-recarrega\/#primaryimage\",\"url\":\"https:\/\/etecnic.bisiestodeveloper.es\/wp-content\/uploads\/2021\/11\/FORUMSA-1.jpg\",\"contentUrl\":\"https:\/\/etecnic.bisiestodeveloper.es\/wp-content\/uploads\/2021\/11\/FORUMSA-1.jpg\",\"width\":2048,\"height\":1366},{\"@type\":\"BreadcrumbList\",\"@id\":\"https:\/\/etecnic.bisiestodeveloper.es\/ca\/etecnic_cat\/l1-de-gener-de-2023-els-aparcaments-dedificis-dus-diferent-al-residencial-privat-hauran-de-comptar-obligatoriament-amb-un-minim-de-punts-de-recarrega\/#breadcrumb\",\"itemListElement\":[{\"@type\":\"ListItem\",\"position\":1,\"name\":\"Portada\",\"item\":\"https:\/\/etecnic.bisiestodeveloper.es\/ca\/\"},{\"@type\":\"ListItem\",\"position\":2,\"name\":\"L&#8217;1 de gener de 2023 els aparcaments d&#8217;edificis d&#8217;\u00fas diferent al residencial privat hauran de comptar obligatoriament amb un m\u00ednim de punts de rec\u00e0rrega\"}]},{\"@type\":\"WebSite\",\"@id\":\"https:\/\/etecnic.bisiestodeveloper.es\/ca\/#website\",\"url\":\"https:\/\/etecnic.bisiestodeveloper.es\/ca\/\",\"name\":\"Etecnic\",\"description\":\"\",\"publisher\":{\"@id\":\"https:\/\/etecnic.bisiestodeveloper.es\/ca\/#organization\"},\"potentialAction\":[{\"@type\":\"SearchAction\",\"target\":{\"@type\":\"EntryPoint\",\"urlTemplate\":\"https:\/\/etecnic.bisiestodeveloper.es\/ca\/?s={search_term_string}\"},\"query-input\":{\"@type\":\"PropertyValueSpecification\",\"valueRequired\":true,\"valueName\":\"search_term_string\"}}],\"inLanguage\":\"ca\"},{\"@type\":\"Organization\",\"@id\":\"https:\/\/etecnic.bisiestodeveloper.es\/ca\/#organization\",\"name\":\"Etecnic\",\"url\":\"https:\/\/etecnic.bisiestodeveloper.es\/ca\/\",\"logo\":{\"@type\":\"ImageObject\",\"inLanguage\":\"ca\",\"@id\":\"https:\/\/etecnic.bisiestodeveloper.es\/ca\/#\/schema\/logo\/image\/\",\"url\":\"https:\/\/etecnic.bisiestodeveloper.es\/wp-content\/uploads\/2025\/06\/logo-etecnic-blanco.png\",\"contentUrl\":\"https:\/\/etecnic.bisiestodeveloper.es\/wp-content\/uploads\/2025\/06\/logo-etecnic-blanco.png\",\"width\":1000,\"height\":500,\"caption\":\"Etecnic\"},\"image\":{\"@id\":\"https:\/\/etecnic.bisiestodeveloper.es\/ca\/#\/schema\/logo\/image\/\"}},{\"@type\":\"Person\",\"@id\":\"https:\/\/etecnic.bisiestodeveloper.es\/ca\/#\/schema\/person\/dd1bd24ce2934073e648829317e35ba7\",\"name\":\"etecnic\",\"url\":\"https:\/\/etecnic.bisiestodeveloper.es\/ca\/author\/etecnic\/\"}]}<\/script>\n<!-- \/ Yoast SEO plugin. -->","yoast_head_json":{"title":"Punts de rec\u00e0rrega per edificis d'\u00fas diferent al residencial privat.","description":"Abans de l'1 de gener de 2023 els edificis d'\u00fas diferent al residencial privat i que comptin amb m\u00e9s de vint places d'aparcament hauran d'instal\u00b7lar un m\u00ednim de punts de rec\u00e0rrega.","robots":{"index":"noindex","follow":"follow","max-snippet":"max-snippet:-1","max-image-preview":"max-image-preview:large","max-video-preview":"max-video-preview:-1"},"og_locale":"ca_ES","og_type":"article","og_title":"Punts de rec\u00e0rrega per edificis d'\u00fas diferent al residencial privat.","og_description":"Abans de l'1 de gener de 2023 els edificis d'\u00fas diferent al residencial privat i que comptin amb m\u00e9s de vint places d'aparcament hauran d'instal\u00b7lar un m\u00ednim de punts de rec\u00e0rrega.","og_url":"https:\/\/etecnic.bisiestodeveloper.es\/ca\/etecnic_cat\/l1-de-gener-de-2023-els-aparcaments-dedificis-dus-diferent-al-residencial-privat-hauran-de-comptar-obligatoriament-amb-un-minim-de-punts-de-recarrega\/","og_site_name":"Etecnic","article_published_time":"2022-05-06T10:03:14+00:00","article_modified_time":"2025-11-05T12:11:26+00:00","og_image":[{"width":2048,"height":1366,"url":"https:\/\/etecnic.bisiestodeveloper.es\/wp-content\/uploads\/2021\/11\/FORUMSA-1.jpg","type":"image\/jpeg"}],"author":"etecnic","twitter_card":"summary_large_image","twitter_misc":{"Escrit per":"etecnic","Temps estimat de lectura":"13 minuts"},"schema":{"@context":"https:\/\/schema.org","@graph":[{"@type":"Article","@id":"https:\/\/etecnic.bisiestodeveloper.es\/ca\/etecnic_cat\/l1-de-gener-de-2023-els-aparcaments-dedificis-dus-diferent-al-residencial-privat-hauran-de-comptar-obligatoriament-amb-un-minim-de-punts-de-recarrega\/#article","isPartOf":{"@id":"https:\/\/etecnic.bisiestodeveloper.es\/ca\/etecnic_cat\/l1-de-gener-de-2023-els-aparcaments-dedificis-dus-diferent-al-residencial-privat-hauran-de-comptar-obligatoriament-amb-un-minim-de-punts-de-recarrega\/"},"author":{"name":"etecnic","@id":"https:\/\/etecnic.bisiestodeveloper.es\/ca\/#\/schema\/person\/dd1bd24ce2934073e648829317e35ba7"},"headline":"L&#8217;1 de gener de 2023 els aparcaments d&#8217;edificis d&#8217;\u00fas diferent al residencial privat hauran de comptar obligatoriament amb un m\u00ednim de punts de rec\u00e0rrega","datePublished":"2022-05-06T10:03:14+00:00","dateModified":"2025-11-05T12:11:26+00:00","mainEntityOfPage":{"@id":"https:\/\/etecnic.bisiestodeveloper.es\/ca\/etecnic_cat\/l1-de-gener-de-2023-els-aparcaments-dedificis-dus-diferent-al-residencial-privat-hauran-de-comptar-obligatoriament-amb-un-minim-de-punts-de-recarrega\/"},"wordCount":868,"publisher":{"@id":"https:\/\/etecnic.bisiestodeveloper.es\/ca\/#organization"},"image":{"@id":"https:\/\/etecnic.bisiestodeveloper.es\/ca\/etecnic_cat\/l1-de-gener-de-2023-els-aparcaments-dedificis-dus-diferent-al-residencial-privat-hauran-de-comptar-obligatoriament-amb-un-minim-de-punts-de-recarrega\/#primaryimage"},"thumbnailUrl":"https:\/\/etecnic.bisiestodeveloper.es\/wp-content\/uploads\/2021\/11\/FORUMSA-1.jpg","keywords":["ayudas","Descarbonizaci\u00f3n de flotas","Movilidad el\u00e9ctrica"],"articleSection":["Etecnic"],"inLanguage":"ca"},{"@type":"WebPage","@id":"https:\/\/etecnic.bisiestodeveloper.es\/ca\/etecnic_cat\/l1-de-gener-de-2023-els-aparcaments-dedificis-dus-diferent-al-residencial-privat-hauran-de-comptar-obligatoriament-amb-un-minim-de-punts-de-recarrega\/","url":"https:\/\/etecnic.bisiestodeveloper.es\/ca\/etecnic_cat\/l1-de-gener-de-2023-els-aparcaments-dedificis-dus-diferent-al-residencial-privat-hauran-de-comptar-obligatoriament-amb-un-minim-de-punts-de-recarrega\/","name":"Punts de rec\u00e0rrega per edificis d'\u00fas diferent al residencial privat.","isPartOf":{"@id":"https:\/\/etecnic.bisiestodeveloper.es\/ca\/#website"},"primaryImageOfPage":{"@id":"https:\/\/etecnic.bisiestodeveloper.es\/ca\/etecnic_cat\/l1-de-gener-de-2023-els-aparcaments-dedificis-dus-diferent-al-residencial-privat-hauran-de-comptar-obligatoriament-amb-un-minim-de-punts-de-recarrega\/#primaryimage"},"image":{"@id":"https:\/\/etecnic.bisiestodeveloper.es\/ca\/etecnic_cat\/l1-de-gener-de-2023-els-aparcaments-dedificis-dus-diferent-al-residencial-privat-hauran-de-comptar-obligatoriament-amb-un-minim-de-punts-de-recarrega\/#primaryimage"},"thumbnailUrl":"https:\/\/etecnic.bisiestodeveloper.es\/wp-content\/uploads\/2021\/11\/FORUMSA-1.jpg","datePublished":"2022-05-06T10:03:14+00:00","dateModified":"2025-11-05T12:11:26+00:00","description":"Abans de l'1 de gener de 2023 els edificis d'\u00fas diferent al residencial privat i que comptin amb m\u00e9s de vint places d'aparcament hauran d'instal\u00b7lar un m\u00ednim de punts de rec\u00e0rrega.","breadcrumb":{"@id":"https:\/\/etecnic.bisiestodeveloper.es\/ca\/etecnic_cat\/l1-de-gener-de-2023-els-aparcaments-dedificis-dus-diferent-al-residencial-privat-hauran-de-comptar-obligatoriament-amb-un-minim-de-punts-de-recarrega\/#breadcrumb"},"inLanguage":"ca","potentialAction":[{"@type":"ReadAction","target":["https:\/\/etecnic.bisiestodeveloper.es\/ca\/etecnic_cat\/l1-de-gener-de-2023-els-aparcaments-dedificis-dus-diferent-al-residencial-privat-hauran-de-comptar-obligatoriament-amb-un-minim-de-punts-de-recarrega\/"]}]},{"@type":"ImageObject","inLanguage":"ca","@id":"https:\/\/etecnic.bisiestodeveloper.es\/ca\/etecnic_cat\/l1-de-gener-de-2023-els-aparcaments-dedificis-dus-diferent-al-residencial-privat-hauran-de-comptar-obligatoriament-amb-un-minim-de-punts-de-recarrega\/#primaryimage","url":"https:\/\/etecnic.bisiestodeveloper.es\/wp-content\/uploads\/2021\/11\/FORUMSA-1.jpg","contentUrl":"https:\/\/etecnic.bisiestodeveloper.es\/wp-content\/uploads\/2021\/11\/FORUMSA-1.jpg","width":2048,"height":1366},{"@type":"BreadcrumbList","@id":"https:\/\/etecnic.bisiestodeveloper.es\/ca\/etecnic_cat\/l1-de-gener-de-2023-els-aparcaments-dedificis-dus-diferent-al-residencial-privat-hauran-de-comptar-obligatoriament-amb-un-minim-de-punts-de-recarrega\/#breadcrumb","itemListElement":[{"@type":"ListItem","position":1,"name":"Portada","item":"https:\/\/etecnic.bisiestodeveloper.es\/ca\/"},{"@type":"ListItem","position":2,"name":"L&#8217;1 de gener de 2023 els aparcaments d&#8217;edificis d&#8217;\u00fas diferent al residencial privat hauran de comptar obligatoriament amb un m\u00ednim de punts de rec\u00e0rrega"}]},{"@type":"WebSite","@id":"https:\/\/etecnic.bisiestodeveloper.es\/ca\/#website","url":"https:\/\/etecnic.bisiestodeveloper.es\/ca\/","name":"Etecnic","description":"","publisher":{"@id":"https:\/\/etecnic.bisiestodeveloper.es\/ca\/#organization"},"potentialAction":[{"@type":"SearchAction","target":{"@type":"EntryPoint","urlTemplate":"https:\/\/etecnic.bisiestodeveloper.es\/ca\/?s={search_term_string}"},"query-input":{"@type":"PropertyValueSpecification","valueRequired":true,"valueName":"search_term_string"}}],"inLanguage":"ca"},{"@type":"Organization","@id":"https:\/\/etecnic.bisiestodeveloper.es\/ca\/#organization","name":"Etecnic","url":"https:\/\/etecnic.bisiestodeveloper.es\/ca\/","logo":{"@type":"ImageObject","inLanguage":"ca","@id":"https:\/\/etecnic.bisiestodeveloper.es\/ca\/#\/schema\/logo\/image\/","url":"https:\/\/etecnic.bisiestodeveloper.es\/wp-content\/uploads\/2025\/06\/logo-etecnic-blanco.png","contentUrl":"https:\/\/etecnic.bisiestodeveloper.es\/wp-content\/uploads\/2025\/06\/logo-etecnic-blanco.png","width":1000,"height":500,"caption":"Etecnic"},"image":{"@id":"https:\/\/etecnic.bisiestodeveloper.es\/ca\/#\/schema\/logo\/image\/"}},{"@type":"Person","@id":"https:\/\/etecnic.bisiestodeveloper.es\/ca\/#\/schema\/person\/dd1bd24ce2934073e648829317e35ba7","name":"etecnic","url":"https:\/\/etecnic.bisiestodeveloper.es\/ca\/author\/etecnic\/"}]}},"_links":{"self":[{"href":"https:\/\/etecnic.bisiestodeveloper.es\/ca\/wp-json\/wp\/v2\/posts\/16820","targetHints":{"allow":["GET"]}}],"collection":[{"href":"https:\/\/etecnic.bisiestodeveloper.es\/ca\/wp-json\/wp\/v2\/posts"}],"about":[{"href":"https:\/\/etecnic.bisiestodeveloper.es\/ca\/wp-json\/wp\/v2\/types\/post"}],"author":[{"embeddable":true,"href":"https:\/\/etecnic.bisiestodeveloper.es\/ca\/wp-json\/wp\/v2\/users\/3"}],"replies":[{"embeddable":true,"href":"https:\/\/etecnic.bisiestodeveloper.es\/ca\/wp-json\/wp\/v2\/comments?post=16820"}],"version-history":[{"count":1,"href":"https:\/\/etecnic.bisiestodeveloper.es\/ca\/wp-json\/wp\/v2\/posts\/16820\/revisions"}],"predecessor-version":[{"id":30377,"href":"https:\/\/etecnic.bisiestodeveloper.es\/ca\/wp-json\/wp\/v2\/posts\/16820\/revisions\/30377"}],"wp:featuredmedia":[{"embeddable":true,"href":"https:\/\/etecnic.bisiestodeveloper.es\/ca\/wp-json\/wp\/v2\/media\/14197"}],"wp:attachment":[{"href":"https:\/\/etecnic.bisiestodeveloper.es\/ca\/wp-json\/wp\/v2\/media?parent=16820"}],"wp:term":[{"taxonomy":"category","embeddable":true,"href":"https:\/\/etecnic.bisiestodeveloper.es\/ca\/wp-json\/wp\/v2\/categories?post=16820"},{"taxonomy":"post_tag","embeddable":true,"href":"https:\/\/etecnic.bisiestodeveloper.es\/ca\/wp-json\/wp\/v2\/tags?post=16820"}],"curies":[{"name":"wp","href":"https:\/\/api.w.org\/{rel}","templated":true}]}}