{"id":15628,"date":"2022-03-04T11:38:01","date_gmt":"2022-03-04T11:38:01","guid":{"rendered":"https:\/\/etecnic.es\/ca\/?p=15628"},"modified":"2025-11-05T12:11:18","modified_gmt":"2025-11-05T12:11:18","slug":"llei-29-2021-que-accelera-la-mobilitat-electrica-aquest-2022","status":"publish","type":"post","link":"https:\/\/etecnic.bisiestodeveloper.es\/ca\/etecnic_cat\/llei-29-2021-que-accelera-la-mobilitat-electrica-aquest-2022\/","title":{"rendered":"La Llei 29\/2021 que accelera la mobilitat el\u00e8ctrica aquest 2022"},"content":{"rendered":"<p><strong>El reial decret Llei 29\/2021 marcar\u00e0 un abans i un despr\u00e9s. S&#8217;adopten mesures urgents a l&#8217;\u00e0mbit energ\u00e8tic per a la transici\u00f3 cap a la mobilitat el\u00e8ctrica. El temps corre. 2022 \u00e9s l&#8217;any de la seva execuci\u00f3. 2023, la data l\u00edmit<\/strong><\/p>\n<p>La transici\u00f3 energ\u00e8tica, la descarbonitzaci\u00f3 i el salt disruptiu cap a la mobilitat el\u00e8ctrica no avancen a Espanya a la velocitat que indiquen les directrius europees. \u00c9s per aix\u00f2 que el Govern d&#8217;Espanya va anunciar el <a href=\"https:\/\/www.boe.es\/diario_boe\/txt.php?id=BOE-A-2021-21096\">Reial Decret Llei 29\/2021<\/a> el desembre passat per agilitzar i accelerar aquest canvi.<\/p>\n<p>Tal com indica el pre\u00e0mbul, <strong>\u201cmitjan\u00e7ant aquest Reial Decret Llei s&#8217;adopten mesures urgents en l&#8217;\u00e0mbit energ\u00e8tic disposades a eliminar les barreres normatives que impedeixen o dificulten un desplegament accelerat de la mobilitat el\u00e8ctrica, <\/strong>l&#8217;autoconsum o les energies renovables innovadores\u201d que ha de permetre els objectius fixats en el marc estrat\u00e8gic d&#8217;energia i clima, aix\u00ed com permetre l&#8217;execuci\u00f3 efica\u00e7 dels fons PRTR.<\/p>\n<p>A Etecnic realitzem en aquesta entrada un resum dels aspectes m\u00e9s importants que cal tenir en compte d&#8217;aquesta llei en mat\u00e8ria de mobilitat el\u00e8ctrica i instal\u00b7laci\u00f3 d&#8217;infraestructura de rec\u00e0rrega amb <strong>bonificacions i reduccions de tipus fiscal. Ampliarem la informaci\u00f3 en articles concrets per a cada cas.<\/strong><\/p>\n<p><strong>La mobilitat el\u00e8ctrica, una prioritat<\/strong><\/p>\n<p>La clau la trobem als <strong><a href=\"https:\/\/nexteugeneration.com\/\">fons europeus Next Generation EU<\/a><\/strong>, que en el cas d&#8217;Espanya es troben englobats dins del <a href=\"https:\/\/planderecuperacion.gob.es\/\"><strong>Pla de Recuperaci\u00f3, Transformaci\u00f3 i Resili\u00e8ncia (PRTR)<\/strong><\/a>.<\/p>\n<p>En mat\u00e8ria de mobilitat el\u00e8ctrica, l&#8217;eix \u00e9s el <a href=\"https:\/\/planderecuperacion.gob.es\/preguntas\/que-son-los-perte\"><strong>Pla Estrat\u00e8gic per a la Recuperaci\u00f3 i Transformaci\u00f3 Econ\u00f2mica (PERTE)<\/strong><\/a> per al desenvolupament del vehicle el\u00e8ctric i connectat. \u201cDit PERTE, aprovat en Consell de Ministres el 13 de juliol de 2021 i que preveu una <strong>inversi\u00f3 total de m\u00e9s de 24.000 milions d&#8217;euros en el per\u00edode 2021-2023<\/strong>, amb una contribuci\u00f3 del sector p\u00fablic de 4.300 milions d&#8217;euros i una inversi\u00f3 privada de 19.700 milions d&#8217;euros\u201d <strong>justifica l&#8217;extraordin\u00e0ria i urgent<\/strong> necessitat d&#8217;abordar totes aquelles reformes normatives que permetin millorar o facilitar un dels elements clau associats a aquesta transformaci\u00f3, com \u00e9s el <strong>desplegament necessari d&#8217;una infraestructura de punts de rec\u00e0rrega d&#8217;acord amb les previsions de penetraci\u00f3 del vehicle el\u00e8ctric.<\/strong><\/p>\n<p><img decoding=\"async\" src=\"https:\/\/etecnic.es\/wp-content\/uploads\/2022\/03\/Plan_Recuperacion_Resilencia.png\" alt=\"\" loading=\"lazy\" \/><\/p>\n<p><strong>Punts de rec\u00e0rrega en estacions de servei o benzineres: obligacions i bonificacions<\/strong><\/p>\n<p>La llei estableix que les instal\u00b7lacions de subministrament de combustibles i carburants a vehicles, dels quals el volum anual agregat de vendes de gasolina i gasoil al 2019 sigui superior o igual a 10 milions de litres: instal\u00b7laran almenys una infraestructura de rec\u00e0rrega el\u00e8ctrica de pot\u00e8ncia igual o superior a 150 kW en corrent continu, que <strong>haur\u00e0 de prestar servei en un termini de catorze mesos a partir de l&#8217;entrada en vigor d&#8217;aquest Reial decret llei. \u00c9s a dir, a principis de 2023.<\/strong><\/p>\n<p>Les instal\u00b7lacions de subministrament de combustibles i carburants a vehicles el volum anual agregat, dels quals de vendes de gasolina i gasoil al 2019 sigui superior o igual a 5 milions de litres i menor a 10 milions de litres: instal\u00b7laran almenys una infraestructura de rec\u00e0rrega el\u00e8ctrica de pot\u00e8ncia igual o superior a 50 kW en corrent continu, <strong>que haur\u00e0 de prestar servei en un termini de vint mesos a partir de l&#8217;entrada en vigor d&#8217;aquest Reial decret llei<\/strong>. \u00c9s a dir, a meitats del 2023.<\/p>\n<p>Amb l&#8217;objectiu de reduir les c\u00e0rregues i barreres administratives per al desplegament de la infraestructura de rec\u00e0rrega, les administracions p\u00fabliques competents no podran exigir l&#8217;obtenci\u00f3 de llic\u00e8ncia o autoritzaci\u00f3 pr\u00e8via d&#8217;obres, instal\u00b7lacions, de funcionament o d&#8217;activitat, de car\u00e0cter mediambiental ni altres de classe similar o an\u00e0logues, que seran substitu\u00efdes per declaracions responsables.<\/p>\n<p><img decoding=\"async\" src=\"https:\/\/etecnic.bisiestodeveloper.es\/wp-content\/uploads\/2021\/04\/ESMIDES-1.jpeg\" alt=\"\" loading=\"lazy\" \/><\/p>\n<p><strong>Punts de rec\u00e0rrega a edificis d&#8217;\u00fas diferent del residencial privat: obligacions i bonificacions<\/strong><\/p>\n<p><strong>Abans de l&#8217;1 de gener de 2023, els aparcaments que disposin de m\u00e9s de 20 places hauran de comptar amb dotacions m\u00ednimes d&#8217;infraestructura de rec\u00e0rrega proporcionals al nombre total de places d&#8217;aparcament.<\/strong> \u00abEls requisits seran m\u00e9s exigents per al cas d&#8217;edificis de titularitat de l&#8217;Administraci\u00f3 General de l&#8217;Estat o dels organismes p\u00fablics que hi estiguin vinculats o que en depenen, en l\u00ednia amb el necessari paper exemplaritzant del sector p\u00fablic\u00bb.<\/p>\n<p>Per aix\u00f2, es preveuen bonificacions a l&#8217;\u00e0mbit fiscal dels tributs locals, amb la possibilitat que les ordenances fiscals puguin regular fins a un 50% de la quota \u00edntegra de l&#8217;impost a favor dels b\u00e9ns immobles. Es preveu aquest mateix percentatge a la quota corresponent sobre activitats econ\u00f2miques per a subjectes passius que tributin per quota municipal i que hagin instal\u00b7lat punts de rec\u00e0rrega per a vehicles el\u00e8ctrics als locals afectats a l&#8217;activitat econ\u00f2mica, i una bonificaci\u00f3 de fins al 90% a les construccions , instal\u00b7lacions o obres necess\u00e0ries per a la instal\u00b7laci\u00f3 de punts de rec\u00e0rrega per a vehicles el\u00e8ctrics.<\/p>\n<p><img decoding=\"async\" src=\"https:\/\/etecnic.es\/wp-content\/uploads\/2021\/12\/garaje-comunitario.jpg\" alt=\"\" loading=\"lazy\" \/><\/p>\n<p><strong>Ajuts per a la instal\u00b7laci\u00f3 de punts de rec\u00e0rrega<\/strong><\/p>\n<p>A m\u00e9s del salt important que preveu aquest Reial decret llei 29\/2021 on s&#8217;eliminen traves administratives i es bonifica fiscalment aquelles empreses o organismes que apostin per la instal\u00b7laci\u00f3 d&#8217;infraestructura de rec\u00e0rrega, hi ha <strong>diferents l\u00ednies d&#8217;ajuda p\u00fabliques per sufragar la instal\u00b7laci\u00f3 d&#8217;infraestructura de rec\u00e0rrega per a vehicles el\u00e8ctrics.<\/strong><\/p>\n<p><strong>Etecnic ofereix solucions de mobilitat el\u00e8ctrica 360 per a estacions de servei i empreses<\/strong><\/p>\n<p><strong>Etecnic<\/strong> compta amb una llarga experi\u00e8ncia al sector de la mobilitat el\u00e8ctrica. Hem assessorat, treballat i desenvolupat <a href=\"https:\/\/etecnic.es\/movilidad-sostenible\/\"><strong>m\u00faltiples projectes 360 \u00ba<\/strong><\/a> que <strong>ofereixen models de negoci escalables i solucions claus en m\u00e0<\/strong>; ja sigui per a <strong>estacions de servei<\/strong> a trav\u00e9s d&#8217; <strong><a href=\"http:\/\/ecostation.es\">Ecostation.es<\/a><\/strong>, <strong>com a empreses privades i p\u00fabliques que compten amb aparcaments col\u00b7lectius.<\/strong> Complim estrictament amb les normes i la legalitat vigent i facilitem tots els tr\u00e0mits per sol\u00b7licitar ajuts i agilitat en l&#8217;execuci\u00f3 dels projectes.<\/p>\n<p>A m\u00e9s, comptem amb un<strong> programari especialitzat. <a href=\"http:\/\/evcharge.net\">EVcharge<\/a><\/strong> \u00e9s una plataforma dissenyada espec\u00edficament per a <strong>la gesti\u00f3 tant dels punts de rec\u00e0rrega com del control de l&#8217;efici\u00e8ncia energ\u00e8tica<\/strong>, incorporant una <strong>app per als usuaris<\/strong> i amb la possibilitat d&#8217;actuar sota la marca blanca.<\/p>\n<p>Som conscients que aquest <strong>Reial decret llei 29\/2021<\/strong> posa els fonaments per fer un salt important en mat\u00e8ria de transici\u00f3 energ\u00e8tica, descarbonitzaci\u00f3 i mobilitat el\u00e8ctrica. Ara \u00e9s el moment per aprofitar-ho.<\/p>\n<p><strong>Vols descobrir com et podem ajudar?<\/strong><\/p>\n<p>Deixa el teu contacte i el nostre t\u00e8cnic et contactar\u00e0.<\/p>\n","protected":false},"excerpt":{"rendered":"<p>El reial decret Llei 29\/2021 marcar\u00e0 un abans i un despr\u00e9s. S&#8217;adopten mesures urgents a l&#8217;\u00e0mbit energ\u00e8tic per a la transici\u00f3 cap a la mobilitat el\u00e8ctrica. El temps corre. 2022 \u00e9s l&#8217;any de la seva execuci\u00f3. 2023, la data l\u00edmit La transici\u00f3 energ\u00e8tica, la descarbonitzaci\u00f3 i el salt disruptiu cap a la mobilitat el\u00e8ctrica no [&hellip;]<\/p>\n","protected":false},"author":3,"featured_media":17782,"comment_status":"closed","ping_status":"closed","sticky":false,"template":"","format":"standard","meta":{"footnotes":""},"categories":[1],"tags":[155,162,442],"class_list":["post-15628","post","type-post","status-publish","format-standard","has-post-thumbnail","hentry","category-etecnic","tag-ayudas-ca","tag-descarbonizacion-de-flotas-ca","tag-movilidad-electrica-ca"],"yoast_head":"<!-- This site is optimized with the Yoast SEO plugin v26.5 - https:\/\/yoast.com\/wordpress\/plugins\/seo\/ -->\n<title>La Llei 29\/2021 que accelera la mobilitat el\u00e8ctrica aquest 2022 - Etecnic<\/title>\n<meta name=\"description\" content=\"Llei 29\/2021: s&#039;adopten mesures urgents a l&#039;\u00e0mbit energ\u00e8tic per a la transici\u00f3 cap a la mobilitat el\u00e8ctrica. 2023, la data l\u00edmit.\" \/>\n<meta name=\"robots\" content=\"noindex, follow, max-snippet:-1, max-image-preview:large, max-video-preview:-1\" \/>\n<meta property=\"og:locale\" content=\"ca_ES\" \/>\n<meta property=\"og:type\" content=\"article\" \/>\n<meta property=\"og:title\" content=\"La Llei 29\/2021 que accelera la mobilitat el\u00e8ctrica aquest 2022 - Etecnic\" \/>\n<meta property=\"og:description\" content=\"Llei 29\/2021: s&#039;adopten mesures urgents a l&#039;\u00e0mbit energ\u00e8tic per a la transici\u00f3 cap a la mobilitat el\u00e8ctrica. 2023, la data l\u00edmit.\" \/>\n<meta property=\"og:url\" content=\"https:\/\/etecnic.bisiestodeveloper.es\/ca\/etecnic_cat\/llei-29-2021-que-accelera-la-mobilitat-electrica-aquest-2022\/\" \/>\n<meta property=\"og:site_name\" content=\"Etecnic\" \/>\n<meta property=\"article:published_time\" content=\"2022-03-04T11:38:01+00:00\" \/>\n<meta property=\"article:modified_time\" content=\"2025-11-05T12:11:18+00:00\" \/>\n<meta property=\"og:image\" content=\"https:\/\/etecnic.bisiestodeveloper.es\/wp-content\/uploads\/2022\/03\/WhatsApp-Image-2019-05-22-at-14.00.14-1.jpeg\" \/>\n\t<meta property=\"og:image:width\" content=\"1600\" \/>\n\t<meta property=\"og:image:height\" content=\"900\" \/>\n\t<meta property=\"og:image:type\" content=\"image\/jpeg\" \/>\n<meta name=\"author\" content=\"etecnic\" \/>\n<meta name=\"twitter:card\" content=\"summary_large_image\" \/>\n<meta name=\"twitter:label1\" content=\"Escrit per\" \/>\n\t<meta name=\"twitter:data1\" content=\"etecnic\" \/>\n\t<meta name=\"twitter:label2\" content=\"Temps estimat de lectura\" \/>\n\t<meta name=\"twitter:data2\" content=\"17 minuts\" \/>\n<script type=\"application\/ld+json\" class=\"yoast-schema-graph\">{\"@context\":\"https:\/\/schema.org\",\"@graph\":[{\"@type\":\"Article\",\"@id\":\"https:\/\/etecnic.bisiestodeveloper.es\/ca\/etecnic_cat\/llei-29-2021-que-accelera-la-mobilitat-electrica-aquest-2022\/#article\",\"isPartOf\":{\"@id\":\"https:\/\/etecnic.bisiestodeveloper.es\/ca\/etecnic_cat\/llei-29-2021-que-accelera-la-mobilitat-electrica-aquest-2022\/\"},\"author\":{\"name\":\"etecnic\",\"@id\":\"https:\/\/etecnic.bisiestodeveloper.es\/ca\/#\/schema\/person\/dd1bd24ce2934073e648829317e35ba7\"},\"headline\":\"La Llei 29\/2021 que accelera la mobilitat el\u00e8ctrica aquest 2022\",\"datePublished\":\"2022-03-04T11:38:01+00:00\",\"dateModified\":\"2025-11-05T12:11:18+00:00\",\"mainEntityOfPage\":{\"@id\":\"https:\/\/etecnic.bisiestodeveloper.es\/ca\/etecnic_cat\/llei-29-2021-que-accelera-la-mobilitat-electrica-aquest-2022\/\"},\"wordCount\":1121,\"publisher\":{\"@id\":\"https:\/\/etecnic.bisiestodeveloper.es\/ca\/#organization\"},\"image\":{\"@id\":\"https:\/\/etecnic.bisiestodeveloper.es\/ca\/etecnic_cat\/llei-29-2021-que-accelera-la-mobilitat-electrica-aquest-2022\/#primaryimage\"},\"thumbnailUrl\":\"https:\/\/etecnic.bisiestodeveloper.es\/wp-content\/uploads\/2022\/03\/WhatsApp-Image-2019-05-22-at-14.00.14-1.jpeg\",\"keywords\":[\"ayudas\",\"Descarbonizaci\u00f3n de flotas\",\"Movilidad el\u00e9ctrica\"],\"articleSection\":[\"Etecnic\"],\"inLanguage\":\"ca\"},{\"@type\":\"WebPage\",\"@id\":\"https:\/\/etecnic.bisiestodeveloper.es\/ca\/etecnic_cat\/llei-29-2021-que-accelera-la-mobilitat-electrica-aquest-2022\/\",\"url\":\"https:\/\/etecnic.bisiestodeveloper.es\/ca\/etecnic_cat\/llei-29-2021-que-accelera-la-mobilitat-electrica-aquest-2022\/\",\"name\":\"La Llei 29\/2021 que accelera la mobilitat el\u00e8ctrica aquest 2022 - Etecnic\",\"isPartOf\":{\"@id\":\"https:\/\/etecnic.bisiestodeveloper.es\/ca\/#website\"},\"primaryImageOfPage\":{\"@id\":\"https:\/\/etecnic.bisiestodeveloper.es\/ca\/etecnic_cat\/llei-29-2021-que-accelera-la-mobilitat-electrica-aquest-2022\/#primaryimage\"},\"image\":{\"@id\":\"https:\/\/etecnic.bisiestodeveloper.es\/ca\/etecnic_cat\/llei-29-2021-que-accelera-la-mobilitat-electrica-aquest-2022\/#primaryimage\"},\"thumbnailUrl\":\"https:\/\/etecnic.bisiestodeveloper.es\/wp-content\/uploads\/2022\/03\/WhatsApp-Image-2019-05-22-at-14.00.14-1.jpeg\",\"datePublished\":\"2022-03-04T11:38:01+00:00\",\"dateModified\":\"2025-11-05T12:11:18+00:00\",\"description\":\"Llei 29\/2021: s'adopten mesures urgents a l'\u00e0mbit energ\u00e8tic per a la transici\u00f3 cap a la mobilitat el\u00e8ctrica. 2023, la data l\u00edmit.\",\"breadcrumb\":{\"@id\":\"https:\/\/etecnic.bisiestodeveloper.es\/ca\/etecnic_cat\/llei-29-2021-que-accelera-la-mobilitat-electrica-aquest-2022\/#breadcrumb\"},\"inLanguage\":\"ca\",\"potentialAction\":[{\"@type\":\"ReadAction\",\"target\":[\"https:\/\/etecnic.bisiestodeveloper.es\/ca\/etecnic_cat\/llei-29-2021-que-accelera-la-mobilitat-electrica-aquest-2022\/\"]}]},{\"@type\":\"ImageObject\",\"inLanguage\":\"ca\",\"@id\":\"https:\/\/etecnic.bisiestodeveloper.es\/ca\/etecnic_cat\/llei-29-2021-que-accelera-la-mobilitat-electrica-aquest-2022\/#primaryimage\",\"url\":\"https:\/\/etecnic.bisiestodeveloper.es\/wp-content\/uploads\/2022\/03\/WhatsApp-Image-2019-05-22-at-14.00.14-1.jpeg\",\"contentUrl\":\"https:\/\/etecnic.bisiestodeveloper.es\/wp-content\/uploads\/2022\/03\/WhatsApp-Image-2019-05-22-at-14.00.14-1.jpeg\",\"width\":1600,\"height\":900},{\"@type\":\"BreadcrumbList\",\"@id\":\"https:\/\/etecnic.bisiestodeveloper.es\/ca\/etecnic_cat\/llei-29-2021-que-accelera-la-mobilitat-electrica-aquest-2022\/#breadcrumb\",\"itemListElement\":[{\"@type\":\"ListItem\",\"position\":1,\"name\":\"Portada\",\"item\":\"https:\/\/etecnic.bisiestodeveloper.es\/ca\/\"},{\"@type\":\"ListItem\",\"position\":2,\"name\":\"La Llei 29\/2021 que accelera la mobilitat el\u00e8ctrica aquest 2022\"}]},{\"@type\":\"WebSite\",\"@id\":\"https:\/\/etecnic.bisiestodeveloper.es\/ca\/#website\",\"url\":\"https:\/\/etecnic.bisiestodeveloper.es\/ca\/\",\"name\":\"Etecnic\",\"description\":\"\",\"publisher\":{\"@id\":\"https:\/\/etecnic.bisiestodeveloper.es\/ca\/#organization\"},\"potentialAction\":[{\"@type\":\"SearchAction\",\"target\":{\"@type\":\"EntryPoint\",\"urlTemplate\":\"https:\/\/etecnic.bisiestodeveloper.es\/ca\/?s={search_term_string}\"},\"query-input\":{\"@type\":\"PropertyValueSpecification\",\"valueRequired\":true,\"valueName\":\"search_term_string\"}}],\"inLanguage\":\"ca\"},{\"@type\":\"Organization\",\"@id\":\"https:\/\/etecnic.bisiestodeveloper.es\/ca\/#organization\",\"name\":\"Etecnic\",\"url\":\"https:\/\/etecnic.bisiestodeveloper.es\/ca\/\",\"logo\":{\"@type\":\"ImageObject\",\"inLanguage\":\"ca\",\"@id\":\"https:\/\/etecnic.bisiestodeveloper.es\/ca\/#\/schema\/logo\/image\/\",\"url\":\"https:\/\/etecnic.bisiestodeveloper.es\/wp-content\/uploads\/2025\/06\/logo-etecnic-blanco.png\",\"contentUrl\":\"https:\/\/etecnic.bisiestodeveloper.es\/wp-content\/uploads\/2025\/06\/logo-etecnic-blanco.png\",\"width\":1000,\"height\":500,\"caption\":\"Etecnic\"},\"image\":{\"@id\":\"https:\/\/etecnic.bisiestodeveloper.es\/ca\/#\/schema\/logo\/image\/\"}},{\"@type\":\"Person\",\"@id\":\"https:\/\/etecnic.bisiestodeveloper.es\/ca\/#\/schema\/person\/dd1bd24ce2934073e648829317e35ba7\",\"name\":\"etecnic\",\"url\":\"https:\/\/etecnic.bisiestodeveloper.es\/ca\/author\/etecnic\/\"}]}<\/script>\n<!-- \/ Yoast SEO plugin. -->","yoast_head_json":{"title":"La Llei 29\/2021 que accelera la mobilitat el\u00e8ctrica aquest 2022 - Etecnic","description":"Llei 29\/2021: s'adopten mesures urgents a l'\u00e0mbit energ\u00e8tic per a la transici\u00f3 cap a la mobilitat el\u00e8ctrica. 2023, la data l\u00edmit.","robots":{"index":"noindex","follow":"follow","max-snippet":"max-snippet:-1","max-image-preview":"max-image-preview:large","max-video-preview":"max-video-preview:-1"},"og_locale":"ca_ES","og_type":"article","og_title":"La Llei 29\/2021 que accelera la mobilitat el\u00e8ctrica aquest 2022 - Etecnic","og_description":"Llei 29\/2021: s'adopten mesures urgents a l'\u00e0mbit energ\u00e8tic per a la transici\u00f3 cap a la mobilitat el\u00e8ctrica. 2023, la data l\u00edmit.","og_url":"https:\/\/etecnic.bisiestodeveloper.es\/ca\/etecnic_cat\/llei-29-2021-que-accelera-la-mobilitat-electrica-aquest-2022\/","og_site_name":"Etecnic","article_published_time":"2022-03-04T11:38:01+00:00","article_modified_time":"2025-11-05T12:11:18+00:00","og_image":[{"width":1600,"height":900,"url":"https:\/\/etecnic.bisiestodeveloper.es\/wp-content\/uploads\/2022\/03\/WhatsApp-Image-2019-05-22-at-14.00.14-1.jpeg","type":"image\/jpeg"}],"author":"etecnic","twitter_card":"summary_large_image","twitter_misc":{"Escrit per":"etecnic","Temps estimat de lectura":"17 minuts"},"schema":{"@context":"https:\/\/schema.org","@graph":[{"@type":"Article","@id":"https:\/\/etecnic.bisiestodeveloper.es\/ca\/etecnic_cat\/llei-29-2021-que-accelera-la-mobilitat-electrica-aquest-2022\/#article","isPartOf":{"@id":"https:\/\/etecnic.bisiestodeveloper.es\/ca\/etecnic_cat\/llei-29-2021-que-accelera-la-mobilitat-electrica-aquest-2022\/"},"author":{"name":"etecnic","@id":"https:\/\/etecnic.bisiestodeveloper.es\/ca\/#\/schema\/person\/dd1bd24ce2934073e648829317e35ba7"},"headline":"La Llei 29\/2021 que accelera la mobilitat el\u00e8ctrica aquest 2022","datePublished":"2022-03-04T11:38:01+00:00","dateModified":"2025-11-05T12:11:18+00:00","mainEntityOfPage":{"@id":"https:\/\/etecnic.bisiestodeveloper.es\/ca\/etecnic_cat\/llei-29-2021-que-accelera-la-mobilitat-electrica-aquest-2022\/"},"wordCount":1121,"publisher":{"@id":"https:\/\/etecnic.bisiestodeveloper.es\/ca\/#organization"},"image":{"@id":"https:\/\/etecnic.bisiestodeveloper.es\/ca\/etecnic_cat\/llei-29-2021-que-accelera-la-mobilitat-electrica-aquest-2022\/#primaryimage"},"thumbnailUrl":"https:\/\/etecnic.bisiestodeveloper.es\/wp-content\/uploads\/2022\/03\/WhatsApp-Image-2019-05-22-at-14.00.14-1.jpeg","keywords":["ayudas","Descarbonizaci\u00f3n de flotas","Movilidad el\u00e9ctrica"],"articleSection":["Etecnic"],"inLanguage":"ca"},{"@type":"WebPage","@id":"https:\/\/etecnic.bisiestodeveloper.es\/ca\/etecnic_cat\/llei-29-2021-que-accelera-la-mobilitat-electrica-aquest-2022\/","url":"https:\/\/etecnic.bisiestodeveloper.es\/ca\/etecnic_cat\/llei-29-2021-que-accelera-la-mobilitat-electrica-aquest-2022\/","name":"La Llei 29\/2021 que accelera la mobilitat el\u00e8ctrica aquest 2022 - Etecnic","isPartOf":{"@id":"https:\/\/etecnic.bisiestodeveloper.es\/ca\/#website"},"primaryImageOfPage":{"@id":"https:\/\/etecnic.bisiestodeveloper.es\/ca\/etecnic_cat\/llei-29-2021-que-accelera-la-mobilitat-electrica-aquest-2022\/#primaryimage"},"image":{"@id":"https:\/\/etecnic.bisiestodeveloper.es\/ca\/etecnic_cat\/llei-29-2021-que-accelera-la-mobilitat-electrica-aquest-2022\/#primaryimage"},"thumbnailUrl":"https:\/\/etecnic.bisiestodeveloper.es\/wp-content\/uploads\/2022\/03\/WhatsApp-Image-2019-05-22-at-14.00.14-1.jpeg","datePublished":"2022-03-04T11:38:01+00:00","dateModified":"2025-11-05T12:11:18+00:00","description":"Llei 29\/2021: s'adopten mesures urgents a l'\u00e0mbit energ\u00e8tic per a la transici\u00f3 cap a la mobilitat el\u00e8ctrica. 2023, la data l\u00edmit.","breadcrumb":{"@id":"https:\/\/etecnic.bisiestodeveloper.es\/ca\/etecnic_cat\/llei-29-2021-que-accelera-la-mobilitat-electrica-aquest-2022\/#breadcrumb"},"inLanguage":"ca","potentialAction":[{"@type":"ReadAction","target":["https:\/\/etecnic.bisiestodeveloper.es\/ca\/etecnic_cat\/llei-29-2021-que-accelera-la-mobilitat-electrica-aquest-2022\/"]}]},{"@type":"ImageObject","inLanguage":"ca","@id":"https:\/\/etecnic.bisiestodeveloper.es\/ca\/etecnic_cat\/llei-29-2021-que-accelera-la-mobilitat-electrica-aquest-2022\/#primaryimage","url":"https:\/\/etecnic.bisiestodeveloper.es\/wp-content\/uploads\/2022\/03\/WhatsApp-Image-2019-05-22-at-14.00.14-1.jpeg","contentUrl":"https:\/\/etecnic.bisiestodeveloper.es\/wp-content\/uploads\/2022\/03\/WhatsApp-Image-2019-05-22-at-14.00.14-1.jpeg","width":1600,"height":900},{"@type":"BreadcrumbList","@id":"https:\/\/etecnic.bisiestodeveloper.es\/ca\/etecnic_cat\/llei-29-2021-que-accelera-la-mobilitat-electrica-aquest-2022\/#breadcrumb","itemListElement":[{"@type":"ListItem","position":1,"name":"Portada","item":"https:\/\/etecnic.bisiestodeveloper.es\/ca\/"},{"@type":"ListItem","position":2,"name":"La Llei 29\/2021 que accelera la mobilitat el\u00e8ctrica aquest 2022"}]},{"@type":"WebSite","@id":"https:\/\/etecnic.bisiestodeveloper.es\/ca\/#website","url":"https:\/\/etecnic.bisiestodeveloper.es\/ca\/","name":"Etecnic","description":"","publisher":{"@id":"https:\/\/etecnic.bisiestodeveloper.es\/ca\/#organization"},"potentialAction":[{"@type":"SearchAction","target":{"@type":"EntryPoint","urlTemplate":"https:\/\/etecnic.bisiestodeveloper.es\/ca\/?s={search_term_string}"},"query-input":{"@type":"PropertyValueSpecification","valueRequired":true,"valueName":"search_term_string"}}],"inLanguage":"ca"},{"@type":"Organization","@id":"https:\/\/etecnic.bisiestodeveloper.es\/ca\/#organization","name":"Etecnic","url":"https:\/\/etecnic.bisiestodeveloper.es\/ca\/","logo":{"@type":"ImageObject","inLanguage":"ca","@id":"https:\/\/etecnic.bisiestodeveloper.es\/ca\/#\/schema\/logo\/image\/","url":"https:\/\/etecnic.bisiestodeveloper.es\/wp-content\/uploads\/2025\/06\/logo-etecnic-blanco.png","contentUrl":"https:\/\/etecnic.bisiestodeveloper.es\/wp-content\/uploads\/2025\/06\/logo-etecnic-blanco.png","width":1000,"height":500,"caption":"Etecnic"},"image":{"@id":"https:\/\/etecnic.bisiestodeveloper.es\/ca\/#\/schema\/logo\/image\/"}},{"@type":"Person","@id":"https:\/\/etecnic.bisiestodeveloper.es\/ca\/#\/schema\/person\/dd1bd24ce2934073e648829317e35ba7","name":"etecnic","url":"https:\/\/etecnic.bisiestodeveloper.es\/ca\/author\/etecnic\/"}]}},"_links":{"self":[{"href":"https:\/\/etecnic.bisiestodeveloper.es\/ca\/wp-json\/wp\/v2\/posts\/15628","targetHints":{"allow":["GET"]}}],"collection":[{"href":"https:\/\/etecnic.bisiestodeveloper.es\/ca\/wp-json\/wp\/v2\/posts"}],"about":[{"href":"https:\/\/etecnic.bisiestodeveloper.es\/ca\/wp-json\/wp\/v2\/types\/post"}],"author":[{"embeddable":true,"href":"https:\/\/etecnic.bisiestodeveloper.es\/ca\/wp-json\/wp\/v2\/users\/3"}],"replies":[{"embeddable":true,"href":"https:\/\/etecnic.bisiestodeveloper.es\/ca\/wp-json\/wp\/v2\/comments?post=15628"}],"version-history":[{"count":1,"href":"https:\/\/etecnic.bisiestodeveloper.es\/ca\/wp-json\/wp\/v2\/posts\/15628\/revisions"}],"predecessor-version":[{"id":30372,"href":"https:\/\/etecnic.bisiestodeveloper.es\/ca\/wp-json\/wp\/v2\/posts\/15628\/revisions\/30372"}],"wp:attachment":[{"href":"https:\/\/etecnic.bisiestodeveloper.es\/ca\/wp-json\/wp\/v2\/media?parent=15628"}],"wp:term":[{"taxonomy":"category","embeddable":true,"href":"https:\/\/etecnic.bisiestodeveloper.es\/ca\/wp-json\/wp\/v2\/categories?post=15628"},{"taxonomy":"post_tag","embeddable":true,"href":"https:\/\/etecnic.bisiestodeveloper.es\/ca\/wp-json\/wp\/v2\/tags?post=15628"}],"curies":[{"name":"wp","href":"https:\/\/api.w.org\/{rel}","templated":true}]}}